{"id":193823,"date":"2026-02-03T10:46:28","date_gmt":"2026-02-03T13:46:28","guid":{"rendered":"https:\/\/portaltela.pt\/noticias\/2026\/02\/03\/criancas-e-idosos-resgatados-de-autocarro-preso-na-neve\/"},"modified":"2026-02-03T10:46:28","modified_gmt":"2026-02-03T13:46:28","slug":"criancas-e-idosos-resgatados-de-autocarro-preso-na-neve","status":"publish","type":"post","link":"https:\/\/portaltela.pt\/noticias\/2026\/02\/03\/criancas-e-idosos-resgatados-de-autocarro-preso-na-neve\/","title":{"rendered":"Crian\u00e7as e idosos resgatados de autocarro preso na neve"},"content":{"rendered":"<p>Nesta ter\u00e7a-feira, cerca de 30 passageiros do autocarro do sistema Mobi Viseu D\u00e3o Laf\u00f5es ficaram retidos na neve na Estrada Municipal 550, entre Pinheiro e Castro Daire, na Serra de Montemuro. Os passageiros, sobretudo crian\u00e7as que seguiam para a escola e idosos, foram retirados pelos bombeiros.<\/p>\n<p>A Estrada Municipal 550 ficou cortada devido \u00e0 queda de neve durante a noite, segundo o Comando Sub-regional de Viseu D\u00e3o Laf\u00f5es. O autocarro permanece no local, \u00e0 espera da chegada de um limpa-neves.<\/p>\n<p>A Prote\u00e7\u00e3o Civil confirmou o envolvimento de bombeiros locais para evacuar o ve\u00edculo e assegurar a integridade dos ocupantes, com o apoio de entidades regionais. As autoridades mant\u00eam a monitoriza\u00e7\u00e3o da circula\u00e7\u00e3o na zona.<\/p>\n","protected":false},"excerpt":{"rendered":"<ul>\n<li>Cerca de 30 passageiros do autocarro do sistema Mobi Viseu D\u00e3o Laf\u00f5es ficaram retidos na Estrada Municipal 550, em Castro Daire, Serra de Montemuro, devido \u00e0 neve.<\/li>\n<li>Os bombeiros retirar os ocupantes do ve\u00edculo; trata-se sobretudo de crian\u00e7as a caminho da escola e de idosos.<\/li>\n<li>A Estrada Municipal 550, que liga Pinheiro a Castro Daire, ficou cortada pela queda de neve durante a noite.<\/li>\n<li>O autocarro permanece no local \u00e0 espera da chegada do limpa-neves.<\/li>\n<\/ul>\n","protected":false},"author":2,"featured_media":193833,"comment_status":"closed","ping_status":"closed","sticky":false,"template":"","format":"standard","meta":{"footnotes":""},"categories":[1],"tags":[3769,971,1083,2938,1662,320],"class_list":["post-193823","post","type-post","status-publish","format-standard","has-post-thumbnail","hentry","category-noticias","tag-autocarros","tag-bombeiros","tag-estradas","tag-evacuacao","tag-montemuro","tag-protecao-civil"],"yoast_head":"<!-- This site is optimized with the Yoast SEO plugin v27.2 - https:\/\/yoast.com\/product\/yoast-seo-wordpress\/ -->\n<title>Crian\u00e7as e idosos resgatados de autocarro preso na neve - Portal Tela Portugal<\/title>\n<meta name=\"robots\" content=\"index, follow, max-snippet:-1, max-image-preview:large, max-video-preview:-1\" \/>\n<meta property=\"og:locale\" content=\"pt_PT\" \/>\n<meta property=\"og:type\" content=\"article\" \/>\n<meta property=\"og:title\" content=\"Crian\u00e7as e idosos resgatados de autocarro preso na neve - Portal Tela Portugal\" \/>\n<meta property=\"og:description\" content=\"Cerca de 30 passageiros do autocarro do sistema Mobi Viseu D\u00e3o Laf\u00f5es ficaram retidos na Estrada Municipal 550, em Castro Daire, Serra de Montemuro, devido \u00e0 neve. Os bombeiros retirar os ocupantes do ve\u00edculo; trata-se sobretudo de crian\u00e7as a caminho da escola e de idosos. A Estrada Municipal 550, que liga Pinheiro a Castro Daire, ficou cortada pela queda de neve durante a noite. O autocarro permanece no local \u00e0 espera da chegada do limpa-neves.\" \/>\n<meta property=\"og:url\" content=\"https:\/\/portaltela.pt\/noticias\/2026\/02\/03\/criancas-e-idosos-resgatados-de-autocarro-preso-na-neve\/\" \/>\n<meta property=\"og:site_name\" content=\"Portal Tela Portugal\" \/>\n<meta property=\"article:published_time\" content=\"2026-02-03T13:46:28+00:00\" \/>\n<meta name=\"author\" content=\"Telinha\" \/>\n<meta name=\"twitter:card\" content=\"summary_large_image\" \/>\n<meta name=\"twitter:label1\" content=\"Escrito por\" \/>\n\t<meta name=\"twitter:data1\" content=\"Telinha\" \/>\n\t<meta name=\"twitter:label2\" content=\"Tempo estimado de leitura\" \/>\n\t<meta name=\"twitter:data2\" content=\"1 minuto\" \/>\n<script type=\"application\/ld+json\" class=\"yoast-schema-graph\">{\"@context\":\"https:\/\/schema.org\",\"@graph\":[{\"@type\":\"Article\",\"@id\":\"https:\/\/portaltela.pt\/noticias\/2026\/02\/03\/criancas-e-idosos-resgatados-de-autocarro-preso-na-neve\/#article\",\"isPartOf\":{\"@id\":\"https:\/\/portaltela.pt\/noticias\/2026\/02\/03\/criancas-e-idosos-resgatados-de-autocarro-preso-na-neve\/\"},\"author\":{\"name\":\"Telinha\",\"@id\":\"https:\/\/portaltela.pt\/#\/schema\/person\/c4278d4a6028830caff9ee44b42d32ed\"},\"headline\":\"Crian\u00e7as e idosos resgatados de autocarro preso na neve\",\"datePublished\":\"2026-02-03T13:46:28+00:00\",\"mainEntityOfPage\":{\"@id\":\"https:\/\/portaltela.pt\/noticias\/2026\/02\/03\/criancas-e-idosos-resgatados-de-autocarro-preso-na-neve\/\"},\"wordCount\":130,\"image\":{\"@id\":\"https:\/\/portaltela.pt\/noticias\/2026\/02\/03\/criancas-e-idosos-resgatados-de-autocarro-preso-na-neve\/#primaryimage\"},\"thumbnailUrl\":\"https:\/\/portaltela.pt\/s.01k8rhncp4jt1\/2026\/02\/unnamed-file-823.jpg\",\"keywords\":[\"autocarros\",\"bombeiros\",\"estradas\",\"evacua\u00e7\u00e3o\",\"Montemuro\",\"prote\u00e7\u00e3o civil\"],\"articleSection\":[\"Not\u00edcias\"],\"inLanguage\":\"pt-PT\"},{\"@type\":\"WebPage\",\"@id\":\"https:\/\/portaltela.pt\/noticias\/2026\/02\/03\/criancas-e-idosos-resgatados-de-autocarro-preso-na-neve\/\",\"url\":\"https:\/\/portaltela.pt\/noticias\/2026\/02\/03\/criancas-e-idosos-resgatados-de-autocarro-preso-na-neve\/\",\"name\":\"Crian\u00e7as e idosos resgatados de autocarro preso na neve - Portal Tela Portugal\",\"isPartOf\":{\"@id\":\"https:\/\/portaltela.pt\/#website\"},\"primaryImageOfPage\":{\"@id\":\"https:\/\/portaltela.pt\/noticias\/2026\/02\/03\/criancas-e-idosos-resgatados-de-autocarro-preso-na-neve\/#primaryimage\"},\"image\":{\"@id\":\"https:\/\/portaltela.pt\/noticias\/2026\/02\/03\/criancas-e-idosos-resgatados-de-autocarro-preso-na-neve\/#primaryimage\"},\"thumbnailUrl\":\"https:\/\/portaltela.pt\/s.01k8rhncp4jt1\/2026\/02\/unnamed-file-823.jpg\",\"datePublished\":\"2026-02-03T13:46:28+00:00\",\"author\":{\"@id\":\"https:\/\/portaltela.pt\/#\/schema\/person\/c4278d4a6028830caff9ee44b42d32ed\"},\"breadcrumb\":{\"@id\":\"https:\/\/portaltela.pt\/noticias\/2026\/02\/03\/criancas-e-idosos-resgatados-de-autocarro-preso-na-neve\/#breadcrumb\"},\"inLanguage\":\"pt-PT\",\"potentialAction\":[{\"@type\":\"ReadAction\",\"target\":[\"https:\/\/portaltela.pt\/noticias\/2026\/02\/03\/criancas-e-idosos-resgatados-de-autocarro-preso-na-neve\/\"]}]},{\"@type\":\"ImageObject\",\"inLanguage\":\"pt-PT\",\"@id\":\"https:\/\/portaltela.pt\/noticias\/2026\/02\/03\/criancas-e-idosos-resgatados-de-autocarro-preso-na-neve\/#primaryimage\",\"url\":\"https:\/\/portaltela.pt\/s.01k8rhncp4jt1\/2026\/02\/unnamed-file-823.jpg\",\"contentUrl\":\"https:\/\/portaltela.pt\/s.01k8rhncp4jt1\/2026\/02\/unnamed-file-823.jpg\",\"width\":796,\"height\":448,\"caption\":\"Crian\u00e7as e idosos retirados de autocarro preso na neve\"},{\"@type\":\"BreadcrumbList\",\"@id\":\"https:\/\/portaltela.pt\/noticias\/2026\/02\/03\/criancas-e-idosos-resgatados-de-autocarro-preso-na-neve\/#breadcrumb\",\"itemListElement\":[{\"@type\":\"ListItem\",\"position\":1,\"name\":\"In\u00edcio\",\"item\":\"https:\/\/portaltela.pt\/\"},{\"@type\":\"ListItem\",\"position\":2,\"name\":\"Crian\u00e7as e idosos resgatados de autocarro preso na neve\"}]},{\"@type\":\"WebSite\",\"@id\":\"https:\/\/portaltela.pt\/#website\",\"url\":\"https:\/\/portaltela.pt\/\",\"name\":\"Portal Tela Portugal\",\"description\":\"\",\"potentialAction\":[{\"@type\":\"SearchAction\",\"target\":{\"@type\":\"EntryPoint\",\"urlTemplate\":\"https:\/\/portaltela.pt\/?s={search_term_string}\"},\"query-input\":{\"@type\":\"PropertyValueSpecification\",\"valueRequired\":true,\"valueName\":\"search_term_string\"}}],\"inLanguage\":\"pt-PT\"},{\"@type\":\"Person\",\"@id\":\"https:\/\/portaltela.pt\/#\/schema\/person\/c4278d4a6028830caff9ee44b42d32ed\",\"name\":\"Telinha\",\"image\":{\"@type\":\"ImageObject\",\"inLanguage\":\"pt-PT\",\"@id\":\"https:\/\/portaltela.pt\/s.01k8rhncp4jt1\/2025\/11\/talking-bot-125x125.png\",\"url\":\"https:\/\/portaltela.pt\/s.01k8rhncp4jt1\/2025\/11\/talking-bot-125x125.png\",\"contentUrl\":\"https:\/\/portaltela.pt\/s.01k8rhncp4jt1\/2025\/11\/talking-bot-125x125.png\",\"caption\":\"Telinha\"},\"sameAs\":[\"https:\/\/portaltela.pt\/\"],\"url\":\"https:\/\/portaltela.pt\/por\/367410592786\/\"}]}<\/script>\n<!-- \/ Yoast SEO plugin. -->","yoast_head_json":{"title":"Crian\u00e7as e idosos resgatados de autocarro preso na neve - Portal Tela Portugal","robots":{"index":"index","follow":"follow","max-snippet":"max-snippet:-1","max-image-preview":"max-image-preview:large","max-video-preview":"max-video-preview:-1"},"og_locale":"pt_PT","og_type":"article","og_title":"Crian\u00e7as e idosos resgatados de autocarro preso na neve - Portal Tela Portugal","og_description":"Cerca de 30 passageiros do autocarro do sistema Mobi Viseu D\u00e3o Laf\u00f5es ficaram retidos na Estrada Municipal 550, em Castro Daire, Serra de Montemuro, devido \u00e0 neve. Os bombeiros retirar os ocupantes do ve\u00edculo; trata-se sobretudo de crian\u00e7as a caminho da escola e de idosos. A Estrada Municipal 550, que liga Pinheiro a Castro Daire, ficou cortada pela queda de neve durante a noite. O autocarro permanece no local \u00e0 espera da chegada do limpa-neves.","og_url":"https:\/\/portaltela.pt\/noticias\/2026\/02\/03\/criancas-e-idosos-resgatados-de-autocarro-preso-na-neve\/","og_site_name":"Portal Tela Portugal","article_published_time":"2026-02-03T13:46:28+00:00","author":"Telinha","twitter_card":"summary_large_image","twitter_misc":{"Escrito por":"Telinha","Tempo estimado de leitura":"1 minuto"},"schema":{"@context":"https:\/\/schema.org","@graph":[{"@type":"Article","@id":"https:\/\/portaltela.pt\/noticias\/2026\/02\/03\/criancas-e-idosos-resgatados-de-autocarro-preso-na-neve\/#article","isPartOf":{"@id":"https:\/\/portaltela.pt\/noticias\/2026\/02\/03\/criancas-e-idosos-resgatados-de-autocarro-preso-na-neve\/"},"author":{"name":"Telinha","@id":"https:\/\/portaltela.pt\/#\/schema\/person\/c4278d4a6028830caff9ee44b42d32ed"},"headline":"Crian\u00e7as e idosos resgatados de autocarro preso na neve","datePublished":"2026-02-03T13:46:28+00:00","mainEntityOfPage":{"@id":"https:\/\/portaltela.pt\/noticias\/2026\/02\/03\/criancas-e-idosos-resgatados-de-autocarro-preso-na-neve\/"},"wordCount":130,"image":{"@id":"https:\/\/portaltela.pt\/noticias\/2026\/02\/03\/criancas-e-idosos-resgatados-de-autocarro-preso-na-neve\/#primaryimage"},"thumbnailUrl":"https:\/\/portaltela.pt\/s.01k8rhncp4jt1\/2026\/02\/unnamed-file-823.jpg","keywords":["autocarros","bombeiros","estradas","evacua\u00e7\u00e3o","Montemuro","prote\u00e7\u00e3o civil"],"articleSection":["Not\u00edcias"],"inLanguage":"pt-PT"},{"@type":"WebPage","@id":"https:\/\/portaltela.pt\/noticias\/2026\/02\/03\/criancas-e-idosos-resgatados-de-autocarro-preso-na-neve\/","url":"https:\/\/portaltela.pt\/noticias\/2026\/02\/03\/criancas-e-idosos-resgatados-de-autocarro-preso-na-neve\/","name":"Crian\u00e7as e idosos resgatados de autocarro preso na neve - Portal Tela Portugal","isPartOf":{"@id":"https:\/\/portaltela.pt\/#website"},"primaryImageOfPage":{"@id":"https:\/\/portaltela.pt\/noticias\/2026\/02\/03\/criancas-e-idosos-resgatados-de-autocarro-preso-na-neve\/#primaryimage"},"image":{"@id":"https:\/\/portaltela.pt\/noticias\/2026\/02\/03\/criancas-e-idosos-resgatados-de-autocarro-preso-na-neve\/#primaryimage"},"thumbnailUrl":"https:\/\/portaltela.pt\/s.01k8rhncp4jt1\/2026\/02\/unnamed-file-823.jpg","datePublished":"2026-02-03T13:46:28+00:00","author":{"@id":"https:\/\/portaltela.pt\/#\/schema\/person\/c4278d4a6028830caff9ee44b42d32ed"},"breadcrumb":{"@id":"https:\/\/portaltela.pt\/noticias\/2026\/02\/03\/criancas-e-idosos-resgatados-de-autocarro-preso-na-neve\/#breadcrumb"},"inLanguage":"pt-PT","potentialAction":[{"@type":"ReadAction","target":["https:\/\/portaltela.pt\/noticias\/2026\/02\/03\/criancas-e-idosos-resgatados-de-autocarro-preso-na-neve\/"]}]},{"@type":"ImageObject","inLanguage":"pt-PT","@id":"https:\/\/portaltela.pt\/noticias\/2026\/02\/03\/criancas-e-idosos-resgatados-de-autocarro-preso-na-neve\/#primaryimage","url":"https:\/\/portaltela.pt\/s.01k8rhncp4jt1\/2026\/02\/unnamed-file-823.jpg","contentUrl":"https:\/\/portaltela.pt\/s.01k8rhncp4jt1\/2026\/02\/unnamed-file-823.jpg","width":796,"height":448,"caption":"Crian\u00e7as e idosos retirados de autocarro preso na neve"},{"@type":"BreadcrumbList","@id":"https:\/\/portaltela.pt\/noticias\/2026\/02\/03\/criancas-e-idosos-resgatados-de-autocarro-preso-na-neve\/#breadcrumb","itemListElement":[{"@type":"ListItem","position":1,"name":"In\u00edcio","item":"https:\/\/portaltela.pt\/"},{"@type":"ListItem","position":2,"name":"Crian\u00e7as e idosos resgatados de autocarro preso na neve"}]},{"@type":"WebSite","@id":"https:\/\/portaltela.pt\/#website","url":"https:\/\/portaltela.pt\/","name":"Portal Tela Portugal","description":"","potentialAction":[{"@type":"SearchAction","target":{"@type":"EntryPoint","urlTemplate":"https:\/\/portaltela.pt\/?s={search_term_string}"},"query-input":{"@type":"PropertyValueSpecification","valueRequired":true,"valueName":"search_term_string"}}],"inLanguage":"pt-PT"},{"@type":"Person","@id":"https:\/\/portaltela.pt\/#\/schema\/person\/c4278d4a6028830caff9ee44b42d32ed","name":"Telinha","image":{"@type":"ImageObject","inLanguage":"pt-PT","@id":"https:\/\/portaltela.pt\/s.01k8rhncp4jt1\/2025\/11\/talking-bot-125x125.png","url":"https:\/\/portaltela.pt\/s.01k8rhncp4jt1\/2025\/11\/talking-bot-125x125.png","contentUrl":"https:\/\/portaltela.pt\/s.01k8rhncp4jt1\/2025\/11\/talking-bot-125x125.png","caption":"Telinha"},"sameAs":["https:\/\/portaltela.pt\/"],"url":"https:\/\/portaltela.pt\/por\/367410592786\/"}]}},"_links":{"self":[{"href":"https:\/\/portaltela.pt\/api\/wp\/v2\/posts\/193823","targetHints":{"allow":["GET"]}}],"collection":[{"href":"https:\/\/portaltela.pt\/api\/wp\/v2\/posts"}],"about":[{"href":"https:\/\/portaltela.pt\/api\/wp\/v2\/types\/post"}],"author":[{"embeddable":true,"href":"https:\/\/portaltela.pt\/api\/wp\/v2\/users\/2"}],"replies":[{"embeddable":true,"href":"https:\/\/portaltela.pt\/api\/wp\/v2\/comments?post=193823"}],"version-history":[{"count":0,"href":"https:\/\/portaltela.pt\/api\/wp\/v2\/posts\/193823\/revisions"}],"wp:featuredmedia":[{"embeddable":true,"href":"https:\/\/portaltela.pt\/api\/wp\/v2\/media\/193833"}],"wp:attachment":[{"href":"https:\/\/portaltela.pt\/api\/wp\/v2\/media?parent=193823"}],"wp:term":[{"taxonomy":"category","embeddable":true,"href":"https:\/\/portaltela.pt\/api\/wp\/v2\/categories?post=193823"},{"taxonomy":"post_tag","embeddable":true,"href":"https:\/\/portaltela.pt\/api\/wp\/v2\/tags?post=193823"}],"curies":[{"name":"wp","href":"https:\/\/api.w.org\/{rel}","templated":true}]}}