{"id":193815,"date":"2026-02-03T10:55:15","date_gmt":"2026-02-03T13:55:15","guid":{"rendered":"https:\/\/portaltela.pt\/noticias\/2026\/02\/03\/castro-daire-criancas-e-idosos-salvos-de-autocarro-preso-na-neve\/"},"modified":"2026-02-03T10:55:15","modified_gmt":"2026-02-03T13:55:15","slug":"castro-daire-criancas-e-idosos-salvos-de-autocarro-preso-na-neve","status":"publish","type":"post","link":"https:\/\/portaltela.pt\/noticias\/2026\/02\/03\/castro-daire-criancas-e-idosos-salvos-de-autocarro-preso-na-neve\/","title":{"rendered":"Castro Daire: Crian\u00e7as e idosos salvos de autocarro preso na neve"},"content":{"rendered":"<p>Cerca de 30 passageiros de um autocarro ficaram retidos na neve na Estrada Municipal 550, em Castro Daire, na Serra de Montemuro. O ve\u00edculo ficou acima do contingente, impedido de continuar a progress\u00e3o pela forte queda de neve.<\/p>\n<p>Segundo a Prote\u00e7\u00e3o Civil, o autocarro encontrava-se a caminho entre Pinheiro e Castro Daire quando ficou encurralado pela paralisa\u00e7\u00e3o da via durante a noite. Entre os passageiros estavam principalmente crian\u00e7as a caminho da escola e idosos.<\/p>\n<p>Os Bombeiros de Castro Daire resgataram as pessoas e encontram-se a acompanhar a situa\u00e7\u00e3o. O autocarro permanece no local \u00e0 espera da chegada do limpa-neves para ser removido, explicou o Comando Sub-regional de Viseu D\u00e3o Laf\u00f5es.<\/p>\n","protected":false},"excerpt":{"rendered":"<ul>\n<li>Cerca de 30 passageiros de um autocarro ficaram retidos na neve na Estrada Municipal 550, em Castro Daire, na Serra de Montemuro.<\/li>\n<li>Bombeiros realizaram o resgate dos ocupantes, segundo a Prote\u00e7\u00e3o Civil.<\/li>\n<li>A via ficou cortada durante a noite devido \u00e0 queda intensa de neve, ligando Pinheiro a Castro Daire.<\/li>\n<li>Entre os passageiros predominavam crian\u00e7as a caminho da escola e idosos.<\/li>\n<li>O autocarro permanece no local \u00e0 espera da chegada de um limpa-neves para remo\u00e7\u00e3o.<\/li>\n<\/ul>\n","protected":false},"author":2,"featured_media":193819,"comment_status":"closed","ping_status":"closed","sticky":false,"template":"","format":"standard","meta":{"footnotes":""},"categories":[1],"tags":[3769,971,1797,3953,2736,320],"class_list":["post-193815","post","type-post","status-publish","format-standard","has-post-thumbnail","hentry","category-noticias","tag-autocarros","tag-bombeiros","tag-castro-daire","tag-criancas","tag-idosos","tag-protecao-civil"],"yoast_head":"<!-- This site is optimized with the Yoast SEO plugin v27.2 - https:\/\/yoast.com\/product\/yoast-seo-wordpress\/ -->\n<title>Castro Daire: Crian\u00e7as e idosos salvos de autocarro preso na neve - Portal Tela Portugal<\/title>\n<meta name=\"robots\" content=\"index, follow, max-snippet:-1, max-image-preview:large, max-video-preview:-1\" \/>\n<meta property=\"og:locale\" content=\"pt_PT\" \/>\n<meta property=\"og:type\" content=\"article\" \/>\n<meta property=\"og:title\" content=\"Castro Daire: Crian\u00e7as e idosos salvos de autocarro preso na neve - Portal Tela Portugal\" \/>\n<meta property=\"og:description\" content=\"Cerca de 30 passageiros de um autocarro ficaram retidos na neve na Estrada Municipal 550, em Castro Daire, na Serra de Montemuro. Bombeiros realizaram o resgate dos ocupantes, segundo a Prote\u00e7\u00e3o Civil. A via ficou cortada durante a noite devido \u00e0 queda intensa de neve, ligando Pinheiro a Castro Daire. Entre os passageiros predominavam crian\u00e7as a caminho da escola e idosos. O autocarro permanece no local \u00e0 espera da chegada de um limpa-neves para remo\u00e7\u00e3o.\" \/>\n<meta property=\"og:url\" content=\"https:\/\/portaltela.pt\/noticias\/2026\/02\/03\/castro-daire-criancas-e-idosos-salvos-de-autocarro-preso-na-neve\/\" \/>\n<meta property=\"og:site_name\" content=\"Portal Tela Portugal\" \/>\n<meta property=\"article:published_time\" content=\"2026-02-03T13:55:15+00:00\" \/>\n<meta name=\"author\" content=\"Telinha\" \/>\n<meta name=\"twitter:card\" content=\"summary_large_image\" \/>\n<meta name=\"twitter:label1\" content=\"Escrito por\" \/>\n\t<meta name=\"twitter:data1\" content=\"Telinha\" \/>\n\t<meta name=\"twitter:label2\" content=\"Tempo estimado de leitura\" \/>\n\t<meta name=\"twitter:data2\" content=\"1 minuto\" \/>\n<script type=\"application\/ld+json\" class=\"yoast-schema-graph\">{\"@context\":\"https:\/\/schema.org\",\"@graph\":[{\"@type\":\"Article\",\"@id\":\"https:\/\/portaltela.pt\/noticias\/2026\/02\/03\/castro-daire-criancas-e-idosos-salvos-de-autocarro-preso-na-neve\/#article\",\"isPartOf\":{\"@id\":\"https:\/\/portaltela.pt\/noticias\/2026\/02\/03\/castro-daire-criancas-e-idosos-salvos-de-autocarro-preso-na-neve\/\"},\"author\":{\"name\":\"Telinha\",\"@id\":\"https:\/\/portaltela.pt\/#\/schema\/person\/c4278d4a6028830caff9ee44b42d32ed\"},\"headline\":\"Castro Daire: Crian\u00e7as e idosos salvos de autocarro preso na neve\",\"datePublished\":\"2026-02-03T13:55:15+00:00\",\"mainEntityOfPage\":{\"@id\":\"https:\/\/portaltela.pt\/noticias\/2026\/02\/03\/castro-daire-criancas-e-idosos-salvos-de-autocarro-preso-na-neve\/\"},\"wordCount\":127,\"image\":{\"@id\":\"https:\/\/portaltela.pt\/noticias\/2026\/02\/03\/castro-daire-criancas-e-idosos-salvos-de-autocarro-preso-na-neve\/#primaryimage\"},\"thumbnailUrl\":\"https:\/\/portaltela.pt\/s.01k8rhncp4jt1\/2026\/02\/neve-castro.jpg\",\"keywords\":[\"autocarros\",\"bombeiros\",\"Castro Daire\",\"crian\u00e7as\",\"idosos\",\"prote\u00e7\u00e3o civil\"],\"articleSection\":[\"Not\u00edcias\"],\"inLanguage\":\"pt-PT\"},{\"@type\":\"WebPage\",\"@id\":\"https:\/\/portaltela.pt\/noticias\/2026\/02\/03\/castro-daire-criancas-e-idosos-salvos-de-autocarro-preso-na-neve\/\",\"url\":\"https:\/\/portaltela.pt\/noticias\/2026\/02\/03\/castro-daire-criancas-e-idosos-salvos-de-autocarro-preso-na-neve\/\",\"name\":\"Castro Daire: Crian\u00e7as e idosos salvos de autocarro preso na neve - Portal Tela Portugal\",\"isPartOf\":{\"@id\":\"https:\/\/portaltela.pt\/#website\"},\"primaryImageOfPage\":{\"@id\":\"https:\/\/portaltela.pt\/noticias\/2026\/02\/03\/castro-daire-criancas-e-idosos-salvos-de-autocarro-preso-na-neve\/#primaryimage\"},\"image\":{\"@id\":\"https:\/\/portaltela.pt\/noticias\/2026\/02\/03\/castro-daire-criancas-e-idosos-salvos-de-autocarro-preso-na-neve\/#primaryimage\"},\"thumbnailUrl\":\"https:\/\/portaltela.pt\/s.01k8rhncp4jt1\/2026\/02\/neve-castro.jpg\",\"datePublished\":\"2026-02-03T13:55:15+00:00\",\"author\":{\"@id\":\"https:\/\/portaltela.pt\/#\/schema\/person\/c4278d4a6028830caff9ee44b42d32ed\"},\"breadcrumb\":{\"@id\":\"https:\/\/portaltela.pt\/noticias\/2026\/02\/03\/castro-daire-criancas-e-idosos-salvos-de-autocarro-preso-na-neve\/#breadcrumb\"},\"inLanguage\":\"pt-PT\",\"potentialAction\":[{\"@type\":\"ReadAction\",\"target\":[\"https:\/\/portaltela.pt\/noticias\/2026\/02\/03\/castro-daire-criancas-e-idosos-salvos-de-autocarro-preso-na-neve\/\"]}]},{\"@type\":\"ImageObject\",\"inLanguage\":\"pt-PT\",\"@id\":\"https:\/\/portaltela.pt\/noticias\/2026\/02\/03\/castro-daire-criancas-e-idosos-salvos-de-autocarro-preso-na-neve\/#primaryimage\",\"url\":\"https:\/\/portaltela.pt\/s.01k8rhncp4jt1\/2026\/02\/neve-castro.jpg\",\"contentUrl\":\"https:\/\/portaltela.pt\/s.01k8rhncp4jt1\/2026\/02\/neve-castro.jpg\",\"width\":796,\"height\":448,\"caption\":\"Castro Daire: Queda de neve condiciona acessos na zona norte do concelho\"},{\"@type\":\"BreadcrumbList\",\"@id\":\"https:\/\/portaltela.pt\/noticias\/2026\/02\/03\/castro-daire-criancas-e-idosos-salvos-de-autocarro-preso-na-neve\/#breadcrumb\",\"itemListElement\":[{\"@type\":\"ListItem\",\"position\":1,\"name\":\"In\u00edcio\",\"item\":\"https:\/\/portaltela.pt\/\"},{\"@type\":\"ListItem\",\"position\":2,\"name\":\"Castro Daire: Crian\u00e7as e idosos salvos de autocarro preso na neve\"}]},{\"@type\":\"WebSite\",\"@id\":\"https:\/\/portaltela.pt\/#website\",\"url\":\"https:\/\/portaltela.pt\/\",\"name\":\"Portal Tela Portugal\",\"description\":\"\",\"potentialAction\":[{\"@type\":\"SearchAction\",\"target\":{\"@type\":\"EntryPoint\",\"urlTemplate\":\"https:\/\/portaltela.pt\/?s={search_term_string}\"},\"query-input\":{\"@type\":\"PropertyValueSpecification\",\"valueRequired\":true,\"valueName\":\"search_term_string\"}}],\"inLanguage\":\"pt-PT\"},{\"@type\":\"Person\",\"@id\":\"https:\/\/portaltela.pt\/#\/schema\/person\/c4278d4a6028830caff9ee44b42d32ed\",\"name\":\"Telinha\",\"image\":{\"@type\":\"ImageObject\",\"inLanguage\":\"pt-PT\",\"@id\":\"https:\/\/portaltela.pt\/s.01k8rhncp4jt1\/2025\/11\/talking-bot-125x125.png\",\"url\":\"https:\/\/portaltela.pt\/s.01k8rhncp4jt1\/2025\/11\/talking-bot-125x125.png\",\"contentUrl\":\"https:\/\/portaltela.pt\/s.01k8rhncp4jt1\/2025\/11\/talking-bot-125x125.png\",\"caption\":\"Telinha\"},\"sameAs\":[\"https:\/\/portaltela.pt\/\"],\"url\":\"https:\/\/portaltela.pt\/por\/367410592786\/\"}]}<\/script>\n<!-- \/ Yoast SEO plugin. -->","yoast_head_json":{"title":"Castro Daire: Crian\u00e7as e idosos salvos de autocarro preso na neve - Portal Tela Portugal","robots":{"index":"index","follow":"follow","max-snippet":"max-snippet:-1","max-image-preview":"max-image-preview:large","max-video-preview":"max-video-preview:-1"},"og_locale":"pt_PT","og_type":"article","og_title":"Castro Daire: Crian\u00e7as e idosos salvos de autocarro preso na neve - Portal Tela Portugal","og_description":"Cerca de 30 passageiros de um autocarro ficaram retidos na neve na Estrada Municipal 550, em Castro Daire, na Serra de Montemuro. Bombeiros realizaram o resgate dos ocupantes, segundo a Prote\u00e7\u00e3o Civil. A via ficou cortada durante a noite devido \u00e0 queda intensa de neve, ligando Pinheiro a Castro Daire. Entre os passageiros predominavam crian\u00e7as a caminho da escola e idosos. O autocarro permanece no local \u00e0 espera da chegada de um limpa-neves para remo\u00e7\u00e3o.","og_url":"https:\/\/portaltela.pt\/noticias\/2026\/02\/03\/castro-daire-criancas-e-idosos-salvos-de-autocarro-preso-na-neve\/","og_site_name":"Portal Tela Portugal","article_published_time":"2026-02-03T13:55:15+00:00","author":"Telinha","twitter_card":"summary_large_image","twitter_misc":{"Escrito por":"Telinha","Tempo estimado de leitura":"1 minuto"},"schema":{"@context":"https:\/\/schema.org","@graph":[{"@type":"Article","@id":"https:\/\/portaltela.pt\/noticias\/2026\/02\/03\/castro-daire-criancas-e-idosos-salvos-de-autocarro-preso-na-neve\/#article","isPartOf":{"@id":"https:\/\/portaltela.pt\/noticias\/2026\/02\/03\/castro-daire-criancas-e-idosos-salvos-de-autocarro-preso-na-neve\/"},"author":{"name":"Telinha","@id":"https:\/\/portaltela.pt\/#\/schema\/person\/c4278d4a6028830caff9ee44b42d32ed"},"headline":"Castro Daire: Crian\u00e7as e idosos salvos de autocarro preso na neve","datePublished":"2026-02-03T13:55:15+00:00","mainEntityOfPage":{"@id":"https:\/\/portaltela.pt\/noticias\/2026\/02\/03\/castro-daire-criancas-e-idosos-salvos-de-autocarro-preso-na-neve\/"},"wordCount":127,"image":{"@id":"https:\/\/portaltela.pt\/noticias\/2026\/02\/03\/castro-daire-criancas-e-idosos-salvos-de-autocarro-preso-na-neve\/#primaryimage"},"thumbnailUrl":"https:\/\/portaltela.pt\/s.01k8rhncp4jt1\/2026\/02\/neve-castro.jpg","keywords":["autocarros","bombeiros","Castro Daire","crian\u00e7as","idosos","prote\u00e7\u00e3o civil"],"articleSection":["Not\u00edcias"],"inLanguage":"pt-PT"},{"@type":"WebPage","@id":"https:\/\/portaltela.pt\/noticias\/2026\/02\/03\/castro-daire-criancas-e-idosos-salvos-de-autocarro-preso-na-neve\/","url":"https:\/\/portaltela.pt\/noticias\/2026\/02\/03\/castro-daire-criancas-e-idosos-salvos-de-autocarro-preso-na-neve\/","name":"Castro Daire: Crian\u00e7as e idosos salvos de autocarro preso na neve - Portal Tela Portugal","isPartOf":{"@id":"https:\/\/portaltela.pt\/#website"},"primaryImageOfPage":{"@id":"https:\/\/portaltela.pt\/noticias\/2026\/02\/03\/castro-daire-criancas-e-idosos-salvos-de-autocarro-preso-na-neve\/#primaryimage"},"image":{"@id":"https:\/\/portaltela.pt\/noticias\/2026\/02\/03\/castro-daire-criancas-e-idosos-salvos-de-autocarro-preso-na-neve\/#primaryimage"},"thumbnailUrl":"https:\/\/portaltela.pt\/s.01k8rhncp4jt1\/2026\/02\/neve-castro.jpg","datePublished":"2026-02-03T13:55:15+00:00","author":{"@id":"https:\/\/portaltela.pt\/#\/schema\/person\/c4278d4a6028830caff9ee44b42d32ed"},"breadcrumb":{"@id":"https:\/\/portaltela.pt\/noticias\/2026\/02\/03\/castro-daire-criancas-e-idosos-salvos-de-autocarro-preso-na-neve\/#breadcrumb"},"inLanguage":"pt-PT","potentialAction":[{"@type":"ReadAction","target":["https:\/\/portaltela.pt\/noticias\/2026\/02\/03\/castro-daire-criancas-e-idosos-salvos-de-autocarro-preso-na-neve\/"]}]},{"@type":"ImageObject","inLanguage":"pt-PT","@id":"https:\/\/portaltela.pt\/noticias\/2026\/02\/03\/castro-daire-criancas-e-idosos-salvos-de-autocarro-preso-na-neve\/#primaryimage","url":"https:\/\/portaltela.pt\/s.01k8rhncp4jt1\/2026\/02\/neve-castro.jpg","contentUrl":"https:\/\/portaltela.pt\/s.01k8rhncp4jt1\/2026\/02\/neve-castro.jpg","width":796,"height":448,"caption":"Castro Daire: Queda de neve condiciona acessos na zona norte do concelho"},{"@type":"BreadcrumbList","@id":"https:\/\/portaltela.pt\/noticias\/2026\/02\/03\/castro-daire-criancas-e-idosos-salvos-de-autocarro-preso-na-neve\/#breadcrumb","itemListElement":[{"@type":"ListItem","position":1,"name":"In\u00edcio","item":"https:\/\/portaltela.pt\/"},{"@type":"ListItem","position":2,"name":"Castro Daire: Crian\u00e7as e idosos salvos de autocarro preso na neve"}]},{"@type":"WebSite","@id":"https:\/\/portaltela.pt\/#website","url":"https:\/\/portaltela.pt\/","name":"Portal Tela Portugal","description":"","potentialAction":[{"@type":"SearchAction","target":{"@type":"EntryPoint","urlTemplate":"https:\/\/portaltela.pt\/?s={search_term_string}"},"query-input":{"@type":"PropertyValueSpecification","valueRequired":true,"valueName":"search_term_string"}}],"inLanguage":"pt-PT"},{"@type":"Person","@id":"https:\/\/portaltela.pt\/#\/schema\/person\/c4278d4a6028830caff9ee44b42d32ed","name":"Telinha","image":{"@type":"ImageObject","inLanguage":"pt-PT","@id":"https:\/\/portaltela.pt\/s.01k8rhncp4jt1\/2025\/11\/talking-bot-125x125.png","url":"https:\/\/portaltela.pt\/s.01k8rhncp4jt1\/2025\/11\/talking-bot-125x125.png","contentUrl":"https:\/\/portaltela.pt\/s.01k8rhncp4jt1\/2025\/11\/talking-bot-125x125.png","caption":"Telinha"},"sameAs":["https:\/\/portaltela.pt\/"],"url":"https:\/\/portaltela.pt\/por\/367410592786\/"}]}},"_links":{"self":[{"href":"https:\/\/portaltela.pt\/api\/wp\/v2\/posts\/193815","targetHints":{"allow":["GET"]}}],"collection":[{"href":"https:\/\/portaltela.pt\/api\/wp\/v2\/posts"}],"about":[{"href":"https:\/\/portaltela.pt\/api\/wp\/v2\/types\/post"}],"author":[{"embeddable":true,"href":"https:\/\/portaltela.pt\/api\/wp\/v2\/users\/2"}],"replies":[{"embeddable":true,"href":"https:\/\/portaltela.pt\/api\/wp\/v2\/comments?post=193815"}],"version-history":[{"count":0,"href":"https:\/\/portaltela.pt\/api\/wp\/v2\/posts\/193815\/revisions"}],"wp:featuredmedia":[{"embeddable":true,"href":"https:\/\/portaltela.pt\/api\/wp\/v2\/media\/193819"}],"wp:attachment":[{"href":"https:\/\/portaltela.pt\/api\/wp\/v2\/media?parent=193815"}],"wp:term":[{"taxonomy":"category","embeddable":true,"href":"https:\/\/portaltela.pt\/api\/wp\/v2\/categories?post=193815"},{"taxonomy":"post_tag","embeddable":true,"href":"https:\/\/portaltela.pt\/api\/wp\/v2\/tags?post=193815"}],"curies":[{"name":"wp","href":"https:\/\/api.w.org\/{rel}","templated":true}]}}