{"id":193776,"date":"2026-02-03T10:15:00","date_gmt":"2026-02-03T13:15:00","guid":{"rendered":"https:\/\/portaltela.pt\/noticias\/2026\/02\/03\/rui-modesto-de-vendas-novas-inscrito-de-ultima-hora-pelo-palermo\/"},"modified":"2026-02-03T10:15:00","modified_gmt":"2026-02-03T13:15:00","slug":"rui-modesto-de-vendas-novas-inscrito-de-ultima-hora-pelo-palermo","status":"publish","type":"post","link":"https:\/\/portaltela.pt\/desporto\/futebol\/2026\/02\/03\/rui-modesto-de-vendas-novas-inscrito-de-ultima-hora-pelo-palermo\/","title":{"rendered":"Rui Modesto, de Vendas Novas, inscrito de \u00faltima hora pelo Palermo"},"content":{"rendered":"<p>Rui Modesto, defesa central de 26 anos, natural de Vendas Novas, vai atuar pelo Palermo, em It\u00e1lia, por empr\u00e9stimo da Udinese, com op\u00e7\u00e3o de compra. A opera\u00e7\u00e3o ocorreu no \u00faltimo dia do mercado, nos instantes finais.<\/p>\n<p>O atleta tricolor participou apenas em tr\u00eas jogos pela Udinese nesta temporada, sem entrar como titular. Registou pouco mais de 100 minutos em campo, mas conseguiu uma assist\u00eancia.<\/p>\n<p>Internacional angolano, Rui Modesto integrou a equipa na Ta\u00e7a das Na\u00e7\u00f5es Africanas deste ano, disputando o \u00faltimo encontro da sele\u00e7\u00e3o. Na temporada passada, somou 22 jogos pela Udinese e duas assist\u00eancias.<\/p>\n<p>A carreira de forma\u00e7\u00e3o inclui o Estrela de Vendas Novas, Juventude e Lusitano de \u00c9vora. A n\u00edvel s\u00e9nior come\u00e7ou no Vit\u00f3ria FC, com passagens pela Finl\u00e2ndia e pela Su\u00e9cia, antes de chegar \u00e0 Udinese.<\/p>\n","protected":false},"excerpt":{"rendered":"<ul>\n<li>Rui Modesto, defesa central de 26 anos, natural de Vendas Novas, foi cedido por empr\u00e9stimo do Udinese ao Palermo, com op\u00e7\u00e3o de compra.<\/li>\n<li>A opera\u00e7\u00e3o ocorreu no \u00faltimo dia do mercado, e o jogador foi inscrito nos \u00faltimos segundos do prazo, segundo a imprensa italiana.<\/li>\n<li>Pelo Udinese nesta temporada, disputou apenas tr\u00eas jogos, nunca como titular, tendo ainda conseguido uma assist\u00eancia em pouco mais de 100 minutos.<\/li>\n<li>Internacional angolano, integrou a sele\u00e7\u00e3o na Ta\u00e7a das Na\u00e7\u00f5es Africanas deste ano, jogando no \u00faltimo jogo da CAN.<\/li>\n<li>Na \u00e9poca anterior, pelo mesmo clube, realizou 22 jogos e duas assist\u00eancias; j\u00e1 passou pela forma\u00e7\u00e3o do Estrela de Vendas Novas, Juventude, Lusitano de \u00c9vora, e ainda jogou na Finl\u00e2ndia e na Su\u00e9cia.<\/li>\n<\/ul>\n","protected":false},"author":2,"featured_media":193778,"comment_status":"closed","ping_status":"closed","sticky":false,"template":"","format":"standard","meta":{"footnotes":""},"categories":[21,24],"tags":[152,2457,32,1857,1633,4112],"class_list":["post-193776","post","type-post","status-publish","format-standard","has-post-thumbnail","hentry","category-desporto","category-futebol","tag-desporto","tag-emprestimos","tag-futebol","tag-italia","tag-transferencias-internacionais","tag-vendas-novas"],"yoast_head":"<!-- This site is optimized with the Yoast SEO plugin v27.2 - https:\/\/yoast.com\/product\/yoast-seo-wordpress\/ -->\n<title>Rui Modesto, de Vendas Novas, inscrito de \u00faltima hora pelo Palermo - Portal Tela Portugal<\/title>\n<meta name=\"robots\" content=\"index, follow, max-snippet:-1, max-image-preview:large, max-video-preview:-1\" \/>\n<meta property=\"og:locale\" content=\"pt_PT\" \/>\n<meta property=\"og:type\" content=\"article\" \/>\n<meta property=\"og:title\" content=\"Rui Modesto, de Vendas Novas, inscrito de \u00faltima hora pelo Palermo - Portal Tela Portugal\" \/>\n<meta property=\"og:description\" content=\"Rui Modesto, defesa central de 26 anos, natural de Vendas Novas, foi cedido por empr\u00e9stimo do Udinese ao Palermo, com op\u00e7\u00e3o de compra. A opera\u00e7\u00e3o ocorreu no \u00faltimo dia do mercado, e o jogador foi inscrito nos \u00faltimos segundos do prazo, segundo a imprensa italiana. Pelo Udinese nesta temporada, disputou apenas tr\u00eas jogos, nunca como titular, tendo ainda conseguido uma assist\u00eancia em pouco mais de 100 minutos. Internacional angolano, integrou a sele\u00e7\u00e3o na Ta\u00e7a das Na\u00e7\u00f5es Africanas deste ano, jogando no \u00faltimo jogo da CAN. Na \u00e9poca anterior, pelo mesmo clube, realizou 22 jogos e duas assist\u00eancias; j\u00e1 passou pela forma\u00e7\u00e3o do Estrela de Vendas Novas, Juventude, Lusitano de \u00c9vora, e ainda jogou na Finl\u00e2ndia e na Su\u00e9cia.\" \/>\n<meta property=\"og:url\" content=\"https:\/\/portaltela.pt\/noticias\/2026\/02\/03\/rui-modesto-de-vendas-novas-inscrito-de-ultima-hora-pelo-palermo\/\" \/>\n<meta property=\"og:site_name\" content=\"Portal Tela Portugal\" \/>\n<meta property=\"article:published_time\" content=\"2026-02-03T13:15:00+00:00\" \/>\n<meta name=\"author\" content=\"Telinha\" \/>\n<meta name=\"twitter:card\" content=\"summary_large_image\" \/>\n<meta name=\"twitter:label1\" content=\"Escrito por\" \/>\n\t<meta name=\"twitter:data1\" content=\"Telinha\" \/>\n\t<meta name=\"twitter:label2\" content=\"Tempo estimado de leitura\" \/>\n\t<meta name=\"twitter:data2\" content=\"1 minuto\" \/>\n<script type=\"application\/ld+json\" class=\"yoast-schema-graph\">{\"@context\":\"https:\/\/schema.org\",\"@graph\":[{\"@type\":\"Article\",\"@id\":\"https:\/\/portaltela.pt\/noticias\/2026\/02\/03\/rui-modesto-de-vendas-novas-inscrito-de-ultima-hora-pelo-palermo\/#article\",\"isPartOf\":{\"@id\":\"https:\/\/portaltela.pt\/noticias\/2026\/02\/03\/rui-modesto-de-vendas-novas-inscrito-de-ultima-hora-pelo-palermo\/\"},\"author\":{\"name\":\"Telinha\",\"@id\":\"https:\/\/portaltela.pt\/#\/schema\/person\/c4278d4a6028830caff9ee44b42d32ed\"},\"headline\":\"Rui Modesto, de Vendas Novas, inscrito de \u00faltima hora pelo Palermo\",\"datePublished\":\"2026-02-03T13:15:00+00:00\",\"mainEntityOfPage\":{\"@id\":\"https:\/\/portaltela.pt\/noticias\/2026\/02\/03\/rui-modesto-de-vendas-novas-inscrito-de-ultima-hora-pelo-palermo\/\"},\"wordCount\":153,\"image\":{\"@id\":\"https:\/\/portaltela.pt\/noticias\/2026\/02\/03\/rui-modesto-de-vendas-novas-inscrito-de-ultima-hora-pelo-palermo\/#primaryimage\"},\"thumbnailUrl\":\"https:\/\/portaltela.pt\/s.01k8rhncp4jt1\/2026\/02\/imagem_odigital-1200-x-675-px-51.jpg\",\"keywords\":[\"desporto\",\"empr\u00e9stimos\",\"futebol\",\"It\u00e1lia\",\"transfer\u00eancias internacionais\",\"Vendas Novas\"],\"articleSection\":[\"Desporto\",\"Futebol\"],\"inLanguage\":\"pt-PT\"},{\"@type\":\"WebPage\",\"@id\":\"https:\/\/portaltela.pt\/noticias\/2026\/02\/03\/rui-modesto-de-vendas-novas-inscrito-de-ultima-hora-pelo-palermo\/\",\"url\":\"https:\/\/portaltela.pt\/noticias\/2026\/02\/03\/rui-modesto-de-vendas-novas-inscrito-de-ultima-hora-pelo-palermo\/\",\"name\":\"Rui Modesto, de Vendas Novas, inscrito de \u00faltima hora pelo Palermo - Portal Tela Portugal\",\"isPartOf\":{\"@id\":\"https:\/\/portaltela.pt\/#website\"},\"primaryImageOfPage\":{\"@id\":\"https:\/\/portaltela.pt\/noticias\/2026\/02\/03\/rui-modesto-de-vendas-novas-inscrito-de-ultima-hora-pelo-palermo\/#primaryimage\"},\"image\":{\"@id\":\"https:\/\/portaltela.pt\/noticias\/2026\/02\/03\/rui-modesto-de-vendas-novas-inscrito-de-ultima-hora-pelo-palermo\/#primaryimage\"},\"thumbnailUrl\":\"https:\/\/portaltela.pt\/s.01k8rhncp4jt1\/2026\/02\/imagem_odigital-1200-x-675-px-51.jpg\",\"datePublished\":\"2026-02-03T13:15:00+00:00\",\"author\":{\"@id\":\"https:\/\/portaltela.pt\/#\/schema\/person\/c4278d4a6028830caff9ee44b42d32ed\"},\"breadcrumb\":{\"@id\":\"https:\/\/portaltela.pt\/noticias\/2026\/02\/03\/rui-modesto-de-vendas-novas-inscrito-de-ultima-hora-pelo-palermo\/#breadcrumb\"},\"inLanguage\":\"pt-PT\",\"potentialAction\":[{\"@type\":\"ReadAction\",\"target\":[\"https:\/\/portaltela.pt\/noticias\/2026\/02\/03\/rui-modesto-de-vendas-novas-inscrito-de-ultima-hora-pelo-palermo\/\"]}]},{\"@type\":\"ImageObject\",\"inLanguage\":\"pt-PT\",\"@id\":\"https:\/\/portaltela.pt\/noticias\/2026\/02\/03\/rui-modesto-de-vendas-novas-inscrito-de-ultima-hora-pelo-palermo\/#primaryimage\",\"url\":\"https:\/\/portaltela.pt\/s.01k8rhncp4jt1\/2026\/02\/imagem_odigital-1200-x-675-px-51.jpg\",\"contentUrl\":\"https:\/\/portaltela.pt\/s.01k8rhncp4jt1\/2026\/02\/imagem_odigital-1200-x-675-px-51.jpg\",\"width\":796,\"height\":448,\"caption\":\"Rui Modesto, de Vendas Novas, inscrito no \u00faltimo instante pelo Palermo de It\u00e1lia\"},{\"@type\":\"BreadcrumbList\",\"@id\":\"https:\/\/portaltela.pt\/noticias\/2026\/02\/03\/rui-modesto-de-vendas-novas-inscrito-de-ultima-hora-pelo-palermo\/#breadcrumb\",\"itemListElement\":[{\"@type\":\"ListItem\",\"position\":1,\"name\":\"In\u00edcio\",\"item\":\"https:\/\/portaltela.pt\/\"},{\"@type\":\"ListItem\",\"position\":2,\"name\":\"Rui Modesto, de Vendas Novas, inscrito de \u00faltima hora pelo Palermo\"}]},{\"@type\":\"WebSite\",\"@id\":\"https:\/\/portaltela.pt\/#website\",\"url\":\"https:\/\/portaltela.pt\/\",\"name\":\"Portal Tela Portugal\",\"description\":\"\",\"potentialAction\":[{\"@type\":\"SearchAction\",\"target\":{\"@type\":\"EntryPoint\",\"urlTemplate\":\"https:\/\/portaltela.pt\/?s={search_term_string}\"},\"query-input\":{\"@type\":\"PropertyValueSpecification\",\"valueRequired\":true,\"valueName\":\"search_term_string\"}}],\"inLanguage\":\"pt-PT\"},{\"@type\":\"Person\",\"@id\":\"https:\/\/portaltela.pt\/#\/schema\/person\/c4278d4a6028830caff9ee44b42d32ed\",\"name\":\"Telinha\",\"image\":{\"@type\":\"ImageObject\",\"inLanguage\":\"pt-PT\",\"@id\":\"https:\/\/portaltela.pt\/s.01k8rhncp4jt1\/2025\/11\/talking-bot-125x125.png\",\"url\":\"https:\/\/portaltela.pt\/s.01k8rhncp4jt1\/2025\/11\/talking-bot-125x125.png\",\"contentUrl\":\"https:\/\/portaltela.pt\/s.01k8rhncp4jt1\/2025\/11\/talking-bot-125x125.png\",\"caption\":\"Telinha\"},\"sameAs\":[\"https:\/\/portaltela.pt\/\"],\"url\":\"https:\/\/portaltela.pt\/por\/367410592786\/\"}]}<\/script>\n<!-- \/ Yoast SEO plugin. -->","yoast_head_json":{"title":"Rui Modesto, de Vendas Novas, inscrito de \u00faltima hora pelo Palermo - Portal Tela Portugal","robots":{"index":"index","follow":"follow","max-snippet":"max-snippet:-1","max-image-preview":"max-image-preview:large","max-video-preview":"max-video-preview:-1"},"og_locale":"pt_PT","og_type":"article","og_title":"Rui Modesto, de Vendas Novas, inscrito de \u00faltima hora pelo Palermo - Portal Tela Portugal","og_description":"Rui Modesto, defesa central de 26 anos, natural de Vendas Novas, foi cedido por empr\u00e9stimo do Udinese ao Palermo, com op\u00e7\u00e3o de compra. A opera\u00e7\u00e3o ocorreu no \u00faltimo dia do mercado, e o jogador foi inscrito nos \u00faltimos segundos do prazo, segundo a imprensa italiana. Pelo Udinese nesta temporada, disputou apenas tr\u00eas jogos, nunca como titular, tendo ainda conseguido uma assist\u00eancia em pouco mais de 100 minutos. Internacional angolano, integrou a sele\u00e7\u00e3o na Ta\u00e7a das Na\u00e7\u00f5es Africanas deste ano, jogando no \u00faltimo jogo da CAN. Na \u00e9poca anterior, pelo mesmo clube, realizou 22 jogos e duas assist\u00eancias; j\u00e1 passou pela forma\u00e7\u00e3o do Estrela de Vendas Novas, Juventude, Lusitano de \u00c9vora, e ainda jogou na Finl\u00e2ndia e na Su\u00e9cia.","og_url":"https:\/\/portaltela.pt\/noticias\/2026\/02\/03\/rui-modesto-de-vendas-novas-inscrito-de-ultima-hora-pelo-palermo\/","og_site_name":"Portal Tela Portugal","article_published_time":"2026-02-03T13:15:00+00:00","author":"Telinha","twitter_card":"summary_large_image","twitter_misc":{"Escrito por":"Telinha","Tempo estimado de leitura":"1 minuto"},"schema":{"@context":"https:\/\/schema.org","@graph":[{"@type":"Article","@id":"https:\/\/portaltela.pt\/noticias\/2026\/02\/03\/rui-modesto-de-vendas-novas-inscrito-de-ultima-hora-pelo-palermo\/#article","isPartOf":{"@id":"https:\/\/portaltela.pt\/noticias\/2026\/02\/03\/rui-modesto-de-vendas-novas-inscrito-de-ultima-hora-pelo-palermo\/"},"author":{"name":"Telinha","@id":"https:\/\/portaltela.pt\/#\/schema\/person\/c4278d4a6028830caff9ee44b42d32ed"},"headline":"Rui Modesto, de Vendas Novas, inscrito de \u00faltima hora pelo Palermo","datePublished":"2026-02-03T13:15:00+00:00","mainEntityOfPage":{"@id":"https:\/\/portaltela.pt\/noticias\/2026\/02\/03\/rui-modesto-de-vendas-novas-inscrito-de-ultima-hora-pelo-palermo\/"},"wordCount":153,"image":{"@id":"https:\/\/portaltela.pt\/noticias\/2026\/02\/03\/rui-modesto-de-vendas-novas-inscrito-de-ultima-hora-pelo-palermo\/#primaryimage"},"thumbnailUrl":"https:\/\/portaltela.pt\/s.01k8rhncp4jt1\/2026\/02\/imagem_odigital-1200-x-675-px-51.jpg","keywords":["desporto","empr\u00e9stimos","futebol","It\u00e1lia","transfer\u00eancias internacionais","Vendas Novas"],"articleSection":["Desporto","Futebol"],"inLanguage":"pt-PT"},{"@type":"WebPage","@id":"https:\/\/portaltela.pt\/noticias\/2026\/02\/03\/rui-modesto-de-vendas-novas-inscrito-de-ultima-hora-pelo-palermo\/","url":"https:\/\/portaltela.pt\/noticias\/2026\/02\/03\/rui-modesto-de-vendas-novas-inscrito-de-ultima-hora-pelo-palermo\/","name":"Rui Modesto, de Vendas Novas, inscrito de \u00faltima hora pelo Palermo - Portal Tela Portugal","isPartOf":{"@id":"https:\/\/portaltela.pt\/#website"},"primaryImageOfPage":{"@id":"https:\/\/portaltela.pt\/noticias\/2026\/02\/03\/rui-modesto-de-vendas-novas-inscrito-de-ultima-hora-pelo-palermo\/#primaryimage"},"image":{"@id":"https:\/\/portaltela.pt\/noticias\/2026\/02\/03\/rui-modesto-de-vendas-novas-inscrito-de-ultima-hora-pelo-palermo\/#primaryimage"},"thumbnailUrl":"https:\/\/portaltela.pt\/s.01k8rhncp4jt1\/2026\/02\/imagem_odigital-1200-x-675-px-51.jpg","datePublished":"2026-02-03T13:15:00+00:00","author":{"@id":"https:\/\/portaltela.pt\/#\/schema\/person\/c4278d4a6028830caff9ee44b42d32ed"},"breadcrumb":{"@id":"https:\/\/portaltela.pt\/noticias\/2026\/02\/03\/rui-modesto-de-vendas-novas-inscrito-de-ultima-hora-pelo-palermo\/#breadcrumb"},"inLanguage":"pt-PT","potentialAction":[{"@type":"ReadAction","target":["https:\/\/portaltela.pt\/noticias\/2026\/02\/03\/rui-modesto-de-vendas-novas-inscrito-de-ultima-hora-pelo-palermo\/"]}]},{"@type":"ImageObject","inLanguage":"pt-PT","@id":"https:\/\/portaltela.pt\/noticias\/2026\/02\/03\/rui-modesto-de-vendas-novas-inscrito-de-ultima-hora-pelo-palermo\/#primaryimage","url":"https:\/\/portaltela.pt\/s.01k8rhncp4jt1\/2026\/02\/imagem_odigital-1200-x-675-px-51.jpg","contentUrl":"https:\/\/portaltela.pt\/s.01k8rhncp4jt1\/2026\/02\/imagem_odigital-1200-x-675-px-51.jpg","width":796,"height":448,"caption":"Rui Modesto, de Vendas Novas, inscrito no \u00faltimo instante pelo Palermo de It\u00e1lia"},{"@type":"BreadcrumbList","@id":"https:\/\/portaltela.pt\/noticias\/2026\/02\/03\/rui-modesto-de-vendas-novas-inscrito-de-ultima-hora-pelo-palermo\/#breadcrumb","itemListElement":[{"@type":"ListItem","position":1,"name":"In\u00edcio","item":"https:\/\/portaltela.pt\/"},{"@type":"ListItem","position":2,"name":"Rui Modesto, de Vendas Novas, inscrito de \u00faltima hora pelo Palermo"}]},{"@type":"WebSite","@id":"https:\/\/portaltela.pt\/#website","url":"https:\/\/portaltela.pt\/","name":"Portal Tela Portugal","description":"","potentialAction":[{"@type":"SearchAction","target":{"@type":"EntryPoint","urlTemplate":"https:\/\/portaltela.pt\/?s={search_term_string}"},"query-input":{"@type":"PropertyValueSpecification","valueRequired":true,"valueName":"search_term_string"}}],"inLanguage":"pt-PT"},{"@type":"Person","@id":"https:\/\/portaltela.pt\/#\/schema\/person\/c4278d4a6028830caff9ee44b42d32ed","name":"Telinha","image":{"@type":"ImageObject","inLanguage":"pt-PT","@id":"https:\/\/portaltela.pt\/s.01k8rhncp4jt1\/2025\/11\/talking-bot-125x125.png","url":"https:\/\/portaltela.pt\/s.01k8rhncp4jt1\/2025\/11\/talking-bot-125x125.png","contentUrl":"https:\/\/portaltela.pt\/s.01k8rhncp4jt1\/2025\/11\/talking-bot-125x125.png","caption":"Telinha"},"sameAs":["https:\/\/portaltela.pt\/"],"url":"https:\/\/portaltela.pt\/por\/367410592786\/"}]}},"_links":{"self":[{"href":"https:\/\/portaltela.pt\/api\/wp\/v2\/posts\/193776","targetHints":{"allow":["GET"]}}],"collection":[{"href":"https:\/\/portaltela.pt\/api\/wp\/v2\/posts"}],"about":[{"href":"https:\/\/portaltela.pt\/api\/wp\/v2\/types\/post"}],"author":[{"embeddable":true,"href":"https:\/\/portaltela.pt\/api\/wp\/v2\/users\/2"}],"replies":[{"embeddable":true,"href":"https:\/\/portaltela.pt\/api\/wp\/v2\/comments?post=193776"}],"version-history":[{"count":0,"href":"https:\/\/portaltela.pt\/api\/wp\/v2\/posts\/193776\/revisions"}],"wp:featuredmedia":[{"embeddable":true,"href":"https:\/\/portaltela.pt\/api\/wp\/v2\/media\/193778"}],"wp:attachment":[{"href":"https:\/\/portaltela.pt\/api\/wp\/v2\/media?parent=193776"}],"wp:term":[{"taxonomy":"category","embeddable":true,"href":"https:\/\/portaltela.pt\/api\/wp\/v2\/categories?post=193776"},{"taxonomy":"post_tag","embeddable":true,"href":"https:\/\/portaltela.pt\/api\/wp\/v2\/tags?post=193776"}],"curies":[{"name":"wp","href":"https:\/\/api.w.org\/{rel}","templated":true}]}}