{"id":193755,"date":"2026-02-03T10:17:00","date_gmt":"2026-02-03T13:17:00","guid":{"rendered":"https:\/\/portaltela.pt\/noticias\/2026\/02\/03\/antigos-presidentes-mocambicanos-pedem-esforcos-coletivos-para-o-desenvolvimento\/"},"modified":"2026-02-03T10:17:00","modified_gmt":"2026-02-03T13:17:00","slug":"antigos-presidentes-mocambicanos-pedem-esforcos-coletivos-para-o-desenvolvimento","status":"publish","type":"post","link":"https:\/\/portaltela.pt\/noticias\/politica\/2026\/02\/03\/antigos-presidentes-mocambicanos-pedem-esforcos-coletivos-para-o-desenvolvimento\/","title":{"rendered":"Antigos Presidentes mo\u00e7ambicanos pedem esfor\u00e7os coletivos para o desenvolvimento"},"content":{"rendered":"<p>Antigos Presidentes mo\u00e7ambicanos afirmaram hoje que \u00e9 necess\u00e1rio sacrif\u00edcio coletivo e a partilha de experi\u00eancia com os jovens sobre as mem\u00f3rias dos que libertaram Mo\u00e7ambique, para desenvolver o pa\u00eds. O apelo foi feito durante declara\u00e7\u00f5es p\u00fablicas.<\/p>\n<p>Em declara\u00e7\u00f5es aos m\u00e9dias, os ex-chefes de Estado destacaram a import\u00e2ncia de transmitir ensinamentos hist\u00f3ricos para orientar pol\u00edticas de desenvolvimento. O objetivo \u00e9 fortalecer a coes\u00e3o nacional e a continuidade institucional.<\/p>\n<p>O movimento acontece no quadro de debates sobre o futuro de Mo\u00e7ambique, com foco na coopera\u00e7\u00e3o entre gera\u00e7\u00f5es e no envolvimento de jovens em projetos de curto e m\u00e9dio prazo. N\u00e3o foram apresentadas propostas pol\u00edticas espec\u00edficas.<\/p>\n","protected":false},"excerpt":{"rendered":"<ul>\n<li>Antigos Presidentes mo\u00e7ambicanos apelaram hoje a sacrif\u00edcios coletivos e \u00e0 partilha de experi\u00eancia com os jovens.<\/li>\n<li>O objetivo \u00e9 transmitir mem\u00f3rias dos que libertaram Mo\u00e7ambique para impulsionar o desenvolvimento do pa\u00eds.<\/li>\n<li>Defendem envolver jovens e veteranos na constru\u00e7\u00e3o de estrat\u00e9gias para o futuro.<\/li>\n<li>Refor\u00e7am a necessidade de uma atua\u00e7\u00e3o conjunta para enfrentar os desafios de desenvolvimento.<\/li>\n<li>A not\u00edcia n\u00e3o especifica institui\u00e7\u00f5es ou datas adicionais no texto original.<\/li>\n<\/ul>\n","protected":false},"author":2,"featured_media":193761,"comment_status":"closed","ping_status":"closed","sticky":false,"template":"","format":"standard","meta":{"footnotes":""},"categories":[1,5],"tags":[256,190,299,4146,2844,1911],"class_list":["post-193755","post","type-post","status-publish","format-standard","has-post-thumbnail","hentry","category-noticias","category-politica","tag-cooperacao-internacional","tag-desenvolvimento-economico","tag-historia","tag-intergeracionalidade","tag-jovens","tag-mocambique"],"yoast_head":"<!-- This site is optimized with the Yoast SEO plugin v27.2 - https:\/\/yoast.com\/product\/yoast-seo-wordpress\/ -->\n<title>Antigos Presidentes mo\u00e7ambicanos pedem esfor\u00e7os coletivos para o desenvolvimento - Portal Tela Portugal<\/title>\n<meta name=\"robots\" content=\"index, follow, max-snippet:-1, max-image-preview:large, max-video-preview:-1\" \/>\n<meta property=\"og:locale\" content=\"pt_PT\" \/>\n<meta property=\"og:type\" content=\"article\" \/>\n<meta property=\"og:title\" content=\"Antigos Presidentes mo\u00e7ambicanos pedem esfor\u00e7os coletivos para o desenvolvimento - Portal Tela Portugal\" \/>\n<meta property=\"og:description\" content=\"Antigos Presidentes mo\u00e7ambicanos apelaram hoje a sacrif\u00edcios coletivos e \u00e0 partilha de experi\u00eancia com os jovens. O objetivo \u00e9 transmitir mem\u00f3rias dos que libertaram Mo\u00e7ambique para impulsionar o desenvolvimento do pa\u00eds. Defendem envolver jovens e veteranos na constru\u00e7\u00e3o de estrat\u00e9gias para o futuro. Refor\u00e7am a necessidade de uma atua\u00e7\u00e3o conjunta para enfrentar os desafios de desenvolvimento. A not\u00edcia n\u00e3o especifica institui\u00e7\u00f5es ou datas adicionais no texto original.\" \/>\n<meta property=\"og:url\" content=\"https:\/\/portaltela.pt\/noticias\/2026\/02\/03\/antigos-presidentes-mocambicanos-pedem-esforcos-coletivos-para-o-desenvolvimento\/\" \/>\n<meta property=\"og:site_name\" content=\"Portal Tela Portugal\" \/>\n<meta property=\"article:published_time\" content=\"2026-02-03T13:17:00+00:00\" \/>\n<meta name=\"author\" content=\"Telinha\" \/>\n<meta name=\"twitter:card\" content=\"summary_large_image\" \/>\n<meta name=\"twitter:label1\" content=\"Escrito por\" \/>\n\t<meta name=\"twitter:data1\" content=\"Telinha\" \/>\n\t<meta name=\"twitter:label2\" content=\"Tempo estimado de leitura\" \/>\n\t<meta name=\"twitter:data2\" content=\"1 minuto\" \/>\n<script type=\"application\/ld+json\" class=\"yoast-schema-graph\">{\"@context\":\"https:\/\/schema.org\",\"@graph\":[{\"@type\":\"Article\",\"@id\":\"https:\/\/portaltela.pt\/noticias\/2026\/02\/03\/antigos-presidentes-mocambicanos-pedem-esforcos-coletivos-para-o-desenvolvimento\/#article\",\"isPartOf\":{\"@id\":\"https:\/\/portaltela.pt\/noticias\/2026\/02\/03\/antigos-presidentes-mocambicanos-pedem-esforcos-coletivos-para-o-desenvolvimento\/\"},\"author\":{\"name\":\"Telinha\",\"@id\":\"https:\/\/portaltela.pt\/#\/schema\/person\/c4278d4a6028830caff9ee44b42d32ed\"},\"headline\":\"Antigos Presidentes mo\u00e7ambicanos pedem esfor\u00e7os coletivos para o desenvolvimento\",\"datePublished\":\"2026-02-03T13:17:00+00:00\",\"mainEntityOfPage\":{\"@id\":\"https:\/\/portaltela.pt\/noticias\/2026\/02\/03\/antigos-presidentes-mocambicanos-pedem-esforcos-coletivos-para-o-desenvolvimento\/\"},\"wordCount\":134,\"image\":{\"@id\":\"https:\/\/portaltela.pt\/noticias\/2026\/02\/03\/antigos-presidentes-mocambicanos-pedem-esforcos-coletivos-para-o-desenvolvimento\/#primaryimage\"},\"thumbnailUrl\":\"https:\/\/portaltela.pt\/s.01k8rhncp4jt1\/2026\/02\/CACHE_780X1200_ANALOG_WATERMARKED_45575993_3448687_01092025125044.jpg\",\"keywords\":[\"coopera\u00e7\u00e3o internacional\",\"Desenvolvimento econ\u00f3mico\",\"hist\u00f3ria\",\"intergeracionalidade\",\"jovens\",\"Mo\u00e7ambique\"],\"articleSection\":[\"Not\u00edcias\",\"Pol\u00edtica\"],\"inLanguage\":\"pt-PT\"},{\"@type\":\"WebPage\",\"@id\":\"https:\/\/portaltela.pt\/noticias\/2026\/02\/03\/antigos-presidentes-mocambicanos-pedem-esforcos-coletivos-para-o-desenvolvimento\/\",\"url\":\"https:\/\/portaltela.pt\/noticias\/2026\/02\/03\/antigos-presidentes-mocambicanos-pedem-esforcos-coletivos-para-o-desenvolvimento\/\",\"name\":\"Antigos Presidentes mo\u00e7ambicanos pedem esfor\u00e7os coletivos para o desenvolvimento - Portal Tela Portugal\",\"isPartOf\":{\"@id\":\"https:\/\/portaltela.pt\/#website\"},\"primaryImageOfPage\":{\"@id\":\"https:\/\/portaltela.pt\/noticias\/2026\/02\/03\/antigos-presidentes-mocambicanos-pedem-esforcos-coletivos-para-o-desenvolvimento\/#primaryimage\"},\"image\":{\"@id\":\"https:\/\/portaltela.pt\/noticias\/2026\/02\/03\/antigos-presidentes-mocambicanos-pedem-esforcos-coletivos-para-o-desenvolvimento\/#primaryimage\"},\"thumbnailUrl\":\"https:\/\/portaltela.pt\/s.01k8rhncp4jt1\/2026\/02\/CACHE_780X1200_ANALOG_WATERMARKED_45575993_3448687_01092025125044.jpg\",\"datePublished\":\"2026-02-03T13:17:00+00:00\",\"author\":{\"@id\":\"https:\/\/portaltela.pt\/#\/schema\/person\/c4278d4a6028830caff9ee44b42d32ed\"},\"breadcrumb\":{\"@id\":\"https:\/\/portaltela.pt\/noticias\/2026\/02\/03\/antigos-presidentes-mocambicanos-pedem-esforcos-coletivos-para-o-desenvolvimento\/#breadcrumb\"},\"inLanguage\":\"pt-PT\",\"potentialAction\":[{\"@type\":\"ReadAction\",\"target\":[\"https:\/\/portaltela.pt\/noticias\/2026\/02\/03\/antigos-presidentes-mocambicanos-pedem-esforcos-coletivos-para-o-desenvolvimento\/\"]}]},{\"@type\":\"ImageObject\",\"inLanguage\":\"pt-PT\",\"@id\":\"https:\/\/portaltela.pt\/noticias\/2026\/02\/03\/antigos-presidentes-mocambicanos-pedem-esforcos-coletivos-para-o-desenvolvimento\/#primaryimage\",\"url\":\"https:\/\/portaltela.pt\/s.01k8rhncp4jt1\/2026\/02\/CACHE_780X1200_ANALOG_WATERMARKED_45575993_3448687_01092025125044.jpg\",\"contentUrl\":\"https:\/\/portaltela.pt\/s.01k8rhncp4jt1\/2026\/02\/CACHE_780X1200_ANALOG_WATERMARKED_45575993_3448687_01092025125044.jpg\",\"width\":796,\"height\":448,\"caption\":\"Antigos Presidentes mo\u00e7ambicanos pedem esfor\u00e7os coletivos para o desenvolvimento\"},{\"@type\":\"BreadcrumbList\",\"@id\":\"https:\/\/portaltela.pt\/noticias\/2026\/02\/03\/antigos-presidentes-mocambicanos-pedem-esforcos-coletivos-para-o-desenvolvimento\/#breadcrumb\",\"itemListElement\":[{\"@type\":\"ListItem\",\"position\":1,\"name\":\"In\u00edcio\",\"item\":\"https:\/\/portaltela.pt\/\"},{\"@type\":\"ListItem\",\"position\":2,\"name\":\"Antigos Presidentes mo\u00e7ambicanos pedem esfor\u00e7os coletivos para o desenvolvimento\"}]},{\"@type\":\"WebSite\",\"@id\":\"https:\/\/portaltela.pt\/#website\",\"url\":\"https:\/\/portaltela.pt\/\",\"name\":\"Portal Tela Portugal\",\"description\":\"\",\"potentialAction\":[{\"@type\":\"SearchAction\",\"target\":{\"@type\":\"EntryPoint\",\"urlTemplate\":\"https:\/\/portaltela.pt\/?s={search_term_string}\"},\"query-input\":{\"@type\":\"PropertyValueSpecification\",\"valueRequired\":true,\"valueName\":\"search_term_string\"}}],\"inLanguage\":\"pt-PT\"},{\"@type\":\"Person\",\"@id\":\"https:\/\/portaltela.pt\/#\/schema\/person\/c4278d4a6028830caff9ee44b42d32ed\",\"name\":\"Telinha\",\"image\":{\"@type\":\"ImageObject\",\"inLanguage\":\"pt-PT\",\"@id\":\"https:\/\/portaltela.pt\/s.01k8rhncp4jt1\/2025\/11\/talking-bot-125x125.png\",\"url\":\"https:\/\/portaltela.pt\/s.01k8rhncp4jt1\/2025\/11\/talking-bot-125x125.png\",\"contentUrl\":\"https:\/\/portaltela.pt\/s.01k8rhncp4jt1\/2025\/11\/talking-bot-125x125.png\",\"caption\":\"Telinha\"},\"sameAs\":[\"https:\/\/portaltela.pt\/\"],\"url\":\"https:\/\/portaltela.pt\/por\/367410592786\/\"}]}<\/script>\n<!-- \/ Yoast SEO plugin. -->","yoast_head_json":{"title":"Antigos Presidentes mo\u00e7ambicanos pedem esfor\u00e7os coletivos para o desenvolvimento - Portal Tela Portugal","robots":{"index":"index","follow":"follow","max-snippet":"max-snippet:-1","max-image-preview":"max-image-preview:large","max-video-preview":"max-video-preview:-1"},"og_locale":"pt_PT","og_type":"article","og_title":"Antigos Presidentes mo\u00e7ambicanos pedem esfor\u00e7os coletivos para o desenvolvimento - Portal Tela Portugal","og_description":"Antigos Presidentes mo\u00e7ambicanos apelaram hoje a sacrif\u00edcios coletivos e \u00e0 partilha de experi\u00eancia com os jovens. O objetivo \u00e9 transmitir mem\u00f3rias dos que libertaram Mo\u00e7ambique para impulsionar o desenvolvimento do pa\u00eds. Defendem envolver jovens e veteranos na constru\u00e7\u00e3o de estrat\u00e9gias para o futuro. Refor\u00e7am a necessidade de uma atua\u00e7\u00e3o conjunta para enfrentar os desafios de desenvolvimento. A not\u00edcia n\u00e3o especifica institui\u00e7\u00f5es ou datas adicionais no texto original.","og_url":"https:\/\/portaltela.pt\/noticias\/2026\/02\/03\/antigos-presidentes-mocambicanos-pedem-esforcos-coletivos-para-o-desenvolvimento\/","og_site_name":"Portal Tela Portugal","article_published_time":"2026-02-03T13:17:00+00:00","author":"Telinha","twitter_card":"summary_large_image","twitter_misc":{"Escrito por":"Telinha","Tempo estimado de leitura":"1 minuto"},"schema":{"@context":"https:\/\/schema.org","@graph":[{"@type":"Article","@id":"https:\/\/portaltela.pt\/noticias\/2026\/02\/03\/antigos-presidentes-mocambicanos-pedem-esforcos-coletivos-para-o-desenvolvimento\/#article","isPartOf":{"@id":"https:\/\/portaltela.pt\/noticias\/2026\/02\/03\/antigos-presidentes-mocambicanos-pedem-esforcos-coletivos-para-o-desenvolvimento\/"},"author":{"name":"Telinha","@id":"https:\/\/portaltela.pt\/#\/schema\/person\/c4278d4a6028830caff9ee44b42d32ed"},"headline":"Antigos Presidentes mo\u00e7ambicanos pedem esfor\u00e7os coletivos para o desenvolvimento","datePublished":"2026-02-03T13:17:00+00:00","mainEntityOfPage":{"@id":"https:\/\/portaltela.pt\/noticias\/2026\/02\/03\/antigos-presidentes-mocambicanos-pedem-esforcos-coletivos-para-o-desenvolvimento\/"},"wordCount":134,"image":{"@id":"https:\/\/portaltela.pt\/noticias\/2026\/02\/03\/antigos-presidentes-mocambicanos-pedem-esforcos-coletivos-para-o-desenvolvimento\/#primaryimage"},"thumbnailUrl":"https:\/\/portaltela.pt\/s.01k8rhncp4jt1\/2026\/02\/CACHE_780X1200_ANALOG_WATERMARKED_45575993_3448687_01092025125044.jpg","keywords":["coopera\u00e7\u00e3o internacional","Desenvolvimento econ\u00f3mico","hist\u00f3ria","intergeracionalidade","jovens","Mo\u00e7ambique"],"articleSection":["Not\u00edcias","Pol\u00edtica"],"inLanguage":"pt-PT"},{"@type":"WebPage","@id":"https:\/\/portaltela.pt\/noticias\/2026\/02\/03\/antigos-presidentes-mocambicanos-pedem-esforcos-coletivos-para-o-desenvolvimento\/","url":"https:\/\/portaltela.pt\/noticias\/2026\/02\/03\/antigos-presidentes-mocambicanos-pedem-esforcos-coletivos-para-o-desenvolvimento\/","name":"Antigos Presidentes mo\u00e7ambicanos pedem esfor\u00e7os coletivos para o desenvolvimento - Portal Tela Portugal","isPartOf":{"@id":"https:\/\/portaltela.pt\/#website"},"primaryImageOfPage":{"@id":"https:\/\/portaltela.pt\/noticias\/2026\/02\/03\/antigos-presidentes-mocambicanos-pedem-esforcos-coletivos-para-o-desenvolvimento\/#primaryimage"},"image":{"@id":"https:\/\/portaltela.pt\/noticias\/2026\/02\/03\/antigos-presidentes-mocambicanos-pedem-esforcos-coletivos-para-o-desenvolvimento\/#primaryimage"},"thumbnailUrl":"https:\/\/portaltela.pt\/s.01k8rhncp4jt1\/2026\/02\/CACHE_780X1200_ANALOG_WATERMARKED_45575993_3448687_01092025125044.jpg","datePublished":"2026-02-03T13:17:00+00:00","author":{"@id":"https:\/\/portaltela.pt\/#\/schema\/person\/c4278d4a6028830caff9ee44b42d32ed"},"breadcrumb":{"@id":"https:\/\/portaltela.pt\/noticias\/2026\/02\/03\/antigos-presidentes-mocambicanos-pedem-esforcos-coletivos-para-o-desenvolvimento\/#breadcrumb"},"inLanguage":"pt-PT","potentialAction":[{"@type":"ReadAction","target":["https:\/\/portaltela.pt\/noticias\/2026\/02\/03\/antigos-presidentes-mocambicanos-pedem-esforcos-coletivos-para-o-desenvolvimento\/"]}]},{"@type":"ImageObject","inLanguage":"pt-PT","@id":"https:\/\/portaltela.pt\/noticias\/2026\/02\/03\/antigos-presidentes-mocambicanos-pedem-esforcos-coletivos-para-o-desenvolvimento\/#primaryimage","url":"https:\/\/portaltela.pt\/s.01k8rhncp4jt1\/2026\/02\/CACHE_780X1200_ANALOG_WATERMARKED_45575993_3448687_01092025125044.jpg","contentUrl":"https:\/\/portaltela.pt\/s.01k8rhncp4jt1\/2026\/02\/CACHE_780X1200_ANALOG_WATERMARKED_45575993_3448687_01092025125044.jpg","width":796,"height":448,"caption":"Antigos Presidentes mo\u00e7ambicanos pedem esfor\u00e7os coletivos para o desenvolvimento"},{"@type":"BreadcrumbList","@id":"https:\/\/portaltela.pt\/noticias\/2026\/02\/03\/antigos-presidentes-mocambicanos-pedem-esforcos-coletivos-para-o-desenvolvimento\/#breadcrumb","itemListElement":[{"@type":"ListItem","position":1,"name":"In\u00edcio","item":"https:\/\/portaltela.pt\/"},{"@type":"ListItem","position":2,"name":"Antigos Presidentes mo\u00e7ambicanos pedem esfor\u00e7os coletivos para o desenvolvimento"}]},{"@type":"WebSite","@id":"https:\/\/portaltela.pt\/#website","url":"https:\/\/portaltela.pt\/","name":"Portal Tela Portugal","description":"","potentialAction":[{"@type":"SearchAction","target":{"@type":"EntryPoint","urlTemplate":"https:\/\/portaltela.pt\/?s={search_term_string}"},"query-input":{"@type":"PropertyValueSpecification","valueRequired":true,"valueName":"search_term_string"}}],"inLanguage":"pt-PT"},{"@type":"Person","@id":"https:\/\/portaltela.pt\/#\/schema\/person\/c4278d4a6028830caff9ee44b42d32ed","name":"Telinha","image":{"@type":"ImageObject","inLanguage":"pt-PT","@id":"https:\/\/portaltela.pt\/s.01k8rhncp4jt1\/2025\/11\/talking-bot-125x125.png","url":"https:\/\/portaltela.pt\/s.01k8rhncp4jt1\/2025\/11\/talking-bot-125x125.png","contentUrl":"https:\/\/portaltela.pt\/s.01k8rhncp4jt1\/2025\/11\/talking-bot-125x125.png","caption":"Telinha"},"sameAs":["https:\/\/portaltela.pt\/"],"url":"https:\/\/portaltela.pt\/por\/367410592786\/"}]}},"_links":{"self":[{"href":"https:\/\/portaltela.pt\/api\/wp\/v2\/posts\/193755","targetHints":{"allow":["GET"]}}],"collection":[{"href":"https:\/\/portaltela.pt\/api\/wp\/v2\/posts"}],"about":[{"href":"https:\/\/portaltela.pt\/api\/wp\/v2\/types\/post"}],"author":[{"embeddable":true,"href":"https:\/\/portaltela.pt\/api\/wp\/v2\/users\/2"}],"replies":[{"embeddable":true,"href":"https:\/\/portaltela.pt\/api\/wp\/v2\/comments?post=193755"}],"version-history":[{"count":0,"href":"https:\/\/portaltela.pt\/api\/wp\/v2\/posts\/193755\/revisions"}],"wp:featuredmedia":[{"embeddable":true,"href":"https:\/\/portaltela.pt\/api\/wp\/v2\/media\/193761"}],"wp:attachment":[{"href":"https:\/\/portaltela.pt\/api\/wp\/v2\/media?parent=193755"}],"wp:term":[{"taxonomy":"category","embeddable":true,"href":"https:\/\/portaltela.pt\/api\/wp\/v2\/categories?post=193755"},{"taxonomy":"post_tag","embeddable":true,"href":"https:\/\/portaltela.pt\/api\/wp\/v2\/tags?post=193755"}],"curies":[{"name":"wp","href":"https:\/\/api.w.org\/{rel}","templated":true}]}}