{"id":193686,"date":"2026-02-03T09:32:00","date_gmt":"2026-02-03T12:32:00","guid":{"rendered":"https:\/\/portaltela.pt\/noticias\/2026\/02\/03\/palestiniana-relata-regresso-a-gaza-pela-passagem-de-rafah-apos-ter-sido-vendada\/"},"modified":"2026-02-03T09:32:00","modified_gmt":"2026-02-03T12:32:00","slug":"palestiniana-relata-regresso-a-gaza-pela-passagem-de-rafah-apos-ter-sido-vendada","status":"publish","type":"post","link":"https:\/\/portaltela.pt\/noticias\/2026\/02\/03\/palestiniana-relata-regresso-a-gaza-pela-passagem-de-rafah-apos-ter-sido-vendada\/","title":{"rendered":"Palestiniana relata regresso a Gaza pela passagem de Rafah ap\u00f3s ter sido vendada"},"content":{"rendered":"<p>V\u00e1rios palestinianos que regressaram \u00e0 Faixa de Gaza durante a madrugada de ter\u00e7a-feira relataram terem sido vendados, algemados e interrogados pelas for\u00e7as israelitas na travessia pela passagem de Rafah. A reabertura da fronteira, inserida no contexto do cessar-fogo, tem permitido o regresso de um n\u00famero limitado de civis sob fortes restri\u00e7\u00f5es.<\/p>\n<p>Os relatos indicam que a passagem foi monitorizada pelas tropas israelitas, com procedimentos que inclu\u00edram identifica\u00e7\u00e3o, revistas e interrogat\u00f3rios. N\u00e3o foi poss\u00edvel confirmar de imediato o n\u00famero exato de viajantes que atravessaram para Gaza.<\/p>\n<p>A passagem de Rafah continua aberta apenas de forma reduzida, com regras de sa\u00edda e entrada determinadas por autoridades israelitas e pela administra\u00e7\u00e3o de Gaza. O objetivo do regime de cessar-fogo \u00e9 facilitar a evacua\u00e7\u00e3o de civis e a entrega de ajuda, mas com controle de fluxos.<\/p>\n<p>Fontes associadas aos regressoes apontam para uma coordena\u00e7\u00e3o entre as autoridades locais e organiza\u00e7\u00f5es humanit\u00e1rias, visando manter opera\u00e7\u00f5es de assist\u00eancia. N\u00e3o houve informa\u00e7\u00f5es dispon\u00edveis sobre incidentes espec\u00edficos al\u00e9m dos relatos de condu\u00e7\u00e3o durante a passagem.<\/p>\n<p>O regresso a Gaza, segundo testemunhos, decorreu num cen\u00e1rio de forte conten\u00e7\u00e3o e com a presen\u00e7a de verifica\u00e7\u00e3o de documenta\u00e7\u00e3o. As autoridades israelitas n\u00e3o divulgaram detalhes adicionais sobre o protocolo na passagem.<\/p>\n","protected":false},"excerpt":{"rendered":"<ul>\n<li>Palestinianos que regressaram \u00e0 Faixa de Gaza, na madrugada de ter\u00e7a-feira, relataram ter sido vendados, algemados e interrogados pelas for\u00e7as israelitas durante a travessia pela passagem de Rafah.<\/li>\n<li>A passagem foi reaberta no contexto do cessar-fogo, permitindo o regresso de um n\u00famero limitado de civis.<\/li>\n<li>Os registos de entradas acontecem sob fortes restri\u00e7\u00f5es impostas pela gest\u00e3o da fronteira.<\/li>\n<li>O regresso de civis a Gaza continua sujeito a condi\u00e7\u00f5es e controles espec\u00edficos.<\/li>\n<\/ul>\n","protected":false},"author":2,"featured_media":193692,"comment_status":"closed","ping_status":"closed","sticky":false,"template":"","format":"standard","meta":{"footnotes":""},"categories":[1],"tags":[2792,3238,2030,2944],"class_list":["post-193686","post","type-post","status-publish","format-standard","has-post-thumbnail","hentry","category-noticias","tag-conflito-internacional","tag-fronteiras-internacionais","tag-palestina","tag-passagens"],"yoast_head":"<!-- This site is optimized with the Yoast SEO plugin v27.2 - https:\/\/yoast.com\/product\/yoast-seo-wordpress\/ -->\n<title>Palestiniana relata regresso a Gaza pela passagem de Rafah ap\u00f3s ter sido vendada - Portal Tela Portugal<\/title>\n<meta name=\"robots\" content=\"index, follow, max-snippet:-1, max-image-preview:large, max-video-preview:-1\" \/>\n<meta property=\"og:locale\" content=\"pt_PT\" \/>\n<meta property=\"og:type\" content=\"article\" \/>\n<meta property=\"og:title\" content=\"Palestiniana relata regresso a Gaza pela passagem de Rafah ap\u00f3s ter sido vendada - Portal Tela Portugal\" \/>\n<meta property=\"og:description\" content=\"Palestinianos que regressaram \u00e0 Faixa de Gaza, na madrugada de ter\u00e7a-feira, relataram ter sido vendados, algemados e interrogados pelas for\u00e7as israelitas durante a travessia pela passagem de Rafah. A passagem foi reaberta no contexto do cessar-fogo, permitindo o regresso de um n\u00famero limitado de civis. Os registos de entradas acontecem sob fortes restri\u00e7\u00f5es impostas pela gest\u00e3o da fronteira. O regresso de civis a Gaza continua sujeito a condi\u00e7\u00f5es e controles espec\u00edficos.\" \/>\n<meta property=\"og:url\" content=\"https:\/\/portaltela.pt\/noticias\/2026\/02\/03\/palestiniana-relata-regresso-a-gaza-pela-passagem-de-rafah-apos-ter-sido-vendada\/\" \/>\n<meta property=\"og:site_name\" content=\"Portal Tela Portugal\" \/>\n<meta property=\"article:published_time\" content=\"2026-02-03T12:32:00+00:00\" \/>\n<meta name=\"author\" content=\"Telinha\" \/>\n<meta name=\"twitter:card\" content=\"summary_large_image\" \/>\n<meta name=\"twitter:label1\" content=\"Escrito por\" \/>\n\t<meta name=\"twitter:data1\" content=\"Telinha\" \/>\n\t<meta name=\"twitter:label2\" content=\"Tempo estimado de leitura\" \/>\n\t<meta name=\"twitter:data2\" content=\"1 minuto\" \/>\n<script type=\"application\/ld+json\" class=\"yoast-schema-graph\">{\"@context\":\"https:\/\/schema.org\",\"@graph\":[{\"@type\":\"Article\",\"@id\":\"https:\/\/portaltela.pt\/noticias\/2026\/02\/03\/palestiniana-relata-regresso-a-gaza-pela-passagem-de-rafah-apos-ter-sido-vendada\/#article\",\"isPartOf\":{\"@id\":\"https:\/\/portaltela.pt\/noticias\/2026\/02\/03\/palestiniana-relata-regresso-a-gaza-pela-passagem-de-rafah-apos-ter-sido-vendada\/\"},\"author\":{\"name\":\"Telinha\",\"@id\":\"https:\/\/portaltela.pt\/#\/schema\/person\/c4278d4a6028830caff9ee44b42d32ed\"},\"headline\":\"Palestiniana relata regresso a Gaza pela passagem de Rafah ap\u00f3s ter sido vendada\",\"datePublished\":\"2026-02-03T12:32:00+00:00\",\"mainEntityOfPage\":{\"@id\":\"https:\/\/portaltela.pt\/noticias\/2026\/02\/03\/palestiniana-relata-regresso-a-gaza-pela-passagem-de-rafah-apos-ter-sido-vendada\/\"},\"wordCount\":242,\"image\":{\"@id\":\"https:\/\/portaltela.pt\/noticias\/2026\/02\/03\/palestiniana-relata-regresso-a-gaza-pela-passagem-de-rafah-apos-ter-sido-vendada\/#primaryimage\"},\"thumbnailUrl\":\"https:\/\/portaltela.pt\/s.01k8rhncp4jt1\/2026\/02\/img_1200x721uu2026-02-03-12-46-44-2419249.jpg\",\"keywords\":[\"conflito internacional\",\"fronteiras internacionais\",\"Palestina\",\"passagens\"],\"articleSection\":[\"Not\u00edcias\"],\"inLanguage\":\"pt-PT\"},{\"@type\":\"WebPage\",\"@id\":\"https:\/\/portaltela.pt\/noticias\/2026\/02\/03\/palestiniana-relata-regresso-a-gaza-pela-passagem-de-rafah-apos-ter-sido-vendada\/\",\"url\":\"https:\/\/portaltela.pt\/noticias\/2026\/02\/03\/palestiniana-relata-regresso-a-gaza-pela-passagem-de-rafah-apos-ter-sido-vendada\/\",\"name\":\"Palestiniana relata regresso a Gaza pela passagem de Rafah ap\u00f3s ter sido vendada - Portal Tela Portugal\",\"isPartOf\":{\"@id\":\"https:\/\/portaltela.pt\/#website\"},\"primaryImageOfPage\":{\"@id\":\"https:\/\/portaltela.pt\/noticias\/2026\/02\/03\/palestiniana-relata-regresso-a-gaza-pela-passagem-de-rafah-apos-ter-sido-vendada\/#primaryimage\"},\"image\":{\"@id\":\"https:\/\/portaltela.pt\/noticias\/2026\/02\/03\/palestiniana-relata-regresso-a-gaza-pela-passagem-de-rafah-apos-ter-sido-vendada\/#primaryimage\"},\"thumbnailUrl\":\"https:\/\/portaltela.pt\/s.01k8rhncp4jt1\/2026\/02\/img_1200x721uu2026-02-03-12-46-44-2419249.jpg\",\"datePublished\":\"2026-02-03T12:32:00+00:00\",\"author\":{\"@id\":\"https:\/\/portaltela.pt\/#\/schema\/person\/c4278d4a6028830caff9ee44b42d32ed\"},\"breadcrumb\":{\"@id\":\"https:\/\/portaltela.pt\/noticias\/2026\/02\/03\/palestiniana-relata-regresso-a-gaza-pela-passagem-de-rafah-apos-ter-sido-vendada\/#breadcrumb\"},\"inLanguage\":\"pt-PT\",\"potentialAction\":[{\"@type\":\"ReadAction\",\"target\":[\"https:\/\/portaltela.pt\/noticias\/2026\/02\/03\/palestiniana-relata-regresso-a-gaza-pela-passagem-de-rafah-apos-ter-sido-vendada\/\"]}]},{\"@type\":\"ImageObject\",\"inLanguage\":\"pt-PT\",\"@id\":\"https:\/\/portaltela.pt\/noticias\/2026\/02\/03\/palestiniana-relata-regresso-a-gaza-pela-passagem-de-rafah-apos-ter-sido-vendada\/#primaryimage\",\"url\":\"https:\/\/portaltela.pt\/s.01k8rhncp4jt1\/2026\/02\/img_1200x721uu2026-02-03-12-46-44-2419249.jpg\",\"contentUrl\":\"https:\/\/portaltela.pt\/s.01k8rhncp4jt1\/2026\/02\/img_1200x721uu2026-02-03-12-46-44-2419249.jpg\",\"width\":796,\"height\":448,\"caption\":\"\u00abVendaram-nos, amarraram-nos e interrogaram-nos\u00bb: palestiniana relata regresso a Gaza atrav\u00e9s da passagem de Rafah\"},{\"@type\":\"BreadcrumbList\",\"@id\":\"https:\/\/portaltela.pt\/noticias\/2026\/02\/03\/palestiniana-relata-regresso-a-gaza-pela-passagem-de-rafah-apos-ter-sido-vendada\/#breadcrumb\",\"itemListElement\":[{\"@type\":\"ListItem\",\"position\":1,\"name\":\"In\u00edcio\",\"item\":\"https:\/\/portaltela.pt\/\"},{\"@type\":\"ListItem\",\"position\":2,\"name\":\"Palestiniana relata regresso a Gaza pela passagem de Rafah ap\u00f3s ter sido vendada\"}]},{\"@type\":\"WebSite\",\"@id\":\"https:\/\/portaltela.pt\/#website\",\"url\":\"https:\/\/portaltela.pt\/\",\"name\":\"Portal Tela Portugal\",\"description\":\"\",\"potentialAction\":[{\"@type\":\"SearchAction\",\"target\":{\"@type\":\"EntryPoint\",\"urlTemplate\":\"https:\/\/portaltela.pt\/?s={search_term_string}\"},\"query-input\":{\"@type\":\"PropertyValueSpecification\",\"valueRequired\":true,\"valueName\":\"search_term_string\"}}],\"inLanguage\":\"pt-PT\"},{\"@type\":\"Person\",\"@id\":\"https:\/\/portaltela.pt\/#\/schema\/person\/c4278d4a6028830caff9ee44b42d32ed\",\"name\":\"Telinha\",\"image\":{\"@type\":\"ImageObject\",\"inLanguage\":\"pt-PT\",\"@id\":\"https:\/\/portaltela.pt\/s.01k8rhncp4jt1\/2025\/11\/talking-bot-125x125.png\",\"url\":\"https:\/\/portaltela.pt\/s.01k8rhncp4jt1\/2025\/11\/talking-bot-125x125.png\",\"contentUrl\":\"https:\/\/portaltela.pt\/s.01k8rhncp4jt1\/2025\/11\/talking-bot-125x125.png\",\"caption\":\"Telinha\"},\"sameAs\":[\"https:\/\/portaltela.pt\/\"],\"url\":\"https:\/\/portaltela.pt\/por\/367410592786\/\"}]}<\/script>\n<!-- \/ Yoast SEO plugin. -->","yoast_head_json":{"title":"Palestiniana relata regresso a Gaza pela passagem de Rafah ap\u00f3s ter sido vendada - Portal Tela Portugal","robots":{"index":"index","follow":"follow","max-snippet":"max-snippet:-1","max-image-preview":"max-image-preview:large","max-video-preview":"max-video-preview:-1"},"og_locale":"pt_PT","og_type":"article","og_title":"Palestiniana relata regresso a Gaza pela passagem de Rafah ap\u00f3s ter sido vendada - Portal Tela Portugal","og_description":"Palestinianos que regressaram \u00e0 Faixa de Gaza, na madrugada de ter\u00e7a-feira, relataram ter sido vendados, algemados e interrogados pelas for\u00e7as israelitas durante a travessia pela passagem de Rafah. A passagem foi reaberta no contexto do cessar-fogo, permitindo o regresso de um n\u00famero limitado de civis. Os registos de entradas acontecem sob fortes restri\u00e7\u00f5es impostas pela gest\u00e3o da fronteira. O regresso de civis a Gaza continua sujeito a condi\u00e7\u00f5es e controles espec\u00edficos.","og_url":"https:\/\/portaltela.pt\/noticias\/2026\/02\/03\/palestiniana-relata-regresso-a-gaza-pela-passagem-de-rafah-apos-ter-sido-vendada\/","og_site_name":"Portal Tela Portugal","article_published_time":"2026-02-03T12:32:00+00:00","author":"Telinha","twitter_card":"summary_large_image","twitter_misc":{"Escrito por":"Telinha","Tempo estimado de leitura":"1 minuto"},"schema":{"@context":"https:\/\/schema.org","@graph":[{"@type":"Article","@id":"https:\/\/portaltela.pt\/noticias\/2026\/02\/03\/palestiniana-relata-regresso-a-gaza-pela-passagem-de-rafah-apos-ter-sido-vendada\/#article","isPartOf":{"@id":"https:\/\/portaltela.pt\/noticias\/2026\/02\/03\/palestiniana-relata-regresso-a-gaza-pela-passagem-de-rafah-apos-ter-sido-vendada\/"},"author":{"name":"Telinha","@id":"https:\/\/portaltela.pt\/#\/schema\/person\/c4278d4a6028830caff9ee44b42d32ed"},"headline":"Palestiniana relata regresso a Gaza pela passagem de Rafah ap\u00f3s ter sido vendada","datePublished":"2026-02-03T12:32:00+00:00","mainEntityOfPage":{"@id":"https:\/\/portaltela.pt\/noticias\/2026\/02\/03\/palestiniana-relata-regresso-a-gaza-pela-passagem-de-rafah-apos-ter-sido-vendada\/"},"wordCount":242,"image":{"@id":"https:\/\/portaltela.pt\/noticias\/2026\/02\/03\/palestiniana-relata-regresso-a-gaza-pela-passagem-de-rafah-apos-ter-sido-vendada\/#primaryimage"},"thumbnailUrl":"https:\/\/portaltela.pt\/s.01k8rhncp4jt1\/2026\/02\/img_1200x721uu2026-02-03-12-46-44-2419249.jpg","keywords":["conflito internacional","fronteiras internacionais","Palestina","passagens"],"articleSection":["Not\u00edcias"],"inLanguage":"pt-PT"},{"@type":"WebPage","@id":"https:\/\/portaltela.pt\/noticias\/2026\/02\/03\/palestiniana-relata-regresso-a-gaza-pela-passagem-de-rafah-apos-ter-sido-vendada\/","url":"https:\/\/portaltela.pt\/noticias\/2026\/02\/03\/palestiniana-relata-regresso-a-gaza-pela-passagem-de-rafah-apos-ter-sido-vendada\/","name":"Palestiniana relata regresso a Gaza pela passagem de Rafah ap\u00f3s ter sido vendada - Portal Tela Portugal","isPartOf":{"@id":"https:\/\/portaltela.pt\/#website"},"primaryImageOfPage":{"@id":"https:\/\/portaltela.pt\/noticias\/2026\/02\/03\/palestiniana-relata-regresso-a-gaza-pela-passagem-de-rafah-apos-ter-sido-vendada\/#primaryimage"},"image":{"@id":"https:\/\/portaltela.pt\/noticias\/2026\/02\/03\/palestiniana-relata-regresso-a-gaza-pela-passagem-de-rafah-apos-ter-sido-vendada\/#primaryimage"},"thumbnailUrl":"https:\/\/portaltela.pt\/s.01k8rhncp4jt1\/2026\/02\/img_1200x721uu2026-02-03-12-46-44-2419249.jpg","datePublished":"2026-02-03T12:32:00+00:00","author":{"@id":"https:\/\/portaltela.pt\/#\/schema\/person\/c4278d4a6028830caff9ee44b42d32ed"},"breadcrumb":{"@id":"https:\/\/portaltela.pt\/noticias\/2026\/02\/03\/palestiniana-relata-regresso-a-gaza-pela-passagem-de-rafah-apos-ter-sido-vendada\/#breadcrumb"},"inLanguage":"pt-PT","potentialAction":[{"@type":"ReadAction","target":["https:\/\/portaltela.pt\/noticias\/2026\/02\/03\/palestiniana-relata-regresso-a-gaza-pela-passagem-de-rafah-apos-ter-sido-vendada\/"]}]},{"@type":"ImageObject","inLanguage":"pt-PT","@id":"https:\/\/portaltela.pt\/noticias\/2026\/02\/03\/palestiniana-relata-regresso-a-gaza-pela-passagem-de-rafah-apos-ter-sido-vendada\/#primaryimage","url":"https:\/\/portaltela.pt\/s.01k8rhncp4jt1\/2026\/02\/img_1200x721uu2026-02-03-12-46-44-2419249.jpg","contentUrl":"https:\/\/portaltela.pt\/s.01k8rhncp4jt1\/2026\/02\/img_1200x721uu2026-02-03-12-46-44-2419249.jpg","width":796,"height":448,"caption":"\u00abVendaram-nos, amarraram-nos e interrogaram-nos\u00bb: palestiniana relata regresso a Gaza atrav\u00e9s da passagem de Rafah"},{"@type":"BreadcrumbList","@id":"https:\/\/portaltela.pt\/noticias\/2026\/02\/03\/palestiniana-relata-regresso-a-gaza-pela-passagem-de-rafah-apos-ter-sido-vendada\/#breadcrumb","itemListElement":[{"@type":"ListItem","position":1,"name":"In\u00edcio","item":"https:\/\/portaltela.pt\/"},{"@type":"ListItem","position":2,"name":"Palestiniana relata regresso a Gaza pela passagem de Rafah ap\u00f3s ter sido vendada"}]},{"@type":"WebSite","@id":"https:\/\/portaltela.pt\/#website","url":"https:\/\/portaltela.pt\/","name":"Portal Tela Portugal","description":"","potentialAction":[{"@type":"SearchAction","target":{"@type":"EntryPoint","urlTemplate":"https:\/\/portaltela.pt\/?s={search_term_string}"},"query-input":{"@type":"PropertyValueSpecification","valueRequired":true,"valueName":"search_term_string"}}],"inLanguage":"pt-PT"},{"@type":"Person","@id":"https:\/\/portaltela.pt\/#\/schema\/person\/c4278d4a6028830caff9ee44b42d32ed","name":"Telinha","image":{"@type":"ImageObject","inLanguage":"pt-PT","@id":"https:\/\/portaltela.pt\/s.01k8rhncp4jt1\/2025\/11\/talking-bot-125x125.png","url":"https:\/\/portaltela.pt\/s.01k8rhncp4jt1\/2025\/11\/talking-bot-125x125.png","contentUrl":"https:\/\/portaltela.pt\/s.01k8rhncp4jt1\/2025\/11\/talking-bot-125x125.png","caption":"Telinha"},"sameAs":["https:\/\/portaltela.pt\/"],"url":"https:\/\/portaltela.pt\/por\/367410592786\/"}]}},"_links":{"self":[{"href":"https:\/\/portaltela.pt\/api\/wp\/v2\/posts\/193686","targetHints":{"allow":["GET"]}}],"collection":[{"href":"https:\/\/portaltela.pt\/api\/wp\/v2\/posts"}],"about":[{"href":"https:\/\/portaltela.pt\/api\/wp\/v2\/types\/post"}],"author":[{"embeddable":true,"href":"https:\/\/portaltela.pt\/api\/wp\/v2\/users\/2"}],"replies":[{"embeddable":true,"href":"https:\/\/portaltela.pt\/api\/wp\/v2\/comments?post=193686"}],"version-history":[{"count":0,"href":"https:\/\/portaltela.pt\/api\/wp\/v2\/posts\/193686\/revisions"}],"wp:featuredmedia":[{"embeddable":true,"href":"https:\/\/portaltela.pt\/api\/wp\/v2\/media\/193692"}],"wp:attachment":[{"href":"https:\/\/portaltela.pt\/api\/wp\/v2\/media?parent=193686"}],"wp:term":[{"taxonomy":"category","embeddable":true,"href":"https:\/\/portaltela.pt\/api\/wp\/v2\/categories?post=193686"},{"taxonomy":"post_tag","embeddable":true,"href":"https:\/\/portaltela.pt\/api\/wp\/v2\/tags?post=193686"}],"curies":[{"name":"wp","href":"https:\/\/api.w.org\/{rel}","templated":true}]}}