{"id":193674,"date":"2026-02-03T09:50:49","date_gmt":"2026-02-03T12:50:49","guid":{"rendered":"https:\/\/portaltela.pt\/noticias\/2026\/02\/03\/pinhel-recebe-a-31a-feira-das-tradicoes\/"},"modified":"2026-02-03T09:50:49","modified_gmt":"2026-02-03T12:50:49","slug":"pinhel-recebe-a-31a-feira-das-tradicoes","status":"publish","type":"post","link":"https:\/\/portaltela.pt\/noticias\/2026\/02\/03\/pinhel-recebe-a-31a-feira-das-tradicoes\/","title":{"rendered":"Pinhel recebe a 31\u00aa Feira das Tradi\u00e7\u00f5es"},"content":{"rendered":"<p>A 31\u00aa Feira das Tradi\u00e7\u00f5es e Atividades Econ\u00f3micas de Pinhel foi apresentada \u00e0 comunica\u00e7\u00e3o social na aldeia de Pala, conhecida pela forte emigra\u00e7\u00e3o. O certame decorre de 13 a 15 de fevereiro e tem este ano o tema Caminhos da Saudade: a Emigra\u00e7\u00e3o Pinhelense pelo Mundo. A apresenta\u00e7\u00e3o incluiu um v\u00eddeo com testemunhos de emigrantes naturais de Pala.<\/p>\n<p>A sess\u00e3o contou com a presen\u00e7a de Daniela Capelo, presidente da C\u00e2mara Municipal de Pinhel, e de outras figuras locais, como \u00c2ngela Guerra (presidente da Assembleia Municipal), Marco Santos (presidente da Junta de Pala) e Rui Santos (diretor da Feira). O objetivo \u00e9 promover o territ\u00f3rio e refor\u00e7ar a identidade local.<\/p>\n<p>Num concelho com desafios demogr\u00e1ficos, estes eventos dinamizam a economia local, atraem visitas e beneficiam com\u00e9rcio, restaura\u00e7\u00e3o e turismo. A iniciativa tamb\u00e9m facilita o reencontro de emigrantes com a mem\u00f3ria e as ra\u00edzes, fortalecendo a coes\u00e3o entre freguesias.<\/p>\n<h3>Cartaz e programa\u00e7\u00e3o<\/h3>\n<p>O cartaz da Feira apresenta um leque diversificado para todas as idades, com foco na tradi\u00e7\u00e3o e na cultura. Al\u00e9m de demonstra\u00e7\u00f5es e exposi\u00e7\u00f5es, destacam-se atividades que articulam passado e futuro do munic\u00edpio.<\/p>\n<p>No cartaz musical destacam-se Plut\u00f3nio, Mizzy Miles, Danni Gato, GNR, Vizinhos e um encontro entre \u00c1TOA, Lu\u00eds Trigacheiro e Buba Espinho. Inclui tributos a Tina Turner e Marco Paulo, al\u00e9m de atua\u00e7\u00f5es dos Sons do Minho e das coletividades locais.<\/p>\n<p>Para animar as noites, est\u00e3o previstas atua\u00e7\u00f5es de DJ Dadda, Kura, Twobrother\u2019s e Cromos da Noite. O programa prev\u00ea ainda concertos e atividades que conectam a tradi\u00e7\u00e3o \u00e0s tend\u00eancias atuais.<\/p>\n<h3>Envolvimento comunit\u00e1rio e perspetivas<\/h3>\n<p>A Feira \u00e9 apresentada como instrumento de valoriza\u00e7\u00e3o do territ\u00f3rio, capaz de projetar Pinhel para fora sem perder a autenticidade. O evento visa reduzir o isolamento, promover a coes\u00e3o social e aproximar jovens das ra\u00edzes locais.<\/p>\n<p>A iniciativa refor\u00e7a o papel estrat\u00e9gico da cultura na promo\u00e7\u00e3o do interior, contribuindo para a sustentabilidade econ\u00f3mica do concelho. A organiza\u00e7\u00e3o espera atrair visitantes nacionais e contribuir para o desenvolvimento tur\u00edstico.<\/p>\n<p>Fotos: Munic\u00edpio de Pinhel. A organiza\u00e7\u00e3o recomenda acompanhar o avan\u00e7o do programa e as atualiza\u00e7\u00f5es oficiais.<\/p>\n","protected":false},"excerpt":{"rendered":"<ul>\n<li>A 31\u00aa Feira das Tradi\u00e7\u00f5es e Atividades Econ\u00f3micas de Pinhel realiza-se de 13 a 15 de fevereiro, em Pinhel, com o tema \u201cCaminhos da Saudade: a Emigra\u00e7\u00e3o Pinhelense pelo Mundo\u201d.<\/li>\n<li>A apresenta\u00e7\u00e3o ocorreu em Pala, aldeia fortemente marcada pela emigra\u00e7\u00e3o, e contou com um v\u00eddeo com testemunhos de emigrantes naturais de Pala.<\/li>\n<li>A presidente da C\u00e2mara Municipal, Daniela Capelo, real\u00e7a a feira como instrumento de promo\u00e7\u00e3o do territ\u00f3rio e afirma\u00e7\u00e3o da identidade local, valorizando o tema da emigra\u00e7\u00e3o.<\/li>\n<li>O evento pretende dinamizar a economia local, atrair visitantes e beneficiar o com\u00e9rcio, a restaura\u00e7\u00e3o e o turismo, fortalecendo a coes\u00e3o entre freguesias.<\/li>\n<li>O cartaz musical inclui Plut\u00f3nio, Mizzy Miles, GNR, Vizinhos, \u00c1TOA com Lu\u00eds Trigacheiro e Buba Espinho, tributos a Tina Turner e Marco Paulo, Sons do Minho e DJs para animar as noites.<\/li>\n<\/ul>\n","protected":false},"author":2,"featured_media":193679,"comment_status":"closed","ping_status":"closed","sticky":false,"template":"","format":"standard","meta":{"footnotes":""},"categories":[1],"tags":[1972,145,28,902,1113,169],"class_list":["post-193674","post","type-post","status-publish","format-standard","has-post-thumbnail","hentry","category-noticias","tag-beira-alta","tag-cultura","tag-economia","tag-emigracao","tag-guarda","tag-turismo"],"yoast_head":"<!-- This site is optimized with the Yoast SEO plugin v27.2 - https:\/\/yoast.com\/product\/yoast-seo-wordpress\/ -->\n<title>Pinhel recebe a 31\u00aa Feira das Tradi\u00e7\u00f5es - Portal Tela Portugal<\/title>\n<meta name=\"robots\" content=\"index, follow, max-snippet:-1, max-image-preview:large, max-video-preview:-1\" \/>\n<meta property=\"og:locale\" content=\"pt_PT\" \/>\n<meta property=\"og:type\" content=\"article\" \/>\n<meta property=\"og:title\" content=\"Pinhel recebe a 31\u00aa Feira das Tradi\u00e7\u00f5es - Portal Tela Portugal\" \/>\n<meta property=\"og:description\" content=\"A 31\u00aa Feira das Tradi\u00e7\u00f5es e Atividades Econ\u00f3micas de Pinhel realiza-se de 13 a 15 de fevereiro, em Pinhel, com o tema \u201cCaminhos da Saudade: a Emigra\u00e7\u00e3o Pinhelense pelo Mundo\u201d. A apresenta\u00e7\u00e3o ocorreu em Pala, aldeia fortemente marcada pela emigra\u00e7\u00e3o, e contou com um v\u00eddeo com testemunhos de emigrantes naturais de Pala. A presidente da C\u00e2mara Municipal, Daniela Capelo, real\u00e7a a feira como instrumento de promo\u00e7\u00e3o do territ\u00f3rio e afirma\u00e7\u00e3o da identidade local, valorizando o tema da emigra\u00e7\u00e3o. O evento pretende dinamizar a economia local, atrair visitantes e beneficiar o com\u00e9rcio, a restaura\u00e7\u00e3o e o turismo, fortalecendo a coes\u00e3o entre freguesias. O cartaz musical inclui Plut\u00f3nio, Mizzy Miles, GNR, Vizinhos, \u00c1TOA com Lu\u00eds Trigacheiro e Buba Espinho, tributos a Tina Turner e Marco Paulo, Sons do Minho e DJs para animar as noites.\" \/>\n<meta property=\"og:url\" content=\"https:\/\/portaltela.pt\/noticias\/2026\/02\/03\/pinhel-recebe-a-31a-feira-das-tradicoes\/\" \/>\n<meta property=\"og:site_name\" content=\"Portal Tela Portugal\" \/>\n<meta property=\"article:published_time\" content=\"2026-02-03T12:50:49+00:00\" \/>\n<meta name=\"author\" content=\"Telinha\" \/>\n<meta name=\"twitter:card\" content=\"summary_large_image\" \/>\n<meta name=\"twitter:label1\" content=\"Escrito por\" \/>\n\t<meta name=\"twitter:data1\" content=\"Telinha\" \/>\n\t<meta name=\"twitter:label2\" content=\"Tempo estimado de leitura\" \/>\n\t<meta name=\"twitter:data2\" content=\"2 minutos\" \/>\n<script type=\"application\/ld+json\" class=\"yoast-schema-graph\">{\"@context\":\"https:\/\/schema.org\",\"@graph\":[{\"@type\":\"Article\",\"@id\":\"https:\/\/portaltela.pt\/noticias\/2026\/02\/03\/pinhel-recebe-a-31a-feira-das-tradicoes\/#article\",\"isPartOf\":{\"@id\":\"https:\/\/portaltela.pt\/noticias\/2026\/02\/03\/pinhel-recebe-a-31a-feira-das-tradicoes\/\"},\"author\":{\"name\":\"Telinha\",\"@id\":\"https:\/\/portaltela.pt\/#\/schema\/person\/c4278d4a6028830caff9ee44b42d32ed\"},\"headline\":\"Pinhel recebe a 31\u00aa Feira das Tradi\u00e7\u00f5es\",\"datePublished\":\"2026-02-03T12:50:49+00:00\",\"mainEntityOfPage\":{\"@id\":\"https:\/\/portaltela.pt\/noticias\/2026\/02\/03\/pinhel-recebe-a-31a-feira-das-tradicoes\/\"},\"wordCount\":390,\"image\":{\"@id\":\"https:\/\/portaltela.pt\/noticias\/2026\/02\/03\/pinhel-recebe-a-31a-feira-das-tradicoes\/#primaryimage\"},\"thumbnailUrl\":\"https:\/\/portaltela.pt\/s.01k8rhncp4jt1\/2026\/02\/unnamed-file-806.jpg\",\"keywords\":[\"Beira Alta\",\"cultura\",\"economia\",\"emigra\u00e7\u00e3o\",\"Guarda\",\"turismo\"],\"articleSection\":[\"Not\u00edcias\"],\"inLanguage\":\"pt-PT\"},{\"@type\":\"WebPage\",\"@id\":\"https:\/\/portaltela.pt\/noticias\/2026\/02\/03\/pinhel-recebe-a-31a-feira-das-tradicoes\/\",\"url\":\"https:\/\/portaltela.pt\/noticias\/2026\/02\/03\/pinhel-recebe-a-31a-feira-das-tradicoes\/\",\"name\":\"Pinhel recebe a 31\u00aa Feira das Tradi\u00e7\u00f5es - Portal Tela Portugal\",\"isPartOf\":{\"@id\":\"https:\/\/portaltela.pt\/#website\"},\"primaryImageOfPage\":{\"@id\":\"https:\/\/portaltela.pt\/noticias\/2026\/02\/03\/pinhel-recebe-a-31a-feira-das-tradicoes\/#primaryimage\"},\"image\":{\"@id\":\"https:\/\/portaltela.pt\/noticias\/2026\/02\/03\/pinhel-recebe-a-31a-feira-das-tradicoes\/#primaryimage\"},\"thumbnailUrl\":\"https:\/\/portaltela.pt\/s.01k8rhncp4jt1\/2026\/02\/unnamed-file-806.jpg\",\"datePublished\":\"2026-02-03T12:50:49+00:00\",\"author\":{\"@id\":\"https:\/\/portaltela.pt\/#\/schema\/person\/c4278d4a6028830caff9ee44b42d32ed\"},\"breadcrumb\":{\"@id\":\"https:\/\/portaltela.pt\/noticias\/2026\/02\/03\/pinhel-recebe-a-31a-feira-das-tradicoes\/#breadcrumb\"},\"inLanguage\":\"pt-PT\",\"potentialAction\":[{\"@type\":\"ReadAction\",\"target\":[\"https:\/\/portaltela.pt\/noticias\/2026\/02\/03\/pinhel-recebe-a-31a-feira-das-tradicoes\/\"]}]},{\"@type\":\"ImageObject\",\"inLanguage\":\"pt-PT\",\"@id\":\"https:\/\/portaltela.pt\/noticias\/2026\/02\/03\/pinhel-recebe-a-31a-feira-das-tradicoes\/#primaryimage\",\"url\":\"https:\/\/portaltela.pt\/s.01k8rhncp4jt1\/2026\/02\/unnamed-file-806.jpg\",\"contentUrl\":\"https:\/\/portaltela.pt\/s.01k8rhncp4jt1\/2026\/02\/unnamed-file-806.jpg\",\"width\":796,\"height\":448,\"caption\":\"PINHEL: 31\u00aa Feira das Tradi\u00e7\u00f5es\"},{\"@type\":\"BreadcrumbList\",\"@id\":\"https:\/\/portaltela.pt\/noticias\/2026\/02\/03\/pinhel-recebe-a-31a-feira-das-tradicoes\/#breadcrumb\",\"itemListElement\":[{\"@type\":\"ListItem\",\"position\":1,\"name\":\"In\u00edcio\",\"item\":\"https:\/\/portaltela.pt\/\"},{\"@type\":\"ListItem\",\"position\":2,\"name\":\"Pinhel recebe a 31\u00aa Feira das Tradi\u00e7\u00f5es\"}]},{\"@type\":\"WebSite\",\"@id\":\"https:\/\/portaltela.pt\/#website\",\"url\":\"https:\/\/portaltela.pt\/\",\"name\":\"Portal Tela Portugal\",\"description\":\"\",\"potentialAction\":[{\"@type\":\"SearchAction\",\"target\":{\"@type\":\"EntryPoint\",\"urlTemplate\":\"https:\/\/portaltela.pt\/?s={search_term_string}\"},\"query-input\":{\"@type\":\"PropertyValueSpecification\",\"valueRequired\":true,\"valueName\":\"search_term_string\"}}],\"inLanguage\":\"pt-PT\"},{\"@type\":\"Person\",\"@id\":\"https:\/\/portaltela.pt\/#\/schema\/person\/c4278d4a6028830caff9ee44b42d32ed\",\"name\":\"Telinha\",\"image\":{\"@type\":\"ImageObject\",\"inLanguage\":\"pt-PT\",\"@id\":\"https:\/\/portaltela.pt\/s.01k8rhncp4jt1\/2025\/11\/talking-bot-125x125.png\",\"url\":\"https:\/\/portaltela.pt\/s.01k8rhncp4jt1\/2025\/11\/talking-bot-125x125.png\",\"contentUrl\":\"https:\/\/portaltela.pt\/s.01k8rhncp4jt1\/2025\/11\/talking-bot-125x125.png\",\"caption\":\"Telinha\"},\"sameAs\":[\"https:\/\/portaltela.pt\/\"],\"url\":\"https:\/\/portaltela.pt\/por\/367410592786\/\"}]}<\/script>\n<!-- \/ Yoast SEO plugin. -->","yoast_head_json":{"title":"Pinhel recebe a 31\u00aa Feira das Tradi\u00e7\u00f5es - Portal Tela Portugal","robots":{"index":"index","follow":"follow","max-snippet":"max-snippet:-1","max-image-preview":"max-image-preview:large","max-video-preview":"max-video-preview:-1"},"og_locale":"pt_PT","og_type":"article","og_title":"Pinhel recebe a 31\u00aa Feira das Tradi\u00e7\u00f5es - Portal Tela Portugal","og_description":"A 31\u00aa Feira das Tradi\u00e7\u00f5es e Atividades Econ\u00f3micas de Pinhel realiza-se de 13 a 15 de fevereiro, em Pinhel, com o tema \u201cCaminhos da Saudade: a Emigra\u00e7\u00e3o Pinhelense pelo Mundo\u201d. A apresenta\u00e7\u00e3o ocorreu em Pala, aldeia fortemente marcada pela emigra\u00e7\u00e3o, e contou com um v\u00eddeo com testemunhos de emigrantes naturais de Pala. A presidente da C\u00e2mara Municipal, Daniela Capelo, real\u00e7a a feira como instrumento de promo\u00e7\u00e3o do territ\u00f3rio e afirma\u00e7\u00e3o da identidade local, valorizando o tema da emigra\u00e7\u00e3o. O evento pretende dinamizar a economia local, atrair visitantes e beneficiar o com\u00e9rcio, a restaura\u00e7\u00e3o e o turismo, fortalecendo a coes\u00e3o entre freguesias. O cartaz musical inclui Plut\u00f3nio, Mizzy Miles, GNR, Vizinhos, \u00c1TOA com Lu\u00eds Trigacheiro e Buba Espinho, tributos a Tina Turner e Marco Paulo, Sons do Minho e DJs para animar as noites.","og_url":"https:\/\/portaltela.pt\/noticias\/2026\/02\/03\/pinhel-recebe-a-31a-feira-das-tradicoes\/","og_site_name":"Portal Tela Portugal","article_published_time":"2026-02-03T12:50:49+00:00","author":"Telinha","twitter_card":"summary_large_image","twitter_misc":{"Escrito por":"Telinha","Tempo estimado de leitura":"2 minutos"},"schema":{"@context":"https:\/\/schema.org","@graph":[{"@type":"Article","@id":"https:\/\/portaltela.pt\/noticias\/2026\/02\/03\/pinhel-recebe-a-31a-feira-das-tradicoes\/#article","isPartOf":{"@id":"https:\/\/portaltela.pt\/noticias\/2026\/02\/03\/pinhel-recebe-a-31a-feira-das-tradicoes\/"},"author":{"name":"Telinha","@id":"https:\/\/portaltela.pt\/#\/schema\/person\/c4278d4a6028830caff9ee44b42d32ed"},"headline":"Pinhel recebe a 31\u00aa Feira das Tradi\u00e7\u00f5es","datePublished":"2026-02-03T12:50:49+00:00","mainEntityOfPage":{"@id":"https:\/\/portaltela.pt\/noticias\/2026\/02\/03\/pinhel-recebe-a-31a-feira-das-tradicoes\/"},"wordCount":390,"image":{"@id":"https:\/\/portaltela.pt\/noticias\/2026\/02\/03\/pinhel-recebe-a-31a-feira-das-tradicoes\/#primaryimage"},"thumbnailUrl":"https:\/\/portaltela.pt\/s.01k8rhncp4jt1\/2026\/02\/unnamed-file-806.jpg","keywords":["Beira Alta","cultura","economia","emigra\u00e7\u00e3o","Guarda","turismo"],"articleSection":["Not\u00edcias"],"inLanguage":"pt-PT"},{"@type":"WebPage","@id":"https:\/\/portaltela.pt\/noticias\/2026\/02\/03\/pinhel-recebe-a-31a-feira-das-tradicoes\/","url":"https:\/\/portaltela.pt\/noticias\/2026\/02\/03\/pinhel-recebe-a-31a-feira-das-tradicoes\/","name":"Pinhel recebe a 31\u00aa Feira das Tradi\u00e7\u00f5es - Portal Tela Portugal","isPartOf":{"@id":"https:\/\/portaltela.pt\/#website"},"primaryImageOfPage":{"@id":"https:\/\/portaltela.pt\/noticias\/2026\/02\/03\/pinhel-recebe-a-31a-feira-das-tradicoes\/#primaryimage"},"image":{"@id":"https:\/\/portaltela.pt\/noticias\/2026\/02\/03\/pinhel-recebe-a-31a-feira-das-tradicoes\/#primaryimage"},"thumbnailUrl":"https:\/\/portaltela.pt\/s.01k8rhncp4jt1\/2026\/02\/unnamed-file-806.jpg","datePublished":"2026-02-03T12:50:49+00:00","author":{"@id":"https:\/\/portaltela.pt\/#\/schema\/person\/c4278d4a6028830caff9ee44b42d32ed"},"breadcrumb":{"@id":"https:\/\/portaltela.pt\/noticias\/2026\/02\/03\/pinhel-recebe-a-31a-feira-das-tradicoes\/#breadcrumb"},"inLanguage":"pt-PT","potentialAction":[{"@type":"ReadAction","target":["https:\/\/portaltela.pt\/noticias\/2026\/02\/03\/pinhel-recebe-a-31a-feira-das-tradicoes\/"]}]},{"@type":"ImageObject","inLanguage":"pt-PT","@id":"https:\/\/portaltela.pt\/noticias\/2026\/02\/03\/pinhel-recebe-a-31a-feira-das-tradicoes\/#primaryimage","url":"https:\/\/portaltela.pt\/s.01k8rhncp4jt1\/2026\/02\/unnamed-file-806.jpg","contentUrl":"https:\/\/portaltela.pt\/s.01k8rhncp4jt1\/2026\/02\/unnamed-file-806.jpg","width":796,"height":448,"caption":"PINHEL: 31\u00aa Feira das Tradi\u00e7\u00f5es"},{"@type":"BreadcrumbList","@id":"https:\/\/portaltela.pt\/noticias\/2026\/02\/03\/pinhel-recebe-a-31a-feira-das-tradicoes\/#breadcrumb","itemListElement":[{"@type":"ListItem","position":1,"name":"In\u00edcio","item":"https:\/\/portaltela.pt\/"},{"@type":"ListItem","position":2,"name":"Pinhel recebe a 31\u00aa Feira das Tradi\u00e7\u00f5es"}]},{"@type":"WebSite","@id":"https:\/\/portaltela.pt\/#website","url":"https:\/\/portaltela.pt\/","name":"Portal Tela Portugal","description":"","potentialAction":[{"@type":"SearchAction","target":{"@type":"EntryPoint","urlTemplate":"https:\/\/portaltela.pt\/?s={search_term_string}"},"query-input":{"@type":"PropertyValueSpecification","valueRequired":true,"valueName":"search_term_string"}}],"inLanguage":"pt-PT"},{"@type":"Person","@id":"https:\/\/portaltela.pt\/#\/schema\/person\/c4278d4a6028830caff9ee44b42d32ed","name":"Telinha","image":{"@type":"ImageObject","inLanguage":"pt-PT","@id":"https:\/\/portaltela.pt\/s.01k8rhncp4jt1\/2025\/11\/talking-bot-125x125.png","url":"https:\/\/portaltela.pt\/s.01k8rhncp4jt1\/2025\/11\/talking-bot-125x125.png","contentUrl":"https:\/\/portaltela.pt\/s.01k8rhncp4jt1\/2025\/11\/talking-bot-125x125.png","caption":"Telinha"},"sameAs":["https:\/\/portaltela.pt\/"],"url":"https:\/\/portaltela.pt\/por\/367410592786\/"}]}},"_links":{"self":[{"href":"https:\/\/portaltela.pt\/api\/wp\/v2\/posts\/193674","targetHints":{"allow":["GET"]}}],"collection":[{"href":"https:\/\/portaltela.pt\/api\/wp\/v2\/posts"}],"about":[{"href":"https:\/\/portaltela.pt\/api\/wp\/v2\/types\/post"}],"author":[{"embeddable":true,"href":"https:\/\/portaltela.pt\/api\/wp\/v2\/users\/2"}],"replies":[{"embeddable":true,"href":"https:\/\/portaltela.pt\/api\/wp\/v2\/comments?post=193674"}],"version-history":[{"count":0,"href":"https:\/\/portaltela.pt\/api\/wp\/v2\/posts\/193674\/revisions"}],"wp:featuredmedia":[{"embeddable":true,"href":"https:\/\/portaltela.pt\/api\/wp\/v2\/media\/193679"}],"wp:attachment":[{"href":"https:\/\/portaltela.pt\/api\/wp\/v2\/media?parent=193674"}],"wp:term":[{"taxonomy":"category","embeddable":true,"href":"https:\/\/portaltela.pt\/api\/wp\/v2\/categories?post=193674"},{"taxonomy":"post_tag","embeddable":true,"href":"https:\/\/portaltela.pt\/api\/wp\/v2\/tags?post=193674"}],"curies":[{"name":"wp","href":"https:\/\/api.w.org\/{rel}","templated":true}]}}