{"id":193663,"date":"2026-02-03T09:15:24","date_gmt":"2026-02-03T12:15:24","guid":{"rendered":"https:\/\/portaltela.pt\/noticias\/2026\/02\/03\/jpp-deseja-normalidade-na-venezuela-e-sauda-libertacao-de-luso-descendentes\/"},"modified":"2026-02-03T09:15:24","modified_gmt":"2026-02-03T12:15:24","slug":"jpp-deseja-normalidade-na-venezuela-e-sauda-libertacao-de-luso-descendentes","status":"publish","type":"post","link":"https:\/\/portaltela.pt\/noticias\/politica\/2026\/02\/03\/jpp-deseja-normalidade-na-venezuela-e-sauda-libertacao-de-luso-descendentes\/","title":{"rendered":"JPP deseja normalidade na Venezuela e sa\u00fada liberta\u00e7\u00e3o de luso-descendentes"},"content":{"rendered":"<p>O N\u00facleo das Comunidades Estrangeiras do Juntos Pelo Povo (JPP) recebeu com imensa satisfa\u00e7\u00e3o a not\u00edcia da liberta\u00e7\u00e3o de Pedro Fernandez, m\u00e9dico luso-descendente, filho de pai madeirense. O grupo afirma ter acompanhado de perto a situa\u00e7\u00e3o pol\u00edtica, administrativa e humanit\u00e1ria da Venezuela e destaca que, face \u00e0 circula\u00e7\u00e3o de informa\u00e7\u00f5es duvidosas, procede \u00e0 verifica\u00e7\u00e3o antes de partilhar qualquer not\u00edcia.<\/p>\n<p>A organiza\u00e7\u00e3o sublinha o compromisso com a informa\u00e7\u00e3o rigorosa e com a transpar\u00eancia na comunica\u00e7\u00e3o sobre a crise venezuelana. Reputa que a liberta\u00e7\u00e3o recente se insere num contexto de tens\u00f5es pol\u00edticas e de debates sobre direitos humanos no pa\u00eds.<\/p>\n<p>A expectativa do JPP, um m\u00eas ap\u00f3s a captura de Nicol\u00e1s Maduro, \u00e9 que, antes da vota\u00e7\u00e3o da Lei de Amnistia na Assembleia Nacional dirigida aos presos pol\u00edticos detidos durante o per\u00edodo chavista, haja liberta\u00e7\u00f5es adicionais de pessoas detidas injustamente. O objetivo \u00e9 libertar n\u00e3o apenas luso-descendentes, mas quaisquer presos por pensar diferente ou exigir mudan\u00e7as democr\u00e1ticas.<\/p>\n<p>Mariusky Sp\u00ednola, coordenadora do N\u00facleo das Comunidades, e Marcos Da Silva, coordenador do N\u00facleo Venezuelano, destacam tamb\u00e9m a retoma de voos da TAP para a Venezuela a partir de mar\u00e7o, ap\u00f3s meses de suspens\u00e3o. Consideram que a medida \u00e9 um sinal de retorno \u00e0 normalidade, embora reconhe\u00e7am que a crise humanit\u00e1ria persiste e que n\u00e3o existem solu\u00e7\u00f5es r\u00e1pidas para melhorias significativas na vida da popula\u00e7\u00e3o.<\/p>\n<p>\u00c9 aguardada a estabiliza\u00e7\u00e3o, recupera\u00e7\u00e3o e transi\u00e7\u00e3o do pa\u00eds, com o JPP a acompanhar a situa\u00e7\u00e3o da Venezuela, dos venezuelanos e dos luso-descendentes na di\u00e1spora. A organiza\u00e7\u00e3o refor\u00e7a a disponibilidade de apoio e solidariedade, sempre com base em informa\u00e7\u00e3o verificada.<\/p>\n","protected":false},"excerpt":{"rendered":"<ul>\n<li>O N\u00facleo das Comunidades Estrangeiras do Juntos Pelo Povo informou ter recebido com imensa satisfa\u00e7\u00e3o a liberta\u00e7\u00e3o de Pedro Fernandez, m\u00e9dico luso-descendente, filho de pai madeirense, e afirmou verificar rigorosamente as informa\u00e7\u00f5es antes de partilh\u00e1-las.<\/li>\n<li>O JPP afirma acompanhar a situa\u00e7\u00e3o pol\u00edtica, administrativa e humanit\u00e1ria da Venezuela e destaca a necessidade de evitar not\u00edcias falaciosas, pautando-se pela verifica\u00e7\u00e3o.<\/li>\n<li>A entidade espera, um m\u00eas depois da captura de Nicol\u00e1s Maduro, que antes da vota\u00e7\u00e3o da Lei de Amnistia na Assembleia Nacional haja liberta\u00e7\u00e3o de mais presos pol\u00edticos, n\u00e3o apenas luso-descendentes.<\/li>\n<li>Mariusky Sp\u00ednola e Marcos Da Silva destacaram a retoma dos voos da TAP para a Venezuela a partir de mar\u00e7o, visto como sinal de recupera\u00e7\u00e3o gradual da normalidade.<\/li>\n<li>O n\u00facleo mant\u00e9m a expectativa de estabiliza\u00e7\u00e3o, recupera\u00e7\u00e3o e transi\u00e7\u00e3o do pa\u00eds, reiterando solidariedade com venezuelanos e luso-descendentes tanto na Venezuela como na di\u00e1spora.<\/li>\n<\/ul>\n","protected":false},"author":2,"featured_media":193664,"comment_status":"closed","ping_status":"closed","sticky":false,"template":"","format":"standard","meta":{"footnotes":""},"categories":[1,5],"tags":[3554,2633,195,4669,2832,2758],"class_list":["post-193663","post","type-post","status-publish","format-standard","has-post-thumbnail","hentry","category-noticias","category-politica","tag-diaspora-portuguesa","tag-direitos-humanos","tag-informacao","tag-jpp","tag-politica","tag-venezuela"],"yoast_head":"<!-- This site is optimized with the Yoast SEO plugin v27.2 - https:\/\/yoast.com\/product\/yoast-seo-wordpress\/ -->\n<title>JPP deseja normalidade na Venezuela e sa\u00fada liberta\u00e7\u00e3o de luso-descendentes - Portal Tela Portugal<\/title>\n<meta name=\"robots\" content=\"index, follow, max-snippet:-1, max-image-preview:large, max-video-preview:-1\" \/>\n<meta property=\"og:locale\" content=\"pt_PT\" \/>\n<meta property=\"og:type\" content=\"article\" \/>\n<meta property=\"og:title\" content=\"JPP deseja normalidade na Venezuela e sa\u00fada liberta\u00e7\u00e3o de luso-descendentes - Portal Tela Portugal\" \/>\n<meta property=\"og:description\" content=\"O N\u00facleo das Comunidades Estrangeiras do Juntos Pelo Povo informou ter recebido com imensa satisfa\u00e7\u00e3o a liberta\u00e7\u00e3o de Pedro Fernandez, m\u00e9dico luso-descendente, filho de pai madeirense, e afirmou verificar rigorosamente as informa\u00e7\u00f5es antes de partilh\u00e1-las. O JPP afirma acompanhar a situa\u00e7\u00e3o pol\u00edtica, administrativa e humanit\u00e1ria da Venezuela e destaca a necessidade de evitar not\u00edcias falaciosas, pautando-se pela verifica\u00e7\u00e3o. A entidade espera, um m\u00eas depois da captura de Nicol\u00e1s Maduro, que antes da vota\u00e7\u00e3o da Lei de Amnistia na Assembleia Nacional haja liberta\u00e7\u00e3o de mais presos pol\u00edticos, n\u00e3o apenas luso-descendentes. Mariusky Sp\u00ednola e Marcos Da Silva destacaram a retoma dos voos da TAP para a Venezuela a partir de mar\u00e7o, visto como sinal de recupera\u00e7\u00e3o gradual da normalidade. O n\u00facleo mant\u00e9m a expectativa de estabiliza\u00e7\u00e3o, recupera\u00e7\u00e3o e transi\u00e7\u00e3o do pa\u00eds, reiterando solidariedade com venezuelanos e luso-descendentes tanto na Venezuela como na di\u00e1spora.\" \/>\n<meta property=\"og:url\" content=\"https:\/\/portaltela.pt\/noticias\/2026\/02\/03\/jpp-deseja-normalidade-na-venezuela-e-sauda-libertacao-de-luso-descendentes\/\" \/>\n<meta property=\"og:site_name\" content=\"Portal Tela Portugal\" \/>\n<meta property=\"article:published_time\" content=\"2026-02-03T12:15:24+00:00\" \/>\n<meta name=\"author\" content=\"Telinha\" \/>\n<meta name=\"twitter:card\" content=\"summary_large_image\" \/>\n<meta name=\"twitter:label1\" content=\"Escrito por\" \/>\n\t<meta name=\"twitter:data1\" content=\"Telinha\" \/>\n\t<meta name=\"twitter:label2\" content=\"Tempo estimado de leitura\" \/>\n\t<meta name=\"twitter:data2\" content=\"2 minutos\" \/>\n<script type=\"application\/ld+json\" class=\"yoast-schema-graph\">{\"@context\":\"https:\/\/schema.org\",\"@graph\":[{\"@type\":\"Article\",\"@id\":\"https:\/\/portaltela.pt\/noticias\/2026\/02\/03\/jpp-deseja-normalidade-na-venezuela-e-sauda-libertacao-de-luso-descendentes\/#article\",\"isPartOf\":{\"@id\":\"https:\/\/portaltela.pt\/noticias\/2026\/02\/03\/jpp-deseja-normalidade-na-venezuela-e-sauda-libertacao-de-luso-descendentes\/\"},\"author\":{\"name\":\"Telinha\",\"@id\":\"https:\/\/portaltela.pt\/#\/schema\/person\/c4278d4a6028830caff9ee44b42d32ed\"},\"headline\":\"JPP deseja normalidade na Venezuela e sa\u00fada liberta\u00e7\u00e3o de luso-descendentes\",\"datePublished\":\"2026-02-03T12:15:24+00:00\",\"mainEntityOfPage\":{\"@id\":\"https:\/\/portaltela.pt\/noticias\/2026\/02\/03\/jpp-deseja-normalidade-na-venezuela-e-sauda-libertacao-de-luso-descendentes\/\"},\"wordCount\":317,\"image\":{\"@id\":\"https:\/\/portaltela.pt\/noticias\/2026\/02\/03\/jpp-deseja-normalidade-na-venezuela-e-sauda-libertacao-de-luso-descendentes\/#primaryimage\"},\"thumbnailUrl\":\"https:\/\/portaltela.pt\/s.01k8rhncp4jt1\/2026\/02\/unnamed-file-803.jpg\",\"keywords\":[\"Di\u00e1spora Portuguesa\",\"direitos humanos\",\"informa\u00e7\u00e3o\",\"JPP\",\"pol\u00edtica\",\"Venezuela\"],\"articleSection\":[\"Not\u00edcias\",\"Pol\u00edtica\"],\"inLanguage\":\"pt-PT\"},{\"@type\":\"WebPage\",\"@id\":\"https:\/\/portaltela.pt\/noticias\/2026\/02\/03\/jpp-deseja-normalidade-na-venezuela-e-sauda-libertacao-de-luso-descendentes\/\",\"url\":\"https:\/\/portaltela.pt\/noticias\/2026\/02\/03\/jpp-deseja-normalidade-na-venezuela-e-sauda-libertacao-de-luso-descendentes\/\",\"name\":\"JPP deseja normalidade na Venezuela e sa\u00fada liberta\u00e7\u00e3o de luso-descendentes - Portal Tela Portugal\",\"isPartOf\":{\"@id\":\"https:\/\/portaltela.pt\/#website\"},\"primaryImageOfPage\":{\"@id\":\"https:\/\/portaltela.pt\/noticias\/2026\/02\/03\/jpp-deseja-normalidade-na-venezuela-e-sauda-libertacao-de-luso-descendentes\/#primaryimage\"},\"image\":{\"@id\":\"https:\/\/portaltela.pt\/noticias\/2026\/02\/03\/jpp-deseja-normalidade-na-venezuela-e-sauda-libertacao-de-luso-descendentes\/#primaryimage\"},\"thumbnailUrl\":\"https:\/\/portaltela.pt\/s.01k8rhncp4jt1\/2026\/02\/unnamed-file-803.jpg\",\"datePublished\":\"2026-02-03T12:15:24+00:00\",\"author\":{\"@id\":\"https:\/\/portaltela.pt\/#\/schema\/person\/c4278d4a6028830caff9ee44b42d32ed\"},\"breadcrumb\":{\"@id\":\"https:\/\/portaltela.pt\/noticias\/2026\/02\/03\/jpp-deseja-normalidade-na-venezuela-e-sauda-libertacao-de-luso-descendentes\/#breadcrumb\"},\"inLanguage\":\"pt-PT\",\"potentialAction\":[{\"@type\":\"ReadAction\",\"target\":[\"https:\/\/portaltela.pt\/noticias\/2026\/02\/03\/jpp-deseja-normalidade-na-venezuela-e-sauda-libertacao-de-luso-descendentes\/\"]}]},{\"@type\":\"ImageObject\",\"inLanguage\":\"pt-PT\",\"@id\":\"https:\/\/portaltela.pt\/noticias\/2026\/02\/03\/jpp-deseja-normalidade-na-venezuela-e-sauda-libertacao-de-luso-descendentes\/#primaryimage\",\"url\":\"https:\/\/portaltela.pt\/s.01k8rhncp4jt1\/2026\/02\/unnamed-file-803.jpg\",\"contentUrl\":\"https:\/\/portaltela.pt\/s.01k8rhncp4jt1\/2026\/02\/unnamed-file-803.jpg\",\"width\":796,\"height\":448,\"caption\":\"JPP deseja normalidade na Venezuela e sa\u00fada a liberta\u00e7\u00e3o de luso-descendentes\"},{\"@type\":\"BreadcrumbList\",\"@id\":\"https:\/\/portaltela.pt\/noticias\/2026\/02\/03\/jpp-deseja-normalidade-na-venezuela-e-sauda-libertacao-de-luso-descendentes\/#breadcrumb\",\"itemListElement\":[{\"@type\":\"ListItem\",\"position\":1,\"name\":\"In\u00edcio\",\"item\":\"https:\/\/portaltela.pt\/\"},{\"@type\":\"ListItem\",\"position\":2,\"name\":\"JPP deseja normalidade na Venezuela e sa\u00fada liberta\u00e7\u00e3o de luso-descendentes\"}]},{\"@type\":\"WebSite\",\"@id\":\"https:\/\/portaltela.pt\/#website\",\"url\":\"https:\/\/portaltela.pt\/\",\"name\":\"Portal Tela Portugal\",\"description\":\"\",\"potentialAction\":[{\"@type\":\"SearchAction\",\"target\":{\"@type\":\"EntryPoint\",\"urlTemplate\":\"https:\/\/portaltela.pt\/?s={search_term_string}\"},\"query-input\":{\"@type\":\"PropertyValueSpecification\",\"valueRequired\":true,\"valueName\":\"search_term_string\"}}],\"inLanguage\":\"pt-PT\"},{\"@type\":\"Person\",\"@id\":\"https:\/\/portaltela.pt\/#\/schema\/person\/c4278d4a6028830caff9ee44b42d32ed\",\"name\":\"Telinha\",\"image\":{\"@type\":\"ImageObject\",\"inLanguage\":\"pt-PT\",\"@id\":\"https:\/\/portaltela.pt\/s.01k8rhncp4jt1\/2025\/11\/talking-bot-125x125.png\",\"url\":\"https:\/\/portaltela.pt\/s.01k8rhncp4jt1\/2025\/11\/talking-bot-125x125.png\",\"contentUrl\":\"https:\/\/portaltela.pt\/s.01k8rhncp4jt1\/2025\/11\/talking-bot-125x125.png\",\"caption\":\"Telinha\"},\"sameAs\":[\"https:\/\/portaltela.pt\/\"],\"url\":\"https:\/\/portaltela.pt\/por\/367410592786\/\"}]}<\/script>\n<!-- \/ Yoast SEO plugin. -->","yoast_head_json":{"title":"JPP deseja normalidade na Venezuela e sa\u00fada liberta\u00e7\u00e3o de luso-descendentes - Portal Tela Portugal","robots":{"index":"index","follow":"follow","max-snippet":"max-snippet:-1","max-image-preview":"max-image-preview:large","max-video-preview":"max-video-preview:-1"},"og_locale":"pt_PT","og_type":"article","og_title":"JPP deseja normalidade na Venezuela e sa\u00fada liberta\u00e7\u00e3o de luso-descendentes - Portal Tela Portugal","og_description":"O N\u00facleo das Comunidades Estrangeiras do Juntos Pelo Povo informou ter recebido com imensa satisfa\u00e7\u00e3o a liberta\u00e7\u00e3o de Pedro Fernandez, m\u00e9dico luso-descendente, filho de pai madeirense, e afirmou verificar rigorosamente as informa\u00e7\u00f5es antes de partilh\u00e1-las. O JPP afirma acompanhar a situa\u00e7\u00e3o pol\u00edtica, administrativa e humanit\u00e1ria da Venezuela e destaca a necessidade de evitar not\u00edcias falaciosas, pautando-se pela verifica\u00e7\u00e3o. A entidade espera, um m\u00eas depois da captura de Nicol\u00e1s Maduro, que antes da vota\u00e7\u00e3o da Lei de Amnistia na Assembleia Nacional haja liberta\u00e7\u00e3o de mais presos pol\u00edticos, n\u00e3o apenas luso-descendentes. Mariusky Sp\u00ednola e Marcos Da Silva destacaram a retoma dos voos da TAP para a Venezuela a partir de mar\u00e7o, visto como sinal de recupera\u00e7\u00e3o gradual da normalidade. O n\u00facleo mant\u00e9m a expectativa de estabiliza\u00e7\u00e3o, recupera\u00e7\u00e3o e transi\u00e7\u00e3o do pa\u00eds, reiterando solidariedade com venezuelanos e luso-descendentes tanto na Venezuela como na di\u00e1spora.","og_url":"https:\/\/portaltela.pt\/noticias\/2026\/02\/03\/jpp-deseja-normalidade-na-venezuela-e-sauda-libertacao-de-luso-descendentes\/","og_site_name":"Portal Tela Portugal","article_published_time":"2026-02-03T12:15:24+00:00","author":"Telinha","twitter_card":"summary_large_image","twitter_misc":{"Escrito por":"Telinha","Tempo estimado de leitura":"2 minutos"},"schema":{"@context":"https:\/\/schema.org","@graph":[{"@type":"Article","@id":"https:\/\/portaltela.pt\/noticias\/2026\/02\/03\/jpp-deseja-normalidade-na-venezuela-e-sauda-libertacao-de-luso-descendentes\/#article","isPartOf":{"@id":"https:\/\/portaltela.pt\/noticias\/2026\/02\/03\/jpp-deseja-normalidade-na-venezuela-e-sauda-libertacao-de-luso-descendentes\/"},"author":{"name":"Telinha","@id":"https:\/\/portaltela.pt\/#\/schema\/person\/c4278d4a6028830caff9ee44b42d32ed"},"headline":"JPP deseja normalidade na Venezuela e sa\u00fada liberta\u00e7\u00e3o de luso-descendentes","datePublished":"2026-02-03T12:15:24+00:00","mainEntityOfPage":{"@id":"https:\/\/portaltela.pt\/noticias\/2026\/02\/03\/jpp-deseja-normalidade-na-venezuela-e-sauda-libertacao-de-luso-descendentes\/"},"wordCount":317,"image":{"@id":"https:\/\/portaltela.pt\/noticias\/2026\/02\/03\/jpp-deseja-normalidade-na-venezuela-e-sauda-libertacao-de-luso-descendentes\/#primaryimage"},"thumbnailUrl":"https:\/\/portaltela.pt\/s.01k8rhncp4jt1\/2026\/02\/unnamed-file-803.jpg","keywords":["Di\u00e1spora Portuguesa","direitos humanos","informa\u00e7\u00e3o","JPP","pol\u00edtica","Venezuela"],"articleSection":["Not\u00edcias","Pol\u00edtica"],"inLanguage":"pt-PT"},{"@type":"WebPage","@id":"https:\/\/portaltela.pt\/noticias\/2026\/02\/03\/jpp-deseja-normalidade-na-venezuela-e-sauda-libertacao-de-luso-descendentes\/","url":"https:\/\/portaltela.pt\/noticias\/2026\/02\/03\/jpp-deseja-normalidade-na-venezuela-e-sauda-libertacao-de-luso-descendentes\/","name":"JPP deseja normalidade na Venezuela e sa\u00fada liberta\u00e7\u00e3o de luso-descendentes - Portal Tela Portugal","isPartOf":{"@id":"https:\/\/portaltela.pt\/#website"},"primaryImageOfPage":{"@id":"https:\/\/portaltela.pt\/noticias\/2026\/02\/03\/jpp-deseja-normalidade-na-venezuela-e-sauda-libertacao-de-luso-descendentes\/#primaryimage"},"image":{"@id":"https:\/\/portaltela.pt\/noticias\/2026\/02\/03\/jpp-deseja-normalidade-na-venezuela-e-sauda-libertacao-de-luso-descendentes\/#primaryimage"},"thumbnailUrl":"https:\/\/portaltela.pt\/s.01k8rhncp4jt1\/2026\/02\/unnamed-file-803.jpg","datePublished":"2026-02-03T12:15:24+00:00","author":{"@id":"https:\/\/portaltela.pt\/#\/schema\/person\/c4278d4a6028830caff9ee44b42d32ed"},"breadcrumb":{"@id":"https:\/\/portaltela.pt\/noticias\/2026\/02\/03\/jpp-deseja-normalidade-na-venezuela-e-sauda-libertacao-de-luso-descendentes\/#breadcrumb"},"inLanguage":"pt-PT","potentialAction":[{"@type":"ReadAction","target":["https:\/\/portaltela.pt\/noticias\/2026\/02\/03\/jpp-deseja-normalidade-na-venezuela-e-sauda-libertacao-de-luso-descendentes\/"]}]},{"@type":"ImageObject","inLanguage":"pt-PT","@id":"https:\/\/portaltela.pt\/noticias\/2026\/02\/03\/jpp-deseja-normalidade-na-venezuela-e-sauda-libertacao-de-luso-descendentes\/#primaryimage","url":"https:\/\/portaltela.pt\/s.01k8rhncp4jt1\/2026\/02\/unnamed-file-803.jpg","contentUrl":"https:\/\/portaltela.pt\/s.01k8rhncp4jt1\/2026\/02\/unnamed-file-803.jpg","width":796,"height":448,"caption":"JPP deseja normalidade na Venezuela e sa\u00fada a liberta\u00e7\u00e3o de luso-descendentes"},{"@type":"BreadcrumbList","@id":"https:\/\/portaltela.pt\/noticias\/2026\/02\/03\/jpp-deseja-normalidade-na-venezuela-e-sauda-libertacao-de-luso-descendentes\/#breadcrumb","itemListElement":[{"@type":"ListItem","position":1,"name":"In\u00edcio","item":"https:\/\/portaltela.pt\/"},{"@type":"ListItem","position":2,"name":"JPP deseja normalidade na Venezuela e sa\u00fada liberta\u00e7\u00e3o de luso-descendentes"}]},{"@type":"WebSite","@id":"https:\/\/portaltela.pt\/#website","url":"https:\/\/portaltela.pt\/","name":"Portal Tela Portugal","description":"","potentialAction":[{"@type":"SearchAction","target":{"@type":"EntryPoint","urlTemplate":"https:\/\/portaltela.pt\/?s={search_term_string}"},"query-input":{"@type":"PropertyValueSpecification","valueRequired":true,"valueName":"search_term_string"}}],"inLanguage":"pt-PT"},{"@type":"Person","@id":"https:\/\/portaltela.pt\/#\/schema\/person\/c4278d4a6028830caff9ee44b42d32ed","name":"Telinha","image":{"@type":"ImageObject","inLanguage":"pt-PT","@id":"https:\/\/portaltela.pt\/s.01k8rhncp4jt1\/2025\/11\/talking-bot-125x125.png","url":"https:\/\/portaltela.pt\/s.01k8rhncp4jt1\/2025\/11\/talking-bot-125x125.png","contentUrl":"https:\/\/portaltela.pt\/s.01k8rhncp4jt1\/2025\/11\/talking-bot-125x125.png","caption":"Telinha"},"sameAs":["https:\/\/portaltela.pt\/"],"url":"https:\/\/portaltela.pt\/por\/367410592786\/"}]}},"_links":{"self":[{"href":"https:\/\/portaltela.pt\/api\/wp\/v2\/posts\/193663","targetHints":{"allow":["GET"]}}],"collection":[{"href":"https:\/\/portaltela.pt\/api\/wp\/v2\/posts"}],"about":[{"href":"https:\/\/portaltela.pt\/api\/wp\/v2\/types\/post"}],"author":[{"embeddable":true,"href":"https:\/\/portaltela.pt\/api\/wp\/v2\/users\/2"}],"replies":[{"embeddable":true,"href":"https:\/\/portaltela.pt\/api\/wp\/v2\/comments?post=193663"}],"version-history":[{"count":0,"href":"https:\/\/portaltela.pt\/api\/wp\/v2\/posts\/193663\/revisions"}],"wp:featuredmedia":[{"embeddable":true,"href":"https:\/\/portaltela.pt\/api\/wp\/v2\/media\/193664"}],"wp:attachment":[{"href":"https:\/\/portaltela.pt\/api\/wp\/v2\/media?parent=193663"}],"wp:term":[{"taxonomy":"category","embeddable":true,"href":"https:\/\/portaltela.pt\/api\/wp\/v2\/categories?post=193663"},{"taxonomy":"post_tag","embeddable":true,"href":"https:\/\/portaltela.pt\/api\/wp\/v2\/tags?post=193663"}],"curies":[{"name":"wp","href":"https:\/\/api.w.org\/{rel}","templated":true}]}}