{"id":193652,"date":"2026-02-03T09:15:00","date_gmt":"2026-02-03T12:15:00","guid":{"rendered":"https:\/\/portaltela.pt\/noticias\/2026\/02\/03\/ana-capeta-deixa-o-sporting-e-assina-pela-juventus-no-ultimo-dia-de-mercado\/"},"modified":"2026-02-03T09:15:00","modified_gmt":"2026-02-03T12:15:00","slug":"ana-capeta-deixa-o-sporting-e-assina-pela-juventus-no-ultimo-dia-de-mercado","status":"publish","type":"post","link":"https:\/\/portaltela.pt\/desporto\/futebol\/2026\/02\/03\/ana-capeta-deixa-o-sporting-e-assina-pela-juventus-no-ultimo-dia-de-mercado\/","title":{"rendered":"Ana Capeta deixa o Sporting e assina pela Juventus no \u00faltimo dia de mercado"},"content":{"rendered":"<p>Ana Capeta, jogadora natural de Aljustrel, trocou o Sporting pela Juventus no \u00faltimo dia de mercado de transfer\u00eancias. A atleta chega \u00e0 It\u00e1lia em ced\u00eancia at\u00e9 ao fim da \u00e9poca, com a op\u00e7\u00e3o de compra do emblema de Turim.<\/p>\n<p>A mudan\u00e7a foi confirmada pela imprensa desportiva portuguesa, que n\u00e3o divulga os valores envolvidos. Capeta deixa o Sporting ap\u00f3s uma passagem em que venceu dois campeonatos, duas Ta\u00e7as de Portugal e duas Superta\u00e7as, al\u00e9m de alcan\u00e7ar a marca dos 100 golos pelo clube.<\/p>\n<p>Na \u00e9poca 2025\/26, a avan\u00e7ada registou tr\u00eas golos e tr\u00eas assist\u00eancias em 11 jogos disputados. Esta \u00e9 a segunda experi\u00eancia europeia da jogadora, que j\u00e1 representou o PSV, nos Pa\u00edses Baixos, em 2021, para al\u00e9m do Famalic\u00e3o no carreira anterior.<\/p>\n<h3>Traject\u00f3ria da jogadora<\/h3>\n<p>A Juventus recebe Capeta num momento de reajuste ofensivo, mantendo a op\u00e7\u00e3o de compra ao final da ced\u00eancia. Do lado do Sporting, a sa\u00edda encerra uma fase de sucesso coletivo e a consolida\u00e7\u00e3o de uma carreira internacional da jogadora.<\/p>\n<p>Capeta permanece com o foco na adapta\u00e7\u00e3o \u00e0 Serie A e no contributo para a forma\u00e7\u00e3o do ataque da Juventus, enquanto o clube italiano procura consolidar a posi\u00e7\u00e3o na competi\u00e7\u00e3o. A transfer\u00eancia encerra um cap\u00edtulo no futebol feminino portugu\u00eas com impacto internacional.<\/p>\n","protected":false},"excerpt":{"rendered":"<ul>\n<li>Ana Capeta, natural de Aljustrel, deixou o Sporting para seguir para a Juventus no \u00faltimo dia de mercado de transfer\u00eancias.<\/li>\n<li>A jogadora chega \u00e0 It\u00e1lia em regime de ced\u00eancia at\u00e9 ao final da \u00e9poca, com a Juventus a ter op\u00e7\u00e3o de compra.<\/li>\n<li>No Sporting, conquistou dois campeonatos, duas Ta\u00e7as de Portugal e duas Superta\u00e7as, al\u00e9m de ter alcan\u00e7ado os 100 golos pela equipa.<\/li>\n<li>Na \u00e9poca 2025\/26, somou tr\u00eas golos e tr\u00eas assist\u00eancias em onze jogos.<\/li>\n<li>Esta \u00e9 a segunda experi\u00eancia fora de Portugal para Capeta, que j\u00e1 jogou pelo PSV, em 2021, e pelo Famalic\u00e3o anteriormente.<\/li>\n<\/ul>\n","protected":false},"author":2,"featured_media":193657,"comment_status":"closed","ping_status":"closed","sticky":false,"template":"","format":"standard","meta":{"footnotes":""},"categories":[21,24],"tags":[1325,32,1030,1857,1983,1652],"class_list":["post-193652","post","type-post","status-publish","format-standard","has-post-thumbnail","hentry","category-desporto","category-futebol","tag-aljustrel","tag-futebol","tag-futebol-feminino","tag-italia","tag-juventus","tag-sporting"],"yoast_head":"<!-- This site is optimized with the Yoast SEO plugin v27.2 - https:\/\/yoast.com\/product\/yoast-seo-wordpress\/ -->\n<title>Ana Capeta deixa o Sporting e assina pela Juventus no \u00faltimo dia de mercado - Portal Tela Portugal<\/title>\n<meta name=\"robots\" content=\"index, follow, max-snippet:-1, max-image-preview:large, max-video-preview:-1\" \/>\n<meta property=\"og:locale\" content=\"pt_PT\" \/>\n<meta property=\"og:type\" content=\"article\" \/>\n<meta property=\"og:title\" content=\"Ana Capeta deixa o Sporting e assina pela Juventus no \u00faltimo dia de mercado - Portal Tela Portugal\" \/>\n<meta property=\"og:description\" content=\"Ana Capeta, natural de Aljustrel, deixou o Sporting para seguir para a Juventus no \u00faltimo dia de mercado de transfer\u00eancias. A jogadora chega \u00e0 It\u00e1lia em regime de ced\u00eancia at\u00e9 ao final da \u00e9poca, com a Juventus a ter op\u00e7\u00e3o de compra. No Sporting, conquistou dois campeonatos, duas Ta\u00e7as de Portugal e duas Superta\u00e7as, al\u00e9m de ter alcan\u00e7ado os 100 golos pela equipa. Na \u00e9poca 2025\/26, somou tr\u00eas golos e tr\u00eas assist\u00eancias em onze jogos. Esta \u00e9 a segunda experi\u00eancia fora de Portugal para Capeta, que j\u00e1 jogou pelo PSV, em 2021, e pelo Famalic\u00e3o anteriormente.\" \/>\n<meta property=\"og:url\" content=\"https:\/\/portaltela.pt\/noticias\/2026\/02\/03\/ana-capeta-deixa-o-sporting-e-assina-pela-juventus-no-ultimo-dia-de-mercado\/\" \/>\n<meta property=\"og:site_name\" content=\"Portal Tela Portugal\" \/>\n<meta property=\"article:published_time\" content=\"2026-02-03T12:15:00+00:00\" \/>\n<meta name=\"author\" content=\"Telinha\" \/>\n<meta name=\"twitter:card\" content=\"summary_large_image\" \/>\n<meta name=\"twitter:label1\" content=\"Escrito por\" \/>\n\t<meta name=\"twitter:data1\" content=\"Telinha\" \/>\n\t<meta name=\"twitter:label2\" content=\"Tempo estimado de leitura\" \/>\n\t<meta name=\"twitter:data2\" content=\"1 minuto\" \/>\n<script type=\"application\/ld+json\" class=\"yoast-schema-graph\">{\"@context\":\"https:\/\/schema.org\",\"@graph\":[{\"@type\":\"Article\",\"@id\":\"https:\/\/portaltela.pt\/noticias\/2026\/02\/03\/ana-capeta-deixa-o-sporting-e-assina-pela-juventus-no-ultimo-dia-de-mercado\/#article\",\"isPartOf\":{\"@id\":\"https:\/\/portaltela.pt\/noticias\/2026\/02\/03\/ana-capeta-deixa-o-sporting-e-assina-pela-juventus-no-ultimo-dia-de-mercado\/\"},\"author\":{\"name\":\"Telinha\",\"@id\":\"https:\/\/portaltela.pt\/#\/schema\/person\/c4278d4a6028830caff9ee44b42d32ed\"},\"headline\":\"Ana Capeta deixa o Sporting e assina pela Juventus no \u00faltimo dia de mercado\",\"datePublished\":\"2026-02-03T12:15:00+00:00\",\"mainEntityOfPage\":{\"@id\":\"https:\/\/portaltela.pt\/noticias\/2026\/02\/03\/ana-capeta-deixa-o-sporting-e-assina-pela-juventus-no-ultimo-dia-de-mercado\/\"},\"wordCount\":244,\"image\":{\"@id\":\"https:\/\/portaltela.pt\/noticias\/2026\/02\/03\/ana-capeta-deixa-o-sporting-e-assina-pela-juventus-no-ultimo-dia-de-mercado\/#primaryimage\"},\"thumbnailUrl\":\"https:\/\/portaltela.pt\/s.01k8rhncp4jt1\/2026\/02\/imagem_odigital-1200-x-675-px-50.jpg\",\"keywords\":[\"Aljustrel\",\"futebol\",\"futebol feminino\",\"It\u00e1lia\",\"Juventus\",\"Sporting\"],\"articleSection\":[\"Desporto\",\"Futebol\"],\"inLanguage\":\"pt-PT\"},{\"@type\":\"WebPage\",\"@id\":\"https:\/\/portaltela.pt\/noticias\/2026\/02\/03\/ana-capeta-deixa-o-sporting-e-assina-pela-juventus-no-ultimo-dia-de-mercado\/\",\"url\":\"https:\/\/portaltela.pt\/noticias\/2026\/02\/03\/ana-capeta-deixa-o-sporting-e-assina-pela-juventus-no-ultimo-dia-de-mercado\/\",\"name\":\"Ana Capeta deixa o Sporting e assina pela Juventus no \u00faltimo dia de mercado - Portal Tela Portugal\",\"isPartOf\":{\"@id\":\"https:\/\/portaltela.pt\/#website\"},\"primaryImageOfPage\":{\"@id\":\"https:\/\/portaltela.pt\/noticias\/2026\/02\/03\/ana-capeta-deixa-o-sporting-e-assina-pela-juventus-no-ultimo-dia-de-mercado\/#primaryimage\"},\"image\":{\"@id\":\"https:\/\/portaltela.pt\/noticias\/2026\/02\/03\/ana-capeta-deixa-o-sporting-e-assina-pela-juventus-no-ultimo-dia-de-mercado\/#primaryimage\"},\"thumbnailUrl\":\"https:\/\/portaltela.pt\/s.01k8rhncp4jt1\/2026\/02\/imagem_odigital-1200-x-675-px-50.jpg\",\"datePublished\":\"2026-02-03T12:15:00+00:00\",\"author\":{\"@id\":\"https:\/\/portaltela.pt\/#\/schema\/person\/c4278d4a6028830caff9ee44b42d32ed\"},\"breadcrumb\":{\"@id\":\"https:\/\/portaltela.pt\/noticias\/2026\/02\/03\/ana-capeta-deixa-o-sporting-e-assina-pela-juventus-no-ultimo-dia-de-mercado\/#breadcrumb\"},\"inLanguage\":\"pt-PT\",\"potentialAction\":[{\"@type\":\"ReadAction\",\"target\":[\"https:\/\/portaltela.pt\/noticias\/2026\/02\/03\/ana-capeta-deixa-o-sporting-e-assina-pela-juventus-no-ultimo-dia-de-mercado\/\"]}]},{\"@type\":\"ImageObject\",\"inLanguage\":\"pt-PT\",\"@id\":\"https:\/\/portaltela.pt\/noticias\/2026\/02\/03\/ana-capeta-deixa-o-sporting-e-assina-pela-juventus-no-ultimo-dia-de-mercado\/#primaryimage\",\"url\":\"https:\/\/portaltela.pt\/s.01k8rhncp4jt1\/2026\/02\/imagem_odigital-1200-x-675-px-50.jpg\",\"contentUrl\":\"https:\/\/portaltela.pt\/s.01k8rhncp4jt1\/2026\/02\/imagem_odigital-1200-x-675-px-50.jpg\",\"width\":796,\"height\":448,\"caption\":\"Aljustrelense Ana Capeta troca Sporting pela Juventus no \u00faltimo dia de mercado\"},{\"@type\":\"BreadcrumbList\",\"@id\":\"https:\/\/portaltela.pt\/noticias\/2026\/02\/03\/ana-capeta-deixa-o-sporting-e-assina-pela-juventus-no-ultimo-dia-de-mercado\/#breadcrumb\",\"itemListElement\":[{\"@type\":\"ListItem\",\"position\":1,\"name\":\"In\u00edcio\",\"item\":\"https:\/\/portaltela.pt\/\"},{\"@type\":\"ListItem\",\"position\":2,\"name\":\"Ana Capeta deixa o Sporting e assina pela Juventus no \u00faltimo dia de mercado\"}]},{\"@type\":\"WebSite\",\"@id\":\"https:\/\/portaltela.pt\/#website\",\"url\":\"https:\/\/portaltela.pt\/\",\"name\":\"Portal Tela Portugal\",\"description\":\"\",\"potentialAction\":[{\"@type\":\"SearchAction\",\"target\":{\"@type\":\"EntryPoint\",\"urlTemplate\":\"https:\/\/portaltela.pt\/?s={search_term_string}\"},\"query-input\":{\"@type\":\"PropertyValueSpecification\",\"valueRequired\":true,\"valueName\":\"search_term_string\"}}],\"inLanguage\":\"pt-PT\"},{\"@type\":\"Person\",\"@id\":\"https:\/\/portaltela.pt\/#\/schema\/person\/c4278d4a6028830caff9ee44b42d32ed\",\"name\":\"Telinha\",\"image\":{\"@type\":\"ImageObject\",\"inLanguage\":\"pt-PT\",\"@id\":\"https:\/\/portaltela.pt\/s.01k8rhncp4jt1\/2025\/11\/talking-bot-125x125.png\",\"url\":\"https:\/\/portaltela.pt\/s.01k8rhncp4jt1\/2025\/11\/talking-bot-125x125.png\",\"contentUrl\":\"https:\/\/portaltela.pt\/s.01k8rhncp4jt1\/2025\/11\/talking-bot-125x125.png\",\"caption\":\"Telinha\"},\"sameAs\":[\"https:\/\/portaltela.pt\/\"],\"url\":\"https:\/\/portaltela.pt\/por\/367410592786\/\"}]}<\/script>\n<!-- \/ Yoast SEO plugin. -->","yoast_head_json":{"title":"Ana Capeta deixa o Sporting e assina pela Juventus no \u00faltimo dia de mercado - Portal Tela Portugal","robots":{"index":"index","follow":"follow","max-snippet":"max-snippet:-1","max-image-preview":"max-image-preview:large","max-video-preview":"max-video-preview:-1"},"og_locale":"pt_PT","og_type":"article","og_title":"Ana Capeta deixa o Sporting e assina pela Juventus no \u00faltimo dia de mercado - Portal Tela Portugal","og_description":"Ana Capeta, natural de Aljustrel, deixou o Sporting para seguir para a Juventus no \u00faltimo dia de mercado de transfer\u00eancias. A jogadora chega \u00e0 It\u00e1lia em regime de ced\u00eancia at\u00e9 ao final da \u00e9poca, com a Juventus a ter op\u00e7\u00e3o de compra. No Sporting, conquistou dois campeonatos, duas Ta\u00e7as de Portugal e duas Superta\u00e7as, al\u00e9m de ter alcan\u00e7ado os 100 golos pela equipa. Na \u00e9poca 2025\/26, somou tr\u00eas golos e tr\u00eas assist\u00eancias em onze jogos. Esta \u00e9 a segunda experi\u00eancia fora de Portugal para Capeta, que j\u00e1 jogou pelo PSV, em 2021, e pelo Famalic\u00e3o anteriormente.","og_url":"https:\/\/portaltela.pt\/noticias\/2026\/02\/03\/ana-capeta-deixa-o-sporting-e-assina-pela-juventus-no-ultimo-dia-de-mercado\/","og_site_name":"Portal Tela Portugal","article_published_time":"2026-02-03T12:15:00+00:00","author":"Telinha","twitter_card":"summary_large_image","twitter_misc":{"Escrito por":"Telinha","Tempo estimado de leitura":"1 minuto"},"schema":{"@context":"https:\/\/schema.org","@graph":[{"@type":"Article","@id":"https:\/\/portaltela.pt\/noticias\/2026\/02\/03\/ana-capeta-deixa-o-sporting-e-assina-pela-juventus-no-ultimo-dia-de-mercado\/#article","isPartOf":{"@id":"https:\/\/portaltela.pt\/noticias\/2026\/02\/03\/ana-capeta-deixa-o-sporting-e-assina-pela-juventus-no-ultimo-dia-de-mercado\/"},"author":{"name":"Telinha","@id":"https:\/\/portaltela.pt\/#\/schema\/person\/c4278d4a6028830caff9ee44b42d32ed"},"headline":"Ana Capeta deixa o Sporting e assina pela Juventus no \u00faltimo dia de mercado","datePublished":"2026-02-03T12:15:00+00:00","mainEntityOfPage":{"@id":"https:\/\/portaltela.pt\/noticias\/2026\/02\/03\/ana-capeta-deixa-o-sporting-e-assina-pela-juventus-no-ultimo-dia-de-mercado\/"},"wordCount":244,"image":{"@id":"https:\/\/portaltela.pt\/noticias\/2026\/02\/03\/ana-capeta-deixa-o-sporting-e-assina-pela-juventus-no-ultimo-dia-de-mercado\/#primaryimage"},"thumbnailUrl":"https:\/\/portaltela.pt\/s.01k8rhncp4jt1\/2026\/02\/imagem_odigital-1200-x-675-px-50.jpg","keywords":["Aljustrel","futebol","futebol feminino","It\u00e1lia","Juventus","Sporting"],"articleSection":["Desporto","Futebol"],"inLanguage":"pt-PT"},{"@type":"WebPage","@id":"https:\/\/portaltela.pt\/noticias\/2026\/02\/03\/ana-capeta-deixa-o-sporting-e-assina-pela-juventus-no-ultimo-dia-de-mercado\/","url":"https:\/\/portaltela.pt\/noticias\/2026\/02\/03\/ana-capeta-deixa-o-sporting-e-assina-pela-juventus-no-ultimo-dia-de-mercado\/","name":"Ana Capeta deixa o Sporting e assina pela Juventus no \u00faltimo dia de mercado - Portal Tela Portugal","isPartOf":{"@id":"https:\/\/portaltela.pt\/#website"},"primaryImageOfPage":{"@id":"https:\/\/portaltela.pt\/noticias\/2026\/02\/03\/ana-capeta-deixa-o-sporting-e-assina-pela-juventus-no-ultimo-dia-de-mercado\/#primaryimage"},"image":{"@id":"https:\/\/portaltela.pt\/noticias\/2026\/02\/03\/ana-capeta-deixa-o-sporting-e-assina-pela-juventus-no-ultimo-dia-de-mercado\/#primaryimage"},"thumbnailUrl":"https:\/\/portaltela.pt\/s.01k8rhncp4jt1\/2026\/02\/imagem_odigital-1200-x-675-px-50.jpg","datePublished":"2026-02-03T12:15:00+00:00","author":{"@id":"https:\/\/portaltela.pt\/#\/schema\/person\/c4278d4a6028830caff9ee44b42d32ed"},"breadcrumb":{"@id":"https:\/\/portaltela.pt\/noticias\/2026\/02\/03\/ana-capeta-deixa-o-sporting-e-assina-pela-juventus-no-ultimo-dia-de-mercado\/#breadcrumb"},"inLanguage":"pt-PT","potentialAction":[{"@type":"ReadAction","target":["https:\/\/portaltela.pt\/noticias\/2026\/02\/03\/ana-capeta-deixa-o-sporting-e-assina-pela-juventus-no-ultimo-dia-de-mercado\/"]}]},{"@type":"ImageObject","inLanguage":"pt-PT","@id":"https:\/\/portaltela.pt\/noticias\/2026\/02\/03\/ana-capeta-deixa-o-sporting-e-assina-pela-juventus-no-ultimo-dia-de-mercado\/#primaryimage","url":"https:\/\/portaltela.pt\/s.01k8rhncp4jt1\/2026\/02\/imagem_odigital-1200-x-675-px-50.jpg","contentUrl":"https:\/\/portaltela.pt\/s.01k8rhncp4jt1\/2026\/02\/imagem_odigital-1200-x-675-px-50.jpg","width":796,"height":448,"caption":"Aljustrelense Ana Capeta troca Sporting pela Juventus no \u00faltimo dia de mercado"},{"@type":"BreadcrumbList","@id":"https:\/\/portaltela.pt\/noticias\/2026\/02\/03\/ana-capeta-deixa-o-sporting-e-assina-pela-juventus-no-ultimo-dia-de-mercado\/#breadcrumb","itemListElement":[{"@type":"ListItem","position":1,"name":"In\u00edcio","item":"https:\/\/portaltela.pt\/"},{"@type":"ListItem","position":2,"name":"Ana Capeta deixa o Sporting e assina pela Juventus no \u00faltimo dia de mercado"}]},{"@type":"WebSite","@id":"https:\/\/portaltela.pt\/#website","url":"https:\/\/portaltela.pt\/","name":"Portal Tela Portugal","description":"","potentialAction":[{"@type":"SearchAction","target":{"@type":"EntryPoint","urlTemplate":"https:\/\/portaltela.pt\/?s={search_term_string}"},"query-input":{"@type":"PropertyValueSpecification","valueRequired":true,"valueName":"search_term_string"}}],"inLanguage":"pt-PT"},{"@type":"Person","@id":"https:\/\/portaltela.pt\/#\/schema\/person\/c4278d4a6028830caff9ee44b42d32ed","name":"Telinha","image":{"@type":"ImageObject","inLanguage":"pt-PT","@id":"https:\/\/portaltela.pt\/s.01k8rhncp4jt1\/2025\/11\/talking-bot-125x125.png","url":"https:\/\/portaltela.pt\/s.01k8rhncp4jt1\/2025\/11\/talking-bot-125x125.png","contentUrl":"https:\/\/portaltela.pt\/s.01k8rhncp4jt1\/2025\/11\/talking-bot-125x125.png","caption":"Telinha"},"sameAs":["https:\/\/portaltela.pt\/"],"url":"https:\/\/portaltela.pt\/por\/367410592786\/"}]}},"_links":{"self":[{"href":"https:\/\/portaltela.pt\/api\/wp\/v2\/posts\/193652","targetHints":{"allow":["GET"]}}],"collection":[{"href":"https:\/\/portaltela.pt\/api\/wp\/v2\/posts"}],"about":[{"href":"https:\/\/portaltela.pt\/api\/wp\/v2\/types\/post"}],"author":[{"embeddable":true,"href":"https:\/\/portaltela.pt\/api\/wp\/v2\/users\/2"}],"replies":[{"embeddable":true,"href":"https:\/\/portaltela.pt\/api\/wp\/v2\/comments?post=193652"}],"version-history":[{"count":0,"href":"https:\/\/portaltela.pt\/api\/wp\/v2\/posts\/193652\/revisions"}],"wp:featuredmedia":[{"embeddable":true,"href":"https:\/\/portaltela.pt\/api\/wp\/v2\/media\/193657"}],"wp:attachment":[{"href":"https:\/\/portaltela.pt\/api\/wp\/v2\/media?parent=193652"}],"wp:term":[{"taxonomy":"category","embeddable":true,"href":"https:\/\/portaltela.pt\/api\/wp\/v2\/categories?post=193652"},{"taxonomy":"post_tag","embeddable":true,"href":"https:\/\/portaltela.pt\/api\/wp\/v2\/tags?post=193652"}],"curies":[{"name":"wp","href":"https:\/\/api.w.org\/{rel}","templated":true}]}}