{"id":193651,"date":"2026-02-03T09:44:28","date_gmt":"2026-02-03T12:44:28","guid":{"rendered":"https:\/\/portaltela.pt\/noticias\/2026\/02\/03\/rio-alviela-e-alvo-de-ataques-ambientais-diarios\/"},"modified":"2026-02-03T09:44:28","modified_gmt":"2026-02-03T12:44:28","slug":"rio-alviela-e-alvo-de-ataques-ambientais-diarios","status":"publish","type":"post","link":"https:\/\/portaltela.pt\/noticias\/2026\/02\/03\/rio-alviela-e-alvo-de-ataques-ambientais-diarios\/","title":{"rendered":"Rio Alviela \u00e9 alvo de ataques ambientais di\u00e1rios"},"content":{"rendered":"<p>O rio Alviela continua a ser alvo de descargas poluentes di\u00e1rias, com impactos sentidos em Pernes, no concelho de Santar\u00e9m. Moradores relatam odor desagrad\u00e1vel e \u00e1gua com espuma castanha, sobretudo durante as chuvas intensas que se fazem sentir desde a semana passada. A situa\u00e7\u00e3o voltou a manifestar-se na manh\u00e3 de ter\u00e7a-feira, 3 de fevereiro.<\/p>\n<p>Edgar Pinto, residente e ativista pela despolui\u00e7\u00e3o do Alviela, publicou um v\u00eddeo que mostra mat\u00e9ria detonada na \u00e1gua, com apar\u00eancia acastanhada, sugerindo origem animal. A \u00e1gua segue em direc\u00e7\u00e3o \u00e0 foz, para o Rio Tejo, em Vale de Figueira.<\/p>\n<p>Stany Gon\u00e7alves, tamb\u00e9m morador, afirmou que cada aguaceiro mais intenso aumenta as descargas poluentes no leito. Nos \u00faltimos dias, h\u00e1 relatos de descargas qu\u00edmicas associadas \u00e0 ind\u00fastria dos curtumes e a potenciais descargas da ETAR de Alcanena.<\/p>\n<h3>Fontes e envolvimento<\/h3>\n<p>Os residentes destacam que uma das sete pecu\u00e1rias e suiniculturas entre Pernes e Vaqueiros poder\u00e1 estar na origem das descargas. O material aflorado na \u00e1gua levanta preocupa\u00e7\u00f5es sobre contamina\u00e7\u00e3o ambiental e potabilidade local.<\/p>\n<h3>Reclama\u00e7\u00f5es e resposta institucional<\/h3>\n<p>Populares relataram queixas ao Servi\u00e7o Especial de Prote\u00e7\u00e3o da Natureza (SEPNA) da GNR. Alegam que o atendimento s\u00f3 ocorre por telefone durante o hor\u00e1rio de expediente, com desloca\u00e7\u00f5es ao local muitas vezes tardias. N\u00e3o houve confirma\u00e7\u00e3o oficial sobre a\u00e7\u00f5es em curso.<\/p>\n<p>A situa\u00e7\u00e3o revela fragilidades na monitoriza\u00e7\u00e3o e na resposta a incidentes ambientais durante per\u00edodos de precipita\u00e7\u00e3o elevada. As autoridades n\u00e3o indicaram, at\u00e9 ao momento, medidas espec\u00edficas para mitigar as descargas ou identificar culpados com rapidez.<\/p>\n","protected":false},"excerpt":{"rendered":"<ul>\n<li>Moradores de Pernes, Santar\u00e9m, acordaram a 3 de fevereiro com cheiro nauseabundo e o Alviela com espuma castanha a jusante, rumo \u00e0 foz em Vale de Figueira.<\/li>\n<li>O rio tem recebido descargas poluentes di\u00e1rias desde a semana passada, coincidentes com as chuvas intensas provocadas pela depress\u00e3o que afeta Portugal.<\/li>\n<li>O v\u00eddeo de Edgar Pinto mostra que os dejetos s\u00e3o de origem animal, de uma das sete pecu\u00e1rias e suiniculturas entre Pernes e Vaqueiros.<\/li>\n<li>Al\u00e9m disso, h\u00e1 descargas qu\u00edmicas de curtumes ou da Esta\u00e7\u00e3o de Tratamento de \u00c1guas Residuais de Alcanena, segundo os moradores.<\/li>\n<li>Os residentes queixam-se da atua\u00e7\u00e3o do Servi\u00e7o Especial de Prote\u00e7\u00e3o da Natureza da GNR, que apenas recebe participa\u00e7\u00f5es por telefone em hor\u00e1rio de expediente e acaba por deslocar-se tarde aos locais.<\/li>\n<\/ul>\n","protected":false},"author":2,"featured_media":193655,"comment_status":"closed","ping_status":"closed","sticky":false,"template":"","format":"standard","meta":{"footnotes":""},"categories":[1],"tags":[1090,5103,1380,3750,898,3560],"class_list":["post-193651","post","type-post","status-publish","format-standard","has-post-thumbnail","hentry","category-noticias","tag-agua","tag-contaminacoes","tag-gnr","tag-poluicao-ambiental","tag-santarem","tag-sepna"],"yoast_head":"<!-- This site is optimized with the Yoast SEO plugin v27.2 - https:\/\/yoast.com\/product\/yoast-seo-wordpress\/ -->\n<title>Rio Alviela \u00e9 alvo de ataques ambientais di\u00e1rios - Portal Tela Portugal<\/title>\n<meta name=\"robots\" content=\"index, follow, max-snippet:-1, max-image-preview:large, max-video-preview:-1\" \/>\n<meta property=\"og:locale\" content=\"pt_PT\" \/>\n<meta property=\"og:type\" content=\"article\" \/>\n<meta property=\"og:title\" content=\"Rio Alviela \u00e9 alvo de ataques ambientais di\u00e1rios - Portal Tela Portugal\" \/>\n<meta property=\"og:description\" content=\"Moradores de Pernes, Santar\u00e9m, acordaram a 3 de fevereiro com cheiro nauseabundo e o Alviela com espuma castanha a jusante, rumo \u00e0 foz em Vale de Figueira. O rio tem recebido descargas poluentes di\u00e1rias desde a semana passada, coincidentes com as chuvas intensas provocadas pela depress\u00e3o que afeta Portugal. O v\u00eddeo de Edgar Pinto mostra que os dejetos s\u00e3o de origem animal, de uma das sete pecu\u00e1rias e suiniculturas entre Pernes e Vaqueiros. Al\u00e9m disso, h\u00e1 descargas qu\u00edmicas de curtumes ou da Esta\u00e7\u00e3o de Tratamento de \u00c1guas Residuais de Alcanena, segundo os moradores. Os residentes queixam-se da atua\u00e7\u00e3o do Servi\u00e7o Especial de Prote\u00e7\u00e3o da Natureza da GNR, que apenas recebe participa\u00e7\u00f5es por telefone em hor\u00e1rio de expediente e acaba por deslocar-se tarde aos locais.\" \/>\n<meta property=\"og:url\" content=\"https:\/\/portaltela.pt\/noticias\/2026\/02\/03\/rio-alviela-e-alvo-de-ataques-ambientais-diarios\/\" \/>\n<meta property=\"og:site_name\" content=\"Portal Tela Portugal\" \/>\n<meta property=\"article:published_time\" content=\"2026-02-03T12:44:28+00:00\" \/>\n<meta name=\"author\" content=\"Telinha\" \/>\n<meta name=\"twitter:card\" content=\"summary_large_image\" \/>\n<meta name=\"twitter:label1\" content=\"Escrito por\" \/>\n\t<meta name=\"twitter:data1\" content=\"Telinha\" \/>\n\t<meta name=\"twitter:label2\" content=\"Tempo estimado de leitura\" \/>\n\t<meta name=\"twitter:data2\" content=\"1 minuto\" \/>\n<script type=\"application\/ld+json\" class=\"yoast-schema-graph\">{\"@context\":\"https:\/\/schema.org\",\"@graph\":[{\"@type\":\"Article\",\"@id\":\"https:\/\/portaltela.pt\/noticias\/2026\/02\/03\/rio-alviela-e-alvo-de-ataques-ambientais-diarios\/#article\",\"isPartOf\":{\"@id\":\"https:\/\/portaltela.pt\/noticias\/2026\/02\/03\/rio-alviela-e-alvo-de-ataques-ambientais-diarios\/\"},\"author\":{\"name\":\"Telinha\",\"@id\":\"https:\/\/portaltela.pt\/#\/schema\/person\/c4278d4a6028830caff9ee44b42d32ed\"},\"headline\":\"Rio Alviela \u00e9 alvo de ataques ambientais di\u00e1rios\",\"datePublished\":\"2026-02-03T12:44:28+00:00\",\"mainEntityOfPage\":{\"@id\":\"https:\/\/portaltela.pt\/noticias\/2026\/02\/03\/rio-alviela-e-alvo-de-ataques-ambientais-diarios\/\"},\"wordCount\":282,\"image\":{\"@id\":\"https:\/\/portaltela.pt\/noticias\/2026\/02\/03\/rio-alviela-e-alvo-de-ataques-ambientais-diarios\/#primaryimage\"},\"thumbnailUrl\":\"https:\/\/portaltela.pt\/s.01k8rhncp4jt1\/2026\/02\/img_1500x1000uu2026-02-03-12-44-02-2264435.jpg\",\"keywords\":[\"\u00e1gua\",\"contamina\u00e7\u00f5es\",\"GNR\",\"polui\u00e7\u00e3o ambiental\",\"Santar\u00e9m\",\"SEPNA\"],\"articleSection\":[\"Not\u00edcias\"],\"inLanguage\":\"pt-PT\"},{\"@type\":\"WebPage\",\"@id\":\"https:\/\/portaltela.pt\/noticias\/2026\/02\/03\/rio-alviela-e-alvo-de-ataques-ambientais-diarios\/\",\"url\":\"https:\/\/portaltela.pt\/noticias\/2026\/02\/03\/rio-alviela-e-alvo-de-ataques-ambientais-diarios\/\",\"name\":\"Rio Alviela \u00e9 alvo de ataques ambientais di\u00e1rios - Portal Tela Portugal\",\"isPartOf\":{\"@id\":\"https:\/\/portaltela.pt\/#website\"},\"primaryImageOfPage\":{\"@id\":\"https:\/\/portaltela.pt\/noticias\/2026\/02\/03\/rio-alviela-e-alvo-de-ataques-ambientais-diarios\/#primaryimage\"},\"image\":{\"@id\":\"https:\/\/portaltela.pt\/noticias\/2026\/02\/03\/rio-alviela-e-alvo-de-ataques-ambientais-diarios\/#primaryimage\"},\"thumbnailUrl\":\"https:\/\/portaltela.pt\/s.01k8rhncp4jt1\/2026\/02\/img_1500x1000uu2026-02-03-12-44-02-2264435.jpg\",\"datePublished\":\"2026-02-03T12:44:28+00:00\",\"author\":{\"@id\":\"https:\/\/portaltela.pt\/#\/schema\/person\/c4278d4a6028830caff9ee44b42d32ed\"},\"breadcrumb\":{\"@id\":\"https:\/\/portaltela.pt\/noticias\/2026\/02\/03\/rio-alviela-e-alvo-de-ataques-ambientais-diarios\/#breadcrumb\"},\"inLanguage\":\"pt-PT\",\"potentialAction\":[{\"@type\":\"ReadAction\",\"target\":[\"https:\/\/portaltela.pt\/noticias\/2026\/02\/03\/rio-alviela-e-alvo-de-ataques-ambientais-diarios\/\"]}]},{\"@type\":\"ImageObject\",\"inLanguage\":\"pt-PT\",\"@id\":\"https:\/\/portaltela.pt\/noticias\/2026\/02\/03\/rio-alviela-e-alvo-de-ataques-ambientais-diarios\/#primaryimage\",\"url\":\"https:\/\/portaltela.pt\/s.01k8rhncp4jt1\/2026\/02\/img_1500x1000uu2026-02-03-12-44-02-2264435.jpg\",\"contentUrl\":\"https:\/\/portaltela.pt\/s.01k8rhncp4jt1\/2026\/02\/img_1500x1000uu2026-02-03-12-44-02-2264435.jpg\",\"width\":796,\"height\":448,\"caption\":\"Rio Alviela\"},{\"@type\":\"BreadcrumbList\",\"@id\":\"https:\/\/portaltela.pt\/noticias\/2026\/02\/03\/rio-alviela-e-alvo-de-ataques-ambientais-diarios\/#breadcrumb\",\"itemListElement\":[{\"@type\":\"ListItem\",\"position\":1,\"name\":\"In\u00edcio\",\"item\":\"https:\/\/portaltela.pt\/\"},{\"@type\":\"ListItem\",\"position\":2,\"name\":\"Rio Alviela \u00e9 alvo de ataques ambientais di\u00e1rios\"}]},{\"@type\":\"WebSite\",\"@id\":\"https:\/\/portaltela.pt\/#website\",\"url\":\"https:\/\/portaltela.pt\/\",\"name\":\"Portal Tela Portugal\",\"description\":\"\",\"potentialAction\":[{\"@type\":\"SearchAction\",\"target\":{\"@type\":\"EntryPoint\",\"urlTemplate\":\"https:\/\/portaltela.pt\/?s={search_term_string}\"},\"query-input\":{\"@type\":\"PropertyValueSpecification\",\"valueRequired\":true,\"valueName\":\"search_term_string\"}}],\"inLanguage\":\"pt-PT\"},{\"@type\":\"Person\",\"@id\":\"https:\/\/portaltela.pt\/#\/schema\/person\/c4278d4a6028830caff9ee44b42d32ed\",\"name\":\"Telinha\",\"image\":{\"@type\":\"ImageObject\",\"inLanguage\":\"pt-PT\",\"@id\":\"https:\/\/portaltela.pt\/s.01k8rhncp4jt1\/2025\/11\/talking-bot-125x125.png\",\"url\":\"https:\/\/portaltela.pt\/s.01k8rhncp4jt1\/2025\/11\/talking-bot-125x125.png\",\"contentUrl\":\"https:\/\/portaltela.pt\/s.01k8rhncp4jt1\/2025\/11\/talking-bot-125x125.png\",\"caption\":\"Telinha\"},\"sameAs\":[\"https:\/\/portaltela.pt\/\"],\"url\":\"https:\/\/portaltela.pt\/por\/367410592786\/\"}]}<\/script>\n<!-- \/ Yoast SEO plugin. -->","yoast_head_json":{"title":"Rio Alviela \u00e9 alvo de ataques ambientais di\u00e1rios - Portal Tela Portugal","robots":{"index":"index","follow":"follow","max-snippet":"max-snippet:-1","max-image-preview":"max-image-preview:large","max-video-preview":"max-video-preview:-1"},"og_locale":"pt_PT","og_type":"article","og_title":"Rio Alviela \u00e9 alvo de ataques ambientais di\u00e1rios - Portal Tela Portugal","og_description":"Moradores de Pernes, Santar\u00e9m, acordaram a 3 de fevereiro com cheiro nauseabundo e o Alviela com espuma castanha a jusante, rumo \u00e0 foz em Vale de Figueira. O rio tem recebido descargas poluentes di\u00e1rias desde a semana passada, coincidentes com as chuvas intensas provocadas pela depress\u00e3o que afeta Portugal. O v\u00eddeo de Edgar Pinto mostra que os dejetos s\u00e3o de origem animal, de uma das sete pecu\u00e1rias e suiniculturas entre Pernes e Vaqueiros. Al\u00e9m disso, h\u00e1 descargas qu\u00edmicas de curtumes ou da Esta\u00e7\u00e3o de Tratamento de \u00c1guas Residuais de Alcanena, segundo os moradores. Os residentes queixam-se da atua\u00e7\u00e3o do Servi\u00e7o Especial de Prote\u00e7\u00e3o da Natureza da GNR, que apenas recebe participa\u00e7\u00f5es por telefone em hor\u00e1rio de expediente e acaba por deslocar-se tarde aos locais.","og_url":"https:\/\/portaltela.pt\/noticias\/2026\/02\/03\/rio-alviela-e-alvo-de-ataques-ambientais-diarios\/","og_site_name":"Portal Tela Portugal","article_published_time":"2026-02-03T12:44:28+00:00","author":"Telinha","twitter_card":"summary_large_image","twitter_misc":{"Escrito por":"Telinha","Tempo estimado de leitura":"1 minuto"},"schema":{"@context":"https:\/\/schema.org","@graph":[{"@type":"Article","@id":"https:\/\/portaltela.pt\/noticias\/2026\/02\/03\/rio-alviela-e-alvo-de-ataques-ambientais-diarios\/#article","isPartOf":{"@id":"https:\/\/portaltela.pt\/noticias\/2026\/02\/03\/rio-alviela-e-alvo-de-ataques-ambientais-diarios\/"},"author":{"name":"Telinha","@id":"https:\/\/portaltela.pt\/#\/schema\/person\/c4278d4a6028830caff9ee44b42d32ed"},"headline":"Rio Alviela \u00e9 alvo de ataques ambientais di\u00e1rios","datePublished":"2026-02-03T12:44:28+00:00","mainEntityOfPage":{"@id":"https:\/\/portaltela.pt\/noticias\/2026\/02\/03\/rio-alviela-e-alvo-de-ataques-ambientais-diarios\/"},"wordCount":282,"image":{"@id":"https:\/\/portaltela.pt\/noticias\/2026\/02\/03\/rio-alviela-e-alvo-de-ataques-ambientais-diarios\/#primaryimage"},"thumbnailUrl":"https:\/\/portaltela.pt\/s.01k8rhncp4jt1\/2026\/02\/img_1500x1000uu2026-02-03-12-44-02-2264435.jpg","keywords":["\u00e1gua","contamina\u00e7\u00f5es","GNR","polui\u00e7\u00e3o ambiental","Santar\u00e9m","SEPNA"],"articleSection":["Not\u00edcias"],"inLanguage":"pt-PT"},{"@type":"WebPage","@id":"https:\/\/portaltela.pt\/noticias\/2026\/02\/03\/rio-alviela-e-alvo-de-ataques-ambientais-diarios\/","url":"https:\/\/portaltela.pt\/noticias\/2026\/02\/03\/rio-alviela-e-alvo-de-ataques-ambientais-diarios\/","name":"Rio Alviela \u00e9 alvo de ataques ambientais di\u00e1rios - Portal Tela Portugal","isPartOf":{"@id":"https:\/\/portaltela.pt\/#website"},"primaryImageOfPage":{"@id":"https:\/\/portaltela.pt\/noticias\/2026\/02\/03\/rio-alviela-e-alvo-de-ataques-ambientais-diarios\/#primaryimage"},"image":{"@id":"https:\/\/portaltela.pt\/noticias\/2026\/02\/03\/rio-alviela-e-alvo-de-ataques-ambientais-diarios\/#primaryimage"},"thumbnailUrl":"https:\/\/portaltela.pt\/s.01k8rhncp4jt1\/2026\/02\/img_1500x1000uu2026-02-03-12-44-02-2264435.jpg","datePublished":"2026-02-03T12:44:28+00:00","author":{"@id":"https:\/\/portaltela.pt\/#\/schema\/person\/c4278d4a6028830caff9ee44b42d32ed"},"breadcrumb":{"@id":"https:\/\/portaltela.pt\/noticias\/2026\/02\/03\/rio-alviela-e-alvo-de-ataques-ambientais-diarios\/#breadcrumb"},"inLanguage":"pt-PT","potentialAction":[{"@type":"ReadAction","target":["https:\/\/portaltela.pt\/noticias\/2026\/02\/03\/rio-alviela-e-alvo-de-ataques-ambientais-diarios\/"]}]},{"@type":"ImageObject","inLanguage":"pt-PT","@id":"https:\/\/portaltela.pt\/noticias\/2026\/02\/03\/rio-alviela-e-alvo-de-ataques-ambientais-diarios\/#primaryimage","url":"https:\/\/portaltela.pt\/s.01k8rhncp4jt1\/2026\/02\/img_1500x1000uu2026-02-03-12-44-02-2264435.jpg","contentUrl":"https:\/\/portaltela.pt\/s.01k8rhncp4jt1\/2026\/02\/img_1500x1000uu2026-02-03-12-44-02-2264435.jpg","width":796,"height":448,"caption":"Rio Alviela"},{"@type":"BreadcrumbList","@id":"https:\/\/portaltela.pt\/noticias\/2026\/02\/03\/rio-alviela-e-alvo-de-ataques-ambientais-diarios\/#breadcrumb","itemListElement":[{"@type":"ListItem","position":1,"name":"In\u00edcio","item":"https:\/\/portaltela.pt\/"},{"@type":"ListItem","position":2,"name":"Rio Alviela \u00e9 alvo de ataques ambientais di\u00e1rios"}]},{"@type":"WebSite","@id":"https:\/\/portaltela.pt\/#website","url":"https:\/\/portaltela.pt\/","name":"Portal Tela Portugal","description":"","potentialAction":[{"@type":"SearchAction","target":{"@type":"EntryPoint","urlTemplate":"https:\/\/portaltela.pt\/?s={search_term_string}"},"query-input":{"@type":"PropertyValueSpecification","valueRequired":true,"valueName":"search_term_string"}}],"inLanguage":"pt-PT"},{"@type":"Person","@id":"https:\/\/portaltela.pt\/#\/schema\/person\/c4278d4a6028830caff9ee44b42d32ed","name":"Telinha","image":{"@type":"ImageObject","inLanguage":"pt-PT","@id":"https:\/\/portaltela.pt\/s.01k8rhncp4jt1\/2025\/11\/talking-bot-125x125.png","url":"https:\/\/portaltela.pt\/s.01k8rhncp4jt1\/2025\/11\/talking-bot-125x125.png","contentUrl":"https:\/\/portaltela.pt\/s.01k8rhncp4jt1\/2025\/11\/talking-bot-125x125.png","caption":"Telinha"},"sameAs":["https:\/\/portaltela.pt\/"],"url":"https:\/\/portaltela.pt\/por\/367410592786\/"}]}},"_links":{"self":[{"href":"https:\/\/portaltela.pt\/api\/wp\/v2\/posts\/193651","targetHints":{"allow":["GET"]}}],"collection":[{"href":"https:\/\/portaltela.pt\/api\/wp\/v2\/posts"}],"about":[{"href":"https:\/\/portaltela.pt\/api\/wp\/v2\/types\/post"}],"author":[{"embeddable":true,"href":"https:\/\/portaltela.pt\/api\/wp\/v2\/users\/2"}],"replies":[{"embeddable":true,"href":"https:\/\/portaltela.pt\/api\/wp\/v2\/comments?post=193651"}],"version-history":[{"count":0,"href":"https:\/\/portaltela.pt\/api\/wp\/v2\/posts\/193651\/revisions"}],"wp:featuredmedia":[{"embeddable":true,"href":"https:\/\/portaltela.pt\/api\/wp\/v2\/media\/193655"}],"wp:attachment":[{"href":"https:\/\/portaltela.pt\/api\/wp\/v2\/media?parent=193651"}],"wp:term":[{"taxonomy":"category","embeddable":true,"href":"https:\/\/portaltela.pt\/api\/wp\/v2\/categories?post=193651"},{"taxonomy":"post_tag","embeddable":true,"href":"https:\/\/portaltela.pt\/api\/wp\/v2\/tags?post=193651"}],"curies":[{"name":"wp","href":"https:\/\/api.w.org\/{rel}","templated":true}]}}