{"id":193647,"date":"2026-02-03T09:17:00","date_gmt":"2026-02-03T12:17:00","guid":{"rendered":"https:\/\/portaltela.pt\/noticias\/2026\/02\/03\/governo-avalia-proposta-de-estacionamento-em-santana\/"},"modified":"2026-02-03T09:17:00","modified_gmt":"2026-02-03T12:17:00","slug":"governo-avalia-proposta-de-estacionamento-em-santana","status":"publish","type":"post","link":"https:\/\/portaltela.pt\/noticias\/2026\/02\/03\/governo-avalia-proposta-de-estacionamento-em-santana\/","title":{"rendered":"Governo avalia proposta de estacionamento em Santana"},"content":{"rendered":"<p>O Governo Regional est\u00e1 a analisar uma proposta de estacionamento na \u00e1rea situada abaixo das Queimadas, em Santana. O processo envolve a C\u00e2mara Municipal de Santana e o Executivo regional, com o objetivo de viabilizar a infraestrutura.<\/p>\n<p>Segundo o secret\u00e1rio regional de Turismo, Ambiente e Cultura, Eduardo Jesus, a proposta j\u00e1 foi remetida para aprecia\u00e7\u00e3o jur\u00eddica. O governo procura um entendimento com a C\u00e2mara de Santana para avan\u00e7ar com o projeto.<\/p>\n<p>\u00c0 margem da apresenta\u00e7\u00e3o do livro Manuel Nicolau Retratos, Eduardo Jesus indicou que ainda n\u00e3o est\u00e3o definidos os pormenores do investimento. A capacidade prevista aponta para cerca de 200 lugares, sem um modelo de financiamento definido.<\/p>\n<h3>Progresso do projeto<\/h3>\n<p>Existe um estudo preliminar elaborado para a C\u00e2mara de Santana, mas os n\u00fameros poder\u00e3o sofrer altera\u00e7\u00f5es \u00e0 medida que o projeto evoluir, conforme o conhecimento divulgado pela RTP Madeira.<\/p>\n<p>Pode haver mudan\u00e7as no esquema de financiamento ou na dimens\u00e3o final do estacionamento, dependentes de acordos entre as partes envolvidas e da avalia\u00e7\u00e3o jur\u00eddica em curso.<\/p>\n","protected":false},"excerpt":{"rendered":"<ul>\n<li>O Governo Regional e a C\u00e2mara Municipal de Santana estudam criar um estacionamento na \u00e1rea situada abaixo das Queimadas.<\/li>\n<li>A proposta j\u00e1 foi remetida para aprecia\u00e7\u00e3o jur\u00eddica, enquanto o Executivo procura um entendimento com a C\u00e2mara para viabilizar a infraestrutura.<\/li>\n<li>Os pormenores do investimento ainda n\u00e3o est\u00e3o definidos, incluindo a capacidade final, apontada preliminarmente para cerca de 200 lugares.<\/li>\n<li>O modelo de financiamento ainda est\u00e1 em aberto, podendo ser financiado pelo Governo Regional ou pela autarquia.<\/li>\n<li>Um estudo preliminar j\u00e1 foi elaborado para a C\u00e2mara de Santana, com n\u00fameros que podem sofrer altera\u00e7\u00f5es \u00e0 medida que o projeto evolua (divulgado pela RTP Madeira).<\/li>\n<\/ul>\n","protected":false},"author":2,"featured_media":193649,"comment_status":"closed","ping_status":"closed","sticky":false,"template":"","format":"standard","meta":{"footnotes":""},"categories":[1],"tags":[168,167,2706,1615,2096,169],"class_list":["post-193647","post","type-post","status-publish","format-standard","has-post-thumbnail","hentry","category-noticias","tag-administracao-publica","tag-ambiente","tag-autarquias","tag-infraestrutura","tag-santana","tag-turismo"],"yoast_head":"<!-- This site is optimized with the Yoast SEO plugin v27.2 - https:\/\/yoast.com\/product\/yoast-seo-wordpress\/ -->\n<title>Governo avalia proposta de estacionamento em Santana - Portal Tela Portugal<\/title>\n<meta name=\"robots\" content=\"index, follow, max-snippet:-1, max-image-preview:large, max-video-preview:-1\" \/>\n<meta property=\"og:locale\" content=\"pt_PT\" \/>\n<meta property=\"og:type\" content=\"article\" \/>\n<meta property=\"og:title\" content=\"Governo avalia proposta de estacionamento em Santana - Portal Tela Portugal\" \/>\n<meta property=\"og:description\" content=\"O Governo Regional e a C\u00e2mara Municipal de Santana estudam criar um estacionamento na \u00e1rea situada abaixo das Queimadas. A proposta j\u00e1 foi remetida para aprecia\u00e7\u00e3o jur\u00eddica, enquanto o Executivo procura um entendimento com a C\u00e2mara para viabilizar a infraestrutura. Os pormenores do investimento ainda n\u00e3o est\u00e3o definidos, incluindo a capacidade final, apontada preliminarmente para cerca de 200 lugares. O modelo de financiamento ainda est\u00e1 em aberto, podendo ser financiado pelo Governo Regional ou pela autarquia. Um estudo preliminar j\u00e1 foi elaborado para a C\u00e2mara de Santana, com n\u00fameros que podem sofrer altera\u00e7\u00f5es \u00e0 medida que o projeto evolua (divulgado pela RTP Madeira).\" \/>\n<meta property=\"og:url\" content=\"https:\/\/portaltela.pt\/noticias\/2026\/02\/03\/governo-avalia-proposta-de-estacionamento-em-santana\/\" \/>\n<meta property=\"og:site_name\" content=\"Portal Tela Portugal\" \/>\n<meta property=\"article:published_time\" content=\"2026-02-03T12:17:00+00:00\" \/>\n<meta name=\"author\" content=\"Telinha\" \/>\n<meta name=\"twitter:card\" content=\"summary_large_image\" \/>\n<meta name=\"twitter:label1\" content=\"Escrito por\" \/>\n\t<meta name=\"twitter:data1\" content=\"Telinha\" \/>\n\t<meta name=\"twitter:label2\" content=\"Tempo estimado de leitura\" \/>\n\t<meta name=\"twitter:data2\" content=\"1 minuto\" \/>\n<script type=\"application\/ld+json\" class=\"yoast-schema-graph\">{\"@context\":\"https:\/\/schema.org\",\"@graph\":[{\"@type\":\"Article\",\"@id\":\"https:\/\/portaltela.pt\/noticias\/2026\/02\/03\/governo-avalia-proposta-de-estacionamento-em-santana\/#article\",\"isPartOf\":{\"@id\":\"https:\/\/portaltela.pt\/noticias\/2026\/02\/03\/governo-avalia-proposta-de-estacionamento-em-santana\/\"},\"author\":{\"name\":\"Telinha\",\"@id\":\"https:\/\/portaltela.pt\/#\/schema\/person\/c4278d4a6028830caff9ee44b42d32ed\"},\"headline\":\"Governo avalia proposta de estacionamento em Santana\",\"datePublished\":\"2026-02-03T12:17:00+00:00\",\"mainEntityOfPage\":{\"@id\":\"https:\/\/portaltela.pt\/noticias\/2026\/02\/03\/governo-avalia-proposta-de-estacionamento-em-santana\/\"},\"wordCount\":186,\"image\":{\"@id\":\"https:\/\/portaltela.pt\/noticias\/2026\/02\/03\/governo-avalia-proposta-de-estacionamento-em-santana\/#primaryimage\"},\"thumbnailUrl\":\"https:\/\/portaltela.pt\/s.01k8rhncp4jt1\/2026\/02\/unnamed-file-800.jpg\",\"keywords\":[\"administra\u00e7\u00e3o p\u00fablica\",\"ambiente\",\"autarquias\",\"infraestrutura\",\"Santana\",\"turismo\"],\"articleSection\":[\"Not\u00edcias\"],\"inLanguage\":\"pt-PT\"},{\"@type\":\"WebPage\",\"@id\":\"https:\/\/portaltela.pt\/noticias\/2026\/02\/03\/governo-avalia-proposta-de-estacionamento-em-santana\/\",\"url\":\"https:\/\/portaltela.pt\/noticias\/2026\/02\/03\/governo-avalia-proposta-de-estacionamento-em-santana\/\",\"name\":\"Governo avalia proposta de estacionamento em Santana - Portal Tela Portugal\",\"isPartOf\":{\"@id\":\"https:\/\/portaltela.pt\/#website\"},\"primaryImageOfPage\":{\"@id\":\"https:\/\/portaltela.pt\/noticias\/2026\/02\/03\/governo-avalia-proposta-de-estacionamento-em-santana\/#primaryimage\"},\"image\":{\"@id\":\"https:\/\/portaltela.pt\/noticias\/2026\/02\/03\/governo-avalia-proposta-de-estacionamento-em-santana\/#primaryimage\"},\"thumbnailUrl\":\"https:\/\/portaltela.pt\/s.01k8rhncp4jt1\/2026\/02\/unnamed-file-800.jpg\",\"datePublished\":\"2026-02-03T12:17:00+00:00\",\"author\":{\"@id\":\"https:\/\/portaltela.pt\/#\/schema\/person\/c4278d4a6028830caff9ee44b42d32ed\"},\"breadcrumb\":{\"@id\":\"https:\/\/portaltela.pt\/noticias\/2026\/02\/03\/governo-avalia-proposta-de-estacionamento-em-santana\/#breadcrumb\"},\"inLanguage\":\"pt-PT\",\"potentialAction\":[{\"@type\":\"ReadAction\",\"target\":[\"https:\/\/portaltela.pt\/noticias\/2026\/02\/03\/governo-avalia-proposta-de-estacionamento-em-santana\/\"]}]},{\"@type\":\"ImageObject\",\"inLanguage\":\"pt-PT\",\"@id\":\"https:\/\/portaltela.pt\/noticias\/2026\/02\/03\/governo-avalia-proposta-de-estacionamento-em-santana\/#primaryimage\",\"url\":\"https:\/\/portaltela.pt\/s.01k8rhncp4jt1\/2026\/02\/unnamed-file-800.jpg\",\"contentUrl\":\"https:\/\/portaltela.pt\/s.01k8rhncp4jt1\/2026\/02\/unnamed-file-800.jpg\",\"width\":796,\"height\":448,\"caption\":\"Imagem captada em Agosto do ano passado.\"},{\"@type\":\"BreadcrumbList\",\"@id\":\"https:\/\/portaltela.pt\/noticias\/2026\/02\/03\/governo-avalia-proposta-de-estacionamento-em-santana\/#breadcrumb\",\"itemListElement\":[{\"@type\":\"ListItem\",\"position\":1,\"name\":\"In\u00edcio\",\"item\":\"https:\/\/portaltela.pt\/\"},{\"@type\":\"ListItem\",\"position\":2,\"name\":\"Governo avalia proposta de estacionamento em Santana\"}]},{\"@type\":\"WebSite\",\"@id\":\"https:\/\/portaltela.pt\/#website\",\"url\":\"https:\/\/portaltela.pt\/\",\"name\":\"Portal Tela Portugal\",\"description\":\"\",\"potentialAction\":[{\"@type\":\"SearchAction\",\"target\":{\"@type\":\"EntryPoint\",\"urlTemplate\":\"https:\/\/portaltela.pt\/?s={search_term_string}\"},\"query-input\":{\"@type\":\"PropertyValueSpecification\",\"valueRequired\":true,\"valueName\":\"search_term_string\"}}],\"inLanguage\":\"pt-PT\"},{\"@type\":\"Person\",\"@id\":\"https:\/\/portaltela.pt\/#\/schema\/person\/c4278d4a6028830caff9ee44b42d32ed\",\"name\":\"Telinha\",\"image\":{\"@type\":\"ImageObject\",\"inLanguage\":\"pt-PT\",\"@id\":\"https:\/\/portaltela.pt\/s.01k8rhncp4jt1\/2025\/11\/talking-bot-125x125.png\",\"url\":\"https:\/\/portaltela.pt\/s.01k8rhncp4jt1\/2025\/11\/talking-bot-125x125.png\",\"contentUrl\":\"https:\/\/portaltela.pt\/s.01k8rhncp4jt1\/2025\/11\/talking-bot-125x125.png\",\"caption\":\"Telinha\"},\"sameAs\":[\"https:\/\/portaltela.pt\/\"],\"url\":\"https:\/\/portaltela.pt\/por\/367410592786\/\"}]}<\/script>\n<!-- \/ Yoast SEO plugin. -->","yoast_head_json":{"title":"Governo avalia proposta de estacionamento em Santana - Portal Tela Portugal","robots":{"index":"index","follow":"follow","max-snippet":"max-snippet:-1","max-image-preview":"max-image-preview:large","max-video-preview":"max-video-preview:-1"},"og_locale":"pt_PT","og_type":"article","og_title":"Governo avalia proposta de estacionamento em Santana - Portal Tela Portugal","og_description":"O Governo Regional e a C\u00e2mara Municipal de Santana estudam criar um estacionamento na \u00e1rea situada abaixo das Queimadas. A proposta j\u00e1 foi remetida para aprecia\u00e7\u00e3o jur\u00eddica, enquanto o Executivo procura um entendimento com a C\u00e2mara para viabilizar a infraestrutura. Os pormenores do investimento ainda n\u00e3o est\u00e3o definidos, incluindo a capacidade final, apontada preliminarmente para cerca de 200 lugares. O modelo de financiamento ainda est\u00e1 em aberto, podendo ser financiado pelo Governo Regional ou pela autarquia. Um estudo preliminar j\u00e1 foi elaborado para a C\u00e2mara de Santana, com n\u00fameros que podem sofrer altera\u00e7\u00f5es \u00e0 medida que o projeto evolua (divulgado pela RTP Madeira).","og_url":"https:\/\/portaltela.pt\/noticias\/2026\/02\/03\/governo-avalia-proposta-de-estacionamento-em-santana\/","og_site_name":"Portal Tela Portugal","article_published_time":"2026-02-03T12:17:00+00:00","author":"Telinha","twitter_card":"summary_large_image","twitter_misc":{"Escrito por":"Telinha","Tempo estimado de leitura":"1 minuto"},"schema":{"@context":"https:\/\/schema.org","@graph":[{"@type":"Article","@id":"https:\/\/portaltela.pt\/noticias\/2026\/02\/03\/governo-avalia-proposta-de-estacionamento-em-santana\/#article","isPartOf":{"@id":"https:\/\/portaltela.pt\/noticias\/2026\/02\/03\/governo-avalia-proposta-de-estacionamento-em-santana\/"},"author":{"name":"Telinha","@id":"https:\/\/portaltela.pt\/#\/schema\/person\/c4278d4a6028830caff9ee44b42d32ed"},"headline":"Governo avalia proposta de estacionamento em Santana","datePublished":"2026-02-03T12:17:00+00:00","mainEntityOfPage":{"@id":"https:\/\/portaltela.pt\/noticias\/2026\/02\/03\/governo-avalia-proposta-de-estacionamento-em-santana\/"},"wordCount":186,"image":{"@id":"https:\/\/portaltela.pt\/noticias\/2026\/02\/03\/governo-avalia-proposta-de-estacionamento-em-santana\/#primaryimage"},"thumbnailUrl":"https:\/\/portaltela.pt\/s.01k8rhncp4jt1\/2026\/02\/unnamed-file-800.jpg","keywords":["administra\u00e7\u00e3o p\u00fablica","ambiente","autarquias","infraestrutura","Santana","turismo"],"articleSection":["Not\u00edcias"],"inLanguage":"pt-PT"},{"@type":"WebPage","@id":"https:\/\/portaltela.pt\/noticias\/2026\/02\/03\/governo-avalia-proposta-de-estacionamento-em-santana\/","url":"https:\/\/portaltela.pt\/noticias\/2026\/02\/03\/governo-avalia-proposta-de-estacionamento-em-santana\/","name":"Governo avalia proposta de estacionamento em Santana - Portal Tela Portugal","isPartOf":{"@id":"https:\/\/portaltela.pt\/#website"},"primaryImageOfPage":{"@id":"https:\/\/portaltela.pt\/noticias\/2026\/02\/03\/governo-avalia-proposta-de-estacionamento-em-santana\/#primaryimage"},"image":{"@id":"https:\/\/portaltela.pt\/noticias\/2026\/02\/03\/governo-avalia-proposta-de-estacionamento-em-santana\/#primaryimage"},"thumbnailUrl":"https:\/\/portaltela.pt\/s.01k8rhncp4jt1\/2026\/02\/unnamed-file-800.jpg","datePublished":"2026-02-03T12:17:00+00:00","author":{"@id":"https:\/\/portaltela.pt\/#\/schema\/person\/c4278d4a6028830caff9ee44b42d32ed"},"breadcrumb":{"@id":"https:\/\/portaltela.pt\/noticias\/2026\/02\/03\/governo-avalia-proposta-de-estacionamento-em-santana\/#breadcrumb"},"inLanguage":"pt-PT","potentialAction":[{"@type":"ReadAction","target":["https:\/\/portaltela.pt\/noticias\/2026\/02\/03\/governo-avalia-proposta-de-estacionamento-em-santana\/"]}]},{"@type":"ImageObject","inLanguage":"pt-PT","@id":"https:\/\/portaltela.pt\/noticias\/2026\/02\/03\/governo-avalia-proposta-de-estacionamento-em-santana\/#primaryimage","url":"https:\/\/portaltela.pt\/s.01k8rhncp4jt1\/2026\/02\/unnamed-file-800.jpg","contentUrl":"https:\/\/portaltela.pt\/s.01k8rhncp4jt1\/2026\/02\/unnamed-file-800.jpg","width":796,"height":448,"caption":"Imagem captada em Agosto do ano passado."},{"@type":"BreadcrumbList","@id":"https:\/\/portaltela.pt\/noticias\/2026\/02\/03\/governo-avalia-proposta-de-estacionamento-em-santana\/#breadcrumb","itemListElement":[{"@type":"ListItem","position":1,"name":"In\u00edcio","item":"https:\/\/portaltela.pt\/"},{"@type":"ListItem","position":2,"name":"Governo avalia proposta de estacionamento em Santana"}]},{"@type":"WebSite","@id":"https:\/\/portaltela.pt\/#website","url":"https:\/\/portaltela.pt\/","name":"Portal Tela Portugal","description":"","potentialAction":[{"@type":"SearchAction","target":{"@type":"EntryPoint","urlTemplate":"https:\/\/portaltela.pt\/?s={search_term_string}"},"query-input":{"@type":"PropertyValueSpecification","valueRequired":true,"valueName":"search_term_string"}}],"inLanguage":"pt-PT"},{"@type":"Person","@id":"https:\/\/portaltela.pt\/#\/schema\/person\/c4278d4a6028830caff9ee44b42d32ed","name":"Telinha","image":{"@type":"ImageObject","inLanguage":"pt-PT","@id":"https:\/\/portaltela.pt\/s.01k8rhncp4jt1\/2025\/11\/talking-bot-125x125.png","url":"https:\/\/portaltela.pt\/s.01k8rhncp4jt1\/2025\/11\/talking-bot-125x125.png","contentUrl":"https:\/\/portaltela.pt\/s.01k8rhncp4jt1\/2025\/11\/talking-bot-125x125.png","caption":"Telinha"},"sameAs":["https:\/\/portaltela.pt\/"],"url":"https:\/\/portaltela.pt\/por\/367410592786\/"}]}},"_links":{"self":[{"href":"https:\/\/portaltela.pt\/api\/wp\/v2\/posts\/193647","targetHints":{"allow":["GET"]}}],"collection":[{"href":"https:\/\/portaltela.pt\/api\/wp\/v2\/posts"}],"about":[{"href":"https:\/\/portaltela.pt\/api\/wp\/v2\/types\/post"}],"author":[{"embeddable":true,"href":"https:\/\/portaltela.pt\/api\/wp\/v2\/users\/2"}],"replies":[{"embeddable":true,"href":"https:\/\/portaltela.pt\/api\/wp\/v2\/comments?post=193647"}],"version-history":[{"count":0,"href":"https:\/\/portaltela.pt\/api\/wp\/v2\/posts\/193647\/revisions"}],"wp:featuredmedia":[{"embeddable":true,"href":"https:\/\/portaltela.pt\/api\/wp\/v2\/media\/193649"}],"wp:attachment":[{"href":"https:\/\/portaltela.pt\/api\/wp\/v2\/media?parent=193647"}],"wp:term":[{"taxonomy":"category","embeddable":true,"href":"https:\/\/portaltela.pt\/api\/wp\/v2\/categories?post=193647"},{"taxonomy":"post_tag","embeddable":true,"href":"https:\/\/portaltela.pt\/api\/wp\/v2\/tags?post=193647"}],"curies":[{"name":"wp","href":"https:\/\/api.w.org\/{rel}","templated":true}]}}