{"id":193595,"date":"2026-02-03T08:47:06","date_gmt":"2026-02-03T11:47:06","guid":{"rendered":"https:\/\/portaltela.pt\/noticias\/2026\/02\/03\/criancas-e-idosos-resgatados-apos-autocarro-ficar-preso-na-neve\/"},"modified":"2026-02-03T08:47:06","modified_gmt":"2026-02-03T11:47:06","slug":"criancas-e-idosos-resgatados-apos-autocarro-ficar-preso-na-neve","status":"publish","type":"post","link":"https:\/\/portaltela.pt\/noticias\/2026\/02\/03\/criancas-e-idosos-resgatados-apos-autocarro-ficar-preso-na-neve\/","title":{"rendered":"Crian\u00e7as e idosos resgatados ap\u00f3s autocarro ficar preso na neve"},"content":{"rendered":"<p>Um autocarro que transportava crian\u00e7as e idosos ficou preso esta manh\u00e3 na Estrada Municipal 550, na Serra de Montemuro, perto de Castro Daire, no distrito de Viseu, devido \u00e0 neve ca\u00edda.<\/p>\n<p>Os passageiros eram principalmente alunos em desloca\u00e7\u00e3o para a escola e idosos. Foi realizada a evacua\u00e7\u00e3o do interior do ve\u00edculo por bombeiros presentes no local.<\/p>\n<p>A EM 550 ficou cortada na zona por causa da neviza\u00e7\u00e3o ocorrida durante a noite, segundo o comando regional.<\/p>\n<h3>Opera\u00e7\u00f5es de resgate<\/h3>\n<p>O condutor afirmou que, ao iniciar a subida, n\u00e3o contava com neve acentuada; a sec\u00e7\u00e3o inferior estava h\u00famida e transit\u00e1vel, mas a parte superior ficou gelada.<\/p>\n<p>Entre 25 e 30 passageiros seguiam no autocarro, n\u00e3o tendo sido poss\u00edvel continuar a viagem. O condutor disse conhecer bem a estrada, mas esta \u00e9poca trouxe nev\u00f5es que surpreenderam.<\/p>\n<p>N\u00e3o h\u00e1 registo de encerramento de outras vias na regi\u00e3o; o autocarro permanece no local \u00e0 espera de uma m\u00e1quina de limpeza de neve.<\/p>\n","protected":false},"excerpt":{"rendered":"<ul>\n<li>Um autocarro que transportava crian\u00e7as e idosos ficou preso esta manh\u00e3 na Estrada Municipal (EM) 550, na Serra de Montemuro, entre Pinheiro e Castro Daire, no distrito de Viseu.<\/li>\n<li>Os passageiros, sobretudo crian\u00e7as a caminho da escola e idosos, foram retirados para carros dos bombeiros que j\u00e1 estavam no local, segundo a SIC Not\u00edcias.<\/li>\n<li>A EM 550 ficou cortada pela neve acumulada durante a noite, o que impediu a continuidade da viagem.<\/li>\n<li>O motorista afirmou que, na subida, n\u00e3o contava com a neve, j\u00e1 que a parte mais baixa estava transit\u00e1vel, mas a estrada ficou gelada e o autocarro n\u00e3o conseguiu prosseguir.<\/li>\n<li>O ve\u00edculo continua no local, aguardando a chegada de um limpa-neves; n\u00e3o h\u00e1 registo de outras estradas cortadas na zona da Serra de Montemuro.<\/li>\n<\/ul>\n","protected":false},"author":2,"featured_media":193605,"comment_status":"closed","ping_status":"closed","sticky":false,"template":"","format":"standard","meta":{"footnotes":""},"categories":[1],"tags":[2088,3769,971,1797,1662,4971],"class_list":["post-193595","post","type-post","status-publish","format-standard","has-post-thumbnail","hentry","category-noticias","tag-acidente-de-viacao","tag-autocarros","tag-bombeiros","tag-castro-daire","tag-montemuro","tag-transporte-rodoviario"],"yoast_head":"<!-- This site is optimized with the Yoast SEO plugin v27.2 - https:\/\/yoast.com\/product\/yoast-seo-wordpress\/ -->\n<title>Crian\u00e7as e idosos resgatados ap\u00f3s autocarro ficar preso na neve - Portal Tela Portugal<\/title>\n<meta name=\"robots\" content=\"index, follow, max-snippet:-1, max-image-preview:large, max-video-preview:-1\" \/>\n<meta property=\"og:locale\" content=\"pt_PT\" \/>\n<meta property=\"og:type\" content=\"article\" \/>\n<meta property=\"og:title\" content=\"Crian\u00e7as e idosos resgatados ap\u00f3s autocarro ficar preso na neve - Portal Tela Portugal\" \/>\n<meta property=\"og:description\" content=\"Um autocarro que transportava crian\u00e7as e idosos ficou preso esta manh\u00e3 na Estrada Municipal (EM) 550, na Serra de Montemuro, entre Pinheiro e Castro Daire, no distrito de Viseu. Os passageiros, sobretudo crian\u00e7as a caminho da escola e idosos, foram retirados para carros dos bombeiros que j\u00e1 estavam no local, segundo a SIC Not\u00edcias. A EM 550 ficou cortada pela neve acumulada durante a noite, o que impediu a continuidade da viagem. O motorista afirmou que, na subida, n\u00e3o contava com a neve, j\u00e1 que a parte mais baixa estava transit\u00e1vel, mas a estrada ficou gelada e o autocarro n\u00e3o conseguiu prosseguir. O ve\u00edculo continua no local, aguardando a chegada de um limpa-neves; n\u00e3o h\u00e1 registo de outras estradas cortadas na zona da Serra de Montemuro.\" \/>\n<meta property=\"og:url\" content=\"https:\/\/portaltela.pt\/noticias\/2026\/02\/03\/criancas-e-idosos-resgatados-apos-autocarro-ficar-preso-na-neve\/\" \/>\n<meta property=\"og:site_name\" content=\"Portal Tela Portugal\" \/>\n<meta property=\"article:published_time\" content=\"2026-02-03T11:47:06+00:00\" \/>\n<meta name=\"author\" content=\"Telinha\" \/>\n<meta name=\"twitter:card\" content=\"summary_large_image\" \/>\n<meta name=\"twitter:label1\" content=\"Escrito por\" \/>\n\t<meta name=\"twitter:data1\" content=\"Telinha\" \/>\n\t<meta name=\"twitter:label2\" content=\"Tempo estimado de leitura\" \/>\n\t<meta name=\"twitter:data2\" content=\"1 minuto\" \/>\n<script type=\"application\/ld+json\" class=\"yoast-schema-graph\">{\"@context\":\"https:\/\/schema.org\",\"@graph\":[{\"@type\":\"Article\",\"@id\":\"https:\/\/portaltela.pt\/noticias\/2026\/02\/03\/criancas-e-idosos-resgatados-apos-autocarro-ficar-preso-na-neve\/#article\",\"isPartOf\":{\"@id\":\"https:\/\/portaltela.pt\/noticias\/2026\/02\/03\/criancas-e-idosos-resgatados-apos-autocarro-ficar-preso-na-neve\/\"},\"author\":{\"name\":\"Telinha\",\"@id\":\"https:\/\/portaltela.pt\/#\/schema\/person\/c4278d4a6028830caff9ee44b42d32ed\"},\"headline\":\"Crian\u00e7as e idosos resgatados ap\u00f3s autocarro ficar preso na neve\",\"datePublished\":\"2026-02-03T11:47:06+00:00\",\"mainEntityOfPage\":{\"@id\":\"https:\/\/portaltela.pt\/noticias\/2026\/02\/03\/criancas-e-idosos-resgatados-apos-autocarro-ficar-preso-na-neve\/\"},\"wordCount\":180,\"image\":{\"@id\":\"https:\/\/portaltela.pt\/noticias\/2026\/02\/03\/criancas-e-idosos-resgatados-apos-autocarro-ficar-preso-na-neve\/#primaryimage\"},\"thumbnailUrl\":\"https:\/\/portaltela.pt\/s.01k8rhncp4jt1\/2026\/02\/unnamed-file-790.jpg\",\"keywords\":[\"acidente de via\u00e7\u00e3o\",\"autocarros\",\"bombeiros\",\"Castro Daire\",\"Montemuro\",\"transporte rodovi\u00e1rio\"],\"articleSection\":[\"Not\u00edcias\"],\"inLanguage\":\"pt-PT\"},{\"@type\":\"WebPage\",\"@id\":\"https:\/\/portaltela.pt\/noticias\/2026\/02\/03\/criancas-e-idosos-resgatados-apos-autocarro-ficar-preso-na-neve\/\",\"url\":\"https:\/\/portaltela.pt\/noticias\/2026\/02\/03\/criancas-e-idosos-resgatados-apos-autocarro-ficar-preso-na-neve\/\",\"name\":\"Crian\u00e7as e idosos resgatados ap\u00f3s autocarro ficar preso na neve - Portal Tela Portugal\",\"isPartOf\":{\"@id\":\"https:\/\/portaltela.pt\/#website\"},\"primaryImageOfPage\":{\"@id\":\"https:\/\/portaltela.pt\/noticias\/2026\/02\/03\/criancas-e-idosos-resgatados-apos-autocarro-ficar-preso-na-neve\/#primaryimage\"},\"image\":{\"@id\":\"https:\/\/portaltela.pt\/noticias\/2026\/02\/03\/criancas-e-idosos-resgatados-apos-autocarro-ficar-preso-na-neve\/#primaryimage\"},\"thumbnailUrl\":\"https:\/\/portaltela.pt\/s.01k8rhncp4jt1\/2026\/02\/unnamed-file-790.jpg\",\"datePublished\":\"2026-02-03T11:47:06+00:00\",\"author\":{\"@id\":\"https:\/\/portaltela.pt\/#\/schema\/person\/c4278d4a6028830caff9ee44b42d32ed\"},\"breadcrumb\":{\"@id\":\"https:\/\/portaltela.pt\/noticias\/2026\/02\/03\/criancas-e-idosos-resgatados-apos-autocarro-ficar-preso-na-neve\/#breadcrumb\"},\"inLanguage\":\"pt-PT\",\"potentialAction\":[{\"@type\":\"ReadAction\",\"target\":[\"https:\/\/portaltela.pt\/noticias\/2026\/02\/03\/criancas-e-idosos-resgatados-apos-autocarro-ficar-preso-na-neve\/\"]}]},{\"@type\":\"ImageObject\",\"inLanguage\":\"pt-PT\",\"@id\":\"https:\/\/portaltela.pt\/noticias\/2026\/02\/03\/criancas-e-idosos-resgatados-apos-autocarro-ficar-preso-na-neve\/#primaryimage\",\"url\":\"https:\/\/portaltela.pt\/s.01k8rhncp4jt1\/2026\/02\/unnamed-file-790.jpg\",\"contentUrl\":\"https:\/\/portaltela.pt\/s.01k8rhncp4jt1\/2026\/02\/unnamed-file-790.jpg\",\"width\":796,\"height\":448,\"caption\":\"Regi\u00e3o: Crian\u00e7as e idosos retirados de autocarro preso na neve\"},{\"@type\":\"BreadcrumbList\",\"@id\":\"https:\/\/portaltela.pt\/noticias\/2026\/02\/03\/criancas-e-idosos-resgatados-apos-autocarro-ficar-preso-na-neve\/#breadcrumb\",\"itemListElement\":[{\"@type\":\"ListItem\",\"position\":1,\"name\":\"In\u00edcio\",\"item\":\"https:\/\/portaltela.pt\/\"},{\"@type\":\"ListItem\",\"position\":2,\"name\":\"Crian\u00e7as e idosos resgatados ap\u00f3s autocarro ficar preso na neve\"}]},{\"@type\":\"WebSite\",\"@id\":\"https:\/\/portaltela.pt\/#website\",\"url\":\"https:\/\/portaltela.pt\/\",\"name\":\"Portal Tela Portugal\",\"description\":\"\",\"potentialAction\":[{\"@type\":\"SearchAction\",\"target\":{\"@type\":\"EntryPoint\",\"urlTemplate\":\"https:\/\/portaltela.pt\/?s={search_term_string}\"},\"query-input\":{\"@type\":\"PropertyValueSpecification\",\"valueRequired\":true,\"valueName\":\"search_term_string\"}}],\"inLanguage\":\"pt-PT\"},{\"@type\":\"Person\",\"@id\":\"https:\/\/portaltela.pt\/#\/schema\/person\/c4278d4a6028830caff9ee44b42d32ed\",\"name\":\"Telinha\",\"image\":{\"@type\":\"ImageObject\",\"inLanguage\":\"pt-PT\",\"@id\":\"https:\/\/portaltela.pt\/s.01k8rhncp4jt1\/2025\/11\/talking-bot-125x125.png\",\"url\":\"https:\/\/portaltela.pt\/s.01k8rhncp4jt1\/2025\/11\/talking-bot-125x125.png\",\"contentUrl\":\"https:\/\/portaltela.pt\/s.01k8rhncp4jt1\/2025\/11\/talking-bot-125x125.png\",\"caption\":\"Telinha\"},\"sameAs\":[\"https:\/\/portaltela.pt\/\"],\"url\":\"https:\/\/portaltela.pt\/por\/367410592786\/\"}]}<\/script>\n<!-- \/ Yoast SEO plugin. -->","yoast_head_json":{"title":"Crian\u00e7as e idosos resgatados ap\u00f3s autocarro ficar preso na neve - Portal Tela Portugal","robots":{"index":"index","follow":"follow","max-snippet":"max-snippet:-1","max-image-preview":"max-image-preview:large","max-video-preview":"max-video-preview:-1"},"og_locale":"pt_PT","og_type":"article","og_title":"Crian\u00e7as e idosos resgatados ap\u00f3s autocarro ficar preso na neve - Portal Tela Portugal","og_description":"Um autocarro que transportava crian\u00e7as e idosos ficou preso esta manh\u00e3 na Estrada Municipal (EM) 550, na Serra de Montemuro, entre Pinheiro e Castro Daire, no distrito de Viseu. Os passageiros, sobretudo crian\u00e7as a caminho da escola e idosos, foram retirados para carros dos bombeiros que j\u00e1 estavam no local, segundo a SIC Not\u00edcias. A EM 550 ficou cortada pela neve acumulada durante a noite, o que impediu a continuidade da viagem. O motorista afirmou que, na subida, n\u00e3o contava com a neve, j\u00e1 que a parte mais baixa estava transit\u00e1vel, mas a estrada ficou gelada e o autocarro n\u00e3o conseguiu prosseguir. O ve\u00edculo continua no local, aguardando a chegada de um limpa-neves; n\u00e3o h\u00e1 registo de outras estradas cortadas na zona da Serra de Montemuro.","og_url":"https:\/\/portaltela.pt\/noticias\/2026\/02\/03\/criancas-e-idosos-resgatados-apos-autocarro-ficar-preso-na-neve\/","og_site_name":"Portal Tela Portugal","article_published_time":"2026-02-03T11:47:06+00:00","author":"Telinha","twitter_card":"summary_large_image","twitter_misc":{"Escrito por":"Telinha","Tempo estimado de leitura":"1 minuto"},"schema":{"@context":"https:\/\/schema.org","@graph":[{"@type":"Article","@id":"https:\/\/portaltela.pt\/noticias\/2026\/02\/03\/criancas-e-idosos-resgatados-apos-autocarro-ficar-preso-na-neve\/#article","isPartOf":{"@id":"https:\/\/portaltela.pt\/noticias\/2026\/02\/03\/criancas-e-idosos-resgatados-apos-autocarro-ficar-preso-na-neve\/"},"author":{"name":"Telinha","@id":"https:\/\/portaltela.pt\/#\/schema\/person\/c4278d4a6028830caff9ee44b42d32ed"},"headline":"Crian\u00e7as e idosos resgatados ap\u00f3s autocarro ficar preso na neve","datePublished":"2026-02-03T11:47:06+00:00","mainEntityOfPage":{"@id":"https:\/\/portaltela.pt\/noticias\/2026\/02\/03\/criancas-e-idosos-resgatados-apos-autocarro-ficar-preso-na-neve\/"},"wordCount":180,"image":{"@id":"https:\/\/portaltela.pt\/noticias\/2026\/02\/03\/criancas-e-idosos-resgatados-apos-autocarro-ficar-preso-na-neve\/#primaryimage"},"thumbnailUrl":"https:\/\/portaltela.pt\/s.01k8rhncp4jt1\/2026\/02\/unnamed-file-790.jpg","keywords":["acidente de via\u00e7\u00e3o","autocarros","bombeiros","Castro Daire","Montemuro","transporte rodovi\u00e1rio"],"articleSection":["Not\u00edcias"],"inLanguage":"pt-PT"},{"@type":"WebPage","@id":"https:\/\/portaltela.pt\/noticias\/2026\/02\/03\/criancas-e-idosos-resgatados-apos-autocarro-ficar-preso-na-neve\/","url":"https:\/\/portaltela.pt\/noticias\/2026\/02\/03\/criancas-e-idosos-resgatados-apos-autocarro-ficar-preso-na-neve\/","name":"Crian\u00e7as e idosos resgatados ap\u00f3s autocarro ficar preso na neve - Portal Tela Portugal","isPartOf":{"@id":"https:\/\/portaltela.pt\/#website"},"primaryImageOfPage":{"@id":"https:\/\/portaltela.pt\/noticias\/2026\/02\/03\/criancas-e-idosos-resgatados-apos-autocarro-ficar-preso-na-neve\/#primaryimage"},"image":{"@id":"https:\/\/portaltela.pt\/noticias\/2026\/02\/03\/criancas-e-idosos-resgatados-apos-autocarro-ficar-preso-na-neve\/#primaryimage"},"thumbnailUrl":"https:\/\/portaltela.pt\/s.01k8rhncp4jt1\/2026\/02\/unnamed-file-790.jpg","datePublished":"2026-02-03T11:47:06+00:00","author":{"@id":"https:\/\/portaltela.pt\/#\/schema\/person\/c4278d4a6028830caff9ee44b42d32ed"},"breadcrumb":{"@id":"https:\/\/portaltela.pt\/noticias\/2026\/02\/03\/criancas-e-idosos-resgatados-apos-autocarro-ficar-preso-na-neve\/#breadcrumb"},"inLanguage":"pt-PT","potentialAction":[{"@type":"ReadAction","target":["https:\/\/portaltela.pt\/noticias\/2026\/02\/03\/criancas-e-idosos-resgatados-apos-autocarro-ficar-preso-na-neve\/"]}]},{"@type":"ImageObject","inLanguage":"pt-PT","@id":"https:\/\/portaltela.pt\/noticias\/2026\/02\/03\/criancas-e-idosos-resgatados-apos-autocarro-ficar-preso-na-neve\/#primaryimage","url":"https:\/\/portaltela.pt\/s.01k8rhncp4jt1\/2026\/02\/unnamed-file-790.jpg","contentUrl":"https:\/\/portaltela.pt\/s.01k8rhncp4jt1\/2026\/02\/unnamed-file-790.jpg","width":796,"height":448,"caption":"Regi\u00e3o: Crian\u00e7as e idosos retirados de autocarro preso na neve"},{"@type":"BreadcrumbList","@id":"https:\/\/portaltela.pt\/noticias\/2026\/02\/03\/criancas-e-idosos-resgatados-apos-autocarro-ficar-preso-na-neve\/#breadcrumb","itemListElement":[{"@type":"ListItem","position":1,"name":"In\u00edcio","item":"https:\/\/portaltela.pt\/"},{"@type":"ListItem","position":2,"name":"Crian\u00e7as e idosos resgatados ap\u00f3s autocarro ficar preso na neve"}]},{"@type":"WebSite","@id":"https:\/\/portaltela.pt\/#website","url":"https:\/\/portaltela.pt\/","name":"Portal Tela Portugal","description":"","potentialAction":[{"@type":"SearchAction","target":{"@type":"EntryPoint","urlTemplate":"https:\/\/portaltela.pt\/?s={search_term_string}"},"query-input":{"@type":"PropertyValueSpecification","valueRequired":true,"valueName":"search_term_string"}}],"inLanguage":"pt-PT"},{"@type":"Person","@id":"https:\/\/portaltela.pt\/#\/schema\/person\/c4278d4a6028830caff9ee44b42d32ed","name":"Telinha","image":{"@type":"ImageObject","inLanguage":"pt-PT","@id":"https:\/\/portaltela.pt\/s.01k8rhncp4jt1\/2025\/11\/talking-bot-125x125.png","url":"https:\/\/portaltela.pt\/s.01k8rhncp4jt1\/2025\/11\/talking-bot-125x125.png","contentUrl":"https:\/\/portaltela.pt\/s.01k8rhncp4jt1\/2025\/11\/talking-bot-125x125.png","caption":"Telinha"},"sameAs":["https:\/\/portaltela.pt\/"],"url":"https:\/\/portaltela.pt\/por\/367410592786\/"}]}},"_links":{"self":[{"href":"https:\/\/portaltela.pt\/api\/wp\/v2\/posts\/193595","targetHints":{"allow":["GET"]}}],"collection":[{"href":"https:\/\/portaltela.pt\/api\/wp\/v2\/posts"}],"about":[{"href":"https:\/\/portaltela.pt\/api\/wp\/v2\/types\/post"}],"author":[{"embeddable":true,"href":"https:\/\/portaltela.pt\/api\/wp\/v2\/users\/2"}],"replies":[{"embeddable":true,"href":"https:\/\/portaltela.pt\/api\/wp\/v2\/comments?post=193595"}],"version-history":[{"count":0,"href":"https:\/\/portaltela.pt\/api\/wp\/v2\/posts\/193595\/revisions"}],"wp:featuredmedia":[{"embeddable":true,"href":"https:\/\/portaltela.pt\/api\/wp\/v2\/media\/193605"}],"wp:attachment":[{"href":"https:\/\/portaltela.pt\/api\/wp\/v2\/media?parent=193595"}],"wp:term":[{"taxonomy":"category","embeddable":true,"href":"https:\/\/portaltela.pt\/api\/wp\/v2\/categories?post=193595"},{"taxonomy":"post_tag","embeddable":true,"href":"https:\/\/portaltela.pt\/api\/wp\/v2\/tags?post=193595"}],"curies":[{"name":"wp","href":"https:\/\/api.w.org\/{rel}","templated":true}]}}