{"id":193569,"date":"2026-02-03T08:49:30","date_gmt":"2026-02-03T11:49:30","guid":{"rendered":"https:\/\/portaltela.pt\/noticias\/2026\/02\/03\/oms-solicita-mais-financiamento-para-paises-em-crises-graves\/"},"modified":"2026-02-03T08:49:30","modified_gmt":"2026-02-03T11:49:30","slug":"oms-solicita-mais-financiamento-para-paises-em-crises-graves","status":"publish","type":"post","link":"https:\/\/portaltela.pt\/noticias\/2026\/02\/03\/oms-solicita-mais-financiamento-para-paises-em-crises-graves\/","title":{"rendered":"OMS solicita mais financiamento para pa\u00edses em crises graves"},"content":{"rendered":"<p>A Organiza\u00e7\u00e3o Mundial da Sa\u00fade (OMS) apelou hoje \u00e0 capta\u00e7\u00e3o de 1 mil milh\u00f5es de d\u00f3lares para apoiar servi\u00e7os de sa\u00fade essenciais em pa\u00edses afetados por emerg\u00eancias graves. O apelo destina-se a 36 \u00e1reas, incluindo Faixa de Gaza, Sud\u00e3o, Ucr\u00e2nia, Rep\u00fablica Democr\u00e1tica do Congo, Haiti e Myanmar. O objetivo \u00e9 refor\u00e7ar as respostas de sa\u00fade.<\/p>\n<p>A mensagem foi lan\u00e7ada por Chikwe Ihekweazu, diretor executivo do Programa de Emerg\u00eancias da OMS, em Genebra. A institui\u00e7\u00e3o sublinha a dimens\u00e3o das necessidades e a urg\u00eancia de financiamento suficiente para responder \u00e0s crises em curso.<\/p>\n<p>No ano passado, a OMS pediu 1,5 mil milh\u00f5es de d\u00f3lares, tendo recebido apenas 900 milh\u00f5es. Em 2025, a organiza\u00e7\u00e3o atuou em 50 emerg\u00eancias de sa\u00fade em 82 pa\u00edses, ajudando mais de 30 milh\u00f5es de pessoas com servi\u00e7os essenciais.<\/p>\n<h3>Financiamento em foco<\/h3>\n<p>Ihekweazu indicou que, em 2025, a OMS apoiou mais de oito mil unidades de sa\u00fade e implementou 1.400 cl\u00ednicas m\u00f3veis. Ao longo dos 12 meses anteriores, foram detetadas e geridas mais de 450 amea\u00e7as de sa\u00fade p\u00fablica em vigil\u00e2ncia em tempo real.<\/p>\n<p>Segundo a OMS, 250 milh\u00f5es de pessoas vivem em crises humanit\u00e1rias que limitam o acesso a cuidados m\u00e9dicos, com 2025 descrito como excepcionalmente dif\u00edcil. Os cortes globais de financiamento levaram ao encerramento ou redu\u00e7\u00e3o de 6.700 unidades de sa\u00fade em 22 contextos, afetando 53 milh\u00f5es de pessoas.<\/p>\n<h3>Desdobramentos<\/h3>\n<p>A organiza\u00e7\u00e3o refor\u00e7a a necessidade de recursos para manter servi\u00e7os cr\u00edticos e evitar interrup\u00e7\u00f5es no atendimento. O apelo visa sustentar respostas r\u00e1pidas, materiais m\u00e9dicos e pessoal especializado em regi\u00f5es sob press\u00e3o humanit\u00e1ria. A OMS n\u00e3o divulga fontes externas neste resumo.<\/p>\n","protected":false},"excerpt":{"rendered":"<ul>\n<li>A OMS pediu mil milh\u00f5es de d\u00f3lares (842 milh\u00f5es de euros) para apoiar servi\u00e7os de sa\u00fade essenciais em pa\u00edses com emerg\u00eancias graves, incluindo Faixa de Gaza, Sud\u00e3o, Ucr\u00e2nia, Rep\u00fablica Democr\u00e1tica do Congo, Haiti e Myanmar.<\/li>\n<li>O m\u00e1ximo foi atingido no ano anterior, quando a OMS pediu 1,5 mil milh\u00f5es de d\u00f3lares e recebeu apenas 900 milh\u00f5es.<\/li>\n<li>Em 2025, a OMS respondeu a 50 emerg\u00eancias de sa\u00fade em 82 pa\u00edses, ajudando mais de 30 milh\u00f5es de pessoas com servi\u00e7os b\u00e1sicos.<\/li>\n<li>Foram apoiadas mais de oito mil unidades de sa\u00fade e criadas 1.400 cl\u00ednicas m\u00f3veis, segundo a OMS.<\/li>\n<li>Nos \u00faltimos doze meses, a OMS identificou e lidou com mais de 450 amea\u00e7as de sa\u00fade p\u00fablica em vigil\u00e2ncia em tempo real; 250 milh\u00f5es de pessoas vivem em crises humanit\u00e1rias sem acesso a cuidados m\u00e9dicos.<\/li>\n<\/ul>\n","protected":false},"author":2,"featured_media":193582,"comment_status":"closed","ping_status":"closed","sticky":false,"template":"","format":"standard","meta":{"footnotes":""},"categories":[1],"tags":[3651,2065,5250,2064,5252,2134],"class_list":["post-193569","post","type-post","status-publish","format-standard","has-post-thumbnail","hentry","category-noticias","tag-gaza","tag-haiti","tag-myanmar","tag-republica-democratica-do-congo","tag-sudao","tag-ucrania"],"yoast_head":"<!-- This site is optimized with the Yoast SEO plugin v27.2 - https:\/\/yoast.com\/product\/yoast-seo-wordpress\/ -->\n<title>OMS solicita mais financiamento para pa\u00edses em crises graves - Portal Tela Portugal<\/title>\n<meta name=\"robots\" content=\"index, follow, max-snippet:-1, max-image-preview:large, max-video-preview:-1\" \/>\n<meta property=\"og:locale\" content=\"pt_PT\" \/>\n<meta property=\"og:type\" content=\"article\" \/>\n<meta property=\"og:title\" content=\"OMS solicita mais financiamento para pa\u00edses em crises graves - Portal Tela Portugal\" \/>\n<meta property=\"og:description\" content=\"A OMS pediu mil milh\u00f5es de d\u00f3lares (842 milh\u00f5es de euros) para apoiar servi\u00e7os de sa\u00fade essenciais em pa\u00edses com emerg\u00eancias graves, incluindo Faixa de Gaza, Sud\u00e3o, Ucr\u00e2nia, Rep\u00fablica Democr\u00e1tica do Congo, Haiti e Myanmar. O m\u00e1ximo foi atingido no ano anterior, quando a OMS pediu 1,5 mil milh\u00f5es de d\u00f3lares e recebeu apenas 900 milh\u00f5es. Em 2025, a OMS respondeu a 50 emerg\u00eancias de sa\u00fade em 82 pa\u00edses, ajudando mais de 30 milh\u00f5es de pessoas com servi\u00e7os b\u00e1sicos. Foram apoiadas mais de oito mil unidades de sa\u00fade e criadas 1.400 cl\u00ednicas m\u00f3veis, segundo a OMS. Nos \u00faltimos doze meses, a OMS identificou e lidou com mais de 450 amea\u00e7as de sa\u00fade p\u00fablica em vigil\u00e2ncia em tempo real; 250 milh\u00f5es de pessoas vivem em crises humanit\u00e1rias sem acesso a cuidados m\u00e9dicos.\" \/>\n<meta property=\"og:url\" content=\"https:\/\/portaltela.pt\/noticias\/2026\/02\/03\/oms-solicita-mais-financiamento-para-paises-em-crises-graves\/\" \/>\n<meta property=\"og:site_name\" content=\"Portal Tela Portugal\" \/>\n<meta property=\"article:published_time\" content=\"2026-02-03T11:49:30+00:00\" \/>\n<meta name=\"author\" content=\"Telinha\" \/>\n<meta name=\"twitter:card\" content=\"summary_large_image\" \/>\n<meta name=\"twitter:label1\" content=\"Escrito por\" \/>\n\t<meta name=\"twitter:data1\" content=\"Telinha\" \/>\n\t<meta name=\"twitter:label2\" content=\"Tempo estimado de leitura\" \/>\n\t<meta name=\"twitter:data2\" content=\"1 minuto\" \/>\n<script type=\"application\/ld+json\" class=\"yoast-schema-graph\">{\"@context\":\"https:\/\/schema.org\",\"@graph\":[{\"@type\":\"Article\",\"@id\":\"https:\/\/portaltela.pt\/noticias\/2026\/02\/03\/oms-solicita-mais-financiamento-para-paises-em-crises-graves\/#article\",\"isPartOf\":{\"@id\":\"https:\/\/portaltela.pt\/noticias\/2026\/02\/03\/oms-solicita-mais-financiamento-para-paises-em-crises-graves\/\"},\"author\":{\"name\":\"Telinha\",\"@id\":\"https:\/\/portaltela.pt\/#\/schema\/person\/c4278d4a6028830caff9ee44b42d32ed\"},\"headline\":\"OMS solicita mais financiamento para pa\u00edses em crises graves\",\"datePublished\":\"2026-02-03T11:49:30+00:00\",\"mainEntityOfPage\":{\"@id\":\"https:\/\/portaltela.pt\/noticias\/2026\/02\/03\/oms-solicita-mais-financiamento-para-paises-em-crises-graves\/\"},\"wordCount\":308,\"image\":{\"@id\":\"https:\/\/portaltela.pt\/noticias\/2026\/02\/03\/oms-solicita-mais-financiamento-para-paises-em-crises-graves\/#primaryimage\"},\"thumbnailUrl\":\"https:\/\/portaltela.pt\/s.01k8rhncp4jt1\/2026\/02\/unnamed-file-787.jpg\",\"keywords\":[\"Gaza\",\"Haiti\",\"Myanmar\",\"Rep\u00fablica Democr\u00e1tica do Congo\",\"Sud\u00e3o\",\"Ucr\u00e2nia\"],\"articleSection\":[\"Not\u00edcias\"],\"inLanguage\":\"pt-PT\"},{\"@type\":\"WebPage\",\"@id\":\"https:\/\/portaltela.pt\/noticias\/2026\/02\/03\/oms-solicita-mais-financiamento-para-paises-em-crises-graves\/\",\"url\":\"https:\/\/portaltela.pt\/noticias\/2026\/02\/03\/oms-solicita-mais-financiamento-para-paises-em-crises-graves\/\",\"name\":\"OMS solicita mais financiamento para pa\u00edses em crises graves - Portal Tela Portugal\",\"isPartOf\":{\"@id\":\"https:\/\/portaltela.pt\/#website\"},\"primaryImageOfPage\":{\"@id\":\"https:\/\/portaltela.pt\/noticias\/2026\/02\/03\/oms-solicita-mais-financiamento-para-paises-em-crises-graves\/#primaryimage\"},\"image\":{\"@id\":\"https:\/\/portaltela.pt\/noticias\/2026\/02\/03\/oms-solicita-mais-financiamento-para-paises-em-crises-graves\/#primaryimage\"},\"thumbnailUrl\":\"https:\/\/portaltela.pt\/s.01k8rhncp4jt1\/2026\/02\/unnamed-file-787.jpg\",\"datePublished\":\"2026-02-03T11:49:30+00:00\",\"author\":{\"@id\":\"https:\/\/portaltela.pt\/#\/schema\/person\/c4278d4a6028830caff9ee44b42d32ed\"},\"breadcrumb\":{\"@id\":\"https:\/\/portaltela.pt\/noticias\/2026\/02\/03\/oms-solicita-mais-financiamento-para-paises-em-crises-graves\/#breadcrumb\"},\"inLanguage\":\"pt-PT\",\"potentialAction\":[{\"@type\":\"ReadAction\",\"target\":[\"https:\/\/portaltela.pt\/noticias\/2026\/02\/03\/oms-solicita-mais-financiamento-para-paises-em-crises-graves\/\"]}]},{\"@type\":\"ImageObject\",\"inLanguage\":\"pt-PT\",\"@id\":\"https:\/\/portaltela.pt\/noticias\/2026\/02\/03\/oms-solicita-mais-financiamento-para-paises-em-crises-graves\/#primaryimage\",\"url\":\"https:\/\/portaltela.pt\/s.01k8rhncp4jt1\/2026\/02\/unnamed-file-787.jpg\",\"contentUrl\":\"https:\/\/portaltela.pt\/s.01k8rhncp4jt1\/2026\/02\/unnamed-file-787.jpg\",\"width\":796,\"height\":448,\"caption\":\"OMS pediu mais financiamento para pa\u00edses que enfrentam crises graves\"},{\"@type\":\"BreadcrumbList\",\"@id\":\"https:\/\/portaltela.pt\/noticias\/2026\/02\/03\/oms-solicita-mais-financiamento-para-paises-em-crises-graves\/#breadcrumb\",\"itemListElement\":[{\"@type\":\"ListItem\",\"position\":1,\"name\":\"In\u00edcio\",\"item\":\"https:\/\/portaltela.pt\/\"},{\"@type\":\"ListItem\",\"position\":2,\"name\":\"OMS solicita mais financiamento para pa\u00edses em crises graves\"}]},{\"@type\":\"WebSite\",\"@id\":\"https:\/\/portaltela.pt\/#website\",\"url\":\"https:\/\/portaltela.pt\/\",\"name\":\"Portal Tela Portugal\",\"description\":\"\",\"potentialAction\":[{\"@type\":\"SearchAction\",\"target\":{\"@type\":\"EntryPoint\",\"urlTemplate\":\"https:\/\/portaltela.pt\/?s={search_term_string}\"},\"query-input\":{\"@type\":\"PropertyValueSpecification\",\"valueRequired\":true,\"valueName\":\"search_term_string\"}}],\"inLanguage\":\"pt-PT\"},{\"@type\":\"Person\",\"@id\":\"https:\/\/portaltela.pt\/#\/schema\/person\/c4278d4a6028830caff9ee44b42d32ed\",\"name\":\"Telinha\",\"image\":{\"@type\":\"ImageObject\",\"inLanguage\":\"pt-PT\",\"@id\":\"https:\/\/portaltela.pt\/s.01k8rhncp4jt1\/2025\/11\/talking-bot-125x125.png\",\"url\":\"https:\/\/portaltela.pt\/s.01k8rhncp4jt1\/2025\/11\/talking-bot-125x125.png\",\"contentUrl\":\"https:\/\/portaltela.pt\/s.01k8rhncp4jt1\/2025\/11\/talking-bot-125x125.png\",\"caption\":\"Telinha\"},\"sameAs\":[\"https:\/\/portaltela.pt\/\"],\"url\":\"https:\/\/portaltela.pt\/por\/367410592786\/\"}]}<\/script>\n<!-- \/ Yoast SEO plugin. -->","yoast_head_json":{"title":"OMS solicita mais financiamento para pa\u00edses em crises graves - Portal Tela Portugal","robots":{"index":"index","follow":"follow","max-snippet":"max-snippet:-1","max-image-preview":"max-image-preview:large","max-video-preview":"max-video-preview:-1"},"og_locale":"pt_PT","og_type":"article","og_title":"OMS solicita mais financiamento para pa\u00edses em crises graves - Portal Tela Portugal","og_description":"A OMS pediu mil milh\u00f5es de d\u00f3lares (842 milh\u00f5es de euros) para apoiar servi\u00e7os de sa\u00fade essenciais em pa\u00edses com emerg\u00eancias graves, incluindo Faixa de Gaza, Sud\u00e3o, Ucr\u00e2nia, Rep\u00fablica Democr\u00e1tica do Congo, Haiti e Myanmar. O m\u00e1ximo foi atingido no ano anterior, quando a OMS pediu 1,5 mil milh\u00f5es de d\u00f3lares e recebeu apenas 900 milh\u00f5es. Em 2025, a OMS respondeu a 50 emerg\u00eancias de sa\u00fade em 82 pa\u00edses, ajudando mais de 30 milh\u00f5es de pessoas com servi\u00e7os b\u00e1sicos. Foram apoiadas mais de oito mil unidades de sa\u00fade e criadas 1.400 cl\u00ednicas m\u00f3veis, segundo a OMS. Nos \u00faltimos doze meses, a OMS identificou e lidou com mais de 450 amea\u00e7as de sa\u00fade p\u00fablica em vigil\u00e2ncia em tempo real; 250 milh\u00f5es de pessoas vivem em crises humanit\u00e1rias sem acesso a cuidados m\u00e9dicos.","og_url":"https:\/\/portaltela.pt\/noticias\/2026\/02\/03\/oms-solicita-mais-financiamento-para-paises-em-crises-graves\/","og_site_name":"Portal Tela Portugal","article_published_time":"2026-02-03T11:49:30+00:00","author":"Telinha","twitter_card":"summary_large_image","twitter_misc":{"Escrito por":"Telinha","Tempo estimado de leitura":"1 minuto"},"schema":{"@context":"https:\/\/schema.org","@graph":[{"@type":"Article","@id":"https:\/\/portaltela.pt\/noticias\/2026\/02\/03\/oms-solicita-mais-financiamento-para-paises-em-crises-graves\/#article","isPartOf":{"@id":"https:\/\/portaltela.pt\/noticias\/2026\/02\/03\/oms-solicita-mais-financiamento-para-paises-em-crises-graves\/"},"author":{"name":"Telinha","@id":"https:\/\/portaltela.pt\/#\/schema\/person\/c4278d4a6028830caff9ee44b42d32ed"},"headline":"OMS solicita mais financiamento para pa\u00edses em crises graves","datePublished":"2026-02-03T11:49:30+00:00","mainEntityOfPage":{"@id":"https:\/\/portaltela.pt\/noticias\/2026\/02\/03\/oms-solicita-mais-financiamento-para-paises-em-crises-graves\/"},"wordCount":308,"image":{"@id":"https:\/\/portaltela.pt\/noticias\/2026\/02\/03\/oms-solicita-mais-financiamento-para-paises-em-crises-graves\/#primaryimage"},"thumbnailUrl":"https:\/\/portaltela.pt\/s.01k8rhncp4jt1\/2026\/02\/unnamed-file-787.jpg","keywords":["Gaza","Haiti","Myanmar","Rep\u00fablica Democr\u00e1tica do Congo","Sud\u00e3o","Ucr\u00e2nia"],"articleSection":["Not\u00edcias"],"inLanguage":"pt-PT"},{"@type":"WebPage","@id":"https:\/\/portaltela.pt\/noticias\/2026\/02\/03\/oms-solicita-mais-financiamento-para-paises-em-crises-graves\/","url":"https:\/\/portaltela.pt\/noticias\/2026\/02\/03\/oms-solicita-mais-financiamento-para-paises-em-crises-graves\/","name":"OMS solicita mais financiamento para pa\u00edses em crises graves - Portal Tela Portugal","isPartOf":{"@id":"https:\/\/portaltela.pt\/#website"},"primaryImageOfPage":{"@id":"https:\/\/portaltela.pt\/noticias\/2026\/02\/03\/oms-solicita-mais-financiamento-para-paises-em-crises-graves\/#primaryimage"},"image":{"@id":"https:\/\/portaltela.pt\/noticias\/2026\/02\/03\/oms-solicita-mais-financiamento-para-paises-em-crises-graves\/#primaryimage"},"thumbnailUrl":"https:\/\/portaltela.pt\/s.01k8rhncp4jt1\/2026\/02\/unnamed-file-787.jpg","datePublished":"2026-02-03T11:49:30+00:00","author":{"@id":"https:\/\/portaltela.pt\/#\/schema\/person\/c4278d4a6028830caff9ee44b42d32ed"},"breadcrumb":{"@id":"https:\/\/portaltela.pt\/noticias\/2026\/02\/03\/oms-solicita-mais-financiamento-para-paises-em-crises-graves\/#breadcrumb"},"inLanguage":"pt-PT","potentialAction":[{"@type":"ReadAction","target":["https:\/\/portaltela.pt\/noticias\/2026\/02\/03\/oms-solicita-mais-financiamento-para-paises-em-crises-graves\/"]}]},{"@type":"ImageObject","inLanguage":"pt-PT","@id":"https:\/\/portaltela.pt\/noticias\/2026\/02\/03\/oms-solicita-mais-financiamento-para-paises-em-crises-graves\/#primaryimage","url":"https:\/\/portaltela.pt\/s.01k8rhncp4jt1\/2026\/02\/unnamed-file-787.jpg","contentUrl":"https:\/\/portaltela.pt\/s.01k8rhncp4jt1\/2026\/02\/unnamed-file-787.jpg","width":796,"height":448,"caption":"OMS pediu mais financiamento para pa\u00edses que enfrentam crises graves"},{"@type":"BreadcrumbList","@id":"https:\/\/portaltela.pt\/noticias\/2026\/02\/03\/oms-solicita-mais-financiamento-para-paises-em-crises-graves\/#breadcrumb","itemListElement":[{"@type":"ListItem","position":1,"name":"In\u00edcio","item":"https:\/\/portaltela.pt\/"},{"@type":"ListItem","position":2,"name":"OMS solicita mais financiamento para pa\u00edses em crises graves"}]},{"@type":"WebSite","@id":"https:\/\/portaltela.pt\/#website","url":"https:\/\/portaltela.pt\/","name":"Portal Tela Portugal","description":"","potentialAction":[{"@type":"SearchAction","target":{"@type":"EntryPoint","urlTemplate":"https:\/\/portaltela.pt\/?s={search_term_string}"},"query-input":{"@type":"PropertyValueSpecification","valueRequired":true,"valueName":"search_term_string"}}],"inLanguage":"pt-PT"},{"@type":"Person","@id":"https:\/\/portaltela.pt\/#\/schema\/person\/c4278d4a6028830caff9ee44b42d32ed","name":"Telinha","image":{"@type":"ImageObject","inLanguage":"pt-PT","@id":"https:\/\/portaltela.pt\/s.01k8rhncp4jt1\/2025\/11\/talking-bot-125x125.png","url":"https:\/\/portaltela.pt\/s.01k8rhncp4jt1\/2025\/11\/talking-bot-125x125.png","contentUrl":"https:\/\/portaltela.pt\/s.01k8rhncp4jt1\/2025\/11\/talking-bot-125x125.png","caption":"Telinha"},"sameAs":["https:\/\/portaltela.pt\/"],"url":"https:\/\/portaltela.pt\/por\/367410592786\/"}]}},"_links":{"self":[{"href":"https:\/\/portaltela.pt\/api\/wp\/v2\/posts\/193569","targetHints":{"allow":["GET"]}}],"collection":[{"href":"https:\/\/portaltela.pt\/api\/wp\/v2\/posts"}],"about":[{"href":"https:\/\/portaltela.pt\/api\/wp\/v2\/types\/post"}],"author":[{"embeddable":true,"href":"https:\/\/portaltela.pt\/api\/wp\/v2\/users\/2"}],"replies":[{"embeddable":true,"href":"https:\/\/portaltela.pt\/api\/wp\/v2\/comments?post=193569"}],"version-history":[{"count":0,"href":"https:\/\/portaltela.pt\/api\/wp\/v2\/posts\/193569\/revisions"}],"wp:featuredmedia":[{"embeddable":true,"href":"https:\/\/portaltela.pt\/api\/wp\/v2\/media\/193582"}],"wp:attachment":[{"href":"https:\/\/portaltela.pt\/api\/wp\/v2\/media?parent=193569"}],"wp:term":[{"taxonomy":"category","embeddable":true,"href":"https:\/\/portaltela.pt\/api\/wp\/v2\/categories?post=193569"},{"taxonomy":"post_tag","embeddable":true,"href":"https:\/\/portaltela.pt\/api\/wp\/v2\/tags?post=193569"}],"curies":[{"name":"wp","href":"https:\/\/api.w.org\/{rel}","templated":true}]}}