{"id":193544,"date":"2026-02-03T08:58:38","date_gmt":"2026-02-03T11:58:38","guid":{"rendered":"https:\/\/portaltela.pt\/noticias\/2026\/02\/03\/oms-pede-mais-financiamento-para-paises-em-crise-grave\/"},"modified":"2026-02-03T08:58:38","modified_gmt":"2026-02-03T11:58:38","slug":"oms-pede-mais-financiamento-para-paises-em-crise-grave","status":"publish","type":"post","link":"https:\/\/portaltela.pt\/noticias\/2026\/02\/03\/oms-pede-mais-financiamento-para-paises-em-crise-grave\/","title":{"rendered":"OMS pede mais financiamento para pa\u00edses em crise grave"},"content":{"rendered":"<p>A Organiza\u00e7\u00e3o Mundial da Sa\u00fade pediu hoje a montagem de mil milh\u00f5es de d\u00f3lares (842 milh\u00f5es de euros) para apoiar servi\u00e7os de sa\u00fade essenciais em pa\u00edses a atravessar emerg\u00eancias graves. O apelo mira 36 \u00e1reas, incluindo Faixa de Gaza, Sud\u00e3o, Ucr\u00e2nia, RDC, Haiti e Myanmar.<\/p>\n<p>Chikwe Ihekweazu, diretor executivo do Programa de Emerg\u00eancias da OMS, explicou aos jornalistas em Genebra que os fundos devem refor\u00e7ar respostas de sa\u00fade nestas zonas. A prioridade \u00e9 manter a\u00e7\u00f5es urgentes de assist\u00eancia.<\/p>\n<p>No ano passado, a OMS pediu 1,5 mil milh\u00f5es, mas recebeu apenas 900 milh\u00f5es. Em 2025, a organiza\u00e7\u00e3o respondeu a 50 emerg\u00eancias em 82 pa\u00edses, alcan\u00e7ando mais de 30 milh\u00f5es de pessoas com servi\u00e7os essenciais.<\/p>\n<h3>Dados-chave da OMS<\/h3>\n<p>Ihekweazu indicou que, em 2025, a OMS apoiou mais de oito mil unidades de sa\u00fade e operou 1.400 cl\u00ednicas m\u00f3veis. Ao longo dos 12 meses, a vigil\u00e2ncia epidemiol\u00f3gica em tempo real identificou e geriu mais de 450 amea\u00e7as \u00e0 sa\u00fade p\u00fablica.<\/p>\n<p>Segundo a OMS, 250 milh\u00f5es de pessoas vivem em crises humanit\u00e1rias que restringem o acesso a cuidados de sa\u00fade. 2025 foi descrito como um ano particularmente dif\u00edcil nesse aspeto.<\/p>\n<p>A organiza\u00e7\u00e3o afirma que cortes no financiamento global levaram ao encerramento ou redu\u00e7\u00e3o de 6.700 unidades de sa\u00fade em 22 contextos humanit\u00e1rios, deixando cerca de 53 milh\u00f5es sem acesso aos cuidados m\u00e9dicos.<\/p>\n","protected":false},"excerpt":{"rendered":"<ul>\n<li>A Organiza\u00e7\u00e3o Mundial da Sa\u00fade pediu mil milh\u00f5es de d\u00f3lares para apoiar servi\u00e7os de sa\u00fade essenciais em 36 \u00e1reas, incluindo Faixa de Gaza, Sud\u00e3o, Ucr\u00e2nia, Rep\u00fablica Democr\u00e1tica do Congo, Haiti e Myanmar (antiga Birm\u00e2nia).<\/li>\n<li>No ano passado, a OMS solicitou 1,5 mil milh\u00f5es de d\u00f3lares, mas recebeu apenas 900 milh\u00f5es.<\/li>\n<li>Em 2025, a OMS respondeu a 50 emerg\u00eancias de sa\u00fade em 82 pa\u00edses, ajudando mais de 30 milh\u00f5es de pessoas com servi\u00e7os b\u00e1sicos.<\/li>\n<li>A organiza\u00e7\u00e3o apoiou mais de oito mil unidades de sa\u00fade e implementou 1.400 cl\u00ednicas m\u00f3veis em 2025.<\/li>\n<li>Nos \u00faltimos doze meses, foram detetadas mais de 450 amea\u00e7as \u00e0 sa\u00fade p\u00fablica em vigil\u00e2ncia em tempo real; 250 milh\u00f5es de pessoas vivem em crises que restringem o acesso a cuidados, e cortes no financiamento for\u00e7aram o encerramento ou redu\u00e7\u00e3o de 6.700 unidades de sa\u00fade em 22 contextos, privando 53 milh\u00f5es de pessoas de cuidados.<\/li>\n<\/ul>\n","protected":false},"author":2,"featured_media":193562,"comment_status":"closed","ping_status":"closed","sticky":false,"template":"","format":"standard","meta":{"footnotes":""},"categories":[1],"tags":[1935,3651,2065,5250,271,2134],"class_list":["post-193544","post","type-post","status-publish","format-standard","has-post-thumbnail","hentry","category-noticias","tag-emergencias","tag-gaza","tag-haiti","tag-myanmar","tag-saude-publica","tag-ucrania"],"yoast_head":"<!-- This site is optimized with the Yoast SEO plugin v27.2 - https:\/\/yoast.com\/product\/yoast-seo-wordpress\/ -->\n<title>OMS pede mais financiamento para pa\u00edses em crise grave - Portal Tela Portugal<\/title>\n<meta name=\"robots\" content=\"index, follow, max-snippet:-1, max-image-preview:large, max-video-preview:-1\" \/>\n<meta property=\"og:locale\" content=\"pt_PT\" \/>\n<meta property=\"og:type\" content=\"article\" \/>\n<meta property=\"og:title\" content=\"OMS pede mais financiamento para pa\u00edses em crise grave - Portal Tela Portugal\" \/>\n<meta property=\"og:description\" content=\"A Organiza\u00e7\u00e3o Mundial da Sa\u00fade pediu mil milh\u00f5es de d\u00f3lares para apoiar servi\u00e7os de sa\u00fade essenciais em 36 \u00e1reas, incluindo Faixa de Gaza, Sud\u00e3o, Ucr\u00e2nia, Rep\u00fablica Democr\u00e1tica do Congo, Haiti e Myanmar (antiga Birm\u00e2nia). No ano passado, a OMS solicitou 1,5 mil milh\u00f5es de d\u00f3lares, mas recebeu apenas 900 milh\u00f5es. Em 2025, a OMS respondeu a 50 emerg\u00eancias de sa\u00fade em 82 pa\u00edses, ajudando mais de 30 milh\u00f5es de pessoas com servi\u00e7os b\u00e1sicos. A organiza\u00e7\u00e3o apoiou mais de oito mil unidades de sa\u00fade e implementou 1.400 cl\u00ednicas m\u00f3veis em 2025. Nos \u00faltimos doze meses, foram detetadas mais de 450 amea\u00e7as \u00e0 sa\u00fade p\u00fablica em vigil\u00e2ncia em tempo real; 250 milh\u00f5es de pessoas vivem em crises que restringem o acesso a cuidados, e cortes no financiamento for\u00e7aram o encerramento ou redu\u00e7\u00e3o de 6.700 unidades de sa\u00fade em 22 contextos, privando 53 milh\u00f5es de pessoas de cuidados.\" \/>\n<meta property=\"og:url\" content=\"https:\/\/portaltela.pt\/noticias\/2026\/02\/03\/oms-pede-mais-financiamento-para-paises-em-crise-grave\/\" \/>\n<meta property=\"og:site_name\" content=\"Portal Tela Portugal\" \/>\n<meta property=\"article:published_time\" content=\"2026-02-03T11:58:38+00:00\" \/>\n<meta name=\"author\" content=\"Telinha\" \/>\n<meta name=\"twitter:card\" content=\"summary_large_image\" \/>\n<meta name=\"twitter:label1\" content=\"Escrito por\" \/>\n\t<meta name=\"twitter:data1\" content=\"Telinha\" \/>\n\t<meta name=\"twitter:label2\" content=\"Tempo estimado de leitura\" \/>\n\t<meta name=\"twitter:data2\" content=\"1 minuto\" \/>\n<script type=\"application\/ld+json\" class=\"yoast-schema-graph\">{\"@context\":\"https:\/\/schema.org\",\"@graph\":[{\"@type\":\"Article\",\"@id\":\"https:\/\/portaltela.pt\/noticias\/2026\/02\/03\/oms-pede-mais-financiamento-para-paises-em-crise-grave\/#article\",\"isPartOf\":{\"@id\":\"https:\/\/portaltela.pt\/noticias\/2026\/02\/03\/oms-pede-mais-financiamento-para-paises-em-crise-grave\/\"},\"author\":{\"name\":\"Telinha\",\"@id\":\"https:\/\/portaltela.pt\/#\/schema\/person\/c4278d4a6028830caff9ee44b42d32ed\"},\"headline\":\"OMS pede mais financiamento para pa\u00edses em crise grave\",\"datePublished\":\"2026-02-03T11:58:38+00:00\",\"mainEntityOfPage\":{\"@id\":\"https:\/\/portaltela.pt\/noticias\/2026\/02\/03\/oms-pede-mais-financiamento-para-paises-em-crise-grave\/\"},\"wordCount\":251,\"image\":{\"@id\":\"https:\/\/portaltela.pt\/noticias\/2026\/02\/03\/oms-pede-mais-financiamento-para-paises-em-crise-grave\/#primaryimage\"},\"thumbnailUrl\":\"https:\/\/portaltela.pt\/s.01k8rhncp4jt1\/2026\/02\/unnamed-file-783.jpg\",\"keywords\":[\"emerg\u00eancias\",\"Gaza\",\"Haiti\",\"Myanmar\",\"sa\u00fade p\u00fablica\",\"Ucr\u00e2nia\"],\"articleSection\":[\"Not\u00edcias\"],\"inLanguage\":\"pt-PT\"},{\"@type\":\"WebPage\",\"@id\":\"https:\/\/portaltela.pt\/noticias\/2026\/02\/03\/oms-pede-mais-financiamento-para-paises-em-crise-grave\/\",\"url\":\"https:\/\/portaltela.pt\/noticias\/2026\/02\/03\/oms-pede-mais-financiamento-para-paises-em-crise-grave\/\",\"name\":\"OMS pede mais financiamento para pa\u00edses em crise grave - Portal Tela Portugal\",\"isPartOf\":{\"@id\":\"https:\/\/portaltela.pt\/#website\"},\"primaryImageOfPage\":{\"@id\":\"https:\/\/portaltela.pt\/noticias\/2026\/02\/03\/oms-pede-mais-financiamento-para-paises-em-crise-grave\/#primaryimage\"},\"image\":{\"@id\":\"https:\/\/portaltela.pt\/noticias\/2026\/02\/03\/oms-pede-mais-financiamento-para-paises-em-crise-grave\/#primaryimage\"},\"thumbnailUrl\":\"https:\/\/portaltela.pt\/s.01k8rhncp4jt1\/2026\/02\/unnamed-file-783.jpg\",\"datePublished\":\"2026-02-03T11:58:38+00:00\",\"author\":{\"@id\":\"https:\/\/portaltela.pt\/#\/schema\/person\/c4278d4a6028830caff9ee44b42d32ed\"},\"breadcrumb\":{\"@id\":\"https:\/\/portaltela.pt\/noticias\/2026\/02\/03\/oms-pede-mais-financiamento-para-paises-em-crise-grave\/#breadcrumb\"},\"inLanguage\":\"pt-PT\",\"potentialAction\":[{\"@type\":\"ReadAction\",\"target\":[\"https:\/\/portaltela.pt\/noticias\/2026\/02\/03\/oms-pede-mais-financiamento-para-paises-em-crise-grave\/\"]}]},{\"@type\":\"ImageObject\",\"inLanguage\":\"pt-PT\",\"@id\":\"https:\/\/portaltela.pt\/noticias\/2026\/02\/03\/oms-pede-mais-financiamento-para-paises-em-crise-grave\/#primaryimage\",\"url\":\"https:\/\/portaltela.pt\/s.01k8rhncp4jt1\/2026\/02\/unnamed-file-783.jpg\",\"contentUrl\":\"https:\/\/portaltela.pt\/s.01k8rhncp4jt1\/2026\/02\/unnamed-file-783.jpg\",\"width\":796,\"height\":448,\"caption\":\"OMS pediu mais financiamento para pa\u00edses que enfrentam crises graves\"},{\"@type\":\"BreadcrumbList\",\"@id\":\"https:\/\/portaltela.pt\/noticias\/2026\/02\/03\/oms-pede-mais-financiamento-para-paises-em-crise-grave\/#breadcrumb\",\"itemListElement\":[{\"@type\":\"ListItem\",\"position\":1,\"name\":\"In\u00edcio\",\"item\":\"https:\/\/portaltela.pt\/\"},{\"@type\":\"ListItem\",\"position\":2,\"name\":\"OMS pede mais financiamento para pa\u00edses em crise grave\"}]},{\"@type\":\"WebSite\",\"@id\":\"https:\/\/portaltela.pt\/#website\",\"url\":\"https:\/\/portaltela.pt\/\",\"name\":\"Portal Tela Portugal\",\"description\":\"\",\"potentialAction\":[{\"@type\":\"SearchAction\",\"target\":{\"@type\":\"EntryPoint\",\"urlTemplate\":\"https:\/\/portaltela.pt\/?s={search_term_string}\"},\"query-input\":{\"@type\":\"PropertyValueSpecification\",\"valueRequired\":true,\"valueName\":\"search_term_string\"}}],\"inLanguage\":\"pt-PT\"},{\"@type\":\"Person\",\"@id\":\"https:\/\/portaltela.pt\/#\/schema\/person\/c4278d4a6028830caff9ee44b42d32ed\",\"name\":\"Telinha\",\"image\":{\"@type\":\"ImageObject\",\"inLanguage\":\"pt-PT\",\"@id\":\"https:\/\/portaltela.pt\/s.01k8rhncp4jt1\/2025\/11\/talking-bot-125x125.png\",\"url\":\"https:\/\/portaltela.pt\/s.01k8rhncp4jt1\/2025\/11\/talking-bot-125x125.png\",\"contentUrl\":\"https:\/\/portaltela.pt\/s.01k8rhncp4jt1\/2025\/11\/talking-bot-125x125.png\",\"caption\":\"Telinha\"},\"sameAs\":[\"https:\/\/portaltela.pt\/\"],\"url\":\"https:\/\/portaltela.pt\/por\/367410592786\/\"}]}<\/script>\n<!-- \/ Yoast SEO plugin. -->","yoast_head_json":{"title":"OMS pede mais financiamento para pa\u00edses em crise grave - Portal Tela Portugal","robots":{"index":"index","follow":"follow","max-snippet":"max-snippet:-1","max-image-preview":"max-image-preview:large","max-video-preview":"max-video-preview:-1"},"og_locale":"pt_PT","og_type":"article","og_title":"OMS pede mais financiamento para pa\u00edses em crise grave - Portal Tela Portugal","og_description":"A Organiza\u00e7\u00e3o Mundial da Sa\u00fade pediu mil milh\u00f5es de d\u00f3lares para apoiar servi\u00e7os de sa\u00fade essenciais em 36 \u00e1reas, incluindo Faixa de Gaza, Sud\u00e3o, Ucr\u00e2nia, Rep\u00fablica Democr\u00e1tica do Congo, Haiti e Myanmar (antiga Birm\u00e2nia). No ano passado, a OMS solicitou 1,5 mil milh\u00f5es de d\u00f3lares, mas recebeu apenas 900 milh\u00f5es. Em 2025, a OMS respondeu a 50 emerg\u00eancias de sa\u00fade em 82 pa\u00edses, ajudando mais de 30 milh\u00f5es de pessoas com servi\u00e7os b\u00e1sicos. A organiza\u00e7\u00e3o apoiou mais de oito mil unidades de sa\u00fade e implementou 1.400 cl\u00ednicas m\u00f3veis em 2025. Nos \u00faltimos doze meses, foram detetadas mais de 450 amea\u00e7as \u00e0 sa\u00fade p\u00fablica em vigil\u00e2ncia em tempo real; 250 milh\u00f5es de pessoas vivem em crises que restringem o acesso a cuidados, e cortes no financiamento for\u00e7aram o encerramento ou redu\u00e7\u00e3o de 6.700 unidades de sa\u00fade em 22 contextos, privando 53 milh\u00f5es de pessoas de cuidados.","og_url":"https:\/\/portaltela.pt\/noticias\/2026\/02\/03\/oms-pede-mais-financiamento-para-paises-em-crise-grave\/","og_site_name":"Portal Tela Portugal","article_published_time":"2026-02-03T11:58:38+00:00","author":"Telinha","twitter_card":"summary_large_image","twitter_misc":{"Escrito por":"Telinha","Tempo estimado de leitura":"1 minuto"},"schema":{"@context":"https:\/\/schema.org","@graph":[{"@type":"Article","@id":"https:\/\/portaltela.pt\/noticias\/2026\/02\/03\/oms-pede-mais-financiamento-para-paises-em-crise-grave\/#article","isPartOf":{"@id":"https:\/\/portaltela.pt\/noticias\/2026\/02\/03\/oms-pede-mais-financiamento-para-paises-em-crise-grave\/"},"author":{"name":"Telinha","@id":"https:\/\/portaltela.pt\/#\/schema\/person\/c4278d4a6028830caff9ee44b42d32ed"},"headline":"OMS pede mais financiamento para pa\u00edses em crise grave","datePublished":"2026-02-03T11:58:38+00:00","mainEntityOfPage":{"@id":"https:\/\/portaltela.pt\/noticias\/2026\/02\/03\/oms-pede-mais-financiamento-para-paises-em-crise-grave\/"},"wordCount":251,"image":{"@id":"https:\/\/portaltela.pt\/noticias\/2026\/02\/03\/oms-pede-mais-financiamento-para-paises-em-crise-grave\/#primaryimage"},"thumbnailUrl":"https:\/\/portaltela.pt\/s.01k8rhncp4jt1\/2026\/02\/unnamed-file-783.jpg","keywords":["emerg\u00eancias","Gaza","Haiti","Myanmar","sa\u00fade p\u00fablica","Ucr\u00e2nia"],"articleSection":["Not\u00edcias"],"inLanguage":"pt-PT"},{"@type":"WebPage","@id":"https:\/\/portaltela.pt\/noticias\/2026\/02\/03\/oms-pede-mais-financiamento-para-paises-em-crise-grave\/","url":"https:\/\/portaltela.pt\/noticias\/2026\/02\/03\/oms-pede-mais-financiamento-para-paises-em-crise-grave\/","name":"OMS pede mais financiamento para pa\u00edses em crise grave - Portal Tela Portugal","isPartOf":{"@id":"https:\/\/portaltela.pt\/#website"},"primaryImageOfPage":{"@id":"https:\/\/portaltela.pt\/noticias\/2026\/02\/03\/oms-pede-mais-financiamento-para-paises-em-crise-grave\/#primaryimage"},"image":{"@id":"https:\/\/portaltela.pt\/noticias\/2026\/02\/03\/oms-pede-mais-financiamento-para-paises-em-crise-grave\/#primaryimage"},"thumbnailUrl":"https:\/\/portaltela.pt\/s.01k8rhncp4jt1\/2026\/02\/unnamed-file-783.jpg","datePublished":"2026-02-03T11:58:38+00:00","author":{"@id":"https:\/\/portaltela.pt\/#\/schema\/person\/c4278d4a6028830caff9ee44b42d32ed"},"breadcrumb":{"@id":"https:\/\/portaltela.pt\/noticias\/2026\/02\/03\/oms-pede-mais-financiamento-para-paises-em-crise-grave\/#breadcrumb"},"inLanguage":"pt-PT","potentialAction":[{"@type":"ReadAction","target":["https:\/\/portaltela.pt\/noticias\/2026\/02\/03\/oms-pede-mais-financiamento-para-paises-em-crise-grave\/"]}]},{"@type":"ImageObject","inLanguage":"pt-PT","@id":"https:\/\/portaltela.pt\/noticias\/2026\/02\/03\/oms-pede-mais-financiamento-para-paises-em-crise-grave\/#primaryimage","url":"https:\/\/portaltela.pt\/s.01k8rhncp4jt1\/2026\/02\/unnamed-file-783.jpg","contentUrl":"https:\/\/portaltela.pt\/s.01k8rhncp4jt1\/2026\/02\/unnamed-file-783.jpg","width":796,"height":448,"caption":"OMS pediu mais financiamento para pa\u00edses que enfrentam crises graves"},{"@type":"BreadcrumbList","@id":"https:\/\/portaltela.pt\/noticias\/2026\/02\/03\/oms-pede-mais-financiamento-para-paises-em-crise-grave\/#breadcrumb","itemListElement":[{"@type":"ListItem","position":1,"name":"In\u00edcio","item":"https:\/\/portaltela.pt\/"},{"@type":"ListItem","position":2,"name":"OMS pede mais financiamento para pa\u00edses em crise grave"}]},{"@type":"WebSite","@id":"https:\/\/portaltela.pt\/#website","url":"https:\/\/portaltela.pt\/","name":"Portal Tela Portugal","description":"","potentialAction":[{"@type":"SearchAction","target":{"@type":"EntryPoint","urlTemplate":"https:\/\/portaltela.pt\/?s={search_term_string}"},"query-input":{"@type":"PropertyValueSpecification","valueRequired":true,"valueName":"search_term_string"}}],"inLanguage":"pt-PT"},{"@type":"Person","@id":"https:\/\/portaltela.pt\/#\/schema\/person\/c4278d4a6028830caff9ee44b42d32ed","name":"Telinha","image":{"@type":"ImageObject","inLanguage":"pt-PT","@id":"https:\/\/portaltela.pt\/s.01k8rhncp4jt1\/2025\/11\/talking-bot-125x125.png","url":"https:\/\/portaltela.pt\/s.01k8rhncp4jt1\/2025\/11\/talking-bot-125x125.png","contentUrl":"https:\/\/portaltela.pt\/s.01k8rhncp4jt1\/2025\/11\/talking-bot-125x125.png","caption":"Telinha"},"sameAs":["https:\/\/portaltela.pt\/"],"url":"https:\/\/portaltela.pt\/por\/367410592786\/"}]}},"_links":{"self":[{"href":"https:\/\/portaltela.pt\/api\/wp\/v2\/posts\/193544","targetHints":{"allow":["GET"]}}],"collection":[{"href":"https:\/\/portaltela.pt\/api\/wp\/v2\/posts"}],"about":[{"href":"https:\/\/portaltela.pt\/api\/wp\/v2\/types\/post"}],"author":[{"embeddable":true,"href":"https:\/\/portaltela.pt\/api\/wp\/v2\/users\/2"}],"replies":[{"embeddable":true,"href":"https:\/\/portaltela.pt\/api\/wp\/v2\/comments?post=193544"}],"version-history":[{"count":0,"href":"https:\/\/portaltela.pt\/api\/wp\/v2\/posts\/193544\/revisions"}],"wp:featuredmedia":[{"embeddable":true,"href":"https:\/\/portaltela.pt\/api\/wp\/v2\/media\/193562"}],"wp:attachment":[{"href":"https:\/\/portaltela.pt\/api\/wp\/v2\/media?parent=193544"}],"wp:term":[{"taxonomy":"category","embeddable":true,"href":"https:\/\/portaltela.pt\/api\/wp\/v2\/categories?post=193544"},{"taxonomy":"post_tag","embeddable":true,"href":"https:\/\/portaltela.pt\/api\/wp\/v2\/tags?post=193544"}],"curies":[{"name":"wp","href":"https:\/\/api.w.org\/{rel}","templated":true}]}}