{"id":193532,"date":"2026-02-03T09:14:12","date_gmt":"2026-02-03T12:14:12","guid":{"rendered":"https:\/\/portaltela.pt\/noticias\/2026\/02\/03\/autocarro-com-criancas-e-idosos-fica-preso-em-castro-daire-pela-neve\/"},"modified":"2026-02-03T09:14:12","modified_gmt":"2026-02-03T12:14:12","slug":"autocarro-com-criancas-e-idosos-fica-preso-em-castro-daire-pela-neve","status":"publish","type":"post","link":"https:\/\/portaltela.pt\/noticias\/2026\/02\/03\/autocarro-com-criancas-e-idosos-fica-preso-em-castro-daire-pela-neve\/","title":{"rendered":"Autocarro com crian\u00e7as e idosos fica preso em Castro Daire pela neve"},"content":{"rendered":"<p>Um autocarro com entre 25 e 30 passageiros, entre crian\u00e7as e idosos, ficou preso na neve na Serra de Montemuro, em Castro Daire, nesta ter\u00e7a-feira. O ve\u00edculo encontrava-se numa estrada secund\u00e1ria junto \u00e0 EN321.<\/p>\n<p>As autoridades receberam o registo do ve\u00edculo j\u00e1 sob neve, sem registo de feridos graves. Equipa de prote\u00e7\u00e3o civil est\u00e1 no local para avalia\u00e7\u00e3o da viabilidade de desloca\u00e7\u00e3o e para assegurar o bem-estar dos ocupantes.<\/p>\n<p>Quem participou no atendimento ainda n\u00e3o foi oficialmente detalhado, mas a comitiva local coordena a assist\u00eancia com servi\u00e7os de urg\u00eancia e transporte alternativo. O caso permanece sob monitoriza\u00e7\u00e3o.<\/p>\n<h3>Situa\u00e7\u00e3o no terreno<\/h3>\n<p>Prote\u00e7\u00e3o civil, assist\u00eancia m\u00e9dica e autoridades locais est\u00e3o a acompanhar a situa\u00e7\u00e3o. O objetivo \u00e9 garantir condi\u00e7\u00f5es de seguran\u00e7a e retirar o autocarro assim que as condi\u00e7\u00f5es permitirem. N\u00e3o h\u00e1 informa\u00e7\u00f5es sobre hora prevista de resolu\u00e7\u00e3o.<\/p>\n","protected":false},"excerpt":{"rendered":"<ul>\n<li>Um autocarro com entre 25 a 30 passageiros, entre crian\u00e7as e idosos, ficou preso na neve na Serra de Montemuro, em Castro Daire, nesta ter\u00e7a-feira.<\/li>\n<li>O ve\u00edculo ficou retido numa estrada secund\u00e1ria perto da Estrada Nacional 321 (EN 321).<\/li>\n<li>A foto publicada mostra o autocarro junto \u00e0s condi\u00e7\u00f5es de neve no local.<\/li>\n<li>A not\u00edcia destaca o incidente ocorrido durante o mau tempo na regi\u00e3o.<\/li>\n<li>O acompanhamento editorial do caso \u00e9 feito pela organiza\u00e7\u00e3o respons\u00e1vel pela publica\u00e7\u00e3o.<\/li>\n<\/ul>\n","protected":false},"author":2,"featured_media":193537,"comment_status":"closed","ping_status":"closed","sticky":false,"template":"","format":"standard","meta":{"footnotes":""},"categories":[1],"tags":[3256,3769,1797,1662,320,1899],"class_list":["post-193532","post","type-post","status-publish","format-standard","has-post-thumbnail","hentry","category-noticias","tag-acidentes","tag-autocarros","tag-castro-daire","tag-montemuro","tag-protecao-civil","tag-urgencias"],"yoast_head":"<!-- This site is optimized with the Yoast SEO plugin v27.2 - https:\/\/yoast.com\/product\/yoast-seo-wordpress\/ -->\n<title>Autocarro com crian\u00e7as e idosos fica preso em Castro Daire pela neve - Portal Tela Portugal<\/title>\n<meta name=\"robots\" content=\"index, follow, max-snippet:-1, max-image-preview:large, max-video-preview:-1\" \/>\n<meta property=\"og:locale\" content=\"pt_PT\" \/>\n<meta property=\"og:type\" content=\"article\" \/>\n<meta property=\"og:title\" content=\"Autocarro com crian\u00e7as e idosos fica preso em Castro Daire pela neve - Portal Tela Portugal\" \/>\n<meta property=\"og:description\" content=\"Um autocarro com entre 25 a 30 passageiros, entre crian\u00e7as e idosos, ficou preso na neve na Serra de Montemuro, em Castro Daire, nesta ter\u00e7a-feira. O ve\u00edculo ficou retido numa estrada secund\u00e1ria perto da Estrada Nacional 321 (EN 321). A foto publicada mostra o autocarro junto \u00e0s condi\u00e7\u00f5es de neve no local. A not\u00edcia destaca o incidente ocorrido durante o mau tempo na regi\u00e3o. O acompanhamento editorial do caso \u00e9 feito pela organiza\u00e7\u00e3o respons\u00e1vel pela publica\u00e7\u00e3o.\" \/>\n<meta property=\"og:url\" content=\"https:\/\/portaltela.pt\/noticias\/2026\/02\/03\/autocarro-com-criancas-e-idosos-fica-preso-em-castro-daire-pela-neve\/\" \/>\n<meta property=\"og:site_name\" content=\"Portal Tela Portugal\" \/>\n<meta property=\"article:published_time\" content=\"2026-02-03T12:14:12+00:00\" \/>\n<meta name=\"author\" content=\"Telinha\" \/>\n<meta name=\"twitter:card\" content=\"summary_large_image\" \/>\n<meta name=\"twitter:label1\" content=\"Escrito por\" \/>\n\t<meta name=\"twitter:data1\" content=\"Telinha\" \/>\n\t<meta name=\"twitter:label2\" content=\"Tempo estimado de leitura\" \/>\n\t<meta name=\"twitter:data2\" content=\"1 minuto\" \/>\n<script type=\"application\/ld+json\" class=\"yoast-schema-graph\">{\"@context\":\"https:\/\/schema.org\",\"@graph\":[{\"@type\":\"Article\",\"@id\":\"https:\/\/portaltela.pt\/noticias\/2026\/02\/03\/autocarro-com-criancas-e-idosos-fica-preso-em-castro-daire-pela-neve\/#article\",\"isPartOf\":{\"@id\":\"https:\/\/portaltela.pt\/noticias\/2026\/02\/03\/autocarro-com-criancas-e-idosos-fica-preso-em-castro-daire-pela-neve\/\"},\"author\":{\"name\":\"Telinha\",\"@id\":\"https:\/\/portaltela.pt\/#\/schema\/person\/c4278d4a6028830caff9ee44b42d32ed\"},\"headline\":\"Autocarro com crian\u00e7as e idosos fica preso em Castro Daire pela neve\",\"datePublished\":\"2026-02-03T12:14:12+00:00\",\"mainEntityOfPage\":{\"@id\":\"https:\/\/portaltela.pt\/noticias\/2026\/02\/03\/autocarro-com-criancas-e-idosos-fica-preso-em-castro-daire-pela-neve\/\"},\"wordCount\":170,\"image\":{\"@id\":\"https:\/\/portaltela.pt\/noticias\/2026\/02\/03\/autocarro-com-criancas-e-idosos-fica-preso-em-castro-daire-pela-neve\/#primaryimage\"},\"thumbnailUrl\":\"https:\/\/portaltela.pt\/s.01k8rhncp4jt1\/2026\/02\/img_1280x722uu2026-02-03-12-13-58-2264419.jpg\",\"keywords\":[\"acidentes\",\"autocarros\",\"Castro Daire\",\"Montemuro\",\"prote\u00e7\u00e3o civil\",\"urg\u00eancias\"],\"articleSection\":[\"Not\u00edcias\"],\"inLanguage\":\"pt-PT\"},{\"@type\":\"WebPage\",\"@id\":\"https:\/\/portaltela.pt\/noticias\/2026\/02\/03\/autocarro-com-criancas-e-idosos-fica-preso-em-castro-daire-pela-neve\/\",\"url\":\"https:\/\/portaltela.pt\/noticias\/2026\/02\/03\/autocarro-com-criancas-e-idosos-fica-preso-em-castro-daire-pela-neve\/\",\"name\":\"Autocarro com crian\u00e7as e idosos fica preso em Castro Daire pela neve - Portal Tela Portugal\",\"isPartOf\":{\"@id\":\"https:\/\/portaltela.pt\/#website\"},\"primaryImageOfPage\":{\"@id\":\"https:\/\/portaltela.pt\/noticias\/2026\/02\/03\/autocarro-com-criancas-e-idosos-fica-preso-em-castro-daire-pela-neve\/#primaryimage\"},\"image\":{\"@id\":\"https:\/\/portaltela.pt\/noticias\/2026\/02\/03\/autocarro-com-criancas-e-idosos-fica-preso-em-castro-daire-pela-neve\/#primaryimage\"},\"thumbnailUrl\":\"https:\/\/portaltela.pt\/s.01k8rhncp4jt1\/2026\/02\/img_1280x722uu2026-02-03-12-13-58-2264419.jpg\",\"datePublished\":\"2026-02-03T12:14:12+00:00\",\"author\":{\"@id\":\"https:\/\/portaltela.pt\/#\/schema\/person\/c4278d4a6028830caff9ee44b42d32ed\"},\"breadcrumb\":{\"@id\":\"https:\/\/portaltela.pt\/noticias\/2026\/02\/03\/autocarro-com-criancas-e-idosos-fica-preso-em-castro-daire-pela-neve\/#breadcrumb\"},\"inLanguage\":\"pt-PT\",\"potentialAction\":[{\"@type\":\"ReadAction\",\"target\":[\"https:\/\/portaltela.pt\/noticias\/2026\/02\/03\/autocarro-com-criancas-e-idosos-fica-preso-em-castro-daire-pela-neve\/\"]}]},{\"@type\":\"ImageObject\",\"inLanguage\":\"pt-PT\",\"@id\":\"https:\/\/portaltela.pt\/noticias\/2026\/02\/03\/autocarro-com-criancas-e-idosos-fica-preso-em-castro-daire-pela-neve\/#primaryimage\",\"url\":\"https:\/\/portaltela.pt\/s.01k8rhncp4jt1\/2026\/02\/img_1280x722uu2026-02-03-12-13-58-2264419.jpg\",\"contentUrl\":\"https:\/\/portaltela.pt\/s.01k8rhncp4jt1\/2026\/02\/img_1280x722uu2026-02-03-12-13-58-2264419.jpg\",\"width\":796,\"height\":448,\"caption\":\"Autocarro na neve\"},{\"@type\":\"BreadcrumbList\",\"@id\":\"https:\/\/portaltela.pt\/noticias\/2026\/02\/03\/autocarro-com-criancas-e-idosos-fica-preso-em-castro-daire-pela-neve\/#breadcrumb\",\"itemListElement\":[{\"@type\":\"ListItem\",\"position\":1,\"name\":\"In\u00edcio\",\"item\":\"https:\/\/portaltela.pt\/\"},{\"@type\":\"ListItem\",\"position\":2,\"name\":\"Autocarro com crian\u00e7as e idosos fica preso em Castro Daire pela neve\"}]},{\"@type\":\"WebSite\",\"@id\":\"https:\/\/portaltela.pt\/#website\",\"url\":\"https:\/\/portaltela.pt\/\",\"name\":\"Portal Tela Portugal\",\"description\":\"\",\"potentialAction\":[{\"@type\":\"SearchAction\",\"target\":{\"@type\":\"EntryPoint\",\"urlTemplate\":\"https:\/\/portaltela.pt\/?s={search_term_string}\"},\"query-input\":{\"@type\":\"PropertyValueSpecification\",\"valueRequired\":true,\"valueName\":\"search_term_string\"}}],\"inLanguage\":\"pt-PT\"},{\"@type\":\"Person\",\"@id\":\"https:\/\/portaltela.pt\/#\/schema\/person\/c4278d4a6028830caff9ee44b42d32ed\",\"name\":\"Telinha\",\"image\":{\"@type\":\"ImageObject\",\"inLanguage\":\"pt-PT\",\"@id\":\"https:\/\/portaltela.pt\/s.01k8rhncp4jt1\/2025\/11\/talking-bot-125x125.png\",\"url\":\"https:\/\/portaltela.pt\/s.01k8rhncp4jt1\/2025\/11\/talking-bot-125x125.png\",\"contentUrl\":\"https:\/\/portaltela.pt\/s.01k8rhncp4jt1\/2025\/11\/talking-bot-125x125.png\",\"caption\":\"Telinha\"},\"sameAs\":[\"https:\/\/portaltela.pt\/\"],\"url\":\"https:\/\/portaltela.pt\/por\/367410592786\/\"}]}<\/script>\n<!-- \/ Yoast SEO plugin. -->","yoast_head_json":{"title":"Autocarro com crian\u00e7as e idosos fica preso em Castro Daire pela neve - Portal Tela Portugal","robots":{"index":"index","follow":"follow","max-snippet":"max-snippet:-1","max-image-preview":"max-image-preview:large","max-video-preview":"max-video-preview:-1"},"og_locale":"pt_PT","og_type":"article","og_title":"Autocarro com crian\u00e7as e idosos fica preso em Castro Daire pela neve - Portal Tela Portugal","og_description":"Um autocarro com entre 25 a 30 passageiros, entre crian\u00e7as e idosos, ficou preso na neve na Serra de Montemuro, em Castro Daire, nesta ter\u00e7a-feira. O ve\u00edculo ficou retido numa estrada secund\u00e1ria perto da Estrada Nacional 321 (EN 321). A foto publicada mostra o autocarro junto \u00e0s condi\u00e7\u00f5es de neve no local. A not\u00edcia destaca o incidente ocorrido durante o mau tempo na regi\u00e3o. O acompanhamento editorial do caso \u00e9 feito pela organiza\u00e7\u00e3o respons\u00e1vel pela publica\u00e7\u00e3o.","og_url":"https:\/\/portaltela.pt\/noticias\/2026\/02\/03\/autocarro-com-criancas-e-idosos-fica-preso-em-castro-daire-pela-neve\/","og_site_name":"Portal Tela Portugal","article_published_time":"2026-02-03T12:14:12+00:00","author":"Telinha","twitter_card":"summary_large_image","twitter_misc":{"Escrito por":"Telinha","Tempo estimado de leitura":"1 minuto"},"schema":{"@context":"https:\/\/schema.org","@graph":[{"@type":"Article","@id":"https:\/\/portaltela.pt\/noticias\/2026\/02\/03\/autocarro-com-criancas-e-idosos-fica-preso-em-castro-daire-pela-neve\/#article","isPartOf":{"@id":"https:\/\/portaltela.pt\/noticias\/2026\/02\/03\/autocarro-com-criancas-e-idosos-fica-preso-em-castro-daire-pela-neve\/"},"author":{"name":"Telinha","@id":"https:\/\/portaltela.pt\/#\/schema\/person\/c4278d4a6028830caff9ee44b42d32ed"},"headline":"Autocarro com crian\u00e7as e idosos fica preso em Castro Daire pela neve","datePublished":"2026-02-03T12:14:12+00:00","mainEntityOfPage":{"@id":"https:\/\/portaltela.pt\/noticias\/2026\/02\/03\/autocarro-com-criancas-e-idosos-fica-preso-em-castro-daire-pela-neve\/"},"wordCount":170,"image":{"@id":"https:\/\/portaltela.pt\/noticias\/2026\/02\/03\/autocarro-com-criancas-e-idosos-fica-preso-em-castro-daire-pela-neve\/#primaryimage"},"thumbnailUrl":"https:\/\/portaltela.pt\/s.01k8rhncp4jt1\/2026\/02\/img_1280x722uu2026-02-03-12-13-58-2264419.jpg","keywords":["acidentes","autocarros","Castro Daire","Montemuro","prote\u00e7\u00e3o civil","urg\u00eancias"],"articleSection":["Not\u00edcias"],"inLanguage":"pt-PT"},{"@type":"WebPage","@id":"https:\/\/portaltela.pt\/noticias\/2026\/02\/03\/autocarro-com-criancas-e-idosos-fica-preso-em-castro-daire-pela-neve\/","url":"https:\/\/portaltela.pt\/noticias\/2026\/02\/03\/autocarro-com-criancas-e-idosos-fica-preso-em-castro-daire-pela-neve\/","name":"Autocarro com crian\u00e7as e idosos fica preso em Castro Daire pela neve - Portal Tela Portugal","isPartOf":{"@id":"https:\/\/portaltela.pt\/#website"},"primaryImageOfPage":{"@id":"https:\/\/portaltela.pt\/noticias\/2026\/02\/03\/autocarro-com-criancas-e-idosos-fica-preso-em-castro-daire-pela-neve\/#primaryimage"},"image":{"@id":"https:\/\/portaltela.pt\/noticias\/2026\/02\/03\/autocarro-com-criancas-e-idosos-fica-preso-em-castro-daire-pela-neve\/#primaryimage"},"thumbnailUrl":"https:\/\/portaltela.pt\/s.01k8rhncp4jt1\/2026\/02\/img_1280x722uu2026-02-03-12-13-58-2264419.jpg","datePublished":"2026-02-03T12:14:12+00:00","author":{"@id":"https:\/\/portaltela.pt\/#\/schema\/person\/c4278d4a6028830caff9ee44b42d32ed"},"breadcrumb":{"@id":"https:\/\/portaltela.pt\/noticias\/2026\/02\/03\/autocarro-com-criancas-e-idosos-fica-preso-em-castro-daire-pela-neve\/#breadcrumb"},"inLanguage":"pt-PT","potentialAction":[{"@type":"ReadAction","target":["https:\/\/portaltela.pt\/noticias\/2026\/02\/03\/autocarro-com-criancas-e-idosos-fica-preso-em-castro-daire-pela-neve\/"]}]},{"@type":"ImageObject","inLanguage":"pt-PT","@id":"https:\/\/portaltela.pt\/noticias\/2026\/02\/03\/autocarro-com-criancas-e-idosos-fica-preso-em-castro-daire-pela-neve\/#primaryimage","url":"https:\/\/portaltela.pt\/s.01k8rhncp4jt1\/2026\/02\/img_1280x722uu2026-02-03-12-13-58-2264419.jpg","contentUrl":"https:\/\/portaltela.pt\/s.01k8rhncp4jt1\/2026\/02\/img_1280x722uu2026-02-03-12-13-58-2264419.jpg","width":796,"height":448,"caption":"Autocarro na neve"},{"@type":"BreadcrumbList","@id":"https:\/\/portaltela.pt\/noticias\/2026\/02\/03\/autocarro-com-criancas-e-idosos-fica-preso-em-castro-daire-pela-neve\/#breadcrumb","itemListElement":[{"@type":"ListItem","position":1,"name":"In\u00edcio","item":"https:\/\/portaltela.pt\/"},{"@type":"ListItem","position":2,"name":"Autocarro com crian\u00e7as e idosos fica preso em Castro Daire pela neve"}]},{"@type":"WebSite","@id":"https:\/\/portaltela.pt\/#website","url":"https:\/\/portaltela.pt\/","name":"Portal Tela Portugal","description":"","potentialAction":[{"@type":"SearchAction","target":{"@type":"EntryPoint","urlTemplate":"https:\/\/portaltela.pt\/?s={search_term_string}"},"query-input":{"@type":"PropertyValueSpecification","valueRequired":true,"valueName":"search_term_string"}}],"inLanguage":"pt-PT"},{"@type":"Person","@id":"https:\/\/portaltela.pt\/#\/schema\/person\/c4278d4a6028830caff9ee44b42d32ed","name":"Telinha","image":{"@type":"ImageObject","inLanguage":"pt-PT","@id":"https:\/\/portaltela.pt\/s.01k8rhncp4jt1\/2025\/11\/talking-bot-125x125.png","url":"https:\/\/portaltela.pt\/s.01k8rhncp4jt1\/2025\/11\/talking-bot-125x125.png","contentUrl":"https:\/\/portaltela.pt\/s.01k8rhncp4jt1\/2025\/11\/talking-bot-125x125.png","caption":"Telinha"},"sameAs":["https:\/\/portaltela.pt\/"],"url":"https:\/\/portaltela.pt\/por\/367410592786\/"}]}},"_links":{"self":[{"href":"https:\/\/portaltela.pt\/api\/wp\/v2\/posts\/193532","targetHints":{"allow":["GET"]}}],"collection":[{"href":"https:\/\/portaltela.pt\/api\/wp\/v2\/posts"}],"about":[{"href":"https:\/\/portaltela.pt\/api\/wp\/v2\/types\/post"}],"author":[{"embeddable":true,"href":"https:\/\/portaltela.pt\/api\/wp\/v2\/users\/2"}],"replies":[{"embeddable":true,"href":"https:\/\/portaltela.pt\/api\/wp\/v2\/comments?post=193532"}],"version-history":[{"count":0,"href":"https:\/\/portaltela.pt\/api\/wp\/v2\/posts\/193532\/revisions"}],"wp:featuredmedia":[{"embeddable":true,"href":"https:\/\/portaltela.pt\/api\/wp\/v2\/media\/193537"}],"wp:attachment":[{"href":"https:\/\/portaltela.pt\/api\/wp\/v2\/media?parent=193532"}],"wp:term":[{"taxonomy":"category","embeddable":true,"href":"https:\/\/portaltela.pt\/api\/wp\/v2\/categories?post=193532"},{"taxonomy":"post_tag","embeddable":true,"href":"https:\/\/portaltela.pt\/api\/wp\/v2\/tags?post=193532"}],"curies":[{"name":"wp","href":"https:\/\/api.w.org\/{rel}","templated":true}]}}