{"id":193461,"date":"2026-02-03T08:21:58","date_gmt":"2026-02-03T11:21:58","guid":{"rendered":"https:\/\/portaltela.pt\/noticias\/2026\/02\/03\/santander-amplia-horario-de-balcoes-para-atender-clientes-da-tempestade-kristin\/"},"modified":"2026-02-03T08:21:58","modified_gmt":"2026-02-03T11:21:58","slug":"santander-amplia-horario-de-balcoes-para-atender-clientes-da-tempestade-kristin","status":"publish","type":"post","link":"https:\/\/portaltela.pt\/noticias\/2026\/02\/03\/santander-amplia-horario-de-balcoes-para-atender-clientes-da-tempestade-kristin\/","title":{"rendered":"Santander amplia hor\u00e1rio de balc\u00f5es para atender clientes da tempestade Kristin"},"content":{"rendered":"<p>O Santander Portugal alarga o hor\u00e1rio de atendimento nos balc\u00f5es de Leiria (Her\u00f3is de Angola), F\u00e1tima (Rua Jacinto Marto) e Pombal at\u00e9 \u00e0s 18h, a partir de hoje, para refor\u00e7ar a proximidade e a resposta nas zonas mais afetadas pela tempestade Kristin.<\/p>\n<p>Al\u00e9m do alargamento, o banco ativou a rede de volunt\u00e1rios para recolha de bens essenciais e apoio \u00e0s limpezas no terreno. A iniciativa visa acelerar a assist\u00eancia \u00e0s fam\u00edlias e empresas atingidas.<\/p>\n<p>A Funda\u00e7\u00e3o Santander Portugal refor\u00e7a parcerias com polit\u00e9cnicos regionais para identificar situa\u00e7\u00f5es emergentes e apoiar escolas, infraestruturas de ensino e iniciativas de apoio a jovens.<\/p>\n<p>O Santander vai disponibilizar um cr\u00e9dito hipotec\u00e1rio para obras, a partir de 10 mil euros, com spread de 0% nos primeiros 12 meses e isen\u00e7\u00e3o de comiss\u00f5es de avalia\u00e7\u00e3o e formaliza\u00e7\u00e3o.<\/p>\n<p>As morat\u00f3rias no cr\u00e9dito habita\u00e7\u00e3o e nas empresas ser\u00e3o asseguradas, em linha com as medidas do Governo, e o banco est\u00e1 em articula\u00e7\u00e3o com o Banco Portugu\u00eas de Fomento para viabilizar linhas de financiamento para as empresas afetadas.<\/p>\n<p>A seguradora parceira Aegon Santander Portugal mobilizou mais de 85 peritos no terreno e equipas internas multidisciplinares para acompanhar sinistros e prestar apoio r\u00e1pido a clientes sens\u00edveis.<\/p>\n<p>Isabel Guerreiro, vice-presidente e eventual CEO do Santander Portugal, afirma que o banco est\u00e1 solid\u00e1rio com fam\u00edlias e empresas afetadas e que j\u00e1 est\u00e1 a contactar clientes para identificar situa\u00e7\u00f5es que exigem maior aten\u00e7\u00e3o e resposta c\u00e9lere.<\/p>\n","protected":false},"excerpt":{"rendered":"<ul>\n<li>O Santander Portugal alargou o hor\u00e1rio dos balc\u00f5es de Leiria, F\u00e1tima e Pombal at\u00e9 \u00e0s 18:00, j\u00e1 a partir desta ter\u00e7a-feira, para refor\u00e7ar a resposta \u00e0s zonas mais afetadas pela tempestade Kristin.<\/li>\n<li>Al\u00e9m do aumento de hor\u00e1rios, a institui\u00e7\u00e3o ativou a rede de volunt\u00e1rios para recolha de bens b\u00e1sicos e apoio nas limpezas.<\/li>\n<li>A Funda\u00e7\u00e3o Santander Portugal est\u00e1 a refor\u00e7ar parcerias com polit\u00e9cnicos das regi\u00f5es atingidas, para identificar situa\u00e7\u00f5es emergentes e apoiar escolas, infraestruturas de ensino e jovens.<\/li>\n<li>Vai existir um cr\u00e9dito hipotec\u00e1rio para obras, com financiamento a partir de 10 mil euros, spread de 0% nos primeiros 12 meses e isen\u00e7\u00e3o de comiss\u00f5es de avalia\u00e7\u00e3o e formaliza\u00e7\u00e3o.<\/li>\n<li>O banco est\u00e1 a assegurar morat\u00f3rias no cr\u00e9dito \u00e0 habita\u00e7\u00e3o e \u00e0s empresas, em linha com o Governo, e trabalha com o Banco Portugu\u00eas de Fomento; a seguradora Aegon Santander Portugal mobilizou mais de 85 peritos no terreno.<\/li>\n<\/ul>\n","protected":false},"author":2,"featured_media":193467,"comment_status":"closed","ping_status":"closed","sticky":false,"template":"","format":"standard","meta":{"footnotes":""},"categories":[1],"tags":[5215,3035,2323,150,1710,4071],"class_list":["post-193461","post","type-post","status-publish","format-standard","has-post-thumbnail","hentry","category-noticias","tag-catastrofes-naturais","tag-comunidade","tag-credito-habitacao","tag-habitacao","tag-santander","tag-solidariedade-social"],"yoast_head":"<!-- This site is optimized with the Yoast SEO plugin v27.2 - https:\/\/yoast.com\/product\/yoast-seo-wordpress\/ -->\n<title>Santander amplia hor\u00e1rio de balc\u00f5es para atender clientes da tempestade Kristin - Portal Tela Portugal<\/title>\n<meta name=\"robots\" content=\"index, follow, max-snippet:-1, max-image-preview:large, max-video-preview:-1\" \/>\n<meta property=\"og:locale\" content=\"pt_PT\" \/>\n<meta property=\"og:type\" content=\"article\" \/>\n<meta property=\"og:title\" content=\"Santander amplia hor\u00e1rio de balc\u00f5es para atender clientes da tempestade Kristin - Portal Tela Portugal\" \/>\n<meta property=\"og:description\" content=\"O Santander Portugal alargou o hor\u00e1rio dos balc\u00f5es de Leiria, F\u00e1tima e Pombal at\u00e9 \u00e0s 18:00, j\u00e1 a partir desta ter\u00e7a-feira, para refor\u00e7ar a resposta \u00e0s zonas mais afetadas pela tempestade Kristin. Al\u00e9m do aumento de hor\u00e1rios, a institui\u00e7\u00e3o ativou a rede de volunt\u00e1rios para recolha de bens b\u00e1sicos e apoio nas limpezas. A Funda\u00e7\u00e3o Santander Portugal est\u00e1 a refor\u00e7ar parcerias com polit\u00e9cnicos das regi\u00f5es atingidas, para identificar situa\u00e7\u00f5es emergentes e apoiar escolas, infraestruturas de ensino e jovens. Vai existir um cr\u00e9dito hipotec\u00e1rio para obras, com financiamento a partir de 10 mil euros, spread de 0% nos primeiros 12 meses e isen\u00e7\u00e3o de comiss\u00f5es de avalia\u00e7\u00e3o e formaliza\u00e7\u00e3o. O banco est\u00e1 a assegurar morat\u00f3rias no cr\u00e9dito \u00e0 habita\u00e7\u00e3o e \u00e0s empresas, em linha com o Governo, e trabalha com o Banco Portugu\u00eas de Fomento; a seguradora Aegon Santander Portugal mobilizou mais de 85 peritos no terreno.\" \/>\n<meta property=\"og:url\" content=\"https:\/\/portaltela.pt\/noticias\/2026\/02\/03\/santander-amplia-horario-de-balcoes-para-atender-clientes-da-tempestade-kristin\/\" \/>\n<meta property=\"og:site_name\" content=\"Portal Tela Portugal\" \/>\n<meta property=\"article:published_time\" content=\"2026-02-03T11:21:58+00:00\" \/>\n<meta name=\"author\" content=\"Telinha\" \/>\n<meta name=\"twitter:card\" content=\"summary_large_image\" \/>\n<meta name=\"twitter:label1\" content=\"Escrito por\" \/>\n\t<meta name=\"twitter:data1\" content=\"Telinha\" \/>\n\t<meta name=\"twitter:label2\" content=\"Tempo estimado de leitura\" \/>\n\t<meta name=\"twitter:data2\" content=\"1 minuto\" \/>\n<script type=\"application\/ld+json\" class=\"yoast-schema-graph\">{\"@context\":\"https:\/\/schema.org\",\"@graph\":[{\"@type\":\"Article\",\"@id\":\"https:\/\/portaltela.pt\/noticias\/2026\/02\/03\/santander-amplia-horario-de-balcoes-para-atender-clientes-da-tempestade-kristin\/#article\",\"isPartOf\":{\"@id\":\"https:\/\/portaltela.pt\/noticias\/2026\/02\/03\/santander-amplia-horario-de-balcoes-para-atender-clientes-da-tempestade-kristin\/\"},\"author\":{\"name\":\"Telinha\",\"@id\":\"https:\/\/portaltela.pt\/#\/schema\/person\/c4278d4a6028830caff9ee44b42d32ed\"},\"headline\":\"Santander amplia hor\u00e1rio de balc\u00f5es para atender clientes da tempestade Kristin\",\"datePublished\":\"2026-02-03T11:21:58+00:00\",\"mainEntityOfPage\":{\"@id\":\"https:\/\/portaltela.pt\/noticias\/2026\/02\/03\/santander-amplia-horario-de-balcoes-para-atender-clientes-da-tempestade-kristin\/\"},\"wordCount\":273,\"image\":{\"@id\":\"https:\/\/portaltela.pt\/noticias\/2026\/02\/03\/santander-amplia-horario-de-balcoes-para-atender-clientes-da-tempestade-kristin\/#primaryimage\"},\"thumbnailUrl\":\"https:\/\/portaltela.pt\/s.01k8rhncp4jt1\/2026\/02\/IMG_8218-1195x710-1.jpg\",\"keywords\":[\"cat\u00e1strofes naturais\",\"comunidade\",\"Cr\u00e9dito Habita\u00e7\u00e3o\",\"habita\u00e7\u00e3o\",\"Santander\",\"Solidariedade Social\"],\"articleSection\":[\"Not\u00edcias\"],\"inLanguage\":\"pt-PT\"},{\"@type\":\"WebPage\",\"@id\":\"https:\/\/portaltela.pt\/noticias\/2026\/02\/03\/santander-amplia-horario-de-balcoes-para-atender-clientes-da-tempestade-kristin\/\",\"url\":\"https:\/\/portaltela.pt\/noticias\/2026\/02\/03\/santander-amplia-horario-de-balcoes-para-atender-clientes-da-tempestade-kristin\/\",\"name\":\"Santander amplia hor\u00e1rio de balc\u00f5es para atender clientes da tempestade Kristin - Portal Tela Portugal\",\"isPartOf\":{\"@id\":\"https:\/\/portaltela.pt\/#website\"},\"primaryImageOfPage\":{\"@id\":\"https:\/\/portaltela.pt\/noticias\/2026\/02\/03\/santander-amplia-horario-de-balcoes-para-atender-clientes-da-tempestade-kristin\/#primaryimage\"},\"image\":{\"@id\":\"https:\/\/portaltela.pt\/noticias\/2026\/02\/03\/santander-amplia-horario-de-balcoes-para-atender-clientes-da-tempestade-kristin\/#primaryimage\"},\"thumbnailUrl\":\"https:\/\/portaltela.pt\/s.01k8rhncp4jt1\/2026\/02\/IMG_8218-1195x710-1.jpg\",\"datePublished\":\"2026-02-03T11:21:58+00:00\",\"author\":{\"@id\":\"https:\/\/portaltela.pt\/#\/schema\/person\/c4278d4a6028830caff9ee44b42d32ed\"},\"breadcrumb\":{\"@id\":\"https:\/\/portaltela.pt\/noticias\/2026\/02\/03\/santander-amplia-horario-de-balcoes-para-atender-clientes-da-tempestade-kristin\/#breadcrumb\"},\"inLanguage\":\"pt-PT\",\"potentialAction\":[{\"@type\":\"ReadAction\",\"target\":[\"https:\/\/portaltela.pt\/noticias\/2026\/02\/03\/santander-amplia-horario-de-balcoes-para-atender-clientes-da-tempestade-kristin\/\"]}]},{\"@type\":\"ImageObject\",\"inLanguage\":\"pt-PT\",\"@id\":\"https:\/\/portaltela.pt\/noticias\/2026\/02\/03\/santander-amplia-horario-de-balcoes-para-atender-clientes-da-tempestade-kristin\/#primaryimage\",\"url\":\"https:\/\/portaltela.pt\/s.01k8rhncp4jt1\/2026\/02\/IMG_8218-1195x710-1.jpg\",\"contentUrl\":\"https:\/\/portaltela.pt\/s.01k8rhncp4jt1\/2026\/02\/IMG_8218-1195x710-1.jpg\",\"width\":796,\"height\":448,\"caption\":\"Santander abre candidaturas para 16.\u00aa edi\u00e7\u00e3o de programa de lideran\u00e7a feminina\"},{\"@type\":\"BreadcrumbList\",\"@id\":\"https:\/\/portaltela.pt\/noticias\/2026\/02\/03\/santander-amplia-horario-de-balcoes-para-atender-clientes-da-tempestade-kristin\/#breadcrumb\",\"itemListElement\":[{\"@type\":\"ListItem\",\"position\":1,\"name\":\"In\u00edcio\",\"item\":\"https:\/\/portaltela.pt\/\"},{\"@type\":\"ListItem\",\"position\":2,\"name\":\"Santander amplia hor\u00e1rio de balc\u00f5es para atender clientes da tempestade Kristin\"}]},{\"@type\":\"WebSite\",\"@id\":\"https:\/\/portaltela.pt\/#website\",\"url\":\"https:\/\/portaltela.pt\/\",\"name\":\"Portal Tela Portugal\",\"description\":\"\",\"potentialAction\":[{\"@type\":\"SearchAction\",\"target\":{\"@type\":\"EntryPoint\",\"urlTemplate\":\"https:\/\/portaltela.pt\/?s={search_term_string}\"},\"query-input\":{\"@type\":\"PropertyValueSpecification\",\"valueRequired\":true,\"valueName\":\"search_term_string\"}}],\"inLanguage\":\"pt-PT\"},{\"@type\":\"Person\",\"@id\":\"https:\/\/portaltela.pt\/#\/schema\/person\/c4278d4a6028830caff9ee44b42d32ed\",\"name\":\"Telinha\",\"image\":{\"@type\":\"ImageObject\",\"inLanguage\":\"pt-PT\",\"@id\":\"https:\/\/portaltela.pt\/s.01k8rhncp4jt1\/2025\/11\/talking-bot-125x125.png\",\"url\":\"https:\/\/portaltela.pt\/s.01k8rhncp4jt1\/2025\/11\/talking-bot-125x125.png\",\"contentUrl\":\"https:\/\/portaltela.pt\/s.01k8rhncp4jt1\/2025\/11\/talking-bot-125x125.png\",\"caption\":\"Telinha\"},\"sameAs\":[\"https:\/\/portaltela.pt\/\"],\"url\":\"https:\/\/portaltela.pt\/por\/367410592786\/\"}]}<\/script>\n<!-- \/ Yoast SEO plugin. -->","yoast_head_json":{"title":"Santander amplia hor\u00e1rio de balc\u00f5es para atender clientes da tempestade Kristin - Portal Tela Portugal","robots":{"index":"index","follow":"follow","max-snippet":"max-snippet:-1","max-image-preview":"max-image-preview:large","max-video-preview":"max-video-preview:-1"},"og_locale":"pt_PT","og_type":"article","og_title":"Santander amplia hor\u00e1rio de balc\u00f5es para atender clientes da tempestade Kristin - Portal Tela Portugal","og_description":"O Santander Portugal alargou o hor\u00e1rio dos balc\u00f5es de Leiria, F\u00e1tima e Pombal at\u00e9 \u00e0s 18:00, j\u00e1 a partir desta ter\u00e7a-feira, para refor\u00e7ar a resposta \u00e0s zonas mais afetadas pela tempestade Kristin. Al\u00e9m do aumento de hor\u00e1rios, a institui\u00e7\u00e3o ativou a rede de volunt\u00e1rios para recolha de bens b\u00e1sicos e apoio nas limpezas. A Funda\u00e7\u00e3o Santander Portugal est\u00e1 a refor\u00e7ar parcerias com polit\u00e9cnicos das regi\u00f5es atingidas, para identificar situa\u00e7\u00f5es emergentes e apoiar escolas, infraestruturas de ensino e jovens. Vai existir um cr\u00e9dito hipotec\u00e1rio para obras, com financiamento a partir de 10 mil euros, spread de 0% nos primeiros 12 meses e isen\u00e7\u00e3o de comiss\u00f5es de avalia\u00e7\u00e3o e formaliza\u00e7\u00e3o. O banco est\u00e1 a assegurar morat\u00f3rias no cr\u00e9dito \u00e0 habita\u00e7\u00e3o e \u00e0s empresas, em linha com o Governo, e trabalha com o Banco Portugu\u00eas de Fomento; a seguradora Aegon Santander Portugal mobilizou mais de 85 peritos no terreno.","og_url":"https:\/\/portaltela.pt\/noticias\/2026\/02\/03\/santander-amplia-horario-de-balcoes-para-atender-clientes-da-tempestade-kristin\/","og_site_name":"Portal Tela Portugal","article_published_time":"2026-02-03T11:21:58+00:00","author":"Telinha","twitter_card":"summary_large_image","twitter_misc":{"Escrito por":"Telinha","Tempo estimado de leitura":"1 minuto"},"schema":{"@context":"https:\/\/schema.org","@graph":[{"@type":"Article","@id":"https:\/\/portaltela.pt\/noticias\/2026\/02\/03\/santander-amplia-horario-de-balcoes-para-atender-clientes-da-tempestade-kristin\/#article","isPartOf":{"@id":"https:\/\/portaltela.pt\/noticias\/2026\/02\/03\/santander-amplia-horario-de-balcoes-para-atender-clientes-da-tempestade-kristin\/"},"author":{"name":"Telinha","@id":"https:\/\/portaltela.pt\/#\/schema\/person\/c4278d4a6028830caff9ee44b42d32ed"},"headline":"Santander amplia hor\u00e1rio de balc\u00f5es para atender clientes da tempestade Kristin","datePublished":"2026-02-03T11:21:58+00:00","mainEntityOfPage":{"@id":"https:\/\/portaltela.pt\/noticias\/2026\/02\/03\/santander-amplia-horario-de-balcoes-para-atender-clientes-da-tempestade-kristin\/"},"wordCount":273,"image":{"@id":"https:\/\/portaltela.pt\/noticias\/2026\/02\/03\/santander-amplia-horario-de-balcoes-para-atender-clientes-da-tempestade-kristin\/#primaryimage"},"thumbnailUrl":"https:\/\/portaltela.pt\/s.01k8rhncp4jt1\/2026\/02\/IMG_8218-1195x710-1.jpg","keywords":["cat\u00e1strofes naturais","comunidade","Cr\u00e9dito Habita\u00e7\u00e3o","habita\u00e7\u00e3o","Santander","Solidariedade Social"],"articleSection":["Not\u00edcias"],"inLanguage":"pt-PT"},{"@type":"WebPage","@id":"https:\/\/portaltela.pt\/noticias\/2026\/02\/03\/santander-amplia-horario-de-balcoes-para-atender-clientes-da-tempestade-kristin\/","url":"https:\/\/portaltela.pt\/noticias\/2026\/02\/03\/santander-amplia-horario-de-balcoes-para-atender-clientes-da-tempestade-kristin\/","name":"Santander amplia hor\u00e1rio de balc\u00f5es para atender clientes da tempestade Kristin - Portal Tela Portugal","isPartOf":{"@id":"https:\/\/portaltela.pt\/#website"},"primaryImageOfPage":{"@id":"https:\/\/portaltela.pt\/noticias\/2026\/02\/03\/santander-amplia-horario-de-balcoes-para-atender-clientes-da-tempestade-kristin\/#primaryimage"},"image":{"@id":"https:\/\/portaltela.pt\/noticias\/2026\/02\/03\/santander-amplia-horario-de-balcoes-para-atender-clientes-da-tempestade-kristin\/#primaryimage"},"thumbnailUrl":"https:\/\/portaltela.pt\/s.01k8rhncp4jt1\/2026\/02\/IMG_8218-1195x710-1.jpg","datePublished":"2026-02-03T11:21:58+00:00","author":{"@id":"https:\/\/portaltela.pt\/#\/schema\/person\/c4278d4a6028830caff9ee44b42d32ed"},"breadcrumb":{"@id":"https:\/\/portaltela.pt\/noticias\/2026\/02\/03\/santander-amplia-horario-de-balcoes-para-atender-clientes-da-tempestade-kristin\/#breadcrumb"},"inLanguage":"pt-PT","potentialAction":[{"@type":"ReadAction","target":["https:\/\/portaltela.pt\/noticias\/2026\/02\/03\/santander-amplia-horario-de-balcoes-para-atender-clientes-da-tempestade-kristin\/"]}]},{"@type":"ImageObject","inLanguage":"pt-PT","@id":"https:\/\/portaltela.pt\/noticias\/2026\/02\/03\/santander-amplia-horario-de-balcoes-para-atender-clientes-da-tempestade-kristin\/#primaryimage","url":"https:\/\/portaltela.pt\/s.01k8rhncp4jt1\/2026\/02\/IMG_8218-1195x710-1.jpg","contentUrl":"https:\/\/portaltela.pt\/s.01k8rhncp4jt1\/2026\/02\/IMG_8218-1195x710-1.jpg","width":796,"height":448,"caption":"Santander abre candidaturas para 16.\u00aa edi\u00e7\u00e3o de programa de lideran\u00e7a feminina"},{"@type":"BreadcrumbList","@id":"https:\/\/portaltela.pt\/noticias\/2026\/02\/03\/santander-amplia-horario-de-balcoes-para-atender-clientes-da-tempestade-kristin\/#breadcrumb","itemListElement":[{"@type":"ListItem","position":1,"name":"In\u00edcio","item":"https:\/\/portaltela.pt\/"},{"@type":"ListItem","position":2,"name":"Santander amplia hor\u00e1rio de balc\u00f5es para atender clientes da tempestade Kristin"}]},{"@type":"WebSite","@id":"https:\/\/portaltela.pt\/#website","url":"https:\/\/portaltela.pt\/","name":"Portal Tela Portugal","description":"","potentialAction":[{"@type":"SearchAction","target":{"@type":"EntryPoint","urlTemplate":"https:\/\/portaltela.pt\/?s={search_term_string}"},"query-input":{"@type":"PropertyValueSpecification","valueRequired":true,"valueName":"search_term_string"}}],"inLanguage":"pt-PT"},{"@type":"Person","@id":"https:\/\/portaltela.pt\/#\/schema\/person\/c4278d4a6028830caff9ee44b42d32ed","name":"Telinha","image":{"@type":"ImageObject","inLanguage":"pt-PT","@id":"https:\/\/portaltela.pt\/s.01k8rhncp4jt1\/2025\/11\/talking-bot-125x125.png","url":"https:\/\/portaltela.pt\/s.01k8rhncp4jt1\/2025\/11\/talking-bot-125x125.png","contentUrl":"https:\/\/portaltela.pt\/s.01k8rhncp4jt1\/2025\/11\/talking-bot-125x125.png","caption":"Telinha"},"sameAs":["https:\/\/portaltela.pt\/"],"url":"https:\/\/portaltela.pt\/por\/367410592786\/"}]}},"_links":{"self":[{"href":"https:\/\/portaltela.pt\/api\/wp\/v2\/posts\/193461","targetHints":{"allow":["GET"]}}],"collection":[{"href":"https:\/\/portaltela.pt\/api\/wp\/v2\/posts"}],"about":[{"href":"https:\/\/portaltela.pt\/api\/wp\/v2\/types\/post"}],"author":[{"embeddable":true,"href":"https:\/\/portaltela.pt\/api\/wp\/v2\/users\/2"}],"replies":[{"embeddable":true,"href":"https:\/\/portaltela.pt\/api\/wp\/v2\/comments?post=193461"}],"version-history":[{"count":0,"href":"https:\/\/portaltela.pt\/api\/wp\/v2\/posts\/193461\/revisions"}],"wp:featuredmedia":[{"embeddable":true,"href":"https:\/\/portaltela.pt\/api\/wp\/v2\/media\/193467"}],"wp:attachment":[{"href":"https:\/\/portaltela.pt\/api\/wp\/v2\/media?parent=193461"}],"wp:term":[{"taxonomy":"category","embeddable":true,"href":"https:\/\/portaltela.pt\/api\/wp\/v2\/categories?post=193461"},{"taxonomy":"post_tag","embeddable":true,"href":"https:\/\/portaltela.pt\/api\/wp\/v2\/tags?post=193461"}],"curies":[{"name":"wp","href":"https:\/\/api.w.org\/{rel}","templated":true}]}}