{"id":193436,"date":"2026-02-03T08:16:00","date_gmt":"2026-02-03T11:16:00","guid":{"rendered":"https:\/\/portaltela.pt\/noticias\/2026\/02\/03\/autocarro-preso-na-neve-em-castro-daire-criancas-e-idosos-retirados\/"},"modified":"2026-02-03T08:16:00","modified_gmt":"2026-02-03T11:16:00","slug":"autocarro-preso-na-neve-em-castro-daire-criancas-e-idosos-retirados","status":"publish","type":"post","link":"https:\/\/portaltela.pt\/noticias\/2026\/02\/03\/autocarro-preso-na-neve-em-castro-daire-criancas-e-idosos-retirados\/","title":{"rendered":"Autocarro preso na neve em Castro Daire: crian\u00e7as e idosos retirados"},"content":{"rendered":"<p>O autocarro ficou retido na neve na Estrada Municipal 550, em Castro Daire, na Serra de Montemuro, com cerca de 30 passageiros a bordo. Crian\u00e7as e idosos estavam entre as pessoas a bordo.<\/p>\n<p>Os bombeiros deslocaram-se ao local e procederam \u00e0 retirada dos passageiros. A opera\u00e7\u00e3o foi coordenada pela Autoridade Nacional de Prote\u00e7\u00e3o Civil, com apoio das for\u00e7as de seguran\u00e7a.<\/p>\n<p>A situa\u00e7\u00e3o ocorreu hoje devido \u00e0s condi\u00e7\u00f5es meteorol\u00f3gicas adversas e ao nev\u00e3o que afetou a zona. N\u00e3o est\u00e1 confirmado se houve feridos ou danos ao ve\u00edculo.<\/p>\n<p>Mais detalhes sobre o estado dos passageiros e eventuais encaminhamentos ser\u00e3o fornecidos pelas autoridades competentes.<\/p>\n","protected":false},"excerpt":{"rendered":"<ul>\n<li>Cerca de 30 passageiros de um autocarro ficaram retidos pela neve na Estrada Municipal 550, em Castro Daire, na Serra de Montemuro.<\/li>\n<li>Os passageiros j\u00e1 foram retirados do ve\u00edculo pelos bombeiros.<\/li>\n<li>A informa\u00e7\u00e3o foi confirmada \u00e0 ag\u00eancia Lusa por fonte da Prote\u00e7\u00e3o Civil.<\/li>\n<li>N\u00e3o foram detalhadas circunst\u00e2ncias adicionais nem houve indica\u00e7\u00e3o de feridos.<\/li>\n<\/ul>\n","protected":false},"author":2,"featured_media":193440,"comment_status":"closed","ping_status":"closed","sticky":false,"template":"","format":"standard","meta":{"footnotes":""},"categories":[1],"tags":[4169,3769,971,1935,1662,320],"class_list":["post-193436","post","type-post","status-publish","format-standard","has-post-thumbnail","hentry","category-noticias","tag-acidente-rodoviario","tag-autocarros","tag-bombeiros","tag-emergencias","tag-montemuro","tag-protecao-civil"],"yoast_head":"<!-- This site is optimized with the Yoast SEO plugin v27.2 - https:\/\/yoast.com\/product\/yoast-seo-wordpress\/ -->\n<title>Autocarro preso na neve em Castro Daire: crian\u00e7as e idosos retirados - Portal Tela Portugal<\/title>\n<meta name=\"robots\" content=\"index, follow, max-snippet:-1, max-image-preview:large, max-video-preview:-1\" \/>\n<meta property=\"og:locale\" content=\"pt_PT\" \/>\n<meta property=\"og:type\" content=\"article\" \/>\n<meta property=\"og:title\" content=\"Autocarro preso na neve em Castro Daire: crian\u00e7as e idosos retirados - Portal Tela Portugal\" \/>\n<meta property=\"og:description\" content=\"Cerca de 30 passageiros de um autocarro ficaram retidos pela neve na Estrada Municipal 550, em Castro Daire, na Serra de Montemuro. Os passageiros j\u00e1 foram retirados do ve\u00edculo pelos bombeiros. A informa\u00e7\u00e3o foi confirmada \u00e0 ag\u00eancia Lusa por fonte da Prote\u00e7\u00e3o Civil. N\u00e3o foram detalhadas circunst\u00e2ncias adicionais nem houve indica\u00e7\u00e3o de feridos.\" \/>\n<meta property=\"og:url\" content=\"https:\/\/portaltela.pt\/noticias\/2026\/02\/03\/autocarro-preso-na-neve-em-castro-daire-criancas-e-idosos-retirados\/\" \/>\n<meta property=\"og:site_name\" content=\"Portal Tela Portugal\" \/>\n<meta property=\"article:published_time\" content=\"2026-02-03T11:16:00+00:00\" \/>\n<meta name=\"author\" content=\"Telinha\" \/>\n<meta name=\"twitter:card\" content=\"summary_large_image\" \/>\n<meta name=\"twitter:label1\" content=\"Escrito por\" \/>\n\t<meta name=\"twitter:data1\" content=\"Telinha\" \/>\n\t<meta name=\"twitter:label2\" content=\"Tempo estimado de leitura\" \/>\n\t<meta name=\"twitter:data2\" content=\"1 minuto\" \/>\n<script type=\"application\/ld+json\" class=\"yoast-schema-graph\">{\"@context\":\"https:\/\/schema.org\",\"@graph\":[{\"@type\":\"Article\",\"@id\":\"https:\/\/portaltela.pt\/noticias\/2026\/02\/03\/autocarro-preso-na-neve-em-castro-daire-criancas-e-idosos-retirados\/#article\",\"isPartOf\":{\"@id\":\"https:\/\/portaltela.pt\/noticias\/2026\/02\/03\/autocarro-preso-na-neve-em-castro-daire-criancas-e-idosos-retirados\/\"},\"author\":{\"name\":\"Telinha\",\"@id\":\"https:\/\/portaltela.pt\/#\/schema\/person\/c4278d4a6028830caff9ee44b42d32ed\"},\"headline\":\"Autocarro preso na neve em Castro Daire: crian\u00e7as e idosos retirados\",\"datePublished\":\"2026-02-03T11:16:00+00:00\",\"mainEntityOfPage\":{\"@id\":\"https:\/\/portaltela.pt\/noticias\/2026\/02\/03\/autocarro-preso-na-neve-em-castro-daire-criancas-e-idosos-retirados\/\"},\"wordCount\":122,\"image\":{\"@id\":\"https:\/\/portaltela.pt\/noticias\/2026\/02\/03\/autocarro-preso-na-neve-em-castro-daire-criancas-e-idosos-retirados\/#primaryimage\"},\"thumbnailUrl\":\"https:\/\/portaltela.pt\/s.01k8rhncp4jt1\/2026\/02\/CACHE_780X1200_ANALOG_WATERMARKED_30162814_4767873_04122020041128.jpg\",\"keywords\":[\"acidente rodovi\u00e1rio\",\"autocarros\",\"bombeiros\",\"emerg\u00eancias\",\"Montemuro\",\"prote\u00e7\u00e3o civil\"],\"articleSection\":[\"Not\u00edcias\"],\"inLanguage\":\"pt-PT\"},{\"@type\":\"WebPage\",\"@id\":\"https:\/\/portaltela.pt\/noticias\/2026\/02\/03\/autocarro-preso-na-neve-em-castro-daire-criancas-e-idosos-retirados\/\",\"url\":\"https:\/\/portaltela.pt\/noticias\/2026\/02\/03\/autocarro-preso-na-neve-em-castro-daire-criancas-e-idosos-retirados\/\",\"name\":\"Autocarro preso na neve em Castro Daire: crian\u00e7as e idosos retirados - Portal Tela Portugal\",\"isPartOf\":{\"@id\":\"https:\/\/portaltela.pt\/#website\"},\"primaryImageOfPage\":{\"@id\":\"https:\/\/portaltela.pt\/noticias\/2026\/02\/03\/autocarro-preso-na-neve-em-castro-daire-criancas-e-idosos-retirados\/#primaryimage\"},\"image\":{\"@id\":\"https:\/\/portaltela.pt\/noticias\/2026\/02\/03\/autocarro-preso-na-neve-em-castro-daire-criancas-e-idosos-retirados\/#primaryimage\"},\"thumbnailUrl\":\"https:\/\/portaltela.pt\/s.01k8rhncp4jt1\/2026\/02\/CACHE_780X1200_ANALOG_WATERMARKED_30162814_4767873_04122020041128.jpg\",\"datePublished\":\"2026-02-03T11:16:00+00:00\",\"author\":{\"@id\":\"https:\/\/portaltela.pt\/#\/schema\/person\/c4278d4a6028830caff9ee44b42d32ed\"},\"breadcrumb\":{\"@id\":\"https:\/\/portaltela.pt\/noticias\/2026\/02\/03\/autocarro-preso-na-neve-em-castro-daire-criancas-e-idosos-retirados\/#breadcrumb\"},\"inLanguage\":\"pt-PT\",\"potentialAction\":[{\"@type\":\"ReadAction\",\"target\":[\"https:\/\/portaltela.pt\/noticias\/2026\/02\/03\/autocarro-preso-na-neve-em-castro-daire-criancas-e-idosos-retirados\/\"]}]},{\"@type\":\"ImageObject\",\"inLanguage\":\"pt-PT\",\"@id\":\"https:\/\/portaltela.pt\/noticias\/2026\/02\/03\/autocarro-preso-na-neve-em-castro-daire-criancas-e-idosos-retirados\/#primaryimage\",\"url\":\"https:\/\/portaltela.pt\/s.01k8rhncp4jt1\/2026\/02\/CACHE_780X1200_ANALOG_WATERMARKED_30162814_4767873_04122020041128.jpg\",\"contentUrl\":\"https:\/\/portaltela.pt\/s.01k8rhncp4jt1\/2026\/02\/CACHE_780X1200_ANALOG_WATERMARKED_30162814_4767873_04122020041128.jpg\",\"width\":796,\"height\":448,\"caption\":\"Crian\u00e7as e idosos retirados de autocarro preso na neve em Castro Daire\"},{\"@type\":\"BreadcrumbList\",\"@id\":\"https:\/\/portaltela.pt\/noticias\/2026\/02\/03\/autocarro-preso-na-neve-em-castro-daire-criancas-e-idosos-retirados\/#breadcrumb\",\"itemListElement\":[{\"@type\":\"ListItem\",\"position\":1,\"name\":\"In\u00edcio\",\"item\":\"https:\/\/portaltela.pt\/\"},{\"@type\":\"ListItem\",\"position\":2,\"name\":\"Autocarro preso na neve em Castro Daire: crian\u00e7as e idosos retirados\"}]},{\"@type\":\"WebSite\",\"@id\":\"https:\/\/portaltela.pt\/#website\",\"url\":\"https:\/\/portaltela.pt\/\",\"name\":\"Portal Tela Portugal\",\"description\":\"\",\"potentialAction\":[{\"@type\":\"SearchAction\",\"target\":{\"@type\":\"EntryPoint\",\"urlTemplate\":\"https:\/\/portaltela.pt\/?s={search_term_string}\"},\"query-input\":{\"@type\":\"PropertyValueSpecification\",\"valueRequired\":true,\"valueName\":\"search_term_string\"}}],\"inLanguage\":\"pt-PT\"},{\"@type\":\"Person\",\"@id\":\"https:\/\/portaltela.pt\/#\/schema\/person\/c4278d4a6028830caff9ee44b42d32ed\",\"name\":\"Telinha\",\"image\":{\"@type\":\"ImageObject\",\"inLanguage\":\"pt-PT\",\"@id\":\"https:\/\/portaltela.pt\/s.01k8rhncp4jt1\/2025\/11\/talking-bot-125x125.png\",\"url\":\"https:\/\/portaltela.pt\/s.01k8rhncp4jt1\/2025\/11\/talking-bot-125x125.png\",\"contentUrl\":\"https:\/\/portaltela.pt\/s.01k8rhncp4jt1\/2025\/11\/talking-bot-125x125.png\",\"caption\":\"Telinha\"},\"sameAs\":[\"https:\/\/portaltela.pt\/\"],\"url\":\"https:\/\/portaltela.pt\/por\/367410592786\/\"}]}<\/script>\n<!-- \/ Yoast SEO plugin. -->","yoast_head_json":{"title":"Autocarro preso na neve em Castro Daire: crian\u00e7as e idosos retirados - Portal Tela Portugal","robots":{"index":"index","follow":"follow","max-snippet":"max-snippet:-1","max-image-preview":"max-image-preview:large","max-video-preview":"max-video-preview:-1"},"og_locale":"pt_PT","og_type":"article","og_title":"Autocarro preso na neve em Castro Daire: crian\u00e7as e idosos retirados - Portal Tela Portugal","og_description":"Cerca de 30 passageiros de um autocarro ficaram retidos pela neve na Estrada Municipal 550, em Castro Daire, na Serra de Montemuro. Os passageiros j\u00e1 foram retirados do ve\u00edculo pelos bombeiros. A informa\u00e7\u00e3o foi confirmada \u00e0 ag\u00eancia Lusa por fonte da Prote\u00e7\u00e3o Civil. N\u00e3o foram detalhadas circunst\u00e2ncias adicionais nem houve indica\u00e7\u00e3o de feridos.","og_url":"https:\/\/portaltela.pt\/noticias\/2026\/02\/03\/autocarro-preso-na-neve-em-castro-daire-criancas-e-idosos-retirados\/","og_site_name":"Portal Tela Portugal","article_published_time":"2026-02-03T11:16:00+00:00","author":"Telinha","twitter_card":"summary_large_image","twitter_misc":{"Escrito por":"Telinha","Tempo estimado de leitura":"1 minuto"},"schema":{"@context":"https:\/\/schema.org","@graph":[{"@type":"Article","@id":"https:\/\/portaltela.pt\/noticias\/2026\/02\/03\/autocarro-preso-na-neve-em-castro-daire-criancas-e-idosos-retirados\/#article","isPartOf":{"@id":"https:\/\/portaltela.pt\/noticias\/2026\/02\/03\/autocarro-preso-na-neve-em-castro-daire-criancas-e-idosos-retirados\/"},"author":{"name":"Telinha","@id":"https:\/\/portaltela.pt\/#\/schema\/person\/c4278d4a6028830caff9ee44b42d32ed"},"headline":"Autocarro preso na neve em Castro Daire: crian\u00e7as e idosos retirados","datePublished":"2026-02-03T11:16:00+00:00","mainEntityOfPage":{"@id":"https:\/\/portaltela.pt\/noticias\/2026\/02\/03\/autocarro-preso-na-neve-em-castro-daire-criancas-e-idosos-retirados\/"},"wordCount":122,"image":{"@id":"https:\/\/portaltela.pt\/noticias\/2026\/02\/03\/autocarro-preso-na-neve-em-castro-daire-criancas-e-idosos-retirados\/#primaryimage"},"thumbnailUrl":"https:\/\/portaltela.pt\/s.01k8rhncp4jt1\/2026\/02\/CACHE_780X1200_ANALOG_WATERMARKED_30162814_4767873_04122020041128.jpg","keywords":["acidente rodovi\u00e1rio","autocarros","bombeiros","emerg\u00eancias","Montemuro","prote\u00e7\u00e3o civil"],"articleSection":["Not\u00edcias"],"inLanguage":"pt-PT"},{"@type":"WebPage","@id":"https:\/\/portaltela.pt\/noticias\/2026\/02\/03\/autocarro-preso-na-neve-em-castro-daire-criancas-e-idosos-retirados\/","url":"https:\/\/portaltela.pt\/noticias\/2026\/02\/03\/autocarro-preso-na-neve-em-castro-daire-criancas-e-idosos-retirados\/","name":"Autocarro preso na neve em Castro Daire: crian\u00e7as e idosos retirados - Portal Tela Portugal","isPartOf":{"@id":"https:\/\/portaltela.pt\/#website"},"primaryImageOfPage":{"@id":"https:\/\/portaltela.pt\/noticias\/2026\/02\/03\/autocarro-preso-na-neve-em-castro-daire-criancas-e-idosos-retirados\/#primaryimage"},"image":{"@id":"https:\/\/portaltela.pt\/noticias\/2026\/02\/03\/autocarro-preso-na-neve-em-castro-daire-criancas-e-idosos-retirados\/#primaryimage"},"thumbnailUrl":"https:\/\/portaltela.pt\/s.01k8rhncp4jt1\/2026\/02\/CACHE_780X1200_ANALOG_WATERMARKED_30162814_4767873_04122020041128.jpg","datePublished":"2026-02-03T11:16:00+00:00","author":{"@id":"https:\/\/portaltela.pt\/#\/schema\/person\/c4278d4a6028830caff9ee44b42d32ed"},"breadcrumb":{"@id":"https:\/\/portaltela.pt\/noticias\/2026\/02\/03\/autocarro-preso-na-neve-em-castro-daire-criancas-e-idosos-retirados\/#breadcrumb"},"inLanguage":"pt-PT","potentialAction":[{"@type":"ReadAction","target":["https:\/\/portaltela.pt\/noticias\/2026\/02\/03\/autocarro-preso-na-neve-em-castro-daire-criancas-e-idosos-retirados\/"]}]},{"@type":"ImageObject","inLanguage":"pt-PT","@id":"https:\/\/portaltela.pt\/noticias\/2026\/02\/03\/autocarro-preso-na-neve-em-castro-daire-criancas-e-idosos-retirados\/#primaryimage","url":"https:\/\/portaltela.pt\/s.01k8rhncp4jt1\/2026\/02\/CACHE_780X1200_ANALOG_WATERMARKED_30162814_4767873_04122020041128.jpg","contentUrl":"https:\/\/portaltela.pt\/s.01k8rhncp4jt1\/2026\/02\/CACHE_780X1200_ANALOG_WATERMARKED_30162814_4767873_04122020041128.jpg","width":796,"height":448,"caption":"Crian\u00e7as e idosos retirados de autocarro preso na neve em Castro Daire"},{"@type":"BreadcrumbList","@id":"https:\/\/portaltela.pt\/noticias\/2026\/02\/03\/autocarro-preso-na-neve-em-castro-daire-criancas-e-idosos-retirados\/#breadcrumb","itemListElement":[{"@type":"ListItem","position":1,"name":"In\u00edcio","item":"https:\/\/portaltela.pt\/"},{"@type":"ListItem","position":2,"name":"Autocarro preso na neve em Castro Daire: crian\u00e7as e idosos retirados"}]},{"@type":"WebSite","@id":"https:\/\/portaltela.pt\/#website","url":"https:\/\/portaltela.pt\/","name":"Portal Tela Portugal","description":"","potentialAction":[{"@type":"SearchAction","target":{"@type":"EntryPoint","urlTemplate":"https:\/\/portaltela.pt\/?s={search_term_string}"},"query-input":{"@type":"PropertyValueSpecification","valueRequired":true,"valueName":"search_term_string"}}],"inLanguage":"pt-PT"},{"@type":"Person","@id":"https:\/\/portaltela.pt\/#\/schema\/person\/c4278d4a6028830caff9ee44b42d32ed","name":"Telinha","image":{"@type":"ImageObject","inLanguage":"pt-PT","@id":"https:\/\/portaltela.pt\/s.01k8rhncp4jt1\/2025\/11\/talking-bot-125x125.png","url":"https:\/\/portaltela.pt\/s.01k8rhncp4jt1\/2025\/11\/talking-bot-125x125.png","contentUrl":"https:\/\/portaltela.pt\/s.01k8rhncp4jt1\/2025\/11\/talking-bot-125x125.png","caption":"Telinha"},"sameAs":["https:\/\/portaltela.pt\/"],"url":"https:\/\/portaltela.pt\/por\/367410592786\/"}]}},"_links":{"self":[{"href":"https:\/\/portaltela.pt\/api\/wp\/v2\/posts\/193436","targetHints":{"allow":["GET"]}}],"collection":[{"href":"https:\/\/portaltela.pt\/api\/wp\/v2\/posts"}],"about":[{"href":"https:\/\/portaltela.pt\/api\/wp\/v2\/types\/post"}],"author":[{"embeddable":true,"href":"https:\/\/portaltela.pt\/api\/wp\/v2\/users\/2"}],"replies":[{"embeddable":true,"href":"https:\/\/portaltela.pt\/api\/wp\/v2\/comments?post=193436"}],"version-history":[{"count":0,"href":"https:\/\/portaltela.pt\/api\/wp\/v2\/posts\/193436\/revisions"}],"wp:featuredmedia":[{"embeddable":true,"href":"https:\/\/portaltela.pt\/api\/wp\/v2\/media\/193440"}],"wp:attachment":[{"href":"https:\/\/portaltela.pt\/api\/wp\/v2\/media?parent=193436"}],"wp:term":[{"taxonomy":"category","embeddable":true,"href":"https:\/\/portaltela.pt\/api\/wp\/v2\/categories?post=193436"},{"taxonomy":"post_tag","embeddable":true,"href":"https:\/\/portaltela.pt\/api\/wp\/v2\/tags?post=193436"}],"curies":[{"name":"wp","href":"https:\/\/api.w.org\/{rel}","templated":true}]}}