{"id":193406,"date":"2026-02-03T07:49:00","date_gmt":"2026-02-03T10:49:00","guid":{"rendered":"https:\/\/portaltela.pt\/noticias\/2026\/02\/03\/ivan-cavaleiro-e-tondela-rescindem-contrato\/"},"modified":"2026-02-03T07:49:00","modified_gmt":"2026-02-03T10:49:00","slug":"ivan-cavaleiro-e-tondela-rescindem-contrato","status":"publish","type":"post","link":"https:\/\/portaltela.pt\/desporto\/futebol\/2026\/02\/03\/ivan-cavaleiro-e-tondela-rescindem-contrato\/","title":{"rendered":"Ivan Cavaleiro e Tondela rescindem contrato"},"content":{"rendered":"<p>O avan\u00e7ado Ivan Cavaleiro e o Tondela deram por encerrado o v\u00ednculo contratual que os ligava at\u00e9 junho de 2027. A rescis\u00e3o foi anunciada na manh\u00e3 de ter\u00e7a-feira pela SAD do clube beir\u00e3o, ap\u00f3s acordo entre as partes.<\/p>\n<p>Cavaleiro, de 32 anos, chegou ao Tondela em agosto de 2025. Ao todo, somou 929 minutos em jogos da I Liga e da Ta\u00e7a de Portugal pela equipa beir\u00e3.<\/p>\n<p>O clube anunciou o acordo de cessa\u00e7\u00e3o do contrato na sequ\u00eancia da jornada de mercado de inverno, que encerrou na segunda-feira. O Tondela refor\u00e7ou-se nesse per\u00edodo com v\u00e1rios Forward e um defesa-central.<\/p>\n<h3>Contexto de refor\u00e7os e desfecho desportivo<\/h3>\n<p>Durante o mercado de inverno, o Tondela integrou Benjamin Kimpioka, Makan A\u00efko, Arjen van der Heide e Jo\u00e3o Silva, al\u00e9m da ced\u00eancia de Diego Tavares ao Vit\u00f3ria de Sernache. O clube encontra-se em posi\u00e7\u00f5es inferiores da tabela.<\/p>\n<p>O Tondela, 17.\u00ba classificado com 13 pontos, recebe neste s\u00e1bado o Estoril Praia, 8.\u00ba, em jogo da 21.\u00aa jornada da I Liga. A equipa busca melhorar a posi\u00e7\u00e3o na classifica\u00e7\u00e3o.<\/p>\n","protected":false},"excerpt":{"rendered":"<ul>\n<li>O avan\u00e7ado Ivan Cavaleiro e o Tondela chegaram a acordo para a cessa\u00e7\u00e3o do contrato que ligava as partes at\u00e9 junho de 2027, anunciou o clube na ter\u00e7a-feira.<\/li>\n<li>Cavaleiro, de 32 anos, chegou ao Tondela em agosto de 2025 e somou 929 minutos disputados entre a I Liga e a Ta\u00e7a de Portugal.<\/li>\n<li>O Tondela agradeceu o profissionalismo de Cavaleiro e desejou-lhe a maior sorte pessoal e profissional.<\/li>\n<li>Cavaleiro foi a quinta sa\u00edda do mercado de inverno do Tondela, que informou ainda entradas de Benjamin Kimpioka, Makan A\u00efko, Arjen van der Heide e Jo\u00e3o Silva, e a ced\u00eancia de Diego Tavares ao Vit\u00f3ria de Sernache.<\/li>\n<li>O Tondela, 17.\u00ba com 13 pontos, visita o Estoril Praia no s\u00e1bado, \u00e0s 18h00, em jogo da 21.\u00aa jornada da I Liga.<\/li>\n<\/ul>\n","protected":false},"author":2,"featured_media":193421,"comment_status":"closed","ping_status":"closed","sticky":false,"template":"","format":"standard","meta":{"footnotes":""},"categories":[21,24],"tags":[1125,32,1684,3501,1266,1005],"class_list":["post-193406","post","type-post","status-publish","format-standard","has-post-thumbnail","hentry","category-desporto","category-futebol","tag-contratos","tag-futebol","tag-i-liga","tag-rescisao","tag-taca-de-portugal","tag-tondela"],"yoast_head":"<!-- This site is optimized with the Yoast SEO plugin v27.2 - https:\/\/yoast.com\/product\/yoast-seo-wordpress\/ -->\n<title>Ivan Cavaleiro e Tondela rescindem contrato - Portal Tela Portugal<\/title>\n<meta name=\"robots\" content=\"index, follow, max-snippet:-1, max-image-preview:large, max-video-preview:-1\" \/>\n<meta property=\"og:locale\" content=\"pt_PT\" \/>\n<meta property=\"og:type\" content=\"article\" \/>\n<meta property=\"og:title\" content=\"Ivan Cavaleiro e Tondela rescindem contrato - Portal Tela Portugal\" \/>\n<meta property=\"og:description\" content=\"O avan\u00e7ado Ivan Cavaleiro e o Tondela chegaram a acordo para a cessa\u00e7\u00e3o do contrato que ligava as partes at\u00e9 junho de 2027, anunciou o clube na ter\u00e7a-feira. Cavaleiro, de 32 anos, chegou ao Tondela em agosto de 2025 e somou 929 minutos disputados entre a I Liga e a Ta\u00e7a de Portugal. O Tondela agradeceu o profissionalismo de Cavaleiro e desejou-lhe a maior sorte pessoal e profissional. Cavaleiro foi a quinta sa\u00edda do mercado de inverno do Tondela, que informou ainda entradas de Benjamin Kimpioka, Makan A\u00efko, Arjen van der Heide e Jo\u00e3o Silva, e a ced\u00eancia de Diego Tavares ao Vit\u00f3ria de Sernache. O Tondela, 17.\u00ba com 13 pontos, visita o Estoril Praia no s\u00e1bado, \u00e0s 18h00, em jogo da 21.\u00aa jornada da I Liga.\" \/>\n<meta property=\"og:url\" content=\"https:\/\/portaltela.pt\/noticias\/2026\/02\/03\/ivan-cavaleiro-e-tondela-rescindem-contrato\/\" \/>\n<meta property=\"og:site_name\" content=\"Portal Tela Portugal\" \/>\n<meta property=\"article:published_time\" content=\"2026-02-03T10:49:00+00:00\" \/>\n<meta name=\"author\" content=\"Telinha\" \/>\n<meta name=\"twitter:card\" content=\"summary_large_image\" \/>\n<meta name=\"twitter:label1\" content=\"Escrito por\" \/>\n\t<meta name=\"twitter:data1\" content=\"Telinha\" \/>\n\t<meta name=\"twitter:label2\" content=\"Tempo estimado de leitura\" \/>\n\t<meta name=\"twitter:data2\" content=\"1 minuto\" \/>\n<script type=\"application\/ld+json\" class=\"yoast-schema-graph\">{\"@context\":\"https:\/\/schema.org\",\"@graph\":[{\"@type\":\"Article\",\"@id\":\"https:\/\/portaltela.pt\/noticias\/2026\/02\/03\/ivan-cavaleiro-e-tondela-rescindem-contrato\/#article\",\"isPartOf\":{\"@id\":\"https:\/\/portaltela.pt\/noticias\/2026\/02\/03\/ivan-cavaleiro-e-tondela-rescindem-contrato\/\"},\"author\":{\"name\":\"Telinha\",\"@id\":\"https:\/\/portaltela.pt\/#\/schema\/person\/c4278d4a6028830caff9ee44b42d32ed\"},\"headline\":\"Ivan Cavaleiro e Tondela rescindem contrato\",\"datePublished\":\"2026-02-03T10:49:00+00:00\",\"mainEntityOfPage\":{\"@id\":\"https:\/\/portaltela.pt\/noticias\/2026\/02\/03\/ivan-cavaleiro-e-tondela-rescindem-contrato\/\"},\"wordCount\":192,\"image\":{\"@id\":\"https:\/\/portaltela.pt\/noticias\/2026\/02\/03\/ivan-cavaleiro-e-tondela-rescindem-contrato\/#primaryimage\"},\"thumbnailUrl\":\"https:\/\/portaltela.pt\/s.01k8rhncp4jt1\/2026\/02\/unnamed-file-760.jpg\",\"keywords\":[\"contratos\",\"futebol\",\"I Liga\",\"rescis\u00e3o\",\"Ta\u00e7a de Portugal\",\"Tondela\"],\"articleSection\":[\"Desporto\",\"Futebol\"],\"inLanguage\":\"pt-PT\"},{\"@type\":\"WebPage\",\"@id\":\"https:\/\/portaltela.pt\/noticias\/2026\/02\/03\/ivan-cavaleiro-e-tondela-rescindem-contrato\/\",\"url\":\"https:\/\/portaltela.pt\/noticias\/2026\/02\/03\/ivan-cavaleiro-e-tondela-rescindem-contrato\/\",\"name\":\"Ivan Cavaleiro e Tondela rescindem contrato - Portal Tela Portugal\",\"isPartOf\":{\"@id\":\"https:\/\/portaltela.pt\/#website\"},\"primaryImageOfPage\":{\"@id\":\"https:\/\/portaltela.pt\/noticias\/2026\/02\/03\/ivan-cavaleiro-e-tondela-rescindem-contrato\/#primaryimage\"},\"image\":{\"@id\":\"https:\/\/portaltela.pt\/noticias\/2026\/02\/03\/ivan-cavaleiro-e-tondela-rescindem-contrato\/#primaryimage\"},\"thumbnailUrl\":\"https:\/\/portaltela.pt\/s.01k8rhncp4jt1\/2026\/02\/unnamed-file-760.jpg\",\"datePublished\":\"2026-02-03T10:49:00+00:00\",\"author\":{\"@id\":\"https:\/\/portaltela.pt\/#\/schema\/person\/c4278d4a6028830caff9ee44b42d32ed\"},\"breadcrumb\":{\"@id\":\"https:\/\/portaltela.pt\/noticias\/2026\/02\/03\/ivan-cavaleiro-e-tondela-rescindem-contrato\/#breadcrumb\"},\"inLanguage\":\"pt-PT\",\"potentialAction\":[{\"@type\":\"ReadAction\",\"target\":[\"https:\/\/portaltela.pt\/noticias\/2026\/02\/03\/ivan-cavaleiro-e-tondela-rescindem-contrato\/\"]}]},{\"@type\":\"ImageObject\",\"inLanguage\":\"pt-PT\",\"@id\":\"https:\/\/portaltela.pt\/noticias\/2026\/02\/03\/ivan-cavaleiro-e-tondela-rescindem-contrato\/#primaryimage\",\"url\":\"https:\/\/portaltela.pt\/s.01k8rhncp4jt1\/2026\/02\/unnamed-file-760.jpg\",\"contentUrl\":\"https:\/\/portaltela.pt\/s.01k8rhncp4jt1\/2026\/02\/unnamed-file-760.jpg\",\"width\":796,\"height\":448,\"caption\":\"Ivan somou 929 minutos com a camisola do Tondela\"},{\"@type\":\"BreadcrumbList\",\"@id\":\"https:\/\/portaltela.pt\/noticias\/2026\/02\/03\/ivan-cavaleiro-e-tondela-rescindem-contrato\/#breadcrumb\",\"itemListElement\":[{\"@type\":\"ListItem\",\"position\":1,\"name\":\"In\u00edcio\",\"item\":\"https:\/\/portaltela.pt\/\"},{\"@type\":\"ListItem\",\"position\":2,\"name\":\"Ivan Cavaleiro e Tondela rescindem contrato\"}]},{\"@type\":\"WebSite\",\"@id\":\"https:\/\/portaltela.pt\/#website\",\"url\":\"https:\/\/portaltela.pt\/\",\"name\":\"Portal Tela Portugal\",\"description\":\"\",\"potentialAction\":[{\"@type\":\"SearchAction\",\"target\":{\"@type\":\"EntryPoint\",\"urlTemplate\":\"https:\/\/portaltela.pt\/?s={search_term_string}\"},\"query-input\":{\"@type\":\"PropertyValueSpecification\",\"valueRequired\":true,\"valueName\":\"search_term_string\"}}],\"inLanguage\":\"pt-PT\"},{\"@type\":\"Person\",\"@id\":\"https:\/\/portaltela.pt\/#\/schema\/person\/c4278d4a6028830caff9ee44b42d32ed\",\"name\":\"Telinha\",\"image\":{\"@type\":\"ImageObject\",\"inLanguage\":\"pt-PT\",\"@id\":\"https:\/\/portaltela.pt\/s.01k8rhncp4jt1\/2025\/11\/talking-bot-125x125.png\",\"url\":\"https:\/\/portaltela.pt\/s.01k8rhncp4jt1\/2025\/11\/talking-bot-125x125.png\",\"contentUrl\":\"https:\/\/portaltela.pt\/s.01k8rhncp4jt1\/2025\/11\/talking-bot-125x125.png\",\"caption\":\"Telinha\"},\"sameAs\":[\"https:\/\/portaltela.pt\/\"],\"url\":\"https:\/\/portaltela.pt\/por\/367410592786\/\"}]}<\/script>\n<!-- \/ Yoast SEO plugin. -->","yoast_head_json":{"title":"Ivan Cavaleiro e Tondela rescindem contrato - Portal Tela Portugal","robots":{"index":"index","follow":"follow","max-snippet":"max-snippet:-1","max-image-preview":"max-image-preview:large","max-video-preview":"max-video-preview:-1"},"og_locale":"pt_PT","og_type":"article","og_title":"Ivan Cavaleiro e Tondela rescindem contrato - Portal Tela Portugal","og_description":"O avan\u00e7ado Ivan Cavaleiro e o Tondela chegaram a acordo para a cessa\u00e7\u00e3o do contrato que ligava as partes at\u00e9 junho de 2027, anunciou o clube na ter\u00e7a-feira. Cavaleiro, de 32 anos, chegou ao Tondela em agosto de 2025 e somou 929 minutos disputados entre a I Liga e a Ta\u00e7a de Portugal. O Tondela agradeceu o profissionalismo de Cavaleiro e desejou-lhe a maior sorte pessoal e profissional. Cavaleiro foi a quinta sa\u00edda do mercado de inverno do Tondela, que informou ainda entradas de Benjamin Kimpioka, Makan A\u00efko, Arjen van der Heide e Jo\u00e3o Silva, e a ced\u00eancia de Diego Tavares ao Vit\u00f3ria de Sernache. O Tondela, 17.\u00ba com 13 pontos, visita o Estoril Praia no s\u00e1bado, \u00e0s 18h00, em jogo da 21.\u00aa jornada da I Liga.","og_url":"https:\/\/portaltela.pt\/noticias\/2026\/02\/03\/ivan-cavaleiro-e-tondela-rescindem-contrato\/","og_site_name":"Portal Tela Portugal","article_published_time":"2026-02-03T10:49:00+00:00","author":"Telinha","twitter_card":"summary_large_image","twitter_misc":{"Escrito por":"Telinha","Tempo estimado de leitura":"1 minuto"},"schema":{"@context":"https:\/\/schema.org","@graph":[{"@type":"Article","@id":"https:\/\/portaltela.pt\/noticias\/2026\/02\/03\/ivan-cavaleiro-e-tondela-rescindem-contrato\/#article","isPartOf":{"@id":"https:\/\/portaltela.pt\/noticias\/2026\/02\/03\/ivan-cavaleiro-e-tondela-rescindem-contrato\/"},"author":{"name":"Telinha","@id":"https:\/\/portaltela.pt\/#\/schema\/person\/c4278d4a6028830caff9ee44b42d32ed"},"headline":"Ivan Cavaleiro e Tondela rescindem contrato","datePublished":"2026-02-03T10:49:00+00:00","mainEntityOfPage":{"@id":"https:\/\/portaltela.pt\/noticias\/2026\/02\/03\/ivan-cavaleiro-e-tondela-rescindem-contrato\/"},"wordCount":192,"image":{"@id":"https:\/\/portaltela.pt\/noticias\/2026\/02\/03\/ivan-cavaleiro-e-tondela-rescindem-contrato\/#primaryimage"},"thumbnailUrl":"https:\/\/portaltela.pt\/s.01k8rhncp4jt1\/2026\/02\/unnamed-file-760.jpg","keywords":["contratos","futebol","I Liga","rescis\u00e3o","Ta\u00e7a de Portugal","Tondela"],"articleSection":["Desporto","Futebol"],"inLanguage":"pt-PT"},{"@type":"WebPage","@id":"https:\/\/portaltela.pt\/noticias\/2026\/02\/03\/ivan-cavaleiro-e-tondela-rescindem-contrato\/","url":"https:\/\/portaltela.pt\/noticias\/2026\/02\/03\/ivan-cavaleiro-e-tondela-rescindem-contrato\/","name":"Ivan Cavaleiro e Tondela rescindem contrato - Portal Tela Portugal","isPartOf":{"@id":"https:\/\/portaltela.pt\/#website"},"primaryImageOfPage":{"@id":"https:\/\/portaltela.pt\/noticias\/2026\/02\/03\/ivan-cavaleiro-e-tondela-rescindem-contrato\/#primaryimage"},"image":{"@id":"https:\/\/portaltela.pt\/noticias\/2026\/02\/03\/ivan-cavaleiro-e-tondela-rescindem-contrato\/#primaryimage"},"thumbnailUrl":"https:\/\/portaltela.pt\/s.01k8rhncp4jt1\/2026\/02\/unnamed-file-760.jpg","datePublished":"2026-02-03T10:49:00+00:00","author":{"@id":"https:\/\/portaltela.pt\/#\/schema\/person\/c4278d4a6028830caff9ee44b42d32ed"},"breadcrumb":{"@id":"https:\/\/portaltela.pt\/noticias\/2026\/02\/03\/ivan-cavaleiro-e-tondela-rescindem-contrato\/#breadcrumb"},"inLanguage":"pt-PT","potentialAction":[{"@type":"ReadAction","target":["https:\/\/portaltela.pt\/noticias\/2026\/02\/03\/ivan-cavaleiro-e-tondela-rescindem-contrato\/"]}]},{"@type":"ImageObject","inLanguage":"pt-PT","@id":"https:\/\/portaltela.pt\/noticias\/2026\/02\/03\/ivan-cavaleiro-e-tondela-rescindem-contrato\/#primaryimage","url":"https:\/\/portaltela.pt\/s.01k8rhncp4jt1\/2026\/02\/unnamed-file-760.jpg","contentUrl":"https:\/\/portaltela.pt\/s.01k8rhncp4jt1\/2026\/02\/unnamed-file-760.jpg","width":796,"height":448,"caption":"Ivan somou 929 minutos com a camisola do Tondela"},{"@type":"BreadcrumbList","@id":"https:\/\/portaltela.pt\/noticias\/2026\/02\/03\/ivan-cavaleiro-e-tondela-rescindem-contrato\/#breadcrumb","itemListElement":[{"@type":"ListItem","position":1,"name":"In\u00edcio","item":"https:\/\/portaltela.pt\/"},{"@type":"ListItem","position":2,"name":"Ivan Cavaleiro e Tondela rescindem contrato"}]},{"@type":"WebSite","@id":"https:\/\/portaltela.pt\/#website","url":"https:\/\/portaltela.pt\/","name":"Portal Tela Portugal","description":"","potentialAction":[{"@type":"SearchAction","target":{"@type":"EntryPoint","urlTemplate":"https:\/\/portaltela.pt\/?s={search_term_string}"},"query-input":{"@type":"PropertyValueSpecification","valueRequired":true,"valueName":"search_term_string"}}],"inLanguage":"pt-PT"},{"@type":"Person","@id":"https:\/\/portaltela.pt\/#\/schema\/person\/c4278d4a6028830caff9ee44b42d32ed","name":"Telinha","image":{"@type":"ImageObject","inLanguage":"pt-PT","@id":"https:\/\/portaltela.pt\/s.01k8rhncp4jt1\/2025\/11\/talking-bot-125x125.png","url":"https:\/\/portaltela.pt\/s.01k8rhncp4jt1\/2025\/11\/talking-bot-125x125.png","contentUrl":"https:\/\/portaltela.pt\/s.01k8rhncp4jt1\/2025\/11\/talking-bot-125x125.png","caption":"Telinha"},"sameAs":["https:\/\/portaltela.pt\/"],"url":"https:\/\/portaltela.pt\/por\/367410592786\/"}]}},"_links":{"self":[{"href":"https:\/\/portaltela.pt\/api\/wp\/v2\/posts\/193406","targetHints":{"allow":["GET"]}}],"collection":[{"href":"https:\/\/portaltela.pt\/api\/wp\/v2\/posts"}],"about":[{"href":"https:\/\/portaltela.pt\/api\/wp\/v2\/types\/post"}],"author":[{"embeddable":true,"href":"https:\/\/portaltela.pt\/api\/wp\/v2\/users\/2"}],"replies":[{"embeddable":true,"href":"https:\/\/portaltela.pt\/api\/wp\/v2\/comments?post=193406"}],"version-history":[{"count":0,"href":"https:\/\/portaltela.pt\/api\/wp\/v2\/posts\/193406\/revisions"}],"wp:featuredmedia":[{"embeddable":true,"href":"https:\/\/portaltela.pt\/api\/wp\/v2\/media\/193421"}],"wp:attachment":[{"href":"https:\/\/portaltela.pt\/api\/wp\/v2\/media?parent=193406"}],"wp:term":[{"taxonomy":"category","embeddable":true,"href":"https:\/\/portaltela.pt\/api\/wp\/v2\/categories?post=193406"},{"taxonomy":"post_tag","embeddable":true,"href":"https:\/\/portaltela.pt\/api\/wp\/v2\/tags?post=193406"}],"curies":[{"name":"wp","href":"https:\/\/api.w.org\/{rel}","templated":true}]}}