{"id":193361,"date":"2026-02-03T07:41:12","date_gmt":"2026-02-03T10:41:12","guid":{"rendered":"https:\/\/portaltela.pt\/noticias\/2026\/02\/03\/exercito-mobiliza-mil-militares-para-apoiar-populacoes-afetadas-pela-kristin\/"},"modified":"2026-02-03T07:41:12","modified_gmt":"2026-02-03T10:41:12","slug":"exercito-mobiliza-mil-militares-para-apoiar-populacoes-afetadas-pela-kristin","status":"publish","type":"post","link":"https:\/\/portaltela.pt\/noticias\/2026\/02\/03\/exercito-mobiliza-mil-militares-para-apoiar-populacoes-afetadas-pela-kristin\/","title":{"rendered":"Ex\u00e9rcito mobiliza mil militares para apoiar popula\u00e7\u00f5es afetadas pela Kristin"},"content":{"rendered":"<p>O Ex\u00e9rcito Portugu\u00eas manteve e refor\u00e7ou o apoio \u00e0s autoridades civis na resposta aos efeitos do mau tempo, atuando em coordena\u00e7\u00e3o com entidades competentes. O dispositivo estendeu-se a quatro distritos e 13 munic\u00edpios, com opera\u00e7\u00f5es de remo\u00e7\u00e3o de escombros, limpeza de vias e apoio de engenharia.<\/p>\n<p>Foram mobilizados 1.005 militares e 152 viaturas, com nove m\u00e1quinas de engenharia, 14 geradores, 18 motosserras, cinco m\u00f3dulos Starlink e um m\u00f3dulo de comunica\u00e7\u00f5es. O apoio incluiu busca, salvamento, evacua\u00e7\u00e3o e log\u00edstica de alojamento.<\/p>\n<h3>Santar\u00e9m: a\u00e7\u00f5es variadas<\/h3>\n<p>Em Tomar e Ferreira do Z\u00eazere ativaram Grupos de Comando e Liga\u00e7\u00e3o, com equipas de limpeza, desobstru\u00e7\u00e3o e apoio energ\u00e9tico. Our\u00e9m recebeu pelot\u00f5es de interven\u00e7\u00e3o para remo\u00e7\u00e3o de escombros. Const\u00e2ncia e Vila Nova da Barquinha refor\u00e7aram patrulhas.<\/p>\n<h3>Leiria: prioridade \u00e0 limpeza e comunica\u00e7\u00f5es<\/h3>\n<p>Leiria e Marinha Grande tiveram pelot\u00f5es de interven\u00e7\u00e3o, engenharia e comunica\u00e7\u00f5es, com alojamento de campanha. Pombal e Figueir\u00f3 dos Vinhos realizaram a\u00e7\u00f5es de limpeza e refor\u00e7o de comunica\u00e7\u00f5es, incluindo lonas em habita\u00e7\u00f5es. Alvai\u00e1zere teve m\u00f3dulos de energia.<\/p>\n<h3>Coimbra e Castelo Branco: opera\u00e7\u00f5es espec\u00edficas<\/h3>\n<p>Coimbra manteve meios pr\u00e9-posicionados para busca, salvamento e evacua\u00e7\u00e3o, com um Posto M\u00e9dico Avan\u00e7ado. Sert\u00e3, em Castelo Branco, recebeu for\u00e7as com pelot\u00e3o de interven\u00e7\u00e3o, engenharia e m\u00f3dulos energ\u00e9ticos e de ilumina\u00e7\u00e3o.<\/p>\n<p>O Ex\u00e9rcito continuar\u00e1 a acompanhar a evolu\u00e7\u00e3o da situa\u00e7\u00e3o, mantendo meios operacionais no terreno e em prontid\u00e3o, em estreita articula\u00e7\u00e3o com as entidades respons\u00e1veis.<\/p>\n","protected":false},"excerpt":{"rendered":"<ul>\n<li>O Ex\u00e9rcito Portugu\u00eas manteve e refor\u00e7ou o apoio \u00e0s autoridades civis na resposta aos efeitos do mau tempo, distribuindo o dispositivo por quatro distritos e 13 munic\u00edpios.<\/li>\n<li>No total estiveram empenhados 1.005 militares e 152 viaturas, com nove m\u00e1quinas de engenharia, 14 geradores, 18 motosserras, cinco m\u00f3dulos Starlink e um m\u00f3dulo de comunica\u00e7\u00f5es.<\/li>\n<li>As opera\u00e7\u00f5es inclu\u00edram remo\u00e7\u00e3o de escombros, limpeza e desobstru\u00e7\u00e3o de vias, apoio de engenharia, refor\u00e7o de comunica\u00e7\u00f5es, fornecimento de energia e ilumina\u00e7\u00e3o, busca, salvamento e evacua\u00e7\u00e3o, com equipas e botes pr\u00e9-posicionados.<\/li>\n<li>Em Santar\u00e9m, Leiria, Coimbra e Castelo Branco foram executadas a\u00e7\u00f5es como patrulhas, limpeza, reposi\u00e7\u00e3o de circula\u00e7\u00e3o, apoio energ\u00e9tico, coloca\u00e7\u00e3o de lonas em habita\u00e7\u00f5es e opera\u00e7\u00f5es de busca e evacua\u00e7\u00e3o, entre outras medidas.<\/li>\n<li>O Ex\u00e9rcito continua a acompanhar a evolu\u00e7\u00e3o da situa\u00e7\u00e3o, mantendo meios operacionais no terreno e em prontid\u00e3o, em estreita articula\u00e7\u00e3o com as entidades respons\u00e1veis.<\/li>\n<\/ul>\n","protected":false},"author":2,"featured_media":193365,"comment_status":"closed","ping_status":"closed","sticky":false,"template":"","format":"standard","meta":{"footnotes":""},"categories":[1],"tags":[4056,3105,1779,320,5099,5010],"class_list":["post-193361","post","type-post","status-publish","format-standard","has-post-thumbnail","hentry","category-noticias","tag-busca-e-resgate-urbano","tag-engenharia-civil","tag-forcas-armadas","tag-protecao-civil","tag-protecao-civil-municipal","tag-starlink"],"yoast_head":"<!-- This site is optimized with the Yoast SEO plugin v27.2 - https:\/\/yoast.com\/product\/yoast-seo-wordpress\/ -->\n<title>Ex\u00e9rcito mobiliza mil militares para apoiar popula\u00e7\u00f5es afetadas pela Kristin - Portal Tela Portugal<\/title>\n<meta name=\"robots\" content=\"index, follow, max-snippet:-1, max-image-preview:large, max-video-preview:-1\" \/>\n<meta property=\"og:locale\" content=\"pt_PT\" \/>\n<meta property=\"og:type\" content=\"article\" \/>\n<meta property=\"og:title\" content=\"Ex\u00e9rcito mobiliza mil militares para apoiar popula\u00e7\u00f5es afetadas pela Kristin - Portal Tela Portugal\" \/>\n<meta property=\"og:description\" content=\"O Ex\u00e9rcito Portugu\u00eas manteve e refor\u00e7ou o apoio \u00e0s autoridades civis na resposta aos efeitos do mau tempo, distribuindo o dispositivo por quatro distritos e 13 munic\u00edpios. No total estiveram empenhados 1.005 militares e 152 viaturas, com nove m\u00e1quinas de engenharia, 14 geradores, 18 motosserras, cinco m\u00f3dulos Starlink e um m\u00f3dulo de comunica\u00e7\u00f5es. As opera\u00e7\u00f5es inclu\u00edram remo\u00e7\u00e3o de escombros, limpeza e desobstru\u00e7\u00e3o de vias, apoio de engenharia, refor\u00e7o de comunica\u00e7\u00f5es, fornecimento de energia e ilumina\u00e7\u00e3o, busca, salvamento e evacua\u00e7\u00e3o, com equipas e botes pr\u00e9-posicionados. Em Santar\u00e9m, Leiria, Coimbra e Castelo Branco foram executadas a\u00e7\u00f5es como patrulhas, limpeza, reposi\u00e7\u00e3o de circula\u00e7\u00e3o, apoio energ\u00e9tico, coloca\u00e7\u00e3o de lonas em habita\u00e7\u00f5es e opera\u00e7\u00f5es de busca e evacua\u00e7\u00e3o, entre outras medidas. O Ex\u00e9rcito continua a acompanhar a evolu\u00e7\u00e3o da situa\u00e7\u00e3o, mantendo meios operacionais no terreno e em prontid\u00e3o, em estreita articula\u00e7\u00e3o com as entidades respons\u00e1veis.\" \/>\n<meta property=\"og:url\" content=\"https:\/\/portaltela.pt\/noticias\/2026\/02\/03\/exercito-mobiliza-mil-militares-para-apoiar-populacoes-afetadas-pela-kristin\/\" \/>\n<meta property=\"og:site_name\" content=\"Portal Tela Portugal\" \/>\n<meta property=\"article:published_time\" content=\"2026-02-03T10:41:12+00:00\" \/>\n<meta name=\"author\" content=\"Telinha\" \/>\n<meta name=\"twitter:card\" content=\"summary_large_image\" \/>\n<meta name=\"twitter:label1\" content=\"Escrito por\" \/>\n\t<meta name=\"twitter:data1\" content=\"Telinha\" \/>\n\t<meta name=\"twitter:label2\" content=\"Tempo estimado de leitura\" \/>\n\t<meta name=\"twitter:data2\" content=\"1 minuto\" \/>\n<script type=\"application\/ld+json\" class=\"yoast-schema-graph\">{\"@context\":\"https:\/\/schema.org\",\"@graph\":[{\"@type\":\"Article\",\"@id\":\"https:\/\/portaltela.pt\/noticias\/2026\/02\/03\/exercito-mobiliza-mil-militares-para-apoiar-populacoes-afetadas-pela-kristin\/#article\",\"isPartOf\":{\"@id\":\"https:\/\/portaltela.pt\/noticias\/2026\/02\/03\/exercito-mobiliza-mil-militares-para-apoiar-populacoes-afetadas-pela-kristin\/\"},\"author\":{\"name\":\"Telinha\",\"@id\":\"https:\/\/portaltela.pt\/#\/schema\/person\/c4278d4a6028830caff9ee44b42d32ed\"},\"headline\":\"Ex\u00e9rcito mobiliza mil militares para apoiar popula\u00e7\u00f5es afetadas pela Kristin\",\"datePublished\":\"2026-02-03T10:41:12+00:00\",\"mainEntityOfPage\":{\"@id\":\"https:\/\/portaltela.pt\/noticias\/2026\/02\/03\/exercito-mobiliza-mil-militares-para-apoiar-populacoes-afetadas-pela-kristin\/\"},\"wordCount\":283,\"image\":{\"@id\":\"https:\/\/portaltela.pt\/noticias\/2026\/02\/03\/exercito-mobiliza-mil-militares-para-apoiar-populacoes-afetadas-pela-kristin\/#primaryimage\"},\"thumbnailUrl\":\"https:\/\/portaltela.pt\/s.01k8rhncp4jt1\/2026\/02\/unnamed-file-750.jpg\",\"keywords\":[\"Busca e Resgate Urbano\",\"engenharia civil\",\"For\u00e7as Armadas\",\"prote\u00e7\u00e3o civil\",\"Prote\u00e7\u00e3o Civil Municipal\",\"Starlink\"],\"articleSection\":[\"Not\u00edcias\"],\"inLanguage\":\"pt-PT\"},{\"@type\":\"WebPage\",\"@id\":\"https:\/\/portaltela.pt\/noticias\/2026\/02\/03\/exercito-mobiliza-mil-militares-para-apoiar-populacoes-afetadas-pela-kristin\/\",\"url\":\"https:\/\/portaltela.pt\/noticias\/2026\/02\/03\/exercito-mobiliza-mil-militares-para-apoiar-populacoes-afetadas-pela-kristin\/\",\"name\":\"Ex\u00e9rcito mobiliza mil militares para apoiar popula\u00e7\u00f5es afetadas pela Kristin - Portal Tela Portugal\",\"isPartOf\":{\"@id\":\"https:\/\/portaltela.pt\/#website\"},\"primaryImageOfPage\":{\"@id\":\"https:\/\/portaltela.pt\/noticias\/2026\/02\/03\/exercito-mobiliza-mil-militares-para-apoiar-populacoes-afetadas-pela-kristin\/#primaryimage\"},\"image\":{\"@id\":\"https:\/\/portaltela.pt\/noticias\/2026\/02\/03\/exercito-mobiliza-mil-militares-para-apoiar-populacoes-afetadas-pela-kristin\/#primaryimage\"},\"thumbnailUrl\":\"https:\/\/portaltela.pt\/s.01k8rhncp4jt1\/2026\/02\/unnamed-file-750.jpg\",\"datePublished\":\"2026-02-03T10:41:12+00:00\",\"author\":{\"@id\":\"https:\/\/portaltela.pt\/#\/schema\/person\/c4278d4a6028830caff9ee44b42d32ed\"},\"breadcrumb\":{\"@id\":\"https:\/\/portaltela.pt\/noticias\/2026\/02\/03\/exercito-mobiliza-mil-militares-para-apoiar-populacoes-afetadas-pela-kristin\/#breadcrumb\"},\"inLanguage\":\"pt-PT\",\"potentialAction\":[{\"@type\":\"ReadAction\",\"target\":[\"https:\/\/portaltela.pt\/noticias\/2026\/02\/03\/exercito-mobiliza-mil-militares-para-apoiar-populacoes-afetadas-pela-kristin\/\"]}]},{\"@type\":\"ImageObject\",\"inLanguage\":\"pt-PT\",\"@id\":\"https:\/\/portaltela.pt\/noticias\/2026\/02\/03\/exercito-mobiliza-mil-militares-para-apoiar-populacoes-afetadas-pela-kristin\/#primaryimage\",\"url\":\"https:\/\/portaltela.pt\/s.01k8rhncp4jt1\/2026\/02\/unnamed-file-750.jpg\",\"contentUrl\":\"https:\/\/portaltela.pt\/s.01k8rhncp4jt1\/2026\/02\/unnamed-file-750.jpg\",\"width\":796,\"height\":448,\"caption\":\"Ex\u00e9rcito j\u00e1 tem mais de mil militares no terreno em auxilio \u00e0s popula\u00e7\u00f5es afetadas pela Kristin\"},{\"@type\":\"BreadcrumbList\",\"@id\":\"https:\/\/portaltela.pt\/noticias\/2026\/02\/03\/exercito-mobiliza-mil-militares-para-apoiar-populacoes-afetadas-pela-kristin\/#breadcrumb\",\"itemListElement\":[{\"@type\":\"ListItem\",\"position\":1,\"name\":\"In\u00edcio\",\"item\":\"https:\/\/portaltela.pt\/\"},{\"@type\":\"ListItem\",\"position\":2,\"name\":\"Ex\u00e9rcito mobiliza mil militares para apoiar popula\u00e7\u00f5es afetadas pela Kristin\"}]},{\"@type\":\"WebSite\",\"@id\":\"https:\/\/portaltela.pt\/#website\",\"url\":\"https:\/\/portaltela.pt\/\",\"name\":\"Portal Tela Portugal\",\"description\":\"\",\"potentialAction\":[{\"@type\":\"SearchAction\",\"target\":{\"@type\":\"EntryPoint\",\"urlTemplate\":\"https:\/\/portaltela.pt\/?s={search_term_string}\"},\"query-input\":{\"@type\":\"PropertyValueSpecification\",\"valueRequired\":true,\"valueName\":\"search_term_string\"}}],\"inLanguage\":\"pt-PT\"},{\"@type\":\"Person\",\"@id\":\"https:\/\/portaltela.pt\/#\/schema\/person\/c4278d4a6028830caff9ee44b42d32ed\",\"name\":\"Telinha\",\"image\":{\"@type\":\"ImageObject\",\"inLanguage\":\"pt-PT\",\"@id\":\"https:\/\/portaltela.pt\/s.01k8rhncp4jt1\/2025\/11\/talking-bot-125x125.png\",\"url\":\"https:\/\/portaltela.pt\/s.01k8rhncp4jt1\/2025\/11\/talking-bot-125x125.png\",\"contentUrl\":\"https:\/\/portaltela.pt\/s.01k8rhncp4jt1\/2025\/11\/talking-bot-125x125.png\",\"caption\":\"Telinha\"},\"sameAs\":[\"https:\/\/portaltela.pt\/\"],\"url\":\"https:\/\/portaltela.pt\/por\/367410592786\/\"}]}<\/script>\n<!-- \/ Yoast SEO plugin. -->","yoast_head_json":{"title":"Ex\u00e9rcito mobiliza mil militares para apoiar popula\u00e7\u00f5es afetadas pela Kristin - Portal Tela Portugal","robots":{"index":"index","follow":"follow","max-snippet":"max-snippet:-1","max-image-preview":"max-image-preview:large","max-video-preview":"max-video-preview:-1"},"og_locale":"pt_PT","og_type":"article","og_title":"Ex\u00e9rcito mobiliza mil militares para apoiar popula\u00e7\u00f5es afetadas pela Kristin - Portal Tela Portugal","og_description":"O Ex\u00e9rcito Portugu\u00eas manteve e refor\u00e7ou o apoio \u00e0s autoridades civis na resposta aos efeitos do mau tempo, distribuindo o dispositivo por quatro distritos e 13 munic\u00edpios. No total estiveram empenhados 1.005 militares e 152 viaturas, com nove m\u00e1quinas de engenharia, 14 geradores, 18 motosserras, cinco m\u00f3dulos Starlink e um m\u00f3dulo de comunica\u00e7\u00f5es. As opera\u00e7\u00f5es inclu\u00edram remo\u00e7\u00e3o de escombros, limpeza e desobstru\u00e7\u00e3o de vias, apoio de engenharia, refor\u00e7o de comunica\u00e7\u00f5es, fornecimento de energia e ilumina\u00e7\u00e3o, busca, salvamento e evacua\u00e7\u00e3o, com equipas e botes pr\u00e9-posicionados. Em Santar\u00e9m, Leiria, Coimbra e Castelo Branco foram executadas a\u00e7\u00f5es como patrulhas, limpeza, reposi\u00e7\u00e3o de circula\u00e7\u00e3o, apoio energ\u00e9tico, coloca\u00e7\u00e3o de lonas em habita\u00e7\u00f5es e opera\u00e7\u00f5es de busca e evacua\u00e7\u00e3o, entre outras medidas. O Ex\u00e9rcito continua a acompanhar a evolu\u00e7\u00e3o da situa\u00e7\u00e3o, mantendo meios operacionais no terreno e em prontid\u00e3o, em estreita articula\u00e7\u00e3o com as entidades respons\u00e1veis.","og_url":"https:\/\/portaltela.pt\/noticias\/2026\/02\/03\/exercito-mobiliza-mil-militares-para-apoiar-populacoes-afetadas-pela-kristin\/","og_site_name":"Portal Tela Portugal","article_published_time":"2026-02-03T10:41:12+00:00","author":"Telinha","twitter_card":"summary_large_image","twitter_misc":{"Escrito por":"Telinha","Tempo estimado de leitura":"1 minuto"},"schema":{"@context":"https:\/\/schema.org","@graph":[{"@type":"Article","@id":"https:\/\/portaltela.pt\/noticias\/2026\/02\/03\/exercito-mobiliza-mil-militares-para-apoiar-populacoes-afetadas-pela-kristin\/#article","isPartOf":{"@id":"https:\/\/portaltela.pt\/noticias\/2026\/02\/03\/exercito-mobiliza-mil-militares-para-apoiar-populacoes-afetadas-pela-kristin\/"},"author":{"name":"Telinha","@id":"https:\/\/portaltela.pt\/#\/schema\/person\/c4278d4a6028830caff9ee44b42d32ed"},"headline":"Ex\u00e9rcito mobiliza mil militares para apoiar popula\u00e7\u00f5es afetadas pela Kristin","datePublished":"2026-02-03T10:41:12+00:00","mainEntityOfPage":{"@id":"https:\/\/portaltela.pt\/noticias\/2026\/02\/03\/exercito-mobiliza-mil-militares-para-apoiar-populacoes-afetadas-pela-kristin\/"},"wordCount":283,"image":{"@id":"https:\/\/portaltela.pt\/noticias\/2026\/02\/03\/exercito-mobiliza-mil-militares-para-apoiar-populacoes-afetadas-pela-kristin\/#primaryimage"},"thumbnailUrl":"https:\/\/portaltela.pt\/s.01k8rhncp4jt1\/2026\/02\/unnamed-file-750.jpg","keywords":["Busca e Resgate Urbano","engenharia civil","For\u00e7as Armadas","prote\u00e7\u00e3o civil","Prote\u00e7\u00e3o Civil Municipal","Starlink"],"articleSection":["Not\u00edcias"],"inLanguage":"pt-PT"},{"@type":"WebPage","@id":"https:\/\/portaltela.pt\/noticias\/2026\/02\/03\/exercito-mobiliza-mil-militares-para-apoiar-populacoes-afetadas-pela-kristin\/","url":"https:\/\/portaltela.pt\/noticias\/2026\/02\/03\/exercito-mobiliza-mil-militares-para-apoiar-populacoes-afetadas-pela-kristin\/","name":"Ex\u00e9rcito mobiliza mil militares para apoiar popula\u00e7\u00f5es afetadas pela Kristin - Portal Tela Portugal","isPartOf":{"@id":"https:\/\/portaltela.pt\/#website"},"primaryImageOfPage":{"@id":"https:\/\/portaltela.pt\/noticias\/2026\/02\/03\/exercito-mobiliza-mil-militares-para-apoiar-populacoes-afetadas-pela-kristin\/#primaryimage"},"image":{"@id":"https:\/\/portaltela.pt\/noticias\/2026\/02\/03\/exercito-mobiliza-mil-militares-para-apoiar-populacoes-afetadas-pela-kristin\/#primaryimage"},"thumbnailUrl":"https:\/\/portaltela.pt\/s.01k8rhncp4jt1\/2026\/02\/unnamed-file-750.jpg","datePublished":"2026-02-03T10:41:12+00:00","author":{"@id":"https:\/\/portaltela.pt\/#\/schema\/person\/c4278d4a6028830caff9ee44b42d32ed"},"breadcrumb":{"@id":"https:\/\/portaltela.pt\/noticias\/2026\/02\/03\/exercito-mobiliza-mil-militares-para-apoiar-populacoes-afetadas-pela-kristin\/#breadcrumb"},"inLanguage":"pt-PT","potentialAction":[{"@type":"ReadAction","target":["https:\/\/portaltela.pt\/noticias\/2026\/02\/03\/exercito-mobiliza-mil-militares-para-apoiar-populacoes-afetadas-pela-kristin\/"]}]},{"@type":"ImageObject","inLanguage":"pt-PT","@id":"https:\/\/portaltela.pt\/noticias\/2026\/02\/03\/exercito-mobiliza-mil-militares-para-apoiar-populacoes-afetadas-pela-kristin\/#primaryimage","url":"https:\/\/portaltela.pt\/s.01k8rhncp4jt1\/2026\/02\/unnamed-file-750.jpg","contentUrl":"https:\/\/portaltela.pt\/s.01k8rhncp4jt1\/2026\/02\/unnamed-file-750.jpg","width":796,"height":448,"caption":"Ex\u00e9rcito j\u00e1 tem mais de mil militares no terreno em auxilio \u00e0s popula\u00e7\u00f5es afetadas pela Kristin"},{"@type":"BreadcrumbList","@id":"https:\/\/portaltela.pt\/noticias\/2026\/02\/03\/exercito-mobiliza-mil-militares-para-apoiar-populacoes-afetadas-pela-kristin\/#breadcrumb","itemListElement":[{"@type":"ListItem","position":1,"name":"In\u00edcio","item":"https:\/\/portaltela.pt\/"},{"@type":"ListItem","position":2,"name":"Ex\u00e9rcito mobiliza mil militares para apoiar popula\u00e7\u00f5es afetadas pela Kristin"}]},{"@type":"WebSite","@id":"https:\/\/portaltela.pt\/#website","url":"https:\/\/portaltela.pt\/","name":"Portal Tela Portugal","description":"","potentialAction":[{"@type":"SearchAction","target":{"@type":"EntryPoint","urlTemplate":"https:\/\/portaltela.pt\/?s={search_term_string}"},"query-input":{"@type":"PropertyValueSpecification","valueRequired":true,"valueName":"search_term_string"}}],"inLanguage":"pt-PT"},{"@type":"Person","@id":"https:\/\/portaltela.pt\/#\/schema\/person\/c4278d4a6028830caff9ee44b42d32ed","name":"Telinha","image":{"@type":"ImageObject","inLanguage":"pt-PT","@id":"https:\/\/portaltela.pt\/s.01k8rhncp4jt1\/2025\/11\/talking-bot-125x125.png","url":"https:\/\/portaltela.pt\/s.01k8rhncp4jt1\/2025\/11\/talking-bot-125x125.png","contentUrl":"https:\/\/portaltela.pt\/s.01k8rhncp4jt1\/2025\/11\/talking-bot-125x125.png","caption":"Telinha"},"sameAs":["https:\/\/portaltela.pt\/"],"url":"https:\/\/portaltela.pt\/por\/367410592786\/"}]}},"_links":{"self":[{"href":"https:\/\/portaltela.pt\/api\/wp\/v2\/posts\/193361","targetHints":{"allow":["GET"]}}],"collection":[{"href":"https:\/\/portaltela.pt\/api\/wp\/v2\/posts"}],"about":[{"href":"https:\/\/portaltela.pt\/api\/wp\/v2\/types\/post"}],"author":[{"embeddable":true,"href":"https:\/\/portaltela.pt\/api\/wp\/v2\/users\/2"}],"replies":[{"embeddable":true,"href":"https:\/\/portaltela.pt\/api\/wp\/v2\/comments?post=193361"}],"version-history":[{"count":0,"href":"https:\/\/portaltela.pt\/api\/wp\/v2\/posts\/193361\/revisions"}],"wp:featuredmedia":[{"embeddable":true,"href":"https:\/\/portaltela.pt\/api\/wp\/v2\/media\/193365"}],"wp:attachment":[{"href":"https:\/\/portaltela.pt\/api\/wp\/v2\/media?parent=193361"}],"wp:term":[{"taxonomy":"category","embeddable":true,"href":"https:\/\/portaltela.pt\/api\/wp\/v2\/categories?post=193361"},{"taxonomy":"post_tag","embeddable":true,"href":"https:\/\/portaltela.pt\/api\/wp\/v2\/tags?post=193361"}],"curies":[{"name":"wp","href":"https:\/\/api.w.org\/{rel}","templated":true}]}}