{"id":193350,"date":"2026-02-03T07:34:00","date_gmt":"2026-02-03T10:34:00","guid":{"rendered":"https:\/\/portaltela.pt\/noticias\/2026\/02\/03\/francisca-pinho-e-gabriela-teixeira-sagram-se-campeas-nacionais-em-famalicao\/"},"modified":"2026-02-03T07:34:00","modified_gmt":"2026-02-03T10:34:00","slug":"francisca-pinho-e-gabriela-teixeira-sagram-se-campeas-nacionais-em-famalicao","status":"publish","type":"post","link":"https:\/\/portaltela.pt\/desporto\/2026\/02\/03\/francisca-pinho-e-gabriela-teixeira-sagram-se-campeas-nacionais-em-famalicao\/","title":{"rendered":"Francisca Pinho e Gabriela Teixeira sagram-se campe\u00e3s nacionais em Famalic\u00e3o"},"content":{"rendered":"<p>Francisca Pinho e Gabriela Teixeira destacaram-se no fim de semana desportivo de Albufeira, em Portugal. No Campeonato Nacional de sub-21 Latinas e no Campeonato Nacional de 10 Dan\u00e7as em Solos, a Gindan\u00e7a teve resultados relevantes, com os melhores lugares a entrarem para o panorama internacional.<\/p>\n<p>Francisca Pinho sagrou-se campe\u00e3 nacional em Juniores 2 Iniciados, na prova de solos. Na categoria sub-21 Latinas, Gabriela Teixeira, de Famalic\u00e3o, e o parceiro da D2E do Seixal foram campe\u00f5es nacionais, abrindo caminho \u00e0 presen\u00e7a no Mundial da \u00e9poca. Rodrigo Vieira tamb\u00e9m ficou em destaque nesta prova.<\/p>\n<p>Tom\u00e1s e Lara juntaram-se aos campe\u00f5es com o quinto lugar na estreia do escal\u00e3o sub-21 Latinas. Al\u00e9m disso, na Ta\u00e7a de Portugal, Leonardo e Lara alcan\u00e7aram o 1.\u00ba lugar em Standard e Latinas, Juvenis 2 Iniciados. Guilherme e Matilde venceram em Juniores 2 Iniciados.<\/p>\n<h3>Ta\u00e7a de Portugal \u2013 primeira jornada<\/h3>\n<p>Tom\u00e1s e Lara venceram em Adultos Pr\u00e9-Open, confirmando a boa fase do clube. Em Adultos Open, a dupla conquistou o 5\u00ba lugar. O conjunto manteve-se competitivo em todas as componentes da prova.<\/p>\n","protected":false},"excerpt":{"rendered":"<ul>\n<li>No s\u00e1bado, em Albufeira, decorreu o Nacional de sub-21 Latinas e o Nacional de 10 Dan\u00e7as em Solos, com destaque da Gindan\u00e7a.<\/li>\n<li>Francisca Pinho tornou-se campe\u00e3 nacional em Juniores 2 Iniciados na prova de solos.<\/li>\n<li>Em sub-21 Latinas, Rodrigo Vieira e Gabriela Teixeira sagraram-se campe\u00f5es nacionais, assegurando a nomea\u00e7\u00e3o para o Campeonato do Mundo.<\/li>\n<li>Tom\u00e1s e Lara ficaram em quinto lugar na estreia neste escal\u00e3o.<\/li>\n<li>Na Ta\u00e7a de Portugal, Leonardo e Lara venceram em Standard e Latinas (Juvenis 2 Iniciados); Guilherme e Matilde triunfaram em Juniores 2 Iniciados; Tom\u00e1s e Lara venceram Adultos Pr\u00e9-Open e ficaram em quinto em Adultos Open.<\/li>\n<\/ul>\n","protected":false},"author":2,"featured_media":193358,"comment_status":"closed","ping_status":"closed","sticky":false,"template":"","format":"standard","meta":{"footnotes":""},"categories":[21],"tags":[1683,152,1396,4163,2928,5244],"class_list":["post-193350","post","type-post","status-publish","format-standard","has-post-thumbnail","hentry","category-desporto","tag-danca","tag-desporto","tag-famalicao","tag-juniores","tag-juvenis","tag-latinas"],"yoast_head":"<!-- This site is optimized with the Yoast SEO plugin v27.2 - https:\/\/yoast.com\/product\/yoast-seo-wordpress\/ -->\n<title>Francisca Pinho e Gabriela Teixeira sagram-se campe\u00e3s nacionais em Famalic\u00e3o - Portal Tela Portugal<\/title>\n<meta name=\"robots\" content=\"index, follow, max-snippet:-1, max-image-preview:large, max-video-preview:-1\" \/>\n<meta property=\"og:locale\" content=\"pt_PT\" \/>\n<meta property=\"og:type\" content=\"article\" \/>\n<meta property=\"og:title\" content=\"Francisca Pinho e Gabriela Teixeira sagram-se campe\u00e3s nacionais em Famalic\u00e3o - Portal Tela Portugal\" \/>\n<meta property=\"og:description\" content=\"No s\u00e1bado, em Albufeira, decorreu o Nacional de sub-21 Latinas e o Nacional de 10 Dan\u00e7as em Solos, com destaque da Gindan\u00e7a. Francisca Pinho tornou-se campe\u00e3 nacional em Juniores 2 Iniciados na prova de solos. Em sub-21 Latinas, Rodrigo Vieira e Gabriela Teixeira sagraram-se campe\u00f5es nacionais, assegurando a nomea\u00e7\u00e3o para o Campeonato do Mundo. Tom\u00e1s e Lara ficaram em quinto lugar na estreia neste escal\u00e3o. Na Ta\u00e7a de Portugal, Leonardo e Lara venceram em Standard e Latinas (Juvenis 2 Iniciados); Guilherme e Matilde triunfaram em Juniores 2 Iniciados; Tom\u00e1s e Lara venceram Adultos Pr\u00e9-Open e ficaram em quinto em Adultos Open.\" \/>\n<meta property=\"og:url\" content=\"https:\/\/portaltela.pt\/noticias\/2026\/02\/03\/francisca-pinho-e-gabriela-teixeira-sagram-se-campeas-nacionais-em-famalicao\/\" \/>\n<meta property=\"og:site_name\" content=\"Portal Tela Portugal\" \/>\n<meta property=\"article:published_time\" content=\"2026-02-03T10:34:00+00:00\" \/>\n<meta name=\"author\" content=\"Telinha\" \/>\n<meta name=\"twitter:card\" content=\"summary_large_image\" \/>\n<meta name=\"twitter:label1\" content=\"Escrito por\" \/>\n\t<meta name=\"twitter:data1\" content=\"Telinha\" \/>\n\t<meta name=\"twitter:label2\" content=\"Tempo estimado de leitura\" \/>\n\t<meta name=\"twitter:data2\" content=\"1 minuto\" \/>\n<script type=\"application\/ld+json\" class=\"yoast-schema-graph\">{\"@context\":\"https:\/\/schema.org\",\"@graph\":[{\"@type\":\"Article\",\"@id\":\"https:\/\/portaltela.pt\/noticias\/2026\/02\/03\/francisca-pinho-e-gabriela-teixeira-sagram-se-campeas-nacionais-em-famalicao\/#article\",\"isPartOf\":{\"@id\":\"https:\/\/portaltela.pt\/noticias\/2026\/02\/03\/francisca-pinho-e-gabriela-teixeira-sagram-se-campeas-nacionais-em-famalicao\/\"},\"author\":{\"name\":\"Telinha\",\"@id\":\"https:\/\/portaltela.pt\/#\/schema\/person\/c4278d4a6028830caff9ee44b42d32ed\"},\"headline\":\"Francisca Pinho e Gabriela Teixeira sagram-se campe\u00e3s nacionais em Famalic\u00e3o\",\"datePublished\":\"2026-02-03T10:34:00+00:00\",\"mainEntityOfPage\":{\"@id\":\"https:\/\/portaltela.pt\/noticias\/2026\/02\/03\/francisca-pinho-e-gabriela-teixeira-sagram-se-campeas-nacionais-em-famalicao\/\"},\"wordCount\":194,\"image\":{\"@id\":\"https:\/\/portaltela.pt\/noticias\/2026\/02\/03\/francisca-pinho-e-gabriela-teixeira-sagram-se-campeas-nacionais-em-famalicao\/#primaryimage\"},\"thumbnailUrl\":\"https:\/\/portaltela.pt\/s.01k8rhncp4jt1\/2026\/02\/unnamed-file-747.jpg\",\"keywords\":[\"dan\u00e7a\",\"desporto\",\"Famalic\u00e3o\",\"juniores\",\"Juvenis\",\"Latinas\"],\"articleSection\":[\"Desporto\"],\"inLanguage\":\"pt-PT\"},{\"@type\":\"WebPage\",\"@id\":\"https:\/\/portaltela.pt\/noticias\/2026\/02\/03\/francisca-pinho-e-gabriela-teixeira-sagram-se-campeas-nacionais-em-famalicao\/\",\"url\":\"https:\/\/portaltela.pt\/noticias\/2026\/02\/03\/francisca-pinho-e-gabriela-teixeira-sagram-se-campeas-nacionais-em-famalicao\/\",\"name\":\"Francisca Pinho e Gabriela Teixeira sagram-se campe\u00e3s nacionais em Famalic\u00e3o - Portal Tela Portugal\",\"isPartOf\":{\"@id\":\"https:\/\/portaltela.pt\/#website\"},\"primaryImageOfPage\":{\"@id\":\"https:\/\/portaltela.pt\/noticias\/2026\/02\/03\/francisca-pinho-e-gabriela-teixeira-sagram-se-campeas-nacionais-em-famalicao\/#primaryimage\"},\"image\":{\"@id\":\"https:\/\/portaltela.pt\/noticias\/2026\/02\/03\/francisca-pinho-e-gabriela-teixeira-sagram-se-campeas-nacionais-em-famalicao\/#primaryimage\"},\"thumbnailUrl\":\"https:\/\/portaltela.pt\/s.01k8rhncp4jt1\/2026\/02\/unnamed-file-747.jpg\",\"datePublished\":\"2026-02-03T10:34:00+00:00\",\"author\":{\"@id\":\"https:\/\/portaltela.pt\/#\/schema\/person\/c4278d4a6028830caff9ee44b42d32ed\"},\"breadcrumb\":{\"@id\":\"https:\/\/portaltela.pt\/noticias\/2026\/02\/03\/francisca-pinho-e-gabriela-teixeira-sagram-se-campeas-nacionais-em-famalicao\/#breadcrumb\"},\"inLanguage\":\"pt-PT\",\"potentialAction\":[{\"@type\":\"ReadAction\",\"target\":[\"https:\/\/portaltela.pt\/noticias\/2026\/02\/03\/francisca-pinho-e-gabriela-teixeira-sagram-se-campeas-nacionais-em-famalicao\/\"]}]},{\"@type\":\"ImageObject\",\"inLanguage\":\"pt-PT\",\"@id\":\"https:\/\/portaltela.pt\/noticias\/2026\/02\/03\/francisca-pinho-e-gabriela-teixeira-sagram-se-campeas-nacionais-em-famalicao\/#primaryimage\",\"url\":\"https:\/\/portaltela.pt\/s.01k8rhncp4jt1\/2026\/02\/unnamed-file-747.jpg\",\"contentUrl\":\"https:\/\/portaltela.pt\/s.01k8rhncp4jt1\/2026\/02\/unnamed-file-747.jpg\",\"width\":796,\"height\":448,\"caption\":\"Famalic\u00e3o: Francisca Pinho e Gabriela Teixeira s\u00e3o campe\u00e3s nacionais\"},{\"@type\":\"BreadcrumbList\",\"@id\":\"https:\/\/portaltela.pt\/noticias\/2026\/02\/03\/francisca-pinho-e-gabriela-teixeira-sagram-se-campeas-nacionais-em-famalicao\/#breadcrumb\",\"itemListElement\":[{\"@type\":\"ListItem\",\"position\":1,\"name\":\"In\u00edcio\",\"item\":\"https:\/\/portaltela.pt\/\"},{\"@type\":\"ListItem\",\"position\":2,\"name\":\"Francisca Pinho e Gabriela Teixeira sagram-se campe\u00e3s nacionais em Famalic\u00e3o\"}]},{\"@type\":\"WebSite\",\"@id\":\"https:\/\/portaltela.pt\/#website\",\"url\":\"https:\/\/portaltela.pt\/\",\"name\":\"Portal Tela Portugal\",\"description\":\"\",\"potentialAction\":[{\"@type\":\"SearchAction\",\"target\":{\"@type\":\"EntryPoint\",\"urlTemplate\":\"https:\/\/portaltela.pt\/?s={search_term_string}\"},\"query-input\":{\"@type\":\"PropertyValueSpecification\",\"valueRequired\":true,\"valueName\":\"search_term_string\"}}],\"inLanguage\":\"pt-PT\"},{\"@type\":\"Person\",\"@id\":\"https:\/\/portaltela.pt\/#\/schema\/person\/c4278d4a6028830caff9ee44b42d32ed\",\"name\":\"Telinha\",\"image\":{\"@type\":\"ImageObject\",\"inLanguage\":\"pt-PT\",\"@id\":\"https:\/\/portaltela.pt\/s.01k8rhncp4jt1\/2025\/11\/talking-bot-125x125.png\",\"url\":\"https:\/\/portaltela.pt\/s.01k8rhncp4jt1\/2025\/11\/talking-bot-125x125.png\",\"contentUrl\":\"https:\/\/portaltela.pt\/s.01k8rhncp4jt1\/2025\/11\/talking-bot-125x125.png\",\"caption\":\"Telinha\"},\"sameAs\":[\"https:\/\/portaltela.pt\/\"],\"url\":\"https:\/\/portaltela.pt\/por\/367410592786\/\"}]}<\/script>\n<!-- \/ Yoast SEO plugin. -->","yoast_head_json":{"title":"Francisca Pinho e Gabriela Teixeira sagram-se campe\u00e3s nacionais em Famalic\u00e3o - Portal Tela Portugal","robots":{"index":"index","follow":"follow","max-snippet":"max-snippet:-1","max-image-preview":"max-image-preview:large","max-video-preview":"max-video-preview:-1"},"og_locale":"pt_PT","og_type":"article","og_title":"Francisca Pinho e Gabriela Teixeira sagram-se campe\u00e3s nacionais em Famalic\u00e3o - Portal Tela Portugal","og_description":"No s\u00e1bado, em Albufeira, decorreu o Nacional de sub-21 Latinas e o Nacional de 10 Dan\u00e7as em Solos, com destaque da Gindan\u00e7a. Francisca Pinho tornou-se campe\u00e3 nacional em Juniores 2 Iniciados na prova de solos. Em sub-21 Latinas, Rodrigo Vieira e Gabriela Teixeira sagraram-se campe\u00f5es nacionais, assegurando a nomea\u00e7\u00e3o para o Campeonato do Mundo. Tom\u00e1s e Lara ficaram em quinto lugar na estreia neste escal\u00e3o. Na Ta\u00e7a de Portugal, Leonardo e Lara venceram em Standard e Latinas (Juvenis 2 Iniciados); Guilherme e Matilde triunfaram em Juniores 2 Iniciados; Tom\u00e1s e Lara venceram Adultos Pr\u00e9-Open e ficaram em quinto em Adultos Open.","og_url":"https:\/\/portaltela.pt\/noticias\/2026\/02\/03\/francisca-pinho-e-gabriela-teixeira-sagram-se-campeas-nacionais-em-famalicao\/","og_site_name":"Portal Tela Portugal","article_published_time":"2026-02-03T10:34:00+00:00","author":"Telinha","twitter_card":"summary_large_image","twitter_misc":{"Escrito por":"Telinha","Tempo estimado de leitura":"1 minuto"},"schema":{"@context":"https:\/\/schema.org","@graph":[{"@type":"Article","@id":"https:\/\/portaltela.pt\/noticias\/2026\/02\/03\/francisca-pinho-e-gabriela-teixeira-sagram-se-campeas-nacionais-em-famalicao\/#article","isPartOf":{"@id":"https:\/\/portaltela.pt\/noticias\/2026\/02\/03\/francisca-pinho-e-gabriela-teixeira-sagram-se-campeas-nacionais-em-famalicao\/"},"author":{"name":"Telinha","@id":"https:\/\/portaltela.pt\/#\/schema\/person\/c4278d4a6028830caff9ee44b42d32ed"},"headline":"Francisca Pinho e Gabriela Teixeira sagram-se campe\u00e3s nacionais em Famalic\u00e3o","datePublished":"2026-02-03T10:34:00+00:00","mainEntityOfPage":{"@id":"https:\/\/portaltela.pt\/noticias\/2026\/02\/03\/francisca-pinho-e-gabriela-teixeira-sagram-se-campeas-nacionais-em-famalicao\/"},"wordCount":194,"image":{"@id":"https:\/\/portaltela.pt\/noticias\/2026\/02\/03\/francisca-pinho-e-gabriela-teixeira-sagram-se-campeas-nacionais-em-famalicao\/#primaryimage"},"thumbnailUrl":"https:\/\/portaltela.pt\/s.01k8rhncp4jt1\/2026\/02\/unnamed-file-747.jpg","keywords":["dan\u00e7a","desporto","Famalic\u00e3o","juniores","Juvenis","Latinas"],"articleSection":["Desporto"],"inLanguage":"pt-PT"},{"@type":"WebPage","@id":"https:\/\/portaltela.pt\/noticias\/2026\/02\/03\/francisca-pinho-e-gabriela-teixeira-sagram-se-campeas-nacionais-em-famalicao\/","url":"https:\/\/portaltela.pt\/noticias\/2026\/02\/03\/francisca-pinho-e-gabriela-teixeira-sagram-se-campeas-nacionais-em-famalicao\/","name":"Francisca Pinho e Gabriela Teixeira sagram-se campe\u00e3s nacionais em Famalic\u00e3o - Portal Tela Portugal","isPartOf":{"@id":"https:\/\/portaltela.pt\/#website"},"primaryImageOfPage":{"@id":"https:\/\/portaltela.pt\/noticias\/2026\/02\/03\/francisca-pinho-e-gabriela-teixeira-sagram-se-campeas-nacionais-em-famalicao\/#primaryimage"},"image":{"@id":"https:\/\/portaltela.pt\/noticias\/2026\/02\/03\/francisca-pinho-e-gabriela-teixeira-sagram-se-campeas-nacionais-em-famalicao\/#primaryimage"},"thumbnailUrl":"https:\/\/portaltela.pt\/s.01k8rhncp4jt1\/2026\/02\/unnamed-file-747.jpg","datePublished":"2026-02-03T10:34:00+00:00","author":{"@id":"https:\/\/portaltela.pt\/#\/schema\/person\/c4278d4a6028830caff9ee44b42d32ed"},"breadcrumb":{"@id":"https:\/\/portaltela.pt\/noticias\/2026\/02\/03\/francisca-pinho-e-gabriela-teixeira-sagram-se-campeas-nacionais-em-famalicao\/#breadcrumb"},"inLanguage":"pt-PT","potentialAction":[{"@type":"ReadAction","target":["https:\/\/portaltela.pt\/noticias\/2026\/02\/03\/francisca-pinho-e-gabriela-teixeira-sagram-se-campeas-nacionais-em-famalicao\/"]}]},{"@type":"ImageObject","inLanguage":"pt-PT","@id":"https:\/\/portaltela.pt\/noticias\/2026\/02\/03\/francisca-pinho-e-gabriela-teixeira-sagram-se-campeas-nacionais-em-famalicao\/#primaryimage","url":"https:\/\/portaltela.pt\/s.01k8rhncp4jt1\/2026\/02\/unnamed-file-747.jpg","contentUrl":"https:\/\/portaltela.pt\/s.01k8rhncp4jt1\/2026\/02\/unnamed-file-747.jpg","width":796,"height":448,"caption":"Famalic\u00e3o: Francisca Pinho e Gabriela Teixeira s\u00e3o campe\u00e3s nacionais"},{"@type":"BreadcrumbList","@id":"https:\/\/portaltela.pt\/noticias\/2026\/02\/03\/francisca-pinho-e-gabriela-teixeira-sagram-se-campeas-nacionais-em-famalicao\/#breadcrumb","itemListElement":[{"@type":"ListItem","position":1,"name":"In\u00edcio","item":"https:\/\/portaltela.pt\/"},{"@type":"ListItem","position":2,"name":"Francisca Pinho e Gabriela Teixeira sagram-se campe\u00e3s nacionais em Famalic\u00e3o"}]},{"@type":"WebSite","@id":"https:\/\/portaltela.pt\/#website","url":"https:\/\/portaltela.pt\/","name":"Portal Tela Portugal","description":"","potentialAction":[{"@type":"SearchAction","target":{"@type":"EntryPoint","urlTemplate":"https:\/\/portaltela.pt\/?s={search_term_string}"},"query-input":{"@type":"PropertyValueSpecification","valueRequired":true,"valueName":"search_term_string"}}],"inLanguage":"pt-PT"},{"@type":"Person","@id":"https:\/\/portaltela.pt\/#\/schema\/person\/c4278d4a6028830caff9ee44b42d32ed","name":"Telinha","image":{"@type":"ImageObject","inLanguage":"pt-PT","@id":"https:\/\/portaltela.pt\/s.01k8rhncp4jt1\/2025\/11\/talking-bot-125x125.png","url":"https:\/\/portaltela.pt\/s.01k8rhncp4jt1\/2025\/11\/talking-bot-125x125.png","contentUrl":"https:\/\/portaltela.pt\/s.01k8rhncp4jt1\/2025\/11\/talking-bot-125x125.png","caption":"Telinha"},"sameAs":["https:\/\/portaltela.pt\/"],"url":"https:\/\/portaltela.pt\/por\/367410592786\/"}]}},"_links":{"self":[{"href":"https:\/\/portaltela.pt\/api\/wp\/v2\/posts\/193350","targetHints":{"allow":["GET"]}}],"collection":[{"href":"https:\/\/portaltela.pt\/api\/wp\/v2\/posts"}],"about":[{"href":"https:\/\/portaltela.pt\/api\/wp\/v2\/types\/post"}],"author":[{"embeddable":true,"href":"https:\/\/portaltela.pt\/api\/wp\/v2\/users\/2"}],"replies":[{"embeddable":true,"href":"https:\/\/portaltela.pt\/api\/wp\/v2\/comments?post=193350"}],"version-history":[{"count":0,"href":"https:\/\/portaltela.pt\/api\/wp\/v2\/posts\/193350\/revisions"}],"wp:featuredmedia":[{"embeddable":true,"href":"https:\/\/portaltela.pt\/api\/wp\/v2\/media\/193358"}],"wp:attachment":[{"href":"https:\/\/portaltela.pt\/api\/wp\/v2\/media?parent=193350"}],"wp:term":[{"taxonomy":"category","embeddable":true,"href":"https:\/\/portaltela.pt\/api\/wp\/v2\/categories?post=193350"},{"taxonomy":"post_tag","embeddable":true,"href":"https:\/\/portaltela.pt\/api\/wp\/v2\/tags?post=193350"}],"curies":[{"name":"wp","href":"https:\/\/api.w.org\/{rel}","templated":true}]}}