{"id":193349,"date":"2026-02-03T07:33:00","date_gmt":"2026-02-03T10:33:00","guid":{"rendered":"https:\/\/portaltela.pt\/noticias\/2026\/02\/03\/psd-e-jpp-apresentam-propostas-de-regime-de-mecenato-regional\/"},"modified":"2026-02-03T07:33:00","modified_gmt":"2026-02-03T10:33:00","slug":"psd-e-jpp-apresentam-propostas-de-regime-de-mecenato-regional","status":"publish","type":"post","link":"https:\/\/portaltela.pt\/noticias\/politica\/2026\/02\/03\/psd-e-jpp-apresentam-propostas-de-regime-de-mecenato-regional\/","title":{"rendered":"PSD e JPP apresentam propostas de regime de mecenato regional"},"content":{"rendered":"<p>O PSD e o JPP apresentaram propostas de regime de mecenato regional para as regi\u00f5es aut\u00f3nomas. Rafael Carvalho, do PSD, apresentou a proposta de lei que cria um regime espec\u00edfico para as regi\u00f5es, em discuss\u00e3o com outra proposta do JPP sobre o mesmo tema. O objetivo \u00e9 definir benef\u00edcios para o setor privado apoiar iniciativas culturais, desporto e ci\u00eancia.<\/p>\n<p>O Governo Regional tem sido respons\u00e1vel pelos apoios a v\u00e1rios setores, incluindo cultura, desporto e ci\u00eancia, motivo alegado pelos deputados para justificar novas medidas. A ideia \u00e9 tornar o apoio privado mais atrativo atrav\u00e9s de benef\u00edcios fiscais.<\/p>\n<h3>Propostas em foco<\/h3>\n<p>Rafael Carvalho sublinha que a nova lei pretende oferecer majora\u00e7\u00f5es dos benef\u00edcios fiscais, criando um regime pr\u00f3prio que facilite o apoio a institui\u00e7\u00f5es culturais, desportivas e de ci\u00eancia. O objetivo \u00e9 incentivar parcerias p\u00fablico-privadas com impacto regional.<\/p>\n<p>Carlos Silva, do JPP, defende a proposta como resposta ao apelo das institui\u00e7\u00f5es locais. O deputado recorda que uma iniciativa semelhante j\u00e1 foi aprovada no passado por deputados da Madeira, mas, a seu ver, acabou por perder-se nos corredores da Assembleia da Rep\u00fablica.<\/p>\n<p>A coopera\u00e7\u00e3o entre PSD e JPP visa ajustar o diploma \u00e0s necessidades das regi\u00f5es aut\u00f3nomas e consolidar um incentivo est\u00e1vel ao mecenato. As propostas permanecem em debate entre for\u00e7as pol\u00edticas e no \u00e2mbito do governo regional.<\/p>\n","protected":false},"excerpt":{"rendered":"<ul>\n<li>O PSD apresentou uma proposta de lei para criar um regime de mecenato espec\u00edfico para as regi\u00f5es aut\u00f3nomas, apresentada por Rafael Carvalho.<\/li>\n<li>O diploma est\u00e1 a ser discutido em conjunto com uma proposta semelhante do JPP.<\/li>\n<li>O Governo Regional tem sido respons\u00e1vel por apoios a v\u00e1rios setores, e a ideia \u00e9 criar benef\u00edcios ao setor privado para apoiar iniciativas e institui\u00e7\u00f5es.<\/li>\n<li>A proposta do PSD prev\u00ea majora\u00e7\u00f5es dos benef\u00edcios fiscais num regime pr\u00f3prio para tornar mais atrativo o apoio \u00e0 cultura, ao desporto e a outras \u00e1reas.<\/li>\n<li>O deputado do JPP, Carlos Silva, afirma que a proposta resulta do apelo das institui\u00e7\u00f5es, lembrando uma iniciativa semelhante aprovada no passado pela Assembleia Legislativa da Madeira, que ter\u00e1 ficado na Assembleia da Rep\u00fablica.<\/li>\n<\/ul>\n","protected":false},"author":2,"featured_media":193354,"comment_status":"closed","ping_status":"closed","sticky":false,"template":"","format":"standard","meta":{"footnotes":""},"categories":[1,5],"tags":[1992,4654,145,152,5243,2974],"class_list":["post-193349","post","type-post","status-publish","format-standard","has-post-thumbnail","hentry","category-noticias","category-politica","tag-ciencia","tag-cooperacao-institucional","tag-cultura","tag-desporto","tag-regiao-autonoma","tag-regioes-autonomas"],"yoast_head":"<!-- This site is optimized with the Yoast SEO plugin v27.2 - https:\/\/yoast.com\/product\/yoast-seo-wordpress\/ -->\n<title>PSD e JPP apresentam propostas de regime de mecenato regional - Portal Tela Portugal<\/title>\n<meta name=\"robots\" content=\"index, follow, max-snippet:-1, max-image-preview:large, max-video-preview:-1\" \/>\n<meta property=\"og:locale\" content=\"pt_PT\" \/>\n<meta property=\"og:type\" content=\"article\" \/>\n<meta property=\"og:title\" content=\"PSD e JPP apresentam propostas de regime de mecenato regional - Portal Tela Portugal\" \/>\n<meta property=\"og:description\" content=\"O PSD apresentou uma proposta de lei para criar um regime de mecenato espec\u00edfico para as regi\u00f5es aut\u00f3nomas, apresentada por Rafael Carvalho. O diploma est\u00e1 a ser discutido em conjunto com uma proposta semelhante do JPP. O Governo Regional tem sido respons\u00e1vel por apoios a v\u00e1rios setores, e a ideia \u00e9 criar benef\u00edcios ao setor privado para apoiar iniciativas e institui\u00e7\u00f5es. A proposta do PSD prev\u00ea majora\u00e7\u00f5es dos benef\u00edcios fiscais num regime pr\u00f3prio para tornar mais atrativo o apoio \u00e0 cultura, ao desporto e a outras \u00e1reas. O deputado do JPP, Carlos Silva, afirma que a proposta resulta do apelo das institui\u00e7\u00f5es, lembrando uma iniciativa semelhante aprovada no passado pela Assembleia Legislativa da Madeira, que ter\u00e1 ficado na Assembleia da Rep\u00fablica.\" \/>\n<meta property=\"og:url\" content=\"https:\/\/portaltela.pt\/noticias\/2026\/02\/03\/psd-e-jpp-apresentam-propostas-de-regime-de-mecenato-regional\/\" \/>\n<meta property=\"og:site_name\" content=\"Portal Tela Portugal\" \/>\n<meta property=\"article:published_time\" content=\"2026-02-03T10:33:00+00:00\" \/>\n<meta name=\"author\" content=\"Telinha\" \/>\n<meta name=\"twitter:card\" content=\"summary_large_image\" \/>\n<meta name=\"twitter:label1\" content=\"Escrito por\" \/>\n\t<meta name=\"twitter:data1\" content=\"Telinha\" \/>\n\t<meta name=\"twitter:label2\" content=\"Tempo estimado de leitura\" \/>\n\t<meta name=\"twitter:data2\" content=\"1 minuto\" \/>\n<script type=\"application\/ld+json\" class=\"yoast-schema-graph\">{\"@context\":\"https:\/\/schema.org\",\"@graph\":[{\"@type\":\"Article\",\"@id\":\"https:\/\/portaltela.pt\/noticias\/2026\/02\/03\/psd-e-jpp-apresentam-propostas-de-regime-de-mecenato-regional\/#article\",\"isPartOf\":{\"@id\":\"https:\/\/portaltela.pt\/noticias\/2026\/02\/03\/psd-e-jpp-apresentam-propostas-de-regime-de-mecenato-regional\/\"},\"author\":{\"name\":\"Telinha\",\"@id\":\"https:\/\/portaltela.pt\/#\/schema\/person\/c4278d4a6028830caff9ee44b42d32ed\"},\"headline\":\"PSD e JPP apresentam propostas de regime de mecenato regional\",\"datePublished\":\"2026-02-03T10:33:00+00:00\",\"mainEntityOfPage\":{\"@id\":\"https:\/\/portaltela.pt\/noticias\/2026\/02\/03\/psd-e-jpp-apresentam-propostas-de-regime-de-mecenato-regional\/\"},\"wordCount\":248,\"image\":{\"@id\":\"https:\/\/portaltela.pt\/noticias\/2026\/02\/03\/psd-e-jpp-apresentam-propostas-de-regime-de-mecenato-regional\/#primaryimage\"},\"thumbnailUrl\":\"https:\/\/portaltela.pt\/s.01k8rhncp4jt1\/2026\/02\/unnamed-file-745.jpg\",\"keywords\":[\"ci\u00eancia\",\"coopera\u00e7\u00e3o institucional\",\"cultura\",\"desporto\",\"Regi\u00e3o Aut\u00f3noma\",\"Regi\u00f5es Aut\u00f3nomas\"],\"articleSection\":[\"Not\u00edcias\",\"Pol\u00edtica\"],\"inLanguage\":\"pt-PT\"},{\"@type\":\"WebPage\",\"@id\":\"https:\/\/portaltela.pt\/noticias\/2026\/02\/03\/psd-e-jpp-apresentam-propostas-de-regime-de-mecenato-regional\/\",\"url\":\"https:\/\/portaltela.pt\/noticias\/2026\/02\/03\/psd-e-jpp-apresentam-propostas-de-regime-de-mecenato-regional\/\",\"name\":\"PSD e JPP apresentam propostas de regime de mecenato regional - Portal Tela Portugal\",\"isPartOf\":{\"@id\":\"https:\/\/portaltela.pt\/#website\"},\"primaryImageOfPage\":{\"@id\":\"https:\/\/portaltela.pt\/noticias\/2026\/02\/03\/psd-e-jpp-apresentam-propostas-de-regime-de-mecenato-regional\/#primaryimage\"},\"image\":{\"@id\":\"https:\/\/portaltela.pt\/noticias\/2026\/02\/03\/psd-e-jpp-apresentam-propostas-de-regime-de-mecenato-regional\/#primaryimage\"},\"thumbnailUrl\":\"https:\/\/portaltela.pt\/s.01k8rhncp4jt1\/2026\/02\/unnamed-file-745.jpg\",\"datePublished\":\"2026-02-03T10:33:00+00:00\",\"author\":{\"@id\":\"https:\/\/portaltela.pt\/#\/schema\/person\/c4278d4a6028830caff9ee44b42d32ed\"},\"breadcrumb\":{\"@id\":\"https:\/\/portaltela.pt\/noticias\/2026\/02\/03\/psd-e-jpp-apresentam-propostas-de-regime-de-mecenato-regional\/#breadcrumb\"},\"inLanguage\":\"pt-PT\",\"potentialAction\":[{\"@type\":\"ReadAction\",\"target\":[\"https:\/\/portaltela.pt\/noticias\/2026\/02\/03\/psd-e-jpp-apresentam-propostas-de-regime-de-mecenato-regional\/\"]}]},{\"@type\":\"ImageObject\",\"inLanguage\":\"pt-PT\",\"@id\":\"https:\/\/portaltela.pt\/noticias\/2026\/02\/03\/psd-e-jpp-apresentam-propostas-de-regime-de-mecenato-regional\/#primaryimage\",\"url\":\"https:\/\/portaltela.pt\/s.01k8rhncp4jt1\/2026\/02\/unnamed-file-745.jpg\",\"contentUrl\":\"https:\/\/portaltela.pt\/s.01k8rhncp4jt1\/2026\/02\/unnamed-file-745.jpg\",\"width\":796,\"height\":448,\"caption\":\"PSD e JPP apresentam propostas de regime de mecenato regional\"},{\"@type\":\"BreadcrumbList\",\"@id\":\"https:\/\/portaltela.pt\/noticias\/2026\/02\/03\/psd-e-jpp-apresentam-propostas-de-regime-de-mecenato-regional\/#breadcrumb\",\"itemListElement\":[{\"@type\":\"ListItem\",\"position\":1,\"name\":\"In\u00edcio\",\"item\":\"https:\/\/portaltela.pt\/\"},{\"@type\":\"ListItem\",\"position\":2,\"name\":\"PSD e JPP apresentam propostas de regime de mecenato regional\"}]},{\"@type\":\"WebSite\",\"@id\":\"https:\/\/portaltela.pt\/#website\",\"url\":\"https:\/\/portaltela.pt\/\",\"name\":\"Portal Tela Portugal\",\"description\":\"\",\"potentialAction\":[{\"@type\":\"SearchAction\",\"target\":{\"@type\":\"EntryPoint\",\"urlTemplate\":\"https:\/\/portaltela.pt\/?s={search_term_string}\"},\"query-input\":{\"@type\":\"PropertyValueSpecification\",\"valueRequired\":true,\"valueName\":\"search_term_string\"}}],\"inLanguage\":\"pt-PT\"},{\"@type\":\"Person\",\"@id\":\"https:\/\/portaltela.pt\/#\/schema\/person\/c4278d4a6028830caff9ee44b42d32ed\",\"name\":\"Telinha\",\"image\":{\"@type\":\"ImageObject\",\"inLanguage\":\"pt-PT\",\"@id\":\"https:\/\/portaltela.pt\/s.01k8rhncp4jt1\/2025\/11\/talking-bot-125x125.png\",\"url\":\"https:\/\/portaltela.pt\/s.01k8rhncp4jt1\/2025\/11\/talking-bot-125x125.png\",\"contentUrl\":\"https:\/\/portaltela.pt\/s.01k8rhncp4jt1\/2025\/11\/talking-bot-125x125.png\",\"caption\":\"Telinha\"},\"sameAs\":[\"https:\/\/portaltela.pt\/\"],\"url\":\"https:\/\/portaltela.pt\/por\/367410592786\/\"}]}<\/script>\n<!-- \/ Yoast SEO plugin. -->","yoast_head_json":{"title":"PSD e JPP apresentam propostas de regime de mecenato regional - Portal Tela Portugal","robots":{"index":"index","follow":"follow","max-snippet":"max-snippet:-1","max-image-preview":"max-image-preview:large","max-video-preview":"max-video-preview:-1"},"og_locale":"pt_PT","og_type":"article","og_title":"PSD e JPP apresentam propostas de regime de mecenato regional - Portal Tela Portugal","og_description":"O PSD apresentou uma proposta de lei para criar um regime de mecenato espec\u00edfico para as regi\u00f5es aut\u00f3nomas, apresentada por Rafael Carvalho. O diploma est\u00e1 a ser discutido em conjunto com uma proposta semelhante do JPP. O Governo Regional tem sido respons\u00e1vel por apoios a v\u00e1rios setores, e a ideia \u00e9 criar benef\u00edcios ao setor privado para apoiar iniciativas e institui\u00e7\u00f5es. A proposta do PSD prev\u00ea majora\u00e7\u00f5es dos benef\u00edcios fiscais num regime pr\u00f3prio para tornar mais atrativo o apoio \u00e0 cultura, ao desporto e a outras \u00e1reas. O deputado do JPP, Carlos Silva, afirma que a proposta resulta do apelo das institui\u00e7\u00f5es, lembrando uma iniciativa semelhante aprovada no passado pela Assembleia Legislativa da Madeira, que ter\u00e1 ficado na Assembleia da Rep\u00fablica.","og_url":"https:\/\/portaltela.pt\/noticias\/2026\/02\/03\/psd-e-jpp-apresentam-propostas-de-regime-de-mecenato-regional\/","og_site_name":"Portal Tela Portugal","article_published_time":"2026-02-03T10:33:00+00:00","author":"Telinha","twitter_card":"summary_large_image","twitter_misc":{"Escrito por":"Telinha","Tempo estimado de leitura":"1 minuto"},"schema":{"@context":"https:\/\/schema.org","@graph":[{"@type":"Article","@id":"https:\/\/portaltela.pt\/noticias\/2026\/02\/03\/psd-e-jpp-apresentam-propostas-de-regime-de-mecenato-regional\/#article","isPartOf":{"@id":"https:\/\/portaltela.pt\/noticias\/2026\/02\/03\/psd-e-jpp-apresentam-propostas-de-regime-de-mecenato-regional\/"},"author":{"name":"Telinha","@id":"https:\/\/portaltela.pt\/#\/schema\/person\/c4278d4a6028830caff9ee44b42d32ed"},"headline":"PSD e JPP apresentam propostas de regime de mecenato regional","datePublished":"2026-02-03T10:33:00+00:00","mainEntityOfPage":{"@id":"https:\/\/portaltela.pt\/noticias\/2026\/02\/03\/psd-e-jpp-apresentam-propostas-de-regime-de-mecenato-regional\/"},"wordCount":248,"image":{"@id":"https:\/\/portaltela.pt\/noticias\/2026\/02\/03\/psd-e-jpp-apresentam-propostas-de-regime-de-mecenato-regional\/#primaryimage"},"thumbnailUrl":"https:\/\/portaltela.pt\/s.01k8rhncp4jt1\/2026\/02\/unnamed-file-745.jpg","keywords":["ci\u00eancia","coopera\u00e7\u00e3o institucional","cultura","desporto","Regi\u00e3o Aut\u00f3noma","Regi\u00f5es Aut\u00f3nomas"],"articleSection":["Not\u00edcias","Pol\u00edtica"],"inLanguage":"pt-PT"},{"@type":"WebPage","@id":"https:\/\/portaltela.pt\/noticias\/2026\/02\/03\/psd-e-jpp-apresentam-propostas-de-regime-de-mecenato-regional\/","url":"https:\/\/portaltela.pt\/noticias\/2026\/02\/03\/psd-e-jpp-apresentam-propostas-de-regime-de-mecenato-regional\/","name":"PSD e JPP apresentam propostas de regime de mecenato regional - Portal Tela Portugal","isPartOf":{"@id":"https:\/\/portaltela.pt\/#website"},"primaryImageOfPage":{"@id":"https:\/\/portaltela.pt\/noticias\/2026\/02\/03\/psd-e-jpp-apresentam-propostas-de-regime-de-mecenato-regional\/#primaryimage"},"image":{"@id":"https:\/\/portaltela.pt\/noticias\/2026\/02\/03\/psd-e-jpp-apresentam-propostas-de-regime-de-mecenato-regional\/#primaryimage"},"thumbnailUrl":"https:\/\/portaltela.pt\/s.01k8rhncp4jt1\/2026\/02\/unnamed-file-745.jpg","datePublished":"2026-02-03T10:33:00+00:00","author":{"@id":"https:\/\/portaltela.pt\/#\/schema\/person\/c4278d4a6028830caff9ee44b42d32ed"},"breadcrumb":{"@id":"https:\/\/portaltela.pt\/noticias\/2026\/02\/03\/psd-e-jpp-apresentam-propostas-de-regime-de-mecenato-regional\/#breadcrumb"},"inLanguage":"pt-PT","potentialAction":[{"@type":"ReadAction","target":["https:\/\/portaltela.pt\/noticias\/2026\/02\/03\/psd-e-jpp-apresentam-propostas-de-regime-de-mecenato-regional\/"]}]},{"@type":"ImageObject","inLanguage":"pt-PT","@id":"https:\/\/portaltela.pt\/noticias\/2026\/02\/03\/psd-e-jpp-apresentam-propostas-de-regime-de-mecenato-regional\/#primaryimage","url":"https:\/\/portaltela.pt\/s.01k8rhncp4jt1\/2026\/02\/unnamed-file-745.jpg","contentUrl":"https:\/\/portaltela.pt\/s.01k8rhncp4jt1\/2026\/02\/unnamed-file-745.jpg","width":796,"height":448,"caption":"PSD e JPP apresentam propostas de regime de mecenato regional"},{"@type":"BreadcrumbList","@id":"https:\/\/portaltela.pt\/noticias\/2026\/02\/03\/psd-e-jpp-apresentam-propostas-de-regime-de-mecenato-regional\/#breadcrumb","itemListElement":[{"@type":"ListItem","position":1,"name":"In\u00edcio","item":"https:\/\/portaltela.pt\/"},{"@type":"ListItem","position":2,"name":"PSD e JPP apresentam propostas de regime de mecenato regional"}]},{"@type":"WebSite","@id":"https:\/\/portaltela.pt\/#website","url":"https:\/\/portaltela.pt\/","name":"Portal Tela Portugal","description":"","potentialAction":[{"@type":"SearchAction","target":{"@type":"EntryPoint","urlTemplate":"https:\/\/portaltela.pt\/?s={search_term_string}"},"query-input":{"@type":"PropertyValueSpecification","valueRequired":true,"valueName":"search_term_string"}}],"inLanguage":"pt-PT"},{"@type":"Person","@id":"https:\/\/portaltela.pt\/#\/schema\/person\/c4278d4a6028830caff9ee44b42d32ed","name":"Telinha","image":{"@type":"ImageObject","inLanguage":"pt-PT","@id":"https:\/\/portaltela.pt\/s.01k8rhncp4jt1\/2025\/11\/talking-bot-125x125.png","url":"https:\/\/portaltela.pt\/s.01k8rhncp4jt1\/2025\/11\/talking-bot-125x125.png","contentUrl":"https:\/\/portaltela.pt\/s.01k8rhncp4jt1\/2025\/11\/talking-bot-125x125.png","caption":"Telinha"},"sameAs":["https:\/\/portaltela.pt\/"],"url":"https:\/\/portaltela.pt\/por\/367410592786\/"}]}},"_links":{"self":[{"href":"https:\/\/portaltela.pt\/api\/wp\/v2\/posts\/193349","targetHints":{"allow":["GET"]}}],"collection":[{"href":"https:\/\/portaltela.pt\/api\/wp\/v2\/posts"}],"about":[{"href":"https:\/\/portaltela.pt\/api\/wp\/v2\/types\/post"}],"author":[{"embeddable":true,"href":"https:\/\/portaltela.pt\/api\/wp\/v2\/users\/2"}],"replies":[{"embeddable":true,"href":"https:\/\/portaltela.pt\/api\/wp\/v2\/comments?post=193349"}],"version-history":[{"count":0,"href":"https:\/\/portaltela.pt\/api\/wp\/v2\/posts\/193349\/revisions"}],"wp:featuredmedia":[{"embeddable":true,"href":"https:\/\/portaltela.pt\/api\/wp\/v2\/media\/193354"}],"wp:attachment":[{"href":"https:\/\/portaltela.pt\/api\/wp\/v2\/media?parent=193349"}],"wp:term":[{"taxonomy":"category","embeddable":true,"href":"https:\/\/portaltela.pt\/api\/wp\/v2\/categories?post=193349"},{"taxonomy":"post_tag","embeddable":true,"href":"https:\/\/portaltela.pt\/api\/wp\/v2\/tags?post=193349"}],"curies":[{"name":"wp","href":"https:\/\/api.w.org\/{rel}","templated":true}]}}