{"id":193328,"date":"2026-02-03T07:45:00","date_gmt":"2026-02-03T10:45:00","guid":{"rendered":"https:\/\/portaltela.pt\/noticias\/2026\/02\/03\/transporte-a-pedido-amplia-servico-no-alto-alentejo-com-novas-paragens\/"},"modified":"2026-02-03T07:45:00","modified_gmt":"2026-02-03T10:45:00","slug":"transporte-a-pedido-amplia-servico-no-alto-alentejo-com-novas-paragens","status":"publish","type":"post","link":"https:\/\/portaltela.pt\/noticias\/2026\/02\/03\/transporte-a-pedido-amplia-servico-no-alto-alentejo-com-novas-paragens\/","title":{"rendered":"Transporte a Pedido amplia servi\u00e7o no Alto Alentejo com novas paragens"},"content":{"rendered":"<p>A Comunidade Intermunicipal do Alto Alentejo (CIMAA) iniciou a instala\u00e7\u00e3o de novos postaletes de paragem para marcar a expans\u00e3o do Transporte a Pedido (TAAPedido) a mais localidades e munic\u00edpios da regi\u00e3o. O lan\u00e7amento acontece no \u00e2mbito dos projetos piloto do estudo de implementa\u00e7\u00e3o deste modelo de mobilidade.<\/p>\n<p>A iniciativa insere-se na estrat\u00e9gia de ampliar o acesso ao transporte p\u00fablico, especialmente em zonas sem paragens regulares. Os postaletes cumprem fun\u00e7\u00e3o de sinal\u00e9tica e de informa\u00e7\u00e3o para as popula\u00e7\u00f5es locais, fortalecendo a proximidade do servi\u00e7o.<\/p>\n<h3>Novas paragens em localidades sem transporte p\u00fablico<\/h3>\n<p>Segundo a CIMAA, a sinal\u00e9tica est\u00e1 a ser colocada progressivamente em todas as localidades abrangidas, refor\u00e7ando a proximidade do TAAPedido aos residentes do Alto Alentejo.<\/p>\n<p>O objetivo \u00e9 melhorar as condi\u00e7\u00f5es de mobilidade e acessibilidade, sobretudo em \u00e1reas onde n\u00e3o existiam respostas de transporte p\u00fablico, promovendo maior independ\u00eancia de desloca\u00e7\u00f5es.<\/p>\n<h3>Trabalhos em articula\u00e7\u00e3o com 14 munic\u00edpios<\/h3>\n<p>A instala\u00e7\u00e3o est\u00e1 a decorrer em coordena\u00e7\u00e3o com Alter do Ch\u00e3o, Arronches, Avis, Campo Maior, Castelo de Vide, Crato, Elvas, Fronteira, Gavi\u00e3o, Marv\u00e3o, Monforte, Nisa, Ponte de Sor e Sousel. Os trabalhos come\u00e7aram a 19 de janeiro.<\/p>\n<p>As atividades aguardam condi\u00e7\u00f5es meteorol\u00f3gicas favor\u00e1veis para retomar nas restantes localidades previstas, mantendo o calend\u00e1rio de implementa\u00e7\u00e3o do projeto piloto.<\/p>\n<h3>Linha de informa\u00e7\u00f5es e marca\u00e7\u00f5es<\/h3>\n<p>Nas pr\u00f3ximas semanas ser\u00e3o anunciadas datas e localidades para o in\u00edcio dos novos servi\u00e7os. Para esclarecimentos e marca\u00e7\u00f5es do TAAPedido j\u00e1 existente, est\u00e1 dispon\u00edvel a linha gratuita 800 500 506.<\/p>\n<p>A Autoridade de Transportes da CIMAA reafirma o compromisso de manter uma mobilidade \u201cmais pr\u00f3xima, acess\u00edvel e eficiente\u201d para os habitantes do Alto Alentejo.<\/p>\n","protected":false},"excerpt":{"rendered":"<ul>\n<li>A CIMAA instala novos postaletes de paragem para assinalar a expans\u00e3o do Transporte a Pedido (TAAPedido) no Alto Alentejo.<\/li>\n<li>A medida decorre dos projetos piloto do estudo de implementa\u00e7\u00e3o do modelo de mobilidade, para ampliar o acesso ao transporte p\u00fablico.<\/li>\n<li>As novas paragens est\u00e3o a ser instaladas progressivamente em todas as localidades abrangidas, refor\u00e7ando a proximidade do servi\u00e7o.<\/li>\n<li>Os trabalhos, iniciados a 19 de janeiro, estendem\u2011se a 14 munic\u00edpios: Alter do Ch\u00e3o, Arronches, Avis, Campo Maior, Castelo de Vide, Crato, Elvas, Fronteira, Gavi\u00e3o, Marv\u00e3o, Monforte, Nisa, Ponte de Sor e Sousel.<\/li>\n<li>Nas pr\u00f3ximas semanas ser\u00e3o divulgadas datas e locais; para informa\u00e7\u00f5es e marca\u00e7\u00f5es j\u00e1 existe a linha gratuita 800 500 506.<\/li>\n<\/ul>\n","protected":false},"author":2,"featured_media":193336,"comment_status":"closed","ping_status":"closed","sticky":false,"template":"","format":"standard","meta":{"footnotes":""},"categories":[1],"tags":[883,4673,2834,2897,3346,2110],"class_list":["post-193328","post","type-post","status-publish","format-standard","has-post-thumbnail","hentry","category-noticias","tag-alentejo","tag-alter-do-chao","tag-arronches","tag-avis","tag-campo-maior","tag-mobilidade"],"yoast_head":"<!-- This site is optimized with the Yoast SEO plugin v27.2 - https:\/\/yoast.com\/product\/yoast-seo-wordpress\/ -->\n<title>Transporte a Pedido amplia servi\u00e7o no Alto Alentejo com novas paragens - Portal Tela Portugal<\/title>\n<meta name=\"robots\" content=\"index, follow, max-snippet:-1, max-image-preview:large, max-video-preview:-1\" \/>\n<meta property=\"og:locale\" content=\"pt_PT\" \/>\n<meta property=\"og:type\" content=\"article\" \/>\n<meta property=\"og:title\" content=\"Transporte a Pedido amplia servi\u00e7o no Alto Alentejo com novas paragens - Portal Tela Portugal\" \/>\n<meta property=\"og:description\" content=\"A CIMAA instala novos postaletes de paragem para assinalar a expans\u00e3o do Transporte a Pedido (TAAPedido) no Alto Alentejo. A medida decorre dos projetos piloto do estudo de implementa\u00e7\u00e3o do modelo de mobilidade, para ampliar o acesso ao transporte p\u00fablico. As novas paragens est\u00e3o a ser instaladas progressivamente em todas as localidades abrangidas, refor\u00e7ando a proximidade do servi\u00e7o. Os trabalhos, iniciados a 19 de janeiro, estendem\u2011se a 14 munic\u00edpios: Alter do Ch\u00e3o, Arronches, Avis, Campo Maior, Castelo de Vide, Crato, Elvas, Fronteira, Gavi\u00e3o, Marv\u00e3o, Monforte, Nisa, Ponte de Sor e Sousel. Nas pr\u00f3ximas semanas ser\u00e3o divulgadas datas e locais; para informa\u00e7\u00f5es e marca\u00e7\u00f5es j\u00e1 existe a linha gratuita 800 500 506.\" \/>\n<meta property=\"og:url\" content=\"https:\/\/portaltela.pt\/noticias\/2026\/02\/03\/transporte-a-pedido-amplia-servico-no-alto-alentejo-com-novas-paragens\/\" \/>\n<meta property=\"og:site_name\" content=\"Portal Tela Portugal\" \/>\n<meta property=\"article:published_time\" content=\"2026-02-03T10:45:00+00:00\" \/>\n<meta name=\"author\" content=\"Telinha\" \/>\n<meta name=\"twitter:card\" content=\"summary_large_image\" \/>\n<meta name=\"twitter:label1\" content=\"Escrito por\" \/>\n\t<meta name=\"twitter:data1\" content=\"Telinha\" \/>\n\t<meta name=\"twitter:label2\" content=\"Tempo estimado de leitura\" \/>\n\t<meta name=\"twitter:data2\" content=\"2 minutos\" \/>\n<script type=\"application\/ld+json\" class=\"yoast-schema-graph\">{\"@context\":\"https:\/\/schema.org\",\"@graph\":[{\"@type\":\"Article\",\"@id\":\"https:\/\/portaltela.pt\/noticias\/2026\/02\/03\/transporte-a-pedido-amplia-servico-no-alto-alentejo-com-novas-paragens\/#article\",\"isPartOf\":{\"@id\":\"https:\/\/portaltela.pt\/noticias\/2026\/02\/03\/transporte-a-pedido-amplia-servico-no-alto-alentejo-com-novas-paragens\/\"},\"author\":{\"name\":\"Telinha\",\"@id\":\"https:\/\/portaltela.pt\/#\/schema\/person\/c4278d4a6028830caff9ee44b42d32ed\"},\"headline\":\"Transporte a Pedido amplia servi\u00e7o no Alto Alentejo com novas paragens\",\"datePublished\":\"2026-02-03T10:45:00+00:00\",\"mainEntityOfPage\":{\"@id\":\"https:\/\/portaltela.pt\/noticias\/2026\/02\/03\/transporte-a-pedido-amplia-servico-no-alto-alentejo-com-novas-paragens\/\"},\"wordCount\":312,\"image\":{\"@id\":\"https:\/\/portaltela.pt\/noticias\/2026\/02\/03\/transporte-a-pedido-amplia-servico-no-alto-alentejo-com-novas-paragens\/#primaryimage\"},\"thumbnailUrl\":\"https:\/\/portaltela.pt\/s.01k8rhncp4jt1\/2026\/02\/unnamed-file-744.jpg\",\"keywords\":[\"Alentejo\",\"Alter do Ch\u00e3o\",\"Arronches\",\"Avis\",\"Campo Maior\",\"mobilidade\"],\"articleSection\":[\"Not\u00edcias\"],\"inLanguage\":\"pt-PT\"},{\"@type\":\"WebPage\",\"@id\":\"https:\/\/portaltela.pt\/noticias\/2026\/02\/03\/transporte-a-pedido-amplia-servico-no-alto-alentejo-com-novas-paragens\/\",\"url\":\"https:\/\/portaltela.pt\/noticias\/2026\/02\/03\/transporte-a-pedido-amplia-servico-no-alto-alentejo-com-novas-paragens\/\",\"name\":\"Transporte a Pedido amplia servi\u00e7o no Alto Alentejo com novas paragens - Portal Tela Portugal\",\"isPartOf\":{\"@id\":\"https:\/\/portaltela.pt\/#website\"},\"primaryImageOfPage\":{\"@id\":\"https:\/\/portaltela.pt\/noticias\/2026\/02\/03\/transporte-a-pedido-amplia-servico-no-alto-alentejo-com-novas-paragens\/#primaryimage\"},\"image\":{\"@id\":\"https:\/\/portaltela.pt\/noticias\/2026\/02\/03\/transporte-a-pedido-amplia-servico-no-alto-alentejo-com-novas-paragens\/#primaryimage\"},\"thumbnailUrl\":\"https:\/\/portaltela.pt\/s.01k8rhncp4jt1\/2026\/02\/unnamed-file-744.jpg\",\"datePublished\":\"2026-02-03T10:45:00+00:00\",\"author\":{\"@id\":\"https:\/\/portaltela.pt\/#\/schema\/person\/c4278d4a6028830caff9ee44b42d32ed\"},\"breadcrumb\":{\"@id\":\"https:\/\/portaltela.pt\/noticias\/2026\/02\/03\/transporte-a-pedido-amplia-servico-no-alto-alentejo-com-novas-paragens\/#breadcrumb\"},\"inLanguage\":\"pt-PT\",\"potentialAction\":[{\"@type\":\"ReadAction\",\"target\":[\"https:\/\/portaltela.pt\/noticias\/2026\/02\/03\/transporte-a-pedido-amplia-servico-no-alto-alentejo-com-novas-paragens\/\"]}]},{\"@type\":\"ImageObject\",\"inLanguage\":\"pt-PT\",\"@id\":\"https:\/\/portaltela.pt\/noticias\/2026\/02\/03\/transporte-a-pedido-amplia-servico-no-alto-alentejo-com-novas-paragens\/#primaryimage\",\"url\":\"https:\/\/portaltela.pt\/s.01k8rhncp4jt1\/2026\/02\/unnamed-file-744.jpg\",\"contentUrl\":\"https:\/\/portaltela.pt\/s.01k8rhncp4jt1\/2026\/02\/unnamed-file-744.jpg\",\"width\":796,\"height\":448,\"caption\":\"Transporte a Pedido expande servi\u00e7o no Alto Alentejo com instala\u00e7\u00e3o de novas paragens\"},{\"@type\":\"BreadcrumbList\",\"@id\":\"https:\/\/portaltela.pt\/noticias\/2026\/02\/03\/transporte-a-pedido-amplia-servico-no-alto-alentejo-com-novas-paragens\/#breadcrumb\",\"itemListElement\":[{\"@type\":\"ListItem\",\"position\":1,\"name\":\"In\u00edcio\",\"item\":\"https:\/\/portaltela.pt\/\"},{\"@type\":\"ListItem\",\"position\":2,\"name\":\"Transporte a Pedido amplia servi\u00e7o no Alto Alentejo com novas paragens\"}]},{\"@type\":\"WebSite\",\"@id\":\"https:\/\/portaltela.pt\/#website\",\"url\":\"https:\/\/portaltela.pt\/\",\"name\":\"Portal Tela Portugal\",\"description\":\"\",\"potentialAction\":[{\"@type\":\"SearchAction\",\"target\":{\"@type\":\"EntryPoint\",\"urlTemplate\":\"https:\/\/portaltela.pt\/?s={search_term_string}\"},\"query-input\":{\"@type\":\"PropertyValueSpecification\",\"valueRequired\":true,\"valueName\":\"search_term_string\"}}],\"inLanguage\":\"pt-PT\"},{\"@type\":\"Person\",\"@id\":\"https:\/\/portaltela.pt\/#\/schema\/person\/c4278d4a6028830caff9ee44b42d32ed\",\"name\":\"Telinha\",\"image\":{\"@type\":\"ImageObject\",\"inLanguage\":\"pt-PT\",\"@id\":\"https:\/\/portaltela.pt\/s.01k8rhncp4jt1\/2025\/11\/talking-bot-125x125.png\",\"url\":\"https:\/\/portaltela.pt\/s.01k8rhncp4jt1\/2025\/11\/talking-bot-125x125.png\",\"contentUrl\":\"https:\/\/portaltela.pt\/s.01k8rhncp4jt1\/2025\/11\/talking-bot-125x125.png\",\"caption\":\"Telinha\"},\"sameAs\":[\"https:\/\/portaltela.pt\/\"],\"url\":\"https:\/\/portaltela.pt\/por\/367410592786\/\"}]}<\/script>\n<!-- \/ Yoast SEO plugin. -->","yoast_head_json":{"title":"Transporte a Pedido amplia servi\u00e7o no Alto Alentejo com novas paragens - Portal Tela Portugal","robots":{"index":"index","follow":"follow","max-snippet":"max-snippet:-1","max-image-preview":"max-image-preview:large","max-video-preview":"max-video-preview:-1"},"og_locale":"pt_PT","og_type":"article","og_title":"Transporte a Pedido amplia servi\u00e7o no Alto Alentejo com novas paragens - Portal Tela Portugal","og_description":"A CIMAA instala novos postaletes de paragem para assinalar a expans\u00e3o do Transporte a Pedido (TAAPedido) no Alto Alentejo. A medida decorre dos projetos piloto do estudo de implementa\u00e7\u00e3o do modelo de mobilidade, para ampliar o acesso ao transporte p\u00fablico. As novas paragens est\u00e3o a ser instaladas progressivamente em todas as localidades abrangidas, refor\u00e7ando a proximidade do servi\u00e7o. Os trabalhos, iniciados a 19 de janeiro, estendem\u2011se a 14 munic\u00edpios: Alter do Ch\u00e3o, Arronches, Avis, Campo Maior, Castelo de Vide, Crato, Elvas, Fronteira, Gavi\u00e3o, Marv\u00e3o, Monforte, Nisa, Ponte de Sor e Sousel. Nas pr\u00f3ximas semanas ser\u00e3o divulgadas datas e locais; para informa\u00e7\u00f5es e marca\u00e7\u00f5es j\u00e1 existe a linha gratuita 800 500 506.","og_url":"https:\/\/portaltela.pt\/noticias\/2026\/02\/03\/transporte-a-pedido-amplia-servico-no-alto-alentejo-com-novas-paragens\/","og_site_name":"Portal Tela Portugal","article_published_time":"2026-02-03T10:45:00+00:00","author":"Telinha","twitter_card":"summary_large_image","twitter_misc":{"Escrito por":"Telinha","Tempo estimado de leitura":"2 minutos"},"schema":{"@context":"https:\/\/schema.org","@graph":[{"@type":"Article","@id":"https:\/\/portaltela.pt\/noticias\/2026\/02\/03\/transporte-a-pedido-amplia-servico-no-alto-alentejo-com-novas-paragens\/#article","isPartOf":{"@id":"https:\/\/portaltela.pt\/noticias\/2026\/02\/03\/transporte-a-pedido-amplia-servico-no-alto-alentejo-com-novas-paragens\/"},"author":{"name":"Telinha","@id":"https:\/\/portaltela.pt\/#\/schema\/person\/c4278d4a6028830caff9ee44b42d32ed"},"headline":"Transporte a Pedido amplia servi\u00e7o no Alto Alentejo com novas paragens","datePublished":"2026-02-03T10:45:00+00:00","mainEntityOfPage":{"@id":"https:\/\/portaltela.pt\/noticias\/2026\/02\/03\/transporte-a-pedido-amplia-servico-no-alto-alentejo-com-novas-paragens\/"},"wordCount":312,"image":{"@id":"https:\/\/portaltela.pt\/noticias\/2026\/02\/03\/transporte-a-pedido-amplia-servico-no-alto-alentejo-com-novas-paragens\/#primaryimage"},"thumbnailUrl":"https:\/\/portaltela.pt\/s.01k8rhncp4jt1\/2026\/02\/unnamed-file-744.jpg","keywords":["Alentejo","Alter do Ch\u00e3o","Arronches","Avis","Campo Maior","mobilidade"],"articleSection":["Not\u00edcias"],"inLanguage":"pt-PT"},{"@type":"WebPage","@id":"https:\/\/portaltela.pt\/noticias\/2026\/02\/03\/transporte-a-pedido-amplia-servico-no-alto-alentejo-com-novas-paragens\/","url":"https:\/\/portaltela.pt\/noticias\/2026\/02\/03\/transporte-a-pedido-amplia-servico-no-alto-alentejo-com-novas-paragens\/","name":"Transporte a Pedido amplia servi\u00e7o no Alto Alentejo com novas paragens - Portal Tela Portugal","isPartOf":{"@id":"https:\/\/portaltela.pt\/#website"},"primaryImageOfPage":{"@id":"https:\/\/portaltela.pt\/noticias\/2026\/02\/03\/transporte-a-pedido-amplia-servico-no-alto-alentejo-com-novas-paragens\/#primaryimage"},"image":{"@id":"https:\/\/portaltela.pt\/noticias\/2026\/02\/03\/transporte-a-pedido-amplia-servico-no-alto-alentejo-com-novas-paragens\/#primaryimage"},"thumbnailUrl":"https:\/\/portaltela.pt\/s.01k8rhncp4jt1\/2026\/02\/unnamed-file-744.jpg","datePublished":"2026-02-03T10:45:00+00:00","author":{"@id":"https:\/\/portaltela.pt\/#\/schema\/person\/c4278d4a6028830caff9ee44b42d32ed"},"breadcrumb":{"@id":"https:\/\/portaltela.pt\/noticias\/2026\/02\/03\/transporte-a-pedido-amplia-servico-no-alto-alentejo-com-novas-paragens\/#breadcrumb"},"inLanguage":"pt-PT","potentialAction":[{"@type":"ReadAction","target":["https:\/\/portaltela.pt\/noticias\/2026\/02\/03\/transporte-a-pedido-amplia-servico-no-alto-alentejo-com-novas-paragens\/"]}]},{"@type":"ImageObject","inLanguage":"pt-PT","@id":"https:\/\/portaltela.pt\/noticias\/2026\/02\/03\/transporte-a-pedido-amplia-servico-no-alto-alentejo-com-novas-paragens\/#primaryimage","url":"https:\/\/portaltela.pt\/s.01k8rhncp4jt1\/2026\/02\/unnamed-file-744.jpg","contentUrl":"https:\/\/portaltela.pt\/s.01k8rhncp4jt1\/2026\/02\/unnamed-file-744.jpg","width":796,"height":448,"caption":"Transporte a Pedido expande servi\u00e7o no Alto Alentejo com instala\u00e7\u00e3o de novas paragens"},{"@type":"BreadcrumbList","@id":"https:\/\/portaltela.pt\/noticias\/2026\/02\/03\/transporte-a-pedido-amplia-servico-no-alto-alentejo-com-novas-paragens\/#breadcrumb","itemListElement":[{"@type":"ListItem","position":1,"name":"In\u00edcio","item":"https:\/\/portaltela.pt\/"},{"@type":"ListItem","position":2,"name":"Transporte a Pedido amplia servi\u00e7o no Alto Alentejo com novas paragens"}]},{"@type":"WebSite","@id":"https:\/\/portaltela.pt\/#website","url":"https:\/\/portaltela.pt\/","name":"Portal Tela Portugal","description":"","potentialAction":[{"@type":"SearchAction","target":{"@type":"EntryPoint","urlTemplate":"https:\/\/portaltela.pt\/?s={search_term_string}"},"query-input":{"@type":"PropertyValueSpecification","valueRequired":true,"valueName":"search_term_string"}}],"inLanguage":"pt-PT"},{"@type":"Person","@id":"https:\/\/portaltela.pt\/#\/schema\/person\/c4278d4a6028830caff9ee44b42d32ed","name":"Telinha","image":{"@type":"ImageObject","inLanguage":"pt-PT","@id":"https:\/\/portaltela.pt\/s.01k8rhncp4jt1\/2025\/11\/talking-bot-125x125.png","url":"https:\/\/portaltela.pt\/s.01k8rhncp4jt1\/2025\/11\/talking-bot-125x125.png","contentUrl":"https:\/\/portaltela.pt\/s.01k8rhncp4jt1\/2025\/11\/talking-bot-125x125.png","caption":"Telinha"},"sameAs":["https:\/\/portaltela.pt\/"],"url":"https:\/\/portaltela.pt\/por\/367410592786\/"}]}},"_links":{"self":[{"href":"https:\/\/portaltela.pt\/api\/wp\/v2\/posts\/193328","targetHints":{"allow":["GET"]}}],"collection":[{"href":"https:\/\/portaltela.pt\/api\/wp\/v2\/posts"}],"about":[{"href":"https:\/\/portaltela.pt\/api\/wp\/v2\/types\/post"}],"author":[{"embeddable":true,"href":"https:\/\/portaltela.pt\/api\/wp\/v2\/users\/2"}],"replies":[{"embeddable":true,"href":"https:\/\/portaltela.pt\/api\/wp\/v2\/comments?post=193328"}],"version-history":[{"count":0,"href":"https:\/\/portaltela.pt\/api\/wp\/v2\/posts\/193328\/revisions"}],"wp:featuredmedia":[{"embeddable":true,"href":"https:\/\/portaltela.pt\/api\/wp\/v2\/media\/193336"}],"wp:attachment":[{"href":"https:\/\/portaltela.pt\/api\/wp\/v2\/media?parent=193328"}],"wp:term":[{"taxonomy":"category","embeddable":true,"href":"https:\/\/portaltela.pt\/api\/wp\/v2\/categories?post=193328"},{"taxonomy":"post_tag","embeddable":true,"href":"https:\/\/portaltela.pt\/api\/wp\/v2\/tags?post=193328"}],"curies":[{"name":"wp","href":"https:\/\/api.w.org\/{rel}","templated":true}]}}