{"id":193326,"date":"2026-02-03T07:30:00","date_gmt":"2026-02-03T10:30:00","guid":{"rendered":"https:\/\/portaltela.pt\/noticias\/2026\/02\/03\/carnaval-de-evora-2026-destaca-brincas-tradicionais-e-desfile-eco-carnaval\/"},"modified":"2026-02-03T07:30:00","modified_gmt":"2026-02-03T10:30:00","slug":"carnaval-de-evora-2026-destaca-brincas-tradicionais-e-desfile-eco-carnaval","status":"publish","type":"post","link":"https:\/\/portaltela.pt\/noticias\/2026\/02\/03\/carnaval-de-evora-2026-destaca-brincas-tradicionais-e-desfile-eco-carnaval\/","title":{"rendered":"Carnaval de \u00c9vora 2026 destaca Brincas tradicionais e Desfile Eco-Carnaval"},"content":{"rendered":"<p>O Carnaval de \u00c9vora em 2026 regressa com as Brincas Carnavalescas, consideradas o principal destaque da programa\u00e7\u00e3o local, e com o Desfile das Escolas, marcado para 13 de fevereiro. A cidade prepara-se para reencontrar a mem\u00f3ria popular associada aos bairros perif\u00e9ricos.<\/p>\n<p>As Brincas de Carnaval mant\u00eam-se vivas em \u00c9vora atrav\u00e9s de tr\u00eas grupos ativos: Rancho Folcl\u00f3rico do Alto Alentejo, Grupo de Brincas dos Canaviais e a Escolinha de Brincas da Casa do Povo de Canaviais. Uma mostra\/exposi\u00e7\u00e3o acompanha o ciclo entre 4 e 20 de fevereiro.<\/p>\n<h3>Exposi\u00e7\u00e3o e conversas para preservar tradi\u00e7\u00e3o cultural<\/h3>\n<p>O Munic\u00edpio de \u00c9vora pretende preservar esta manifesta\u00e7\u00e3o cultural imaterial, que se revela como teatro comunit\u00e1rio durante o Carnaval. Em 7 de fevereiro, \u00e0s 15h00, decorre a sess\u00e3o Conversas \u00e0 volta das Brincas de Carnaval, no Sal\u00e3o Nobre dos Pa\u00e7os do Concelho.<\/p>\n<p>A exposi\u00e7\u00e3o, com imagens e adere\u00e7os, pode ser visitada diariamente entre as 9h00 e as 17h30, no piso superior do edif\u00edcio municipal. Este conjunto de iniciativas enquadra-se na salvaguarda da tradi\u00e7\u00e3o local.<\/p>\n<h3>Desfile das Escolas percorre o Centro Hist\u00f3rico a 13 de fevereiro<\/h3>\n<p>O Desfile das Escolas \u00e9 o ponto central da programa\u00e7\u00e3o eborense, com o tema Eco-Carnaval. A concentra\u00e7\u00e3o \u00e9 \u00e0s 10h00, na Rua C\u00e2ndido dos Reis, seguindo pela Pra\u00e7a do Giraldo at\u00e9 ao Jardim P\u00fablico.<\/p>\n<p>Participam alunos do 1.\u00ba ciclo, escolas secund\u00e1rias, institui\u00e7\u00f5es pr\u00e9-escolares, IPSS e jardins de inf\u00e2ncia, bem como estabelecimentos de ensino privados. O desfile \u00e9 organizado pela C\u00e2mara Municipal, com colabora\u00e7\u00e3o de entidades do concelho.<\/p>\n","protected":false},"excerpt":{"rendered":"<ul>\n<li>Em \u00c9vora, 2026 marca o regresso das Brincas Carnavalescas, considerado o principal destaque da programa\u00e7\u00e3o, junto ao Desfile das Escolas, agendado para 13 de fevereiro.<\/li>\n<li>As Brincas, tradi\u00e7\u00e3o exclusiva do concelho associada aos bairros perif\u00e9ricos, v\u00e3o ser evidenciadas com apresenta\u00e7\u00f5es dos grupos e uma mostra\/exposi\u00e7\u00e3o entre 4 e 20 de fevereiro, no edif\u00edcio dos Pa\u00e7os do Concelho.<\/li>\n<li>Existem tr\u00eas grupos ativos: o Rancho Folcl\u00f3rico do Alto Alentejo, o Grupo de Brincas dos Canaviais e a Escolinha de Brincas da Casa do Povo de Canaviais.<\/li>\n<li>A programa\u00e7\u00e3o inclui a sess\u00e3o Conversas \u00e0 volta das Brincas de Carnaval, no s\u00e1bado, 7 de fevereiro, \u00e0s 15h, no Sal\u00e3o Nobre dos Pa\u00e7os do Concelho.<\/li>\n<li>O Desfile das Escolas, com o tema \u201cEco-Carnaval\u201d, realiza-se a 13 de fevereiro, \u00e0s 10h, com passagem pela Rua C\u00e2ndido dos Reis, Pra\u00e7a do Giraldo e fim no Jardim P\u00fablico, seguido de conv\u00edvio junto ao coreto.<\/li>\n<\/ul>\n","protected":false},"author":2,"featured_media":193329,"comment_status":"closed","ping_status":"closed","sticky":false,"template":"","format":"standard","meta":{"footnotes":""},"categories":[1],"tags":[883,145,1074,1175,3295,146],"class_list":["post-193326","post","type-post","status-publish","format-standard","has-post-thumbnail","hentry","category-noticias","tag-alentejo","tag-cultura","tag-evora","tag-patrimonio-cultural","tag-patrimonio-imaterial","tag-tradicoes"],"yoast_head":"<!-- This site is optimized with the Yoast SEO plugin v27.2 - https:\/\/yoast.com\/product\/yoast-seo-wordpress\/ -->\n<title>Carnaval de \u00c9vora 2026 destaca Brincas tradicionais e Desfile Eco-Carnaval - Portal Tela Portugal<\/title>\n<meta name=\"robots\" content=\"index, follow, max-snippet:-1, max-image-preview:large, max-video-preview:-1\" \/>\n<meta property=\"og:locale\" content=\"pt_PT\" \/>\n<meta property=\"og:type\" content=\"article\" \/>\n<meta property=\"og:title\" content=\"Carnaval de \u00c9vora 2026 destaca Brincas tradicionais e Desfile Eco-Carnaval - Portal Tela Portugal\" \/>\n<meta property=\"og:description\" content=\"Em \u00c9vora, 2026 marca o regresso das Brincas Carnavalescas, considerado o principal destaque da programa\u00e7\u00e3o, junto ao Desfile das Escolas, agendado para 13 de fevereiro. As Brincas, tradi\u00e7\u00e3o exclusiva do concelho associada aos bairros perif\u00e9ricos, v\u00e3o ser evidenciadas com apresenta\u00e7\u00f5es dos grupos e uma mostra\/exposi\u00e7\u00e3o entre 4 e 20 de fevereiro, no edif\u00edcio dos Pa\u00e7os do Concelho. Existem tr\u00eas grupos ativos: o Rancho Folcl\u00f3rico do Alto Alentejo, o Grupo de Brincas dos Canaviais e a Escolinha de Brincas da Casa do Povo de Canaviais. A programa\u00e7\u00e3o inclui a sess\u00e3o Conversas \u00e0 volta das Brincas de Carnaval, no s\u00e1bado, 7 de fevereiro, \u00e0s 15h, no Sal\u00e3o Nobre dos Pa\u00e7os do Concelho. O Desfile das Escolas, com o tema \u201cEco-Carnaval\u201d, realiza-se a 13 de fevereiro, \u00e0s 10h, com passagem pela Rua C\u00e2ndido dos Reis, Pra\u00e7a do Giraldo e fim no Jardim P\u00fablico, seguido de conv\u00edvio junto ao coreto.\" \/>\n<meta property=\"og:url\" content=\"https:\/\/portaltela.pt\/noticias\/2026\/02\/03\/carnaval-de-evora-2026-destaca-brincas-tradicionais-e-desfile-eco-carnaval\/\" \/>\n<meta property=\"og:site_name\" content=\"Portal Tela Portugal\" \/>\n<meta property=\"article:published_time\" content=\"2026-02-03T10:30:00+00:00\" \/>\n<meta name=\"author\" content=\"Telinha\" \/>\n<meta name=\"twitter:card\" content=\"summary_large_image\" \/>\n<meta name=\"twitter:label1\" content=\"Escrito por\" \/>\n\t<meta name=\"twitter:data1\" content=\"Telinha\" \/>\n\t<meta name=\"twitter:label2\" content=\"Tempo estimado de leitura\" \/>\n\t<meta name=\"twitter:data2\" content=\"1 minuto\" \/>\n<script type=\"application\/ld+json\" class=\"yoast-schema-graph\">{\"@context\":\"https:\/\/schema.org\",\"@graph\":[{\"@type\":\"Article\",\"@id\":\"https:\/\/portaltela.pt\/noticias\/2026\/02\/03\/carnaval-de-evora-2026-destaca-brincas-tradicionais-e-desfile-eco-carnaval\/#article\",\"isPartOf\":{\"@id\":\"https:\/\/portaltela.pt\/noticias\/2026\/02\/03\/carnaval-de-evora-2026-destaca-brincas-tradicionais-e-desfile-eco-carnaval\/\"},\"author\":{\"name\":\"Telinha\",\"@id\":\"https:\/\/portaltela.pt\/#\/schema\/person\/c4278d4a6028830caff9ee44b42d32ed\"},\"headline\":\"Carnaval de \u00c9vora 2026 destaca Brincas tradicionais e Desfile Eco-Carnaval\",\"datePublished\":\"2026-02-03T10:30:00+00:00\",\"mainEntityOfPage\":{\"@id\":\"https:\/\/portaltela.pt\/noticias\/2026\/02\/03\/carnaval-de-evora-2026-destaca-brincas-tradicionais-e-desfile-eco-carnaval\/\"},\"wordCount\":276,\"image\":{\"@id\":\"https:\/\/portaltela.pt\/noticias\/2026\/02\/03\/carnaval-de-evora-2026-destaca-brincas-tradicionais-e-desfile-eco-carnaval\/#primaryimage\"},\"thumbnailUrl\":\"https:\/\/portaltela.pt\/s.01k8rhncp4jt1\/2026\/02\/unnamed-file-743.jpg\",\"keywords\":[\"Alentejo\",\"cultura\",\"\u00c9vora\",\"Patrim\u00f3nio Cultural\",\"patrim\u00f3nio imaterial\",\"tradi\u00e7\u00f5es\"],\"articleSection\":[\"Not\u00edcias\"],\"inLanguage\":\"pt-PT\"},{\"@type\":\"WebPage\",\"@id\":\"https:\/\/portaltela.pt\/noticias\/2026\/02\/03\/carnaval-de-evora-2026-destaca-brincas-tradicionais-e-desfile-eco-carnaval\/\",\"url\":\"https:\/\/portaltela.pt\/noticias\/2026\/02\/03\/carnaval-de-evora-2026-destaca-brincas-tradicionais-e-desfile-eco-carnaval\/\",\"name\":\"Carnaval de \u00c9vora 2026 destaca Brincas tradicionais e Desfile Eco-Carnaval - Portal Tela Portugal\",\"isPartOf\":{\"@id\":\"https:\/\/portaltela.pt\/#website\"},\"primaryImageOfPage\":{\"@id\":\"https:\/\/portaltela.pt\/noticias\/2026\/02\/03\/carnaval-de-evora-2026-destaca-brincas-tradicionais-e-desfile-eco-carnaval\/#primaryimage\"},\"image\":{\"@id\":\"https:\/\/portaltela.pt\/noticias\/2026\/02\/03\/carnaval-de-evora-2026-destaca-brincas-tradicionais-e-desfile-eco-carnaval\/#primaryimage\"},\"thumbnailUrl\":\"https:\/\/portaltela.pt\/s.01k8rhncp4jt1\/2026\/02\/unnamed-file-743.jpg\",\"datePublished\":\"2026-02-03T10:30:00+00:00\",\"author\":{\"@id\":\"https:\/\/portaltela.pt\/#\/schema\/person\/c4278d4a6028830caff9ee44b42d32ed\"},\"breadcrumb\":{\"@id\":\"https:\/\/portaltela.pt\/noticias\/2026\/02\/03\/carnaval-de-evora-2026-destaca-brincas-tradicionais-e-desfile-eco-carnaval\/#breadcrumb\"},\"inLanguage\":\"pt-PT\",\"potentialAction\":[{\"@type\":\"ReadAction\",\"target\":[\"https:\/\/portaltela.pt\/noticias\/2026\/02\/03\/carnaval-de-evora-2026-destaca-brincas-tradicionais-e-desfile-eco-carnaval\/\"]}]},{\"@type\":\"ImageObject\",\"inLanguage\":\"pt-PT\",\"@id\":\"https:\/\/portaltela.pt\/noticias\/2026\/02\/03\/carnaval-de-evora-2026-destaca-brincas-tradicionais-e-desfile-eco-carnaval\/#primaryimage\",\"url\":\"https:\/\/portaltela.pt\/s.01k8rhncp4jt1\/2026\/02\/unnamed-file-743.jpg\",\"contentUrl\":\"https:\/\/portaltela.pt\/s.01k8rhncp4jt1\/2026\/02\/unnamed-file-743.jpg\",\"width\":796,\"height\":448,\"caption\":\"Carnaval de \u00c9vora 2026 destaca tradi\u00e7\u00e3o das Brincas e Desfile \u201cEco-Carnaval\u201d\"},{\"@type\":\"BreadcrumbList\",\"@id\":\"https:\/\/portaltela.pt\/noticias\/2026\/02\/03\/carnaval-de-evora-2026-destaca-brincas-tradicionais-e-desfile-eco-carnaval\/#breadcrumb\",\"itemListElement\":[{\"@type\":\"ListItem\",\"position\":1,\"name\":\"In\u00edcio\",\"item\":\"https:\/\/portaltela.pt\/\"},{\"@type\":\"ListItem\",\"position\":2,\"name\":\"Carnaval de \u00c9vora 2026 destaca Brincas tradicionais e Desfile Eco-Carnaval\"}]},{\"@type\":\"WebSite\",\"@id\":\"https:\/\/portaltela.pt\/#website\",\"url\":\"https:\/\/portaltela.pt\/\",\"name\":\"Portal Tela Portugal\",\"description\":\"\",\"potentialAction\":[{\"@type\":\"SearchAction\",\"target\":{\"@type\":\"EntryPoint\",\"urlTemplate\":\"https:\/\/portaltela.pt\/?s={search_term_string}\"},\"query-input\":{\"@type\":\"PropertyValueSpecification\",\"valueRequired\":true,\"valueName\":\"search_term_string\"}}],\"inLanguage\":\"pt-PT\"},{\"@type\":\"Person\",\"@id\":\"https:\/\/portaltela.pt\/#\/schema\/person\/c4278d4a6028830caff9ee44b42d32ed\",\"name\":\"Telinha\",\"image\":{\"@type\":\"ImageObject\",\"inLanguage\":\"pt-PT\",\"@id\":\"https:\/\/portaltela.pt\/s.01k8rhncp4jt1\/2025\/11\/talking-bot-125x125.png\",\"url\":\"https:\/\/portaltela.pt\/s.01k8rhncp4jt1\/2025\/11\/talking-bot-125x125.png\",\"contentUrl\":\"https:\/\/portaltela.pt\/s.01k8rhncp4jt1\/2025\/11\/talking-bot-125x125.png\",\"caption\":\"Telinha\"},\"sameAs\":[\"https:\/\/portaltela.pt\/\"],\"url\":\"https:\/\/portaltela.pt\/por\/367410592786\/\"}]}<\/script>\n<!-- \/ Yoast SEO plugin. -->","yoast_head_json":{"title":"Carnaval de \u00c9vora 2026 destaca Brincas tradicionais e Desfile Eco-Carnaval - Portal Tela Portugal","robots":{"index":"index","follow":"follow","max-snippet":"max-snippet:-1","max-image-preview":"max-image-preview:large","max-video-preview":"max-video-preview:-1"},"og_locale":"pt_PT","og_type":"article","og_title":"Carnaval de \u00c9vora 2026 destaca Brincas tradicionais e Desfile Eco-Carnaval - Portal Tela Portugal","og_description":"Em \u00c9vora, 2026 marca o regresso das Brincas Carnavalescas, considerado o principal destaque da programa\u00e7\u00e3o, junto ao Desfile das Escolas, agendado para 13 de fevereiro. As Brincas, tradi\u00e7\u00e3o exclusiva do concelho associada aos bairros perif\u00e9ricos, v\u00e3o ser evidenciadas com apresenta\u00e7\u00f5es dos grupos e uma mostra\/exposi\u00e7\u00e3o entre 4 e 20 de fevereiro, no edif\u00edcio dos Pa\u00e7os do Concelho. Existem tr\u00eas grupos ativos: o Rancho Folcl\u00f3rico do Alto Alentejo, o Grupo de Brincas dos Canaviais e a Escolinha de Brincas da Casa do Povo de Canaviais. A programa\u00e7\u00e3o inclui a sess\u00e3o Conversas \u00e0 volta das Brincas de Carnaval, no s\u00e1bado, 7 de fevereiro, \u00e0s 15h, no Sal\u00e3o Nobre dos Pa\u00e7os do Concelho. O Desfile das Escolas, com o tema \u201cEco-Carnaval\u201d, realiza-se a 13 de fevereiro, \u00e0s 10h, com passagem pela Rua C\u00e2ndido dos Reis, Pra\u00e7a do Giraldo e fim no Jardim P\u00fablico, seguido de conv\u00edvio junto ao coreto.","og_url":"https:\/\/portaltela.pt\/noticias\/2026\/02\/03\/carnaval-de-evora-2026-destaca-brincas-tradicionais-e-desfile-eco-carnaval\/","og_site_name":"Portal Tela Portugal","article_published_time":"2026-02-03T10:30:00+00:00","author":"Telinha","twitter_card":"summary_large_image","twitter_misc":{"Escrito por":"Telinha","Tempo estimado de leitura":"1 minuto"},"schema":{"@context":"https:\/\/schema.org","@graph":[{"@type":"Article","@id":"https:\/\/portaltela.pt\/noticias\/2026\/02\/03\/carnaval-de-evora-2026-destaca-brincas-tradicionais-e-desfile-eco-carnaval\/#article","isPartOf":{"@id":"https:\/\/portaltela.pt\/noticias\/2026\/02\/03\/carnaval-de-evora-2026-destaca-brincas-tradicionais-e-desfile-eco-carnaval\/"},"author":{"name":"Telinha","@id":"https:\/\/portaltela.pt\/#\/schema\/person\/c4278d4a6028830caff9ee44b42d32ed"},"headline":"Carnaval de \u00c9vora 2026 destaca Brincas tradicionais e Desfile Eco-Carnaval","datePublished":"2026-02-03T10:30:00+00:00","mainEntityOfPage":{"@id":"https:\/\/portaltela.pt\/noticias\/2026\/02\/03\/carnaval-de-evora-2026-destaca-brincas-tradicionais-e-desfile-eco-carnaval\/"},"wordCount":276,"image":{"@id":"https:\/\/portaltela.pt\/noticias\/2026\/02\/03\/carnaval-de-evora-2026-destaca-brincas-tradicionais-e-desfile-eco-carnaval\/#primaryimage"},"thumbnailUrl":"https:\/\/portaltela.pt\/s.01k8rhncp4jt1\/2026\/02\/unnamed-file-743.jpg","keywords":["Alentejo","cultura","\u00c9vora","Patrim\u00f3nio Cultural","patrim\u00f3nio imaterial","tradi\u00e7\u00f5es"],"articleSection":["Not\u00edcias"],"inLanguage":"pt-PT"},{"@type":"WebPage","@id":"https:\/\/portaltela.pt\/noticias\/2026\/02\/03\/carnaval-de-evora-2026-destaca-brincas-tradicionais-e-desfile-eco-carnaval\/","url":"https:\/\/portaltela.pt\/noticias\/2026\/02\/03\/carnaval-de-evora-2026-destaca-brincas-tradicionais-e-desfile-eco-carnaval\/","name":"Carnaval de \u00c9vora 2026 destaca Brincas tradicionais e Desfile Eco-Carnaval - Portal Tela Portugal","isPartOf":{"@id":"https:\/\/portaltela.pt\/#website"},"primaryImageOfPage":{"@id":"https:\/\/portaltela.pt\/noticias\/2026\/02\/03\/carnaval-de-evora-2026-destaca-brincas-tradicionais-e-desfile-eco-carnaval\/#primaryimage"},"image":{"@id":"https:\/\/portaltela.pt\/noticias\/2026\/02\/03\/carnaval-de-evora-2026-destaca-brincas-tradicionais-e-desfile-eco-carnaval\/#primaryimage"},"thumbnailUrl":"https:\/\/portaltela.pt\/s.01k8rhncp4jt1\/2026\/02\/unnamed-file-743.jpg","datePublished":"2026-02-03T10:30:00+00:00","author":{"@id":"https:\/\/portaltela.pt\/#\/schema\/person\/c4278d4a6028830caff9ee44b42d32ed"},"breadcrumb":{"@id":"https:\/\/portaltela.pt\/noticias\/2026\/02\/03\/carnaval-de-evora-2026-destaca-brincas-tradicionais-e-desfile-eco-carnaval\/#breadcrumb"},"inLanguage":"pt-PT","potentialAction":[{"@type":"ReadAction","target":["https:\/\/portaltela.pt\/noticias\/2026\/02\/03\/carnaval-de-evora-2026-destaca-brincas-tradicionais-e-desfile-eco-carnaval\/"]}]},{"@type":"ImageObject","inLanguage":"pt-PT","@id":"https:\/\/portaltela.pt\/noticias\/2026\/02\/03\/carnaval-de-evora-2026-destaca-brincas-tradicionais-e-desfile-eco-carnaval\/#primaryimage","url":"https:\/\/portaltela.pt\/s.01k8rhncp4jt1\/2026\/02\/unnamed-file-743.jpg","contentUrl":"https:\/\/portaltela.pt\/s.01k8rhncp4jt1\/2026\/02\/unnamed-file-743.jpg","width":796,"height":448,"caption":"Carnaval de \u00c9vora 2026 destaca tradi\u00e7\u00e3o das Brincas e Desfile \u201cEco-Carnaval\u201d"},{"@type":"BreadcrumbList","@id":"https:\/\/portaltela.pt\/noticias\/2026\/02\/03\/carnaval-de-evora-2026-destaca-brincas-tradicionais-e-desfile-eco-carnaval\/#breadcrumb","itemListElement":[{"@type":"ListItem","position":1,"name":"In\u00edcio","item":"https:\/\/portaltela.pt\/"},{"@type":"ListItem","position":2,"name":"Carnaval de \u00c9vora 2026 destaca Brincas tradicionais e Desfile Eco-Carnaval"}]},{"@type":"WebSite","@id":"https:\/\/portaltela.pt\/#website","url":"https:\/\/portaltela.pt\/","name":"Portal Tela Portugal","description":"","potentialAction":[{"@type":"SearchAction","target":{"@type":"EntryPoint","urlTemplate":"https:\/\/portaltela.pt\/?s={search_term_string}"},"query-input":{"@type":"PropertyValueSpecification","valueRequired":true,"valueName":"search_term_string"}}],"inLanguage":"pt-PT"},{"@type":"Person","@id":"https:\/\/portaltela.pt\/#\/schema\/person\/c4278d4a6028830caff9ee44b42d32ed","name":"Telinha","image":{"@type":"ImageObject","inLanguage":"pt-PT","@id":"https:\/\/portaltela.pt\/s.01k8rhncp4jt1\/2025\/11\/talking-bot-125x125.png","url":"https:\/\/portaltela.pt\/s.01k8rhncp4jt1\/2025\/11\/talking-bot-125x125.png","contentUrl":"https:\/\/portaltela.pt\/s.01k8rhncp4jt1\/2025\/11\/talking-bot-125x125.png","caption":"Telinha"},"sameAs":["https:\/\/portaltela.pt\/"],"url":"https:\/\/portaltela.pt\/por\/367410592786\/"}]}},"_links":{"self":[{"href":"https:\/\/portaltela.pt\/api\/wp\/v2\/posts\/193326","targetHints":{"allow":["GET"]}}],"collection":[{"href":"https:\/\/portaltela.pt\/api\/wp\/v2\/posts"}],"about":[{"href":"https:\/\/portaltela.pt\/api\/wp\/v2\/types\/post"}],"author":[{"embeddable":true,"href":"https:\/\/portaltela.pt\/api\/wp\/v2\/users\/2"}],"replies":[{"embeddable":true,"href":"https:\/\/portaltela.pt\/api\/wp\/v2\/comments?post=193326"}],"version-history":[{"count":0,"href":"https:\/\/portaltela.pt\/api\/wp\/v2\/posts\/193326\/revisions"}],"wp:featuredmedia":[{"embeddable":true,"href":"https:\/\/portaltela.pt\/api\/wp\/v2\/media\/193329"}],"wp:attachment":[{"href":"https:\/\/portaltela.pt\/api\/wp\/v2\/media?parent=193326"}],"wp:term":[{"taxonomy":"category","embeddable":true,"href":"https:\/\/portaltela.pt\/api\/wp\/v2\/categories?post=193326"},{"taxonomy":"post_tag","embeddable":true,"href":"https:\/\/portaltela.pt\/api\/wp\/v2\/tags?post=193326"}],"curies":[{"name":"wp","href":"https:\/\/api.w.org\/{rel}","templated":true}]}}