{"id":193298,"date":"2026-02-03T07:19:00","date_gmt":"2026-02-03T10:19:00","guid":{"rendered":"https:\/\/portaltela.pt\/noticias\/2026\/02\/03\/ivan-cavaleiro-e-tondela-rescindem-contrato-que-os-ligava-ate-2027\/"},"modified":"2026-02-03T07:19:00","modified_gmt":"2026-02-03T10:19:00","slug":"ivan-cavaleiro-e-tondela-rescindem-contrato-que-os-ligava-ate-2027","status":"publish","type":"post","link":"https:\/\/portaltela.pt\/desporto\/futebol\/2026\/02\/03\/ivan-cavaleiro-e-tondela-rescindem-contrato-que-os-ligava-ate-2027\/","title":{"rendered":"Ivan Cavaleiro e Tondela rescindem contrato que os ligava at\u00e9 2027"},"content":{"rendered":"<p>O jogador Ivan Cavaleiro e o Tondela rescindiram o contrato que os ligava at\u00e9 2027. A not\u00edcia \u00e9 anunciada pela pr\u00f3pria equipa, sem indicar detalhes adicionais sobre as condi\u00e7\u00f5es da sa\u00edda.<\/p>\n<p>N\u00e3o foram divulgados dados sobre valores, prazos de cumprimento ou novas cl\u00e1usulas presentes no acordo de rescis\u00e3o.<\/p>\n<p>Fonte oficial confirma apenas a cessa\u00e7\u00e3o da rela\u00e7\u00e3o contratual entre as partes, sem apresentar declara\u00e7\u00f5es adicionais ou explica\u00e7\u00f5es p\u00fablicas.<\/p>\n","protected":false},"excerpt":{"rendered":"<ul>\n<li>Ivan Cavaleiro e o Tondela rescindem o contrato que os ligava at\u00e9 2027.<\/li>\n<li>O an\u00fancio indica apenas a rescis\u00e3o do v\u00ednculo contratual entre as partes.<\/li>\n<li>N\u00e3o est\u00e3o dispon\u00edveis, no momento, detalhes sobre os termos ou valores da rescis\u00e3o.<\/li>\n<li>O conte\u00fado completo da not\u00edcia est\u00e1 reservado a subscritores.<\/li>\n<\/ul>\n","protected":false},"author":2,"featured_media":193308,"comment_status":"closed","ping_status":"closed","sticky":false,"template":"","format":"standard","meta":{"footnotes":""},"categories":[21,24],"tags":[1125,32,1747,242,3501,1005],"class_list":["post-193298","post","type-post","status-publish","format-standard","has-post-thumbnail","hentry","category-desporto","category-futebol","tag-contratos","tag-futebol","tag-futebol-profissional","tag-jogadores","tag-rescisao","tag-tondela"],"yoast_head":"<!-- This site is optimized with the Yoast SEO plugin v27.2 - https:\/\/yoast.com\/product\/yoast-seo-wordpress\/ -->\n<title>Ivan Cavaleiro e Tondela rescindem contrato que os ligava at\u00e9 2027 - Portal Tela Portugal<\/title>\n<meta name=\"robots\" content=\"index, follow, max-snippet:-1, max-image-preview:large, max-video-preview:-1\" \/>\n<meta property=\"og:locale\" content=\"pt_PT\" \/>\n<meta property=\"og:type\" content=\"article\" \/>\n<meta property=\"og:title\" content=\"Ivan Cavaleiro e Tondela rescindem contrato que os ligava at\u00e9 2027 - Portal Tela Portugal\" \/>\n<meta property=\"og:description\" content=\"Ivan Cavaleiro e o Tondela rescindem o contrato que os ligava at\u00e9 2027. O an\u00fancio indica apenas a rescis\u00e3o do v\u00ednculo contratual entre as partes. N\u00e3o est\u00e3o dispon\u00edveis, no momento, detalhes sobre os termos ou valores da rescis\u00e3o. O conte\u00fado completo da not\u00edcia est\u00e1 reservado a subscritores.\" \/>\n<meta property=\"og:url\" content=\"https:\/\/portaltela.pt\/noticias\/2026\/02\/03\/ivan-cavaleiro-e-tondela-rescindem-contrato-que-os-ligava-ate-2027\/\" \/>\n<meta property=\"og:site_name\" content=\"Portal Tela Portugal\" \/>\n<meta property=\"article:published_time\" content=\"2026-02-03T10:19:00+00:00\" \/>\n<meta name=\"author\" content=\"Telinha\" \/>\n<meta name=\"twitter:card\" content=\"summary_large_image\" \/>\n<meta name=\"twitter:label1\" content=\"Escrito por\" \/>\n\t<meta name=\"twitter:data1\" content=\"Telinha\" \/>\n<script type=\"application\/ld+json\" class=\"yoast-schema-graph\">{\"@context\":\"https:\/\/schema.org\",\"@graph\":[{\"@type\":\"Article\",\"@id\":\"https:\/\/portaltela.pt\/noticias\/2026\/02\/03\/ivan-cavaleiro-e-tondela-rescindem-contrato-que-os-ligava-ate-2027\/#article\",\"isPartOf\":{\"@id\":\"https:\/\/portaltela.pt\/noticias\/2026\/02\/03\/ivan-cavaleiro-e-tondela-rescindem-contrato-que-os-ligava-ate-2027\/\"},\"author\":{\"name\":\"Telinha\",\"@id\":\"https:\/\/portaltela.pt\/#\/schema\/person\/c4278d4a6028830caff9ee44b42d32ed\"},\"headline\":\"Ivan Cavaleiro e Tondela rescindem contrato que os ligava at\u00e9 2027\",\"datePublished\":\"2026-02-03T10:19:00+00:00\",\"mainEntityOfPage\":{\"@id\":\"https:\/\/portaltela.pt\/noticias\/2026\/02\/03\/ivan-cavaleiro-e-tondela-rescindem-contrato-que-os-ligava-ate-2027\/\"},\"wordCount\":87,\"image\":{\"@id\":\"https:\/\/portaltela.pt\/noticias\/2026\/02\/03\/ivan-cavaleiro-e-tondela-rescindem-contrato-que-os-ligava-ate-2027\/#primaryimage\"},\"thumbnailUrl\":\"https:\/\/portaltela.pt\/s.01k8rhncp4jt1\/2026\/02\/CACHE_780X1200_ANALOG_WATERMARKED_46242159_3096730_21122025074835.jpg\",\"keywords\":[\"contratos\",\"futebol\",\"Futebol Profissional\",\"jogadores\",\"rescis\u00e3o\",\"Tondela\"],\"articleSection\":[\"Desporto\",\"Futebol\"],\"inLanguage\":\"pt-PT\"},{\"@type\":\"WebPage\",\"@id\":\"https:\/\/portaltela.pt\/noticias\/2026\/02\/03\/ivan-cavaleiro-e-tondela-rescindem-contrato-que-os-ligava-ate-2027\/\",\"url\":\"https:\/\/portaltela.pt\/noticias\/2026\/02\/03\/ivan-cavaleiro-e-tondela-rescindem-contrato-que-os-ligava-ate-2027\/\",\"name\":\"Ivan Cavaleiro e Tondela rescindem contrato que os ligava at\u00e9 2027 - Portal Tela Portugal\",\"isPartOf\":{\"@id\":\"https:\/\/portaltela.pt\/#website\"},\"primaryImageOfPage\":{\"@id\":\"https:\/\/portaltela.pt\/noticias\/2026\/02\/03\/ivan-cavaleiro-e-tondela-rescindem-contrato-que-os-ligava-ate-2027\/#primaryimage\"},\"image\":{\"@id\":\"https:\/\/portaltela.pt\/noticias\/2026\/02\/03\/ivan-cavaleiro-e-tondela-rescindem-contrato-que-os-ligava-ate-2027\/#primaryimage\"},\"thumbnailUrl\":\"https:\/\/portaltela.pt\/s.01k8rhncp4jt1\/2026\/02\/CACHE_780X1200_ANALOG_WATERMARKED_46242159_3096730_21122025074835.jpg\",\"datePublished\":\"2026-02-03T10:19:00+00:00\",\"author\":{\"@id\":\"https:\/\/portaltela.pt\/#\/schema\/person\/c4278d4a6028830caff9ee44b42d32ed\"},\"breadcrumb\":{\"@id\":\"https:\/\/portaltela.pt\/noticias\/2026\/02\/03\/ivan-cavaleiro-e-tondela-rescindem-contrato-que-os-ligava-ate-2027\/#breadcrumb\"},\"inLanguage\":\"pt-PT\",\"potentialAction\":[{\"@type\":\"ReadAction\",\"target\":[\"https:\/\/portaltela.pt\/noticias\/2026\/02\/03\/ivan-cavaleiro-e-tondela-rescindem-contrato-que-os-ligava-ate-2027\/\"]}]},{\"@type\":\"ImageObject\",\"inLanguage\":\"pt-PT\",\"@id\":\"https:\/\/portaltela.pt\/noticias\/2026\/02\/03\/ivan-cavaleiro-e-tondela-rescindem-contrato-que-os-ligava-ate-2027\/#primaryimage\",\"url\":\"https:\/\/portaltela.pt\/s.01k8rhncp4jt1\/2026\/02\/CACHE_780X1200_ANALOG_WATERMARKED_46242159_3096730_21122025074835.jpg\",\"contentUrl\":\"https:\/\/portaltela.pt\/s.01k8rhncp4jt1\/2026\/02\/CACHE_780X1200_ANALOG_WATERMARKED_46242159_3096730_21122025074835.jpg\",\"width\":796,\"height\":448,\"caption\":\"Ivan Cavaleiro e Tondela rescindem contrato que os ligava at\u00e9 2027\"},{\"@type\":\"BreadcrumbList\",\"@id\":\"https:\/\/portaltela.pt\/noticias\/2026\/02\/03\/ivan-cavaleiro-e-tondela-rescindem-contrato-que-os-ligava-ate-2027\/#breadcrumb\",\"itemListElement\":[{\"@type\":\"ListItem\",\"position\":1,\"name\":\"In\u00edcio\",\"item\":\"https:\/\/portaltela.pt\/\"},{\"@type\":\"ListItem\",\"position\":2,\"name\":\"Ivan Cavaleiro e Tondela rescindem contrato que os ligava at\u00e9 2027\"}]},{\"@type\":\"WebSite\",\"@id\":\"https:\/\/portaltela.pt\/#website\",\"url\":\"https:\/\/portaltela.pt\/\",\"name\":\"Portal Tela Portugal\",\"description\":\"\",\"potentialAction\":[{\"@type\":\"SearchAction\",\"target\":{\"@type\":\"EntryPoint\",\"urlTemplate\":\"https:\/\/portaltela.pt\/?s={search_term_string}\"},\"query-input\":{\"@type\":\"PropertyValueSpecification\",\"valueRequired\":true,\"valueName\":\"search_term_string\"}}],\"inLanguage\":\"pt-PT\"},{\"@type\":\"Person\",\"@id\":\"https:\/\/portaltela.pt\/#\/schema\/person\/c4278d4a6028830caff9ee44b42d32ed\",\"name\":\"Telinha\",\"image\":{\"@type\":\"ImageObject\",\"inLanguage\":\"pt-PT\",\"@id\":\"https:\/\/portaltela.pt\/s.01k8rhncp4jt1\/2025\/11\/talking-bot-125x125.png\",\"url\":\"https:\/\/portaltela.pt\/s.01k8rhncp4jt1\/2025\/11\/talking-bot-125x125.png\",\"contentUrl\":\"https:\/\/portaltela.pt\/s.01k8rhncp4jt1\/2025\/11\/talking-bot-125x125.png\",\"caption\":\"Telinha\"},\"sameAs\":[\"https:\/\/portaltela.pt\/\"],\"url\":\"https:\/\/portaltela.pt\/por\/367410592786\/\"}]}<\/script>\n<!-- \/ Yoast SEO plugin. -->","yoast_head_json":{"title":"Ivan Cavaleiro e Tondela rescindem contrato que os ligava at\u00e9 2027 - Portal Tela Portugal","robots":{"index":"index","follow":"follow","max-snippet":"max-snippet:-1","max-image-preview":"max-image-preview:large","max-video-preview":"max-video-preview:-1"},"og_locale":"pt_PT","og_type":"article","og_title":"Ivan Cavaleiro e Tondela rescindem contrato que os ligava at\u00e9 2027 - Portal Tela Portugal","og_description":"Ivan Cavaleiro e o Tondela rescindem o contrato que os ligava at\u00e9 2027. O an\u00fancio indica apenas a rescis\u00e3o do v\u00ednculo contratual entre as partes. N\u00e3o est\u00e3o dispon\u00edveis, no momento, detalhes sobre os termos ou valores da rescis\u00e3o. O conte\u00fado completo da not\u00edcia est\u00e1 reservado a subscritores.","og_url":"https:\/\/portaltela.pt\/noticias\/2026\/02\/03\/ivan-cavaleiro-e-tondela-rescindem-contrato-que-os-ligava-ate-2027\/","og_site_name":"Portal Tela Portugal","article_published_time":"2026-02-03T10:19:00+00:00","author":"Telinha","twitter_card":"summary_large_image","twitter_misc":{"Escrito por":"Telinha"},"schema":{"@context":"https:\/\/schema.org","@graph":[{"@type":"Article","@id":"https:\/\/portaltela.pt\/noticias\/2026\/02\/03\/ivan-cavaleiro-e-tondela-rescindem-contrato-que-os-ligava-ate-2027\/#article","isPartOf":{"@id":"https:\/\/portaltela.pt\/noticias\/2026\/02\/03\/ivan-cavaleiro-e-tondela-rescindem-contrato-que-os-ligava-ate-2027\/"},"author":{"name":"Telinha","@id":"https:\/\/portaltela.pt\/#\/schema\/person\/c4278d4a6028830caff9ee44b42d32ed"},"headline":"Ivan Cavaleiro e Tondela rescindem contrato que os ligava at\u00e9 2027","datePublished":"2026-02-03T10:19:00+00:00","mainEntityOfPage":{"@id":"https:\/\/portaltela.pt\/noticias\/2026\/02\/03\/ivan-cavaleiro-e-tondela-rescindem-contrato-que-os-ligava-ate-2027\/"},"wordCount":87,"image":{"@id":"https:\/\/portaltela.pt\/noticias\/2026\/02\/03\/ivan-cavaleiro-e-tondela-rescindem-contrato-que-os-ligava-ate-2027\/#primaryimage"},"thumbnailUrl":"https:\/\/portaltela.pt\/s.01k8rhncp4jt1\/2026\/02\/CACHE_780X1200_ANALOG_WATERMARKED_46242159_3096730_21122025074835.jpg","keywords":["contratos","futebol","Futebol Profissional","jogadores","rescis\u00e3o","Tondela"],"articleSection":["Desporto","Futebol"],"inLanguage":"pt-PT"},{"@type":"WebPage","@id":"https:\/\/portaltela.pt\/noticias\/2026\/02\/03\/ivan-cavaleiro-e-tondela-rescindem-contrato-que-os-ligava-ate-2027\/","url":"https:\/\/portaltela.pt\/noticias\/2026\/02\/03\/ivan-cavaleiro-e-tondela-rescindem-contrato-que-os-ligava-ate-2027\/","name":"Ivan Cavaleiro e Tondela rescindem contrato que os ligava at\u00e9 2027 - Portal Tela Portugal","isPartOf":{"@id":"https:\/\/portaltela.pt\/#website"},"primaryImageOfPage":{"@id":"https:\/\/portaltela.pt\/noticias\/2026\/02\/03\/ivan-cavaleiro-e-tondela-rescindem-contrato-que-os-ligava-ate-2027\/#primaryimage"},"image":{"@id":"https:\/\/portaltela.pt\/noticias\/2026\/02\/03\/ivan-cavaleiro-e-tondela-rescindem-contrato-que-os-ligava-ate-2027\/#primaryimage"},"thumbnailUrl":"https:\/\/portaltela.pt\/s.01k8rhncp4jt1\/2026\/02\/CACHE_780X1200_ANALOG_WATERMARKED_46242159_3096730_21122025074835.jpg","datePublished":"2026-02-03T10:19:00+00:00","author":{"@id":"https:\/\/portaltela.pt\/#\/schema\/person\/c4278d4a6028830caff9ee44b42d32ed"},"breadcrumb":{"@id":"https:\/\/portaltela.pt\/noticias\/2026\/02\/03\/ivan-cavaleiro-e-tondela-rescindem-contrato-que-os-ligava-ate-2027\/#breadcrumb"},"inLanguage":"pt-PT","potentialAction":[{"@type":"ReadAction","target":["https:\/\/portaltela.pt\/noticias\/2026\/02\/03\/ivan-cavaleiro-e-tondela-rescindem-contrato-que-os-ligava-ate-2027\/"]}]},{"@type":"ImageObject","inLanguage":"pt-PT","@id":"https:\/\/portaltela.pt\/noticias\/2026\/02\/03\/ivan-cavaleiro-e-tondela-rescindem-contrato-que-os-ligava-ate-2027\/#primaryimage","url":"https:\/\/portaltela.pt\/s.01k8rhncp4jt1\/2026\/02\/CACHE_780X1200_ANALOG_WATERMARKED_46242159_3096730_21122025074835.jpg","contentUrl":"https:\/\/portaltela.pt\/s.01k8rhncp4jt1\/2026\/02\/CACHE_780X1200_ANALOG_WATERMARKED_46242159_3096730_21122025074835.jpg","width":796,"height":448,"caption":"Ivan Cavaleiro e Tondela rescindem contrato que os ligava at\u00e9 2027"},{"@type":"BreadcrumbList","@id":"https:\/\/portaltela.pt\/noticias\/2026\/02\/03\/ivan-cavaleiro-e-tondela-rescindem-contrato-que-os-ligava-ate-2027\/#breadcrumb","itemListElement":[{"@type":"ListItem","position":1,"name":"In\u00edcio","item":"https:\/\/portaltela.pt\/"},{"@type":"ListItem","position":2,"name":"Ivan Cavaleiro e Tondela rescindem contrato que os ligava at\u00e9 2027"}]},{"@type":"WebSite","@id":"https:\/\/portaltela.pt\/#website","url":"https:\/\/portaltela.pt\/","name":"Portal Tela Portugal","description":"","potentialAction":[{"@type":"SearchAction","target":{"@type":"EntryPoint","urlTemplate":"https:\/\/portaltela.pt\/?s={search_term_string}"},"query-input":{"@type":"PropertyValueSpecification","valueRequired":true,"valueName":"search_term_string"}}],"inLanguage":"pt-PT"},{"@type":"Person","@id":"https:\/\/portaltela.pt\/#\/schema\/person\/c4278d4a6028830caff9ee44b42d32ed","name":"Telinha","image":{"@type":"ImageObject","inLanguage":"pt-PT","@id":"https:\/\/portaltela.pt\/s.01k8rhncp4jt1\/2025\/11\/talking-bot-125x125.png","url":"https:\/\/portaltela.pt\/s.01k8rhncp4jt1\/2025\/11\/talking-bot-125x125.png","contentUrl":"https:\/\/portaltela.pt\/s.01k8rhncp4jt1\/2025\/11\/talking-bot-125x125.png","caption":"Telinha"},"sameAs":["https:\/\/portaltela.pt\/"],"url":"https:\/\/portaltela.pt\/por\/367410592786\/"}]}},"_links":{"self":[{"href":"https:\/\/portaltela.pt\/api\/wp\/v2\/posts\/193298","targetHints":{"allow":["GET"]}}],"collection":[{"href":"https:\/\/portaltela.pt\/api\/wp\/v2\/posts"}],"about":[{"href":"https:\/\/portaltela.pt\/api\/wp\/v2\/types\/post"}],"author":[{"embeddable":true,"href":"https:\/\/portaltela.pt\/api\/wp\/v2\/users\/2"}],"replies":[{"embeddable":true,"href":"https:\/\/portaltela.pt\/api\/wp\/v2\/comments?post=193298"}],"version-history":[{"count":0,"href":"https:\/\/portaltela.pt\/api\/wp\/v2\/posts\/193298\/revisions"}],"wp:featuredmedia":[{"embeddable":true,"href":"https:\/\/portaltela.pt\/api\/wp\/v2\/media\/193308"}],"wp:attachment":[{"href":"https:\/\/portaltela.pt\/api\/wp\/v2\/media?parent=193298"}],"wp:term":[{"taxonomy":"category","embeddable":true,"href":"https:\/\/portaltela.pt\/api\/wp\/v2\/categories?post=193298"},{"taxonomy":"post_tag","embeddable":true,"href":"https:\/\/portaltela.pt\/api\/wp\/v2\/tags?post=193298"}],"curies":[{"name":"wp","href":"https:\/\/api.w.org\/{rel}","templated":true}]}}