{"id":193277,"date":"2026-02-03T07:21:00","date_gmt":"2026-02-03T10:21:00","guid":{"rendered":"https:\/\/portaltela.pt\/noticias\/2026\/02\/03\/ibersoill-living-lab-para-regeneracao-de-solos-na-regiao-raiana-iberica\/"},"modified":"2026-02-03T07:21:00","modified_gmt":"2026-02-03T10:21:00","slug":"ibersoill-living-lab-para-regeneracao-de-solos-na-regiao-raiana-iberica","status":"publish","type":"post","link":"https:\/\/portaltela.pt\/noticias\/2026\/02\/03\/ibersoill-living-lab-para-regeneracao-de-solos-na-regiao-raiana-iberica\/","title":{"rendered":"IBERSOILL: living lab para regenera\u00e7\u00e3o de solos na regi\u00e3o raiana ib\u00e9rica"},"content":{"rendered":"<p>O IBERSOILL Living Lab, o primeiro laborat\u00f3rio vivo transfronteiri\u00e7o dedicado \u00e0 regenera\u00e7\u00e3o dos solos agr\u00edcolas na regi\u00e3o raiana entre Portugal e Espanha, realizou o seu segundo workshop de co-cria\u00e7\u00e3o. O encontro reuniu agricultores, investigadores, t\u00e9cnicos municipais e representantes de pol\u00edticas agr\u00edcolas, num espa\u00e7o de partilha sobre pr\u00e1ticas de agricultura regenerativa.<\/p>\n<p>O projeto, integrado no programa Horizonte Europa e no \u00e2mbito do LILAS4SOILS \u2013 Living Labs for Soil Health in the Mediterranean Agroecosystems, tem como objetivo cocriar solu\u00e7\u00f5es agroecol\u00f3gicas. A iniciativa visa aumentar o sequestro de carbono nos solos, a biodiversidade e a resili\u00eancia clim\u00e1tica nas comunidades rurais da regi\u00e3o.<\/p>\n<p>Agricultores no centro da inova\u00e7\u00e3o<\/p>\n<p>Desde setembro de 2024, a equipa coordenada pelo Food4Sustainability e pelo ITACyL tem feito o acompanhamento de agricultores pioneiros na aplica\u00e7\u00e3o de pr\u00e1ticas de carbono no territ\u00f3rio da Beira Baixa e de Castilla y Le\u00f3n. As visitas de campo visam monitorizar indicadores como mat\u00e9ria org\u00e2nica, biodiversidade microbiana e efici\u00eancia na gest\u00e3o de nutrientes.<\/p>\n<p>Co-cria\u00e7\u00e3o para solu\u00e7\u00f5es locais<\/p>\n<p>O primeiro encontro de apresenta\u00e7\u00e3o ocorreu em Ciudad Rodrigo (Espanha) a 25 de fevereiro de 2025, reunindo mais de 50 participantes. Este evento deu in\u00edcio \u00e0 rede de interessados, orientada pela partilha de experi\u00eancias e identifica\u00e7\u00e3o de desafios.<\/p>\n<h3>Segundo Workshop Ib\u00e9rico<\/h3>\n<p>Em Idanha-a-Nova, nos dias 29 e 30 de janeiro de 2026, realizou-se o segundo Workshop de Co-Cria\u00e7\u00e3o Ib\u00e9rico. O programa integrou apresenta\u00e7\u00f5es de agricultores, duas sess\u00f5es de co-cria\u00e7\u00e3o sobre barreiras e oportunidades na ado\u00e7\u00e3o de pr\u00e1ticas sustent\u00e1veis do solo, networking e duas palestras t\u00e9cnicas sobre o mercado volunt\u00e1rio de carbono em Portugal e casos pr\u00e1ticos na Uni\u00e3o Europeia.<\/p>\n<p>Cerca de 45 participantes de ambos os lados da fronteira contribu\u00edram para definir prioridades de monitoriza\u00e7\u00e3o e metodologias de avalia\u00e7\u00e3o das pr\u00e1ticas testadas. Ao final, houve reconhecimento da utilidade das sess\u00f5es de co-cria\u00e7\u00e3o para promover uma troca de experi\u00eancias produtiva.<\/p>\n<p>Fotos: IBERSOILL<\/p>\n","protected":false},"excerpt":{"rendered":"<ul>\n<li>O IBERSOILL Living Lab realizou o segundo workshop de co-cria\u00e7\u00e3o, fortalecendo a rede transfronteiri\u00e7a entre Portugal e Espanha para a regenera\u00e7\u00e3o de solos agr\u00edcolas.<\/li>\n<li>O projeto integra o programa Horizonte Europa, no cons\u00f3rcio LILAS4SOILS, com foco na agricultura regenerativa, sequestro de carbono no solo e resili\u00eancia clim\u00e1tica.<\/li>\n<li>Desde setembro de 2024, a equipa acompanha agricultores na regi\u00e3o da Beira Baixa e de Castilla y Le\u00f3n, monitorizando indicadores como mat\u00e9ria org\u00e2nica, biodiversidade microbiana e gest\u00e3o de nutrientes.<\/li>\n<li>O segundo Workshop de Co-Cria\u00e7\u00e3o Ib\u00e9rico realizou-se em Idanha-a-Nova, nos dias 29 e 30 de janeiro de 2026, envolvendo cerca de 45 participantes e sess\u00f5es de co-cria\u00e7\u00e3o sobre barreiras e oportunidades.<\/li>\n<li>O evento incluiu apresenta\u00e7\u00f5es t\u00e9cnicas sobre o mercado volunt\u00e1rio de carbono em Portugal e casos europeus, com defini\u00e7\u00e3o de prioridades de monitoriza\u00e7\u00e3o e metodologias de avalia\u00e7\u00e3o das pr\u00e1ticas testadas.<\/li>\n<\/ul>\n","protected":false},"author":2,"featured_media":193284,"comment_status":"closed","ping_status":"closed","sticky":false,"template":"","format":"standard","meta":{"footnotes":""},"categories":[1],"tags":[179,3670,1701,2768,256,4439],"class_list":["post-193277","post","type-post","status-publish","format-standard","has-post-thumbnail","hentry","category-noticias","tag-agricultura","tag-beira-baixa","tag-biodiversidade","tag-captacao-de-carbono","tag-cooperacao-internacional","tag-horizonte-europe"],"yoast_head":"<!-- This site is optimized with the Yoast SEO plugin v27.2 - https:\/\/yoast.com\/product\/yoast-seo-wordpress\/ -->\n<title>IBERSOILL: living lab para regenera\u00e7\u00e3o de solos na regi\u00e3o raiana ib\u00e9rica - Portal Tela Portugal<\/title>\n<meta name=\"robots\" content=\"index, follow, max-snippet:-1, max-image-preview:large, max-video-preview:-1\" \/>\n<meta property=\"og:locale\" content=\"pt_PT\" \/>\n<meta property=\"og:type\" content=\"article\" \/>\n<meta property=\"og:title\" content=\"IBERSOILL: living lab para regenera\u00e7\u00e3o de solos na regi\u00e3o raiana ib\u00e9rica - Portal Tela Portugal\" \/>\n<meta property=\"og:description\" content=\"O IBERSOILL Living Lab realizou o segundo workshop de co-cria\u00e7\u00e3o, fortalecendo a rede transfronteiri\u00e7a entre Portugal e Espanha para a regenera\u00e7\u00e3o de solos agr\u00edcolas. O projeto integra o programa Horizonte Europa, no cons\u00f3rcio LILAS4SOILS, com foco na agricultura regenerativa, sequestro de carbono no solo e resili\u00eancia clim\u00e1tica. Desde setembro de 2024, a equipa acompanha agricultores na regi\u00e3o da Beira Baixa e de Castilla y Le\u00f3n, monitorizando indicadores como mat\u00e9ria org\u00e2nica, biodiversidade microbiana e gest\u00e3o de nutrientes. O segundo Workshop de Co-Cria\u00e7\u00e3o Ib\u00e9rico realizou-se em Idanha-a-Nova, nos dias 29 e 30 de janeiro de 2026, envolvendo cerca de 45 participantes e sess\u00f5es de co-cria\u00e7\u00e3o sobre barreiras e oportunidades. O evento incluiu apresenta\u00e7\u00f5es t\u00e9cnicas sobre o mercado volunt\u00e1rio de carbono em Portugal e casos europeus, com defini\u00e7\u00e3o de prioridades de monitoriza\u00e7\u00e3o e metodologias de avalia\u00e7\u00e3o das pr\u00e1ticas testadas.\" \/>\n<meta property=\"og:url\" content=\"https:\/\/portaltela.pt\/noticias\/2026\/02\/03\/ibersoill-living-lab-para-regeneracao-de-solos-na-regiao-raiana-iberica\/\" \/>\n<meta property=\"og:site_name\" content=\"Portal Tela Portugal\" \/>\n<meta property=\"article:published_time\" content=\"2026-02-03T10:21:00+00:00\" \/>\n<meta name=\"author\" content=\"Telinha\" \/>\n<meta name=\"twitter:card\" content=\"summary_large_image\" \/>\n<meta name=\"twitter:label1\" content=\"Escrito por\" \/>\n\t<meta name=\"twitter:data1\" content=\"Telinha\" \/>\n\t<meta name=\"twitter:label2\" content=\"Tempo estimado de leitura\" \/>\n\t<meta name=\"twitter:data2\" content=\"2 minutos\" \/>\n<script type=\"application\/ld+json\" class=\"yoast-schema-graph\">{\"@context\":\"https:\/\/schema.org\",\"@graph\":[{\"@type\":\"Article\",\"@id\":\"https:\/\/portaltela.pt\/noticias\/2026\/02\/03\/ibersoill-living-lab-para-regeneracao-de-solos-na-regiao-raiana-iberica\/#article\",\"isPartOf\":{\"@id\":\"https:\/\/portaltela.pt\/noticias\/2026\/02\/03\/ibersoill-living-lab-para-regeneracao-de-solos-na-regiao-raiana-iberica\/\"},\"author\":{\"name\":\"Telinha\",\"@id\":\"https:\/\/portaltela.pt\/#\/schema\/person\/c4278d4a6028830caff9ee44b42d32ed\"},\"headline\":\"IBERSOILL: living lab para regenera\u00e7\u00e3o de solos na regi\u00e3o raiana ib\u00e9rica\",\"datePublished\":\"2026-02-03T10:21:00+00:00\",\"mainEntityOfPage\":{\"@id\":\"https:\/\/portaltela.pt\/noticias\/2026\/02\/03\/ibersoill-living-lab-para-regeneracao-de-solos-na-regiao-raiana-iberica\/\"},\"wordCount\":358,\"image\":{\"@id\":\"https:\/\/portaltela.pt\/noticias\/2026\/02\/03\/ibersoill-living-lab-para-regeneracao-de-solos-na-regiao-raiana-iberica\/#primaryimage\"},\"thumbnailUrl\":\"https:\/\/portaltela.pt\/s.01k8rhncp4jt1\/2026\/02\/unnamed-file-736.jpg\",\"keywords\":[\"agricultura\",\"Beira Baixa\",\"biodiversidade\",\"capta\u00e7\u00e3o de carbono\",\"coopera\u00e7\u00e3o internacional\",\"Horizonte Europe\"],\"articleSection\":[\"Not\u00edcias\"],\"inLanguage\":\"pt-PT\"},{\"@type\":\"WebPage\",\"@id\":\"https:\/\/portaltela.pt\/noticias\/2026\/02\/03\/ibersoill-living-lab-para-regeneracao-de-solos-na-regiao-raiana-iberica\/\",\"url\":\"https:\/\/portaltela.pt\/noticias\/2026\/02\/03\/ibersoill-living-lab-para-regeneracao-de-solos-na-regiao-raiana-iberica\/\",\"name\":\"IBERSOILL: living lab para regenera\u00e7\u00e3o de solos na regi\u00e3o raiana ib\u00e9rica - Portal Tela Portugal\",\"isPartOf\":{\"@id\":\"https:\/\/portaltela.pt\/#website\"},\"primaryImageOfPage\":{\"@id\":\"https:\/\/portaltela.pt\/noticias\/2026\/02\/03\/ibersoill-living-lab-para-regeneracao-de-solos-na-regiao-raiana-iberica\/#primaryimage\"},\"image\":{\"@id\":\"https:\/\/portaltela.pt\/noticias\/2026\/02\/03\/ibersoill-living-lab-para-regeneracao-de-solos-na-regiao-raiana-iberica\/#primaryimage\"},\"thumbnailUrl\":\"https:\/\/portaltela.pt\/s.01k8rhncp4jt1\/2026\/02\/unnamed-file-736.jpg\",\"datePublished\":\"2026-02-03T10:21:00+00:00\",\"author\":{\"@id\":\"https:\/\/portaltela.pt\/#\/schema\/person\/c4278d4a6028830caff9ee44b42d32ed\"},\"breadcrumb\":{\"@id\":\"https:\/\/portaltela.pt\/noticias\/2026\/02\/03\/ibersoill-living-lab-para-regeneracao-de-solos-na-regiao-raiana-iberica\/#breadcrumb\"},\"inLanguage\":\"pt-PT\",\"potentialAction\":[{\"@type\":\"ReadAction\",\"target\":[\"https:\/\/portaltela.pt\/noticias\/2026\/02\/03\/ibersoill-living-lab-para-regeneracao-de-solos-na-regiao-raiana-iberica\/\"]}]},{\"@type\":\"ImageObject\",\"inLanguage\":\"pt-PT\",\"@id\":\"https:\/\/portaltela.pt\/noticias\/2026\/02\/03\/ibersoill-living-lab-para-regeneracao-de-solos-na-regiao-raiana-iberica\/#primaryimage\",\"url\":\"https:\/\/portaltela.pt\/s.01k8rhncp4jt1\/2026\/02\/unnamed-file-736.jpg\",\"contentUrl\":\"https:\/\/portaltela.pt\/s.01k8rhncp4jt1\/2026\/02\/unnamed-file-736.jpg\",\"width\":796,\"height\":448,\"caption\":\"IBERSOILL: O living lab para a regenera\u00e7\u00e3o dos solos na regi\u00e3o raiana ib\u00e9rica\"},{\"@type\":\"BreadcrumbList\",\"@id\":\"https:\/\/portaltela.pt\/noticias\/2026\/02\/03\/ibersoill-living-lab-para-regeneracao-de-solos-na-regiao-raiana-iberica\/#breadcrumb\",\"itemListElement\":[{\"@type\":\"ListItem\",\"position\":1,\"name\":\"In\u00edcio\",\"item\":\"https:\/\/portaltela.pt\/\"},{\"@type\":\"ListItem\",\"position\":2,\"name\":\"IBERSOILL: living lab para regenera\u00e7\u00e3o de solos na regi\u00e3o raiana ib\u00e9rica\"}]},{\"@type\":\"WebSite\",\"@id\":\"https:\/\/portaltela.pt\/#website\",\"url\":\"https:\/\/portaltela.pt\/\",\"name\":\"Portal Tela Portugal\",\"description\":\"\",\"potentialAction\":[{\"@type\":\"SearchAction\",\"target\":{\"@type\":\"EntryPoint\",\"urlTemplate\":\"https:\/\/portaltela.pt\/?s={search_term_string}\"},\"query-input\":{\"@type\":\"PropertyValueSpecification\",\"valueRequired\":true,\"valueName\":\"search_term_string\"}}],\"inLanguage\":\"pt-PT\"},{\"@type\":\"Person\",\"@id\":\"https:\/\/portaltela.pt\/#\/schema\/person\/c4278d4a6028830caff9ee44b42d32ed\",\"name\":\"Telinha\",\"image\":{\"@type\":\"ImageObject\",\"inLanguage\":\"pt-PT\",\"@id\":\"https:\/\/portaltela.pt\/s.01k8rhncp4jt1\/2025\/11\/talking-bot-125x125.png\",\"url\":\"https:\/\/portaltela.pt\/s.01k8rhncp4jt1\/2025\/11\/talking-bot-125x125.png\",\"contentUrl\":\"https:\/\/portaltela.pt\/s.01k8rhncp4jt1\/2025\/11\/talking-bot-125x125.png\",\"caption\":\"Telinha\"},\"sameAs\":[\"https:\/\/portaltela.pt\/\"],\"url\":\"https:\/\/portaltela.pt\/por\/367410592786\/\"}]}<\/script>\n<!-- \/ Yoast SEO plugin. -->","yoast_head_json":{"title":"IBERSOILL: living lab para regenera\u00e7\u00e3o de solos na regi\u00e3o raiana ib\u00e9rica - Portal Tela Portugal","robots":{"index":"index","follow":"follow","max-snippet":"max-snippet:-1","max-image-preview":"max-image-preview:large","max-video-preview":"max-video-preview:-1"},"og_locale":"pt_PT","og_type":"article","og_title":"IBERSOILL: living lab para regenera\u00e7\u00e3o de solos na regi\u00e3o raiana ib\u00e9rica - Portal Tela Portugal","og_description":"O IBERSOILL Living Lab realizou o segundo workshop de co-cria\u00e7\u00e3o, fortalecendo a rede transfronteiri\u00e7a entre Portugal e Espanha para a regenera\u00e7\u00e3o de solos agr\u00edcolas. O projeto integra o programa Horizonte Europa, no cons\u00f3rcio LILAS4SOILS, com foco na agricultura regenerativa, sequestro de carbono no solo e resili\u00eancia clim\u00e1tica. Desde setembro de 2024, a equipa acompanha agricultores na regi\u00e3o da Beira Baixa e de Castilla y Le\u00f3n, monitorizando indicadores como mat\u00e9ria org\u00e2nica, biodiversidade microbiana e gest\u00e3o de nutrientes. O segundo Workshop de Co-Cria\u00e7\u00e3o Ib\u00e9rico realizou-se em Idanha-a-Nova, nos dias 29 e 30 de janeiro de 2026, envolvendo cerca de 45 participantes e sess\u00f5es de co-cria\u00e7\u00e3o sobre barreiras e oportunidades. O evento incluiu apresenta\u00e7\u00f5es t\u00e9cnicas sobre o mercado volunt\u00e1rio de carbono em Portugal e casos europeus, com defini\u00e7\u00e3o de prioridades de monitoriza\u00e7\u00e3o e metodologias de avalia\u00e7\u00e3o das pr\u00e1ticas testadas.","og_url":"https:\/\/portaltela.pt\/noticias\/2026\/02\/03\/ibersoill-living-lab-para-regeneracao-de-solos-na-regiao-raiana-iberica\/","og_site_name":"Portal Tela Portugal","article_published_time":"2026-02-03T10:21:00+00:00","author":"Telinha","twitter_card":"summary_large_image","twitter_misc":{"Escrito por":"Telinha","Tempo estimado de leitura":"2 minutos"},"schema":{"@context":"https:\/\/schema.org","@graph":[{"@type":"Article","@id":"https:\/\/portaltela.pt\/noticias\/2026\/02\/03\/ibersoill-living-lab-para-regeneracao-de-solos-na-regiao-raiana-iberica\/#article","isPartOf":{"@id":"https:\/\/portaltela.pt\/noticias\/2026\/02\/03\/ibersoill-living-lab-para-regeneracao-de-solos-na-regiao-raiana-iberica\/"},"author":{"name":"Telinha","@id":"https:\/\/portaltela.pt\/#\/schema\/person\/c4278d4a6028830caff9ee44b42d32ed"},"headline":"IBERSOILL: living lab para regenera\u00e7\u00e3o de solos na regi\u00e3o raiana ib\u00e9rica","datePublished":"2026-02-03T10:21:00+00:00","mainEntityOfPage":{"@id":"https:\/\/portaltela.pt\/noticias\/2026\/02\/03\/ibersoill-living-lab-para-regeneracao-de-solos-na-regiao-raiana-iberica\/"},"wordCount":358,"image":{"@id":"https:\/\/portaltela.pt\/noticias\/2026\/02\/03\/ibersoill-living-lab-para-regeneracao-de-solos-na-regiao-raiana-iberica\/#primaryimage"},"thumbnailUrl":"https:\/\/portaltela.pt\/s.01k8rhncp4jt1\/2026\/02\/unnamed-file-736.jpg","keywords":["agricultura","Beira Baixa","biodiversidade","capta\u00e7\u00e3o de carbono","coopera\u00e7\u00e3o internacional","Horizonte Europe"],"articleSection":["Not\u00edcias"],"inLanguage":"pt-PT"},{"@type":"WebPage","@id":"https:\/\/portaltela.pt\/noticias\/2026\/02\/03\/ibersoill-living-lab-para-regeneracao-de-solos-na-regiao-raiana-iberica\/","url":"https:\/\/portaltela.pt\/noticias\/2026\/02\/03\/ibersoill-living-lab-para-regeneracao-de-solos-na-regiao-raiana-iberica\/","name":"IBERSOILL: living lab para regenera\u00e7\u00e3o de solos na regi\u00e3o raiana ib\u00e9rica - Portal Tela Portugal","isPartOf":{"@id":"https:\/\/portaltela.pt\/#website"},"primaryImageOfPage":{"@id":"https:\/\/portaltela.pt\/noticias\/2026\/02\/03\/ibersoill-living-lab-para-regeneracao-de-solos-na-regiao-raiana-iberica\/#primaryimage"},"image":{"@id":"https:\/\/portaltela.pt\/noticias\/2026\/02\/03\/ibersoill-living-lab-para-regeneracao-de-solos-na-regiao-raiana-iberica\/#primaryimage"},"thumbnailUrl":"https:\/\/portaltela.pt\/s.01k8rhncp4jt1\/2026\/02\/unnamed-file-736.jpg","datePublished":"2026-02-03T10:21:00+00:00","author":{"@id":"https:\/\/portaltela.pt\/#\/schema\/person\/c4278d4a6028830caff9ee44b42d32ed"},"breadcrumb":{"@id":"https:\/\/portaltela.pt\/noticias\/2026\/02\/03\/ibersoill-living-lab-para-regeneracao-de-solos-na-regiao-raiana-iberica\/#breadcrumb"},"inLanguage":"pt-PT","potentialAction":[{"@type":"ReadAction","target":["https:\/\/portaltela.pt\/noticias\/2026\/02\/03\/ibersoill-living-lab-para-regeneracao-de-solos-na-regiao-raiana-iberica\/"]}]},{"@type":"ImageObject","inLanguage":"pt-PT","@id":"https:\/\/portaltela.pt\/noticias\/2026\/02\/03\/ibersoill-living-lab-para-regeneracao-de-solos-na-regiao-raiana-iberica\/#primaryimage","url":"https:\/\/portaltela.pt\/s.01k8rhncp4jt1\/2026\/02\/unnamed-file-736.jpg","contentUrl":"https:\/\/portaltela.pt\/s.01k8rhncp4jt1\/2026\/02\/unnamed-file-736.jpg","width":796,"height":448,"caption":"IBERSOILL: O living lab para a regenera\u00e7\u00e3o dos solos na regi\u00e3o raiana ib\u00e9rica"},{"@type":"BreadcrumbList","@id":"https:\/\/portaltela.pt\/noticias\/2026\/02\/03\/ibersoill-living-lab-para-regeneracao-de-solos-na-regiao-raiana-iberica\/#breadcrumb","itemListElement":[{"@type":"ListItem","position":1,"name":"In\u00edcio","item":"https:\/\/portaltela.pt\/"},{"@type":"ListItem","position":2,"name":"IBERSOILL: living lab para regenera\u00e7\u00e3o de solos na regi\u00e3o raiana ib\u00e9rica"}]},{"@type":"WebSite","@id":"https:\/\/portaltela.pt\/#website","url":"https:\/\/portaltela.pt\/","name":"Portal Tela Portugal","description":"","potentialAction":[{"@type":"SearchAction","target":{"@type":"EntryPoint","urlTemplate":"https:\/\/portaltela.pt\/?s={search_term_string}"},"query-input":{"@type":"PropertyValueSpecification","valueRequired":true,"valueName":"search_term_string"}}],"inLanguage":"pt-PT"},{"@type":"Person","@id":"https:\/\/portaltela.pt\/#\/schema\/person\/c4278d4a6028830caff9ee44b42d32ed","name":"Telinha","image":{"@type":"ImageObject","inLanguage":"pt-PT","@id":"https:\/\/portaltela.pt\/s.01k8rhncp4jt1\/2025\/11\/talking-bot-125x125.png","url":"https:\/\/portaltela.pt\/s.01k8rhncp4jt1\/2025\/11\/talking-bot-125x125.png","contentUrl":"https:\/\/portaltela.pt\/s.01k8rhncp4jt1\/2025\/11\/talking-bot-125x125.png","caption":"Telinha"},"sameAs":["https:\/\/portaltela.pt\/"],"url":"https:\/\/portaltela.pt\/por\/367410592786\/"}]}},"_links":{"self":[{"href":"https:\/\/portaltela.pt\/api\/wp\/v2\/posts\/193277","targetHints":{"allow":["GET"]}}],"collection":[{"href":"https:\/\/portaltela.pt\/api\/wp\/v2\/posts"}],"about":[{"href":"https:\/\/portaltela.pt\/api\/wp\/v2\/types\/post"}],"author":[{"embeddable":true,"href":"https:\/\/portaltela.pt\/api\/wp\/v2\/users\/2"}],"replies":[{"embeddable":true,"href":"https:\/\/portaltela.pt\/api\/wp\/v2\/comments?post=193277"}],"version-history":[{"count":0,"href":"https:\/\/portaltela.pt\/api\/wp\/v2\/posts\/193277\/revisions"}],"wp:featuredmedia":[{"embeddable":true,"href":"https:\/\/portaltela.pt\/api\/wp\/v2\/media\/193284"}],"wp:attachment":[{"href":"https:\/\/portaltela.pt\/api\/wp\/v2\/media?parent=193277"}],"wp:term":[{"taxonomy":"category","embeddable":true,"href":"https:\/\/portaltela.pt\/api\/wp\/v2\/categories?post=193277"},{"taxonomy":"post_tag","embeddable":true,"href":"https:\/\/portaltela.pt\/api\/wp\/v2\/tags?post=193277"}],"curies":[{"name":"wp","href":"https:\/\/api.w.org\/{rel}","templated":true}]}}