{"id":193238,"date":"2026-02-03T07:23:02","date_gmt":"2026-02-03T10:23:02","guid":{"rendered":"https:\/\/portaltela.pt\/noticias\/2026\/02\/03\/incendio-atinge-mercado-na-zona-oeste-de-teera\/"},"modified":"2026-02-03T07:23:02","modified_gmt":"2026-02-03T10:23:02","slug":"incendio-atinge-mercado-na-zona-oeste-de-teera","status":"publish","type":"post","link":"https:\/\/portaltela.pt\/noticias\/2026\/02\/03\/incendio-atinge-mercado-na-zona-oeste-de-teera\/","title":{"rendered":"Inc\u00eandio atinge mercado na zona oeste de Teer\u00e3"},"content":{"rendered":"<p>Um inc\u00eandio de grandes propor\u00e7\u00f5es deflagrou-se esta ter\u00e7a-feira num mercado local, no distrito de Jannat Abad, na zona oeste de Teer\u00e3o, no Ir\u00e3o. As chamas foram reportadas pela primeira vez ao in\u00edcio da manh\u00e3 e provocaram evacua\u00e7\u00f5es preventivas no per\u00edmetro. O inc\u00eandio est\u00e1 a exigir interven\u00e7\u00f5es de emerg\u00eancia e ainda n\u00e3o h\u00e1 informa\u00e7\u00f5es sobre feridos ou incidentes graves.<\/p>\n<p>As autoridades informam que equipes de bombeiros est\u00e3o no local, em conjunto com servi\u00e7os de prote\u00e7\u00e3o civil. A avalia\u00e7\u00e3o inicial aponta para um fogo descontrolado que ter\u00e1 sido dif\u00edcil de conter devido \u00e0 densidade do com\u00e9rcio no mercado e \u00e0s condi\u00e7\u00f5es do local. N\u00e3o foram divulgadas causas oficiais at\u00e9 ao momento.<\/p>\n<p>Interven\u00e7\u00e3o das autoridades<\/p>\n<ul>\n<li>Os bombeiros mant\u00eam uma opera\u00e7\u00e3o em curso para debelar as chamas e resguardar atividades adjacentes.<\/li>\n<li>As autoridades recomendam evitar a \u00e1rea e seguir as instru\u00e7\u00f5es das autoridades locais durante o processo de conten\u00e7\u00e3o.<\/li>\n<\/ul>\n","protected":false},"excerpt":{"rendered":"<ul>\n<li>Um grande inc\u00eandio deflagrou num mercado local no distrito de Jannat Abad, na zona oeste de Teer\u00e3o, Ir\u00e3o, nesta ter\u00e7a-feira.<\/li>\n<li>O incidente ocorreu no mercado local do bairro mencionado, na zona oeste da cidade.<\/li>\n<li>A not\u00edcia n\u00e3o detalha causas, feridos ou extens\u00e3o do fogo no texto apresentado.<\/li>\n<li>As informa\u00e7\u00f5es aparecem associadas a uma imagem publicada pela reportagem.<\/li>\n<\/ul>\n","protected":false},"author":2,"featured_media":193241,"comment_status":"closed","ping_status":"closed","sticky":false,"template":"","format":"standard","meta":{"footnotes":""},"categories":[1],"tags":[971,244,1438,3153,320,4084],"class_list":["post-193238","post","type-post","status-publish","format-standard","has-post-thumbnail","hentry","category-noticias","tag-bombeiros","tag-comercio","tag-incendio","tag-ira","tag-protecao-civil","tag-teerao"],"yoast_head":"<!-- This site is optimized with the Yoast SEO plugin v27.2 - https:\/\/yoast.com\/product\/yoast-seo-wordpress\/ -->\n<title>Inc\u00eandio atinge mercado na zona oeste de Teer\u00e3 - Portal Tela Portugal<\/title>\n<meta name=\"robots\" content=\"index, follow, max-snippet:-1, max-image-preview:large, max-video-preview:-1\" \/>\n<meta property=\"og:locale\" content=\"pt_PT\" \/>\n<meta property=\"og:type\" content=\"article\" \/>\n<meta property=\"og:title\" content=\"Inc\u00eandio atinge mercado na zona oeste de Teer\u00e3 - Portal Tela Portugal\" \/>\n<meta property=\"og:description\" content=\"Um grande inc\u00eandio deflagrou num mercado local no distrito de Jannat Abad, na zona oeste de Teer\u00e3o, Ir\u00e3o, nesta ter\u00e7a-feira. O incidente ocorreu no mercado local do bairro mencionado, na zona oeste da cidade. A not\u00edcia n\u00e3o detalha causas, feridos ou extens\u00e3o do fogo no texto apresentado. As informa\u00e7\u00f5es aparecem associadas a uma imagem publicada pela reportagem.\" \/>\n<meta property=\"og:url\" content=\"https:\/\/portaltela.pt\/noticias\/2026\/02\/03\/incendio-atinge-mercado-na-zona-oeste-de-teera\/\" \/>\n<meta property=\"og:site_name\" content=\"Portal Tela Portugal\" \/>\n<meta property=\"article:published_time\" content=\"2026-02-03T10:23:02+00:00\" \/>\n<meta name=\"author\" content=\"Telinha\" \/>\n<meta name=\"twitter:card\" content=\"summary_large_image\" \/>\n<meta name=\"twitter:label1\" content=\"Escrito por\" \/>\n\t<meta name=\"twitter:data1\" content=\"Telinha\" \/>\n\t<meta name=\"twitter:label2\" content=\"Tempo estimado de leitura\" \/>\n\t<meta name=\"twitter:data2\" content=\"1 minuto\" \/>\n<script type=\"application\/ld+json\" class=\"yoast-schema-graph\">{\"@context\":\"https:\/\/schema.org\",\"@graph\":[{\"@type\":\"Article\",\"@id\":\"https:\/\/portaltela.pt\/noticias\/2026\/02\/03\/incendio-atinge-mercado-na-zona-oeste-de-teera\/#article\",\"isPartOf\":{\"@id\":\"https:\/\/portaltela.pt\/noticias\/2026\/02\/03\/incendio-atinge-mercado-na-zona-oeste-de-teera\/\"},\"author\":{\"name\":\"Telinha\",\"@id\":\"https:\/\/portaltela.pt\/#\/schema\/person\/c4278d4a6028830caff9ee44b42d32ed\"},\"headline\":\"Inc\u00eandio atinge mercado na zona oeste de Teer\u00e3\",\"datePublished\":\"2026-02-03T10:23:02+00:00\",\"mainEntityOfPage\":{\"@id\":\"https:\/\/portaltela.pt\/noticias\/2026\/02\/03\/incendio-atinge-mercado-na-zona-oeste-de-teera\/\"},\"wordCount\":179,\"image\":{\"@id\":\"https:\/\/portaltela.pt\/noticias\/2026\/02\/03\/incendio-atinge-mercado-na-zona-oeste-de-teera\/#primaryimage\"},\"thumbnailUrl\":\"https:\/\/portaltela.pt\/s.01k8rhncp4jt1\/2026\/02\/img_1280x722uu2026-02-03-10-06-27-2264375.jpg\",\"keywords\":[\"bombeiros\",\"com\u00e9rcio\",\"inc\u00eandio\",\"Ir\u00e3\",\"prote\u00e7\u00e3o civil\",\"Teer\u00e3o\"],\"articleSection\":[\"Not\u00edcias\"],\"inLanguage\":\"pt-PT\"},{\"@type\":\"WebPage\",\"@id\":\"https:\/\/portaltela.pt\/noticias\/2026\/02\/03\/incendio-atinge-mercado-na-zona-oeste-de-teera\/\",\"url\":\"https:\/\/portaltela.pt\/noticias\/2026\/02\/03\/incendio-atinge-mercado-na-zona-oeste-de-teera\/\",\"name\":\"Inc\u00eandio atinge mercado na zona oeste de Teer\u00e3 - Portal Tela Portugal\",\"isPartOf\":{\"@id\":\"https:\/\/portaltela.pt\/#website\"},\"primaryImageOfPage\":{\"@id\":\"https:\/\/portaltela.pt\/noticias\/2026\/02\/03\/incendio-atinge-mercado-na-zona-oeste-de-teera\/#primaryimage\"},\"image\":{\"@id\":\"https:\/\/portaltela.pt\/noticias\/2026\/02\/03\/incendio-atinge-mercado-na-zona-oeste-de-teera\/#primaryimage\"},\"thumbnailUrl\":\"https:\/\/portaltela.pt\/s.01k8rhncp4jt1\/2026\/02\/img_1280x722uu2026-02-03-10-06-27-2264375.jpg\",\"datePublished\":\"2026-02-03T10:23:02+00:00\",\"author\":{\"@id\":\"https:\/\/portaltela.pt\/#\/schema\/person\/c4278d4a6028830caff9ee44b42d32ed\"},\"breadcrumb\":{\"@id\":\"https:\/\/portaltela.pt\/noticias\/2026\/02\/03\/incendio-atinge-mercado-na-zona-oeste-de-teera\/#breadcrumb\"},\"inLanguage\":\"pt-PT\",\"potentialAction\":[{\"@type\":\"ReadAction\",\"target\":[\"https:\/\/portaltela.pt\/noticias\/2026\/02\/03\/incendio-atinge-mercado-na-zona-oeste-de-teera\/\"]}]},{\"@type\":\"ImageObject\",\"inLanguage\":\"pt-PT\",\"@id\":\"https:\/\/portaltela.pt\/noticias\/2026\/02\/03\/incendio-atinge-mercado-na-zona-oeste-de-teera\/#primaryimage\",\"url\":\"https:\/\/portaltela.pt\/s.01k8rhncp4jt1\/2026\/02\/img_1280x722uu2026-02-03-10-06-27-2264375.jpg\",\"contentUrl\":\"https:\/\/portaltela.pt\/s.01k8rhncp4jt1\/2026\/02\/img_1280x722uu2026-02-03-10-06-27-2264375.jpg\",\"width\":796,\"height\":448,\"caption\":\"Photo\"},{\"@type\":\"BreadcrumbList\",\"@id\":\"https:\/\/portaltela.pt\/noticias\/2026\/02\/03\/incendio-atinge-mercado-na-zona-oeste-de-teera\/#breadcrumb\",\"itemListElement\":[{\"@type\":\"ListItem\",\"position\":1,\"name\":\"In\u00edcio\",\"item\":\"https:\/\/portaltela.pt\/\"},{\"@type\":\"ListItem\",\"position\":2,\"name\":\"Inc\u00eandio atinge mercado na zona oeste de Teer\u00e3\"}]},{\"@type\":\"WebSite\",\"@id\":\"https:\/\/portaltela.pt\/#website\",\"url\":\"https:\/\/portaltela.pt\/\",\"name\":\"Portal Tela Portugal\",\"description\":\"\",\"potentialAction\":[{\"@type\":\"SearchAction\",\"target\":{\"@type\":\"EntryPoint\",\"urlTemplate\":\"https:\/\/portaltela.pt\/?s={search_term_string}\"},\"query-input\":{\"@type\":\"PropertyValueSpecification\",\"valueRequired\":true,\"valueName\":\"search_term_string\"}}],\"inLanguage\":\"pt-PT\"},{\"@type\":\"Person\",\"@id\":\"https:\/\/portaltela.pt\/#\/schema\/person\/c4278d4a6028830caff9ee44b42d32ed\",\"name\":\"Telinha\",\"image\":{\"@type\":\"ImageObject\",\"inLanguage\":\"pt-PT\",\"@id\":\"https:\/\/portaltela.pt\/s.01k8rhncp4jt1\/2025\/11\/talking-bot-125x125.png\",\"url\":\"https:\/\/portaltela.pt\/s.01k8rhncp4jt1\/2025\/11\/talking-bot-125x125.png\",\"contentUrl\":\"https:\/\/portaltela.pt\/s.01k8rhncp4jt1\/2025\/11\/talking-bot-125x125.png\",\"caption\":\"Telinha\"},\"sameAs\":[\"https:\/\/portaltela.pt\/\"],\"url\":\"https:\/\/portaltela.pt\/por\/367410592786\/\"}]}<\/script>\n<!-- \/ Yoast SEO plugin. -->","yoast_head_json":{"title":"Inc\u00eandio atinge mercado na zona oeste de Teer\u00e3 - Portal Tela Portugal","robots":{"index":"index","follow":"follow","max-snippet":"max-snippet:-1","max-image-preview":"max-image-preview:large","max-video-preview":"max-video-preview:-1"},"og_locale":"pt_PT","og_type":"article","og_title":"Inc\u00eandio atinge mercado na zona oeste de Teer\u00e3 - Portal Tela Portugal","og_description":"Um grande inc\u00eandio deflagrou num mercado local no distrito de Jannat Abad, na zona oeste de Teer\u00e3o, Ir\u00e3o, nesta ter\u00e7a-feira. O incidente ocorreu no mercado local do bairro mencionado, na zona oeste da cidade. A not\u00edcia n\u00e3o detalha causas, feridos ou extens\u00e3o do fogo no texto apresentado. As informa\u00e7\u00f5es aparecem associadas a uma imagem publicada pela reportagem.","og_url":"https:\/\/portaltela.pt\/noticias\/2026\/02\/03\/incendio-atinge-mercado-na-zona-oeste-de-teera\/","og_site_name":"Portal Tela Portugal","article_published_time":"2026-02-03T10:23:02+00:00","author":"Telinha","twitter_card":"summary_large_image","twitter_misc":{"Escrito por":"Telinha","Tempo estimado de leitura":"1 minuto"},"schema":{"@context":"https:\/\/schema.org","@graph":[{"@type":"Article","@id":"https:\/\/portaltela.pt\/noticias\/2026\/02\/03\/incendio-atinge-mercado-na-zona-oeste-de-teera\/#article","isPartOf":{"@id":"https:\/\/portaltela.pt\/noticias\/2026\/02\/03\/incendio-atinge-mercado-na-zona-oeste-de-teera\/"},"author":{"name":"Telinha","@id":"https:\/\/portaltela.pt\/#\/schema\/person\/c4278d4a6028830caff9ee44b42d32ed"},"headline":"Inc\u00eandio atinge mercado na zona oeste de Teer\u00e3","datePublished":"2026-02-03T10:23:02+00:00","mainEntityOfPage":{"@id":"https:\/\/portaltela.pt\/noticias\/2026\/02\/03\/incendio-atinge-mercado-na-zona-oeste-de-teera\/"},"wordCount":179,"image":{"@id":"https:\/\/portaltela.pt\/noticias\/2026\/02\/03\/incendio-atinge-mercado-na-zona-oeste-de-teera\/#primaryimage"},"thumbnailUrl":"https:\/\/portaltela.pt\/s.01k8rhncp4jt1\/2026\/02\/img_1280x722uu2026-02-03-10-06-27-2264375.jpg","keywords":["bombeiros","com\u00e9rcio","inc\u00eandio","Ir\u00e3","prote\u00e7\u00e3o civil","Teer\u00e3o"],"articleSection":["Not\u00edcias"],"inLanguage":"pt-PT"},{"@type":"WebPage","@id":"https:\/\/portaltela.pt\/noticias\/2026\/02\/03\/incendio-atinge-mercado-na-zona-oeste-de-teera\/","url":"https:\/\/portaltela.pt\/noticias\/2026\/02\/03\/incendio-atinge-mercado-na-zona-oeste-de-teera\/","name":"Inc\u00eandio atinge mercado na zona oeste de Teer\u00e3 - Portal Tela Portugal","isPartOf":{"@id":"https:\/\/portaltela.pt\/#website"},"primaryImageOfPage":{"@id":"https:\/\/portaltela.pt\/noticias\/2026\/02\/03\/incendio-atinge-mercado-na-zona-oeste-de-teera\/#primaryimage"},"image":{"@id":"https:\/\/portaltela.pt\/noticias\/2026\/02\/03\/incendio-atinge-mercado-na-zona-oeste-de-teera\/#primaryimage"},"thumbnailUrl":"https:\/\/portaltela.pt\/s.01k8rhncp4jt1\/2026\/02\/img_1280x722uu2026-02-03-10-06-27-2264375.jpg","datePublished":"2026-02-03T10:23:02+00:00","author":{"@id":"https:\/\/portaltela.pt\/#\/schema\/person\/c4278d4a6028830caff9ee44b42d32ed"},"breadcrumb":{"@id":"https:\/\/portaltela.pt\/noticias\/2026\/02\/03\/incendio-atinge-mercado-na-zona-oeste-de-teera\/#breadcrumb"},"inLanguage":"pt-PT","potentialAction":[{"@type":"ReadAction","target":["https:\/\/portaltela.pt\/noticias\/2026\/02\/03\/incendio-atinge-mercado-na-zona-oeste-de-teera\/"]}]},{"@type":"ImageObject","inLanguage":"pt-PT","@id":"https:\/\/portaltela.pt\/noticias\/2026\/02\/03\/incendio-atinge-mercado-na-zona-oeste-de-teera\/#primaryimage","url":"https:\/\/portaltela.pt\/s.01k8rhncp4jt1\/2026\/02\/img_1280x722uu2026-02-03-10-06-27-2264375.jpg","contentUrl":"https:\/\/portaltela.pt\/s.01k8rhncp4jt1\/2026\/02\/img_1280x722uu2026-02-03-10-06-27-2264375.jpg","width":796,"height":448,"caption":"Photo"},{"@type":"BreadcrumbList","@id":"https:\/\/portaltela.pt\/noticias\/2026\/02\/03\/incendio-atinge-mercado-na-zona-oeste-de-teera\/#breadcrumb","itemListElement":[{"@type":"ListItem","position":1,"name":"In\u00edcio","item":"https:\/\/portaltela.pt\/"},{"@type":"ListItem","position":2,"name":"Inc\u00eandio atinge mercado na zona oeste de Teer\u00e3"}]},{"@type":"WebSite","@id":"https:\/\/portaltela.pt\/#website","url":"https:\/\/portaltela.pt\/","name":"Portal Tela Portugal","description":"","potentialAction":[{"@type":"SearchAction","target":{"@type":"EntryPoint","urlTemplate":"https:\/\/portaltela.pt\/?s={search_term_string}"},"query-input":{"@type":"PropertyValueSpecification","valueRequired":true,"valueName":"search_term_string"}}],"inLanguage":"pt-PT"},{"@type":"Person","@id":"https:\/\/portaltela.pt\/#\/schema\/person\/c4278d4a6028830caff9ee44b42d32ed","name":"Telinha","image":{"@type":"ImageObject","inLanguage":"pt-PT","@id":"https:\/\/portaltela.pt\/s.01k8rhncp4jt1\/2025\/11\/talking-bot-125x125.png","url":"https:\/\/portaltela.pt\/s.01k8rhncp4jt1\/2025\/11\/talking-bot-125x125.png","contentUrl":"https:\/\/portaltela.pt\/s.01k8rhncp4jt1\/2025\/11\/talking-bot-125x125.png","caption":"Telinha"},"sameAs":["https:\/\/portaltela.pt\/"],"url":"https:\/\/portaltela.pt\/por\/367410592786\/"}]}},"_links":{"self":[{"href":"https:\/\/portaltela.pt\/api\/wp\/v2\/posts\/193238","targetHints":{"allow":["GET"]}}],"collection":[{"href":"https:\/\/portaltela.pt\/api\/wp\/v2\/posts"}],"about":[{"href":"https:\/\/portaltela.pt\/api\/wp\/v2\/types\/post"}],"author":[{"embeddable":true,"href":"https:\/\/portaltela.pt\/api\/wp\/v2\/users\/2"}],"replies":[{"embeddable":true,"href":"https:\/\/portaltela.pt\/api\/wp\/v2\/comments?post=193238"}],"version-history":[{"count":0,"href":"https:\/\/portaltela.pt\/api\/wp\/v2\/posts\/193238\/revisions"}],"wp:featuredmedia":[{"embeddable":true,"href":"https:\/\/portaltela.pt\/api\/wp\/v2\/media\/193241"}],"wp:attachment":[{"href":"https:\/\/portaltela.pt\/api\/wp\/v2\/media?parent=193238"}],"wp:term":[{"taxonomy":"category","embeddable":true,"href":"https:\/\/portaltela.pt\/api\/wp\/v2\/categories?post=193238"},{"taxonomy":"post_tag","embeddable":true,"href":"https:\/\/portaltela.pt\/api\/wp\/v2\/tags?post=193238"}],"curies":[{"name":"wp","href":"https:\/\/api.w.org\/{rel}","templated":true}]}}