{"id":193213,"date":"2026-02-03T07:00:00","date_gmt":"2026-02-03T10:00:00","guid":{"rendered":"https:\/\/portaltela.pt\/noticias\/2026\/02\/03\/precos-dos-ctt-sobem-62-em-media-a-partir-desta-terca-feira\/"},"modified":"2026-02-03T07:00:00","modified_gmt":"2026-02-03T10:00:00","slug":"precos-dos-ctt-sobem-62-em-media-a-partir-desta-terca-feira","status":"publish","type":"post","link":"https:\/\/portaltela.pt\/noticias\/2026\/02\/03\/precos-dos-ctt-sobem-62-em-media-a-partir-desta-terca-feira\/","title":{"rendered":"Pre\u00e7os dos CTT sobem 6,2% em m\u00e9dia a partir desta ter\u00e7a-feira"},"content":{"rendered":"<p>Os pre\u00e7os dos CTT &#8211; Correios de Portugal sobem, em m\u00e9dia, 6,20% a partir desta ter\u00e7a-feira, 3 de Fevereiro. A atualiza\u00e7\u00e3o envolve o Servi\u00e7o Postal Universal e os restantes servi\u00e7os, incluindo correio publicit\u00e1rio e servi\u00e7os complementares. A medida \u00e9 justificada pela necessidade de mitigar a infla\u00e7\u00e3o e a queda de tr\u00e1fego postal, segundo os CTT.<\/p>\n<p>A Associa\u00e7\u00e3o Portuguesa de Imprensa critica o reajuste, afirmando que volta a penalizar a imprensa em papel com aumentos acima da infla\u00e7\u00e3o. A entidade solicita interven\u00e7\u00e3o do Governo e da Anacom para proteger o setor. Os n\u00fameros devem-se ao Conv\u00e9nio de Pre\u00e7os para 2026-2028.<\/p>\n<p>Para o Correio Editorial, os CTT indicam aumentos de 5,5% para jornais e publica\u00e7\u00f5es nacionais e de 5,7% para envios internacionais. Em rela\u00e7\u00e3o ao total do cabaz, os valores s\u00e3o inferiores \u00e0 m\u00e9dia global, mas representam um aumento relevante nos custos de distribui\u00e7\u00e3o da imprensa em papel.<\/p>\n<h3>Contexto tarif\u00e1rio<\/h3>\n<p>A atualiza\u00e7\u00e3o decorre do acordo entre Anacom, a Dire\u00e7\u00e3o-Geral do Consumidor e os CTT. O objetivo \u00e9 mitigar efeitos da infla\u00e7\u00e3o e a perda de tr\u00e1fego postal, mantendo a viabilidade econ\u00f3mica do servi\u00e7o. Os CTT tamb\u00e9m destacam que a medida acompanha o cen\u00e1rio macroecon\u00f3mico.<\/p>\n<p>A imprensa tem vindo a enfrentar aumentos sucessivos nos pre\u00e7os postais nos \u00faltimos anos, o que, segundo a associa\u00e7\u00e3o, agrava os encargos das empresas de comunica\u00e7\u00e3o social. O Governo prev\u00ea que a infla\u00e7\u00e3o de 2025 se mantenha numa m\u00e9dia moderada, com nova descida estimada para 2026.<\/p>\n<h3>Rea\u00e7\u00e3o da ind\u00fastria<\/h3>\n<p>Apesar do reconhecimento de medidas de apoio, como o Pack Editorial, a Associa\u00e7\u00e3o Portuguesa de Imprensa sustenta que n\u00e3o compensam o impacto acumulado das atualiza\u00e7\u00f5es. A entidade planeia apresentar o problema ao ministro da Presid\u00eancia, Ant\u00f3nio Leit\u00e3o Amaro, e \u00e0 Anacom, pedindo uma abordagem regulat\u00f3ria mais eficaz.<\/p>\n","protected":false},"excerpt":{"rendered":"<ul>\n<li>Os pre\u00e7os dos CTT sobem em m\u00e9dia 6,20% a partir de ter\u00e7a-feira, 3 de fevereiro, afetando o Servi\u00e7o Postal Universal e os restantes servi\u00e7os postais.<\/li>\n<li>A Associa\u00e7\u00e3o Portuguesa de Imprensa alerta que a atualiza\u00e7\u00e3o penaliza a imprensa em papel, com aumentos superiores \u00e0 infla\u00e7\u00e3o.<\/li>\n<li>A subida resulta do Conv\u00e9nio de Pre\u00e7os para o tri\u00e9nio 2026-2028 entre Anacom, Dire\u00e7\u00e3o-Geral do Consumidor e CTT, visando mitigar a infla\u00e7\u00e3o e a queda do tr\u00e1fego postal.<\/li>\n<li>O Correio Editorial regista aumentos de 5,5% para jornais nacionais e de 5,7% para envios internacionais, conforme informa\u00e7\u00e3o dos CTT.<\/li>\n<li>A associa\u00e7\u00e3o vai apresentar a situa\u00e7\u00e3o ao ministro da Presid\u00eancia e \u00e0 Anacom, defendendo uma abordagem regulat\u00f3ria para assegurar a sustentabilidade da imprensa em papel.<\/li>\n<\/ul>\n","protected":false},"author":2,"featured_media":193214,"comment_status":"closed","ping_status":"closed","sticky":false,"template":"","format":"standard","meta":{"footnotes":""},"categories":[1],"tags":[5236,34,506,1676,3181,5196],"class_list":["post-193213","post","type-post","status-publish","format-standard","has-post-thumbnail","hentry","category-noticias","tag-envios","tag-governo","tag-imprensa","tag-inflacao","tag-publicacoes","tag-servico-publico"],"yoast_head":"<!-- This site is optimized with the Yoast SEO plugin v27.2 - https:\/\/yoast.com\/product\/yoast-seo-wordpress\/ -->\n<title>Pre\u00e7os dos CTT sobem 6,2% em m\u00e9dia a partir desta ter\u00e7a-feira - Portal Tela Portugal<\/title>\n<meta name=\"robots\" content=\"index, follow, max-snippet:-1, max-image-preview:large, max-video-preview:-1\" \/>\n<meta property=\"og:locale\" content=\"pt_PT\" \/>\n<meta property=\"og:type\" content=\"article\" \/>\n<meta property=\"og:title\" content=\"Pre\u00e7os dos CTT sobem 6,2% em m\u00e9dia a partir desta ter\u00e7a-feira - Portal Tela Portugal\" \/>\n<meta property=\"og:description\" content=\"Os pre\u00e7os dos CTT sobem em m\u00e9dia 6,20% a partir de ter\u00e7a-feira, 3 de fevereiro, afetando o Servi\u00e7o Postal Universal e os restantes servi\u00e7os postais. A Associa\u00e7\u00e3o Portuguesa de Imprensa alerta que a atualiza\u00e7\u00e3o penaliza a imprensa em papel, com aumentos superiores \u00e0 infla\u00e7\u00e3o. A subida resulta do Conv\u00e9nio de Pre\u00e7os para o tri\u00e9nio 2026-2028 entre Anacom, Dire\u00e7\u00e3o-Geral do Consumidor e CTT, visando mitigar a infla\u00e7\u00e3o e a queda do tr\u00e1fego postal. O Correio Editorial regista aumentos de 5,5% para jornais nacionais e de 5,7% para envios internacionais, conforme informa\u00e7\u00e3o dos CTT. A associa\u00e7\u00e3o vai apresentar a situa\u00e7\u00e3o ao ministro da Presid\u00eancia e \u00e0 Anacom, defendendo uma abordagem regulat\u00f3ria para assegurar a sustentabilidade da imprensa em papel.\" \/>\n<meta property=\"og:url\" content=\"https:\/\/portaltela.pt\/noticias\/2026\/02\/03\/precos-dos-ctt-sobem-62-em-media-a-partir-desta-terca-feira\/\" \/>\n<meta property=\"og:site_name\" content=\"Portal Tela Portugal\" \/>\n<meta property=\"article:published_time\" content=\"2026-02-03T10:00:00+00:00\" \/>\n<meta name=\"author\" content=\"Telinha\" \/>\n<meta name=\"twitter:card\" content=\"summary_large_image\" \/>\n<meta name=\"twitter:label1\" content=\"Escrito por\" \/>\n\t<meta name=\"twitter:data1\" content=\"Telinha\" \/>\n\t<meta name=\"twitter:label2\" content=\"Tempo estimado de leitura\" \/>\n\t<meta name=\"twitter:data2\" content=\"2 minutos\" \/>\n<script type=\"application\/ld+json\" class=\"yoast-schema-graph\">{\"@context\":\"https:\/\/schema.org\",\"@graph\":[{\"@type\":\"Article\",\"@id\":\"https:\/\/portaltela.pt\/noticias\/2026\/02\/03\/precos-dos-ctt-sobem-62-em-media-a-partir-desta-terca-feira\/#article\",\"isPartOf\":{\"@id\":\"https:\/\/portaltela.pt\/noticias\/2026\/02\/03\/precos-dos-ctt-sobem-62-em-media-a-partir-desta-terca-feira\/\"},\"author\":{\"name\":\"Telinha\",\"@id\":\"https:\/\/portaltela.pt\/#\/schema\/person\/c4278d4a6028830caff9ee44b42d32ed\"},\"headline\":\"Pre\u00e7os dos CTT sobem 6,2% em m\u00e9dia a partir desta ter\u00e7a-feira\",\"datePublished\":\"2026-02-03T10:00:00+00:00\",\"mainEntityOfPage\":{\"@id\":\"https:\/\/portaltela.pt\/noticias\/2026\/02\/03\/precos-dos-ctt-sobem-62-em-media-a-partir-desta-terca-feira\/\"},\"wordCount\":336,\"image\":{\"@id\":\"https:\/\/portaltela.pt\/noticias\/2026\/02\/03\/precos-dos-ctt-sobem-62-em-media-a-partir-desta-terca-feira\/#primaryimage\"},\"thumbnailUrl\":\"https:\/\/portaltela.pt\/s.01k8rhncp4jt1\/2026\/02\/2063858.jpg\",\"keywords\":[\"envios\",\"governo\",\"imprensa\",\"infla\u00e7\u00e3o\",\"publica\u00e7\u00f5es\",\"servi\u00e7o p\u00fablico\"],\"articleSection\":[\"Not\u00edcias\"],\"inLanguage\":\"pt-PT\"},{\"@type\":\"WebPage\",\"@id\":\"https:\/\/portaltela.pt\/noticias\/2026\/02\/03\/precos-dos-ctt-sobem-62-em-media-a-partir-desta-terca-feira\/\",\"url\":\"https:\/\/portaltela.pt\/noticias\/2026\/02\/03\/precos-dos-ctt-sobem-62-em-media-a-partir-desta-terca-feira\/\",\"name\":\"Pre\u00e7os dos CTT sobem 6,2% em m\u00e9dia a partir desta ter\u00e7a-feira - Portal Tela Portugal\",\"isPartOf\":{\"@id\":\"https:\/\/portaltela.pt\/#website\"},\"primaryImageOfPage\":{\"@id\":\"https:\/\/portaltela.pt\/noticias\/2026\/02\/03\/precos-dos-ctt-sobem-62-em-media-a-partir-desta-terca-feira\/#primaryimage\"},\"image\":{\"@id\":\"https:\/\/portaltela.pt\/noticias\/2026\/02\/03\/precos-dos-ctt-sobem-62-em-media-a-partir-desta-terca-feira\/#primaryimage\"},\"thumbnailUrl\":\"https:\/\/portaltela.pt\/s.01k8rhncp4jt1\/2026\/02\/2063858.jpg\",\"datePublished\":\"2026-02-03T10:00:00+00:00\",\"author\":{\"@id\":\"https:\/\/portaltela.pt\/#\/schema\/person\/c4278d4a6028830caff9ee44b42d32ed\"},\"breadcrumb\":{\"@id\":\"https:\/\/portaltela.pt\/noticias\/2026\/02\/03\/precos-dos-ctt-sobem-62-em-media-a-partir-desta-terca-feira\/#breadcrumb\"},\"inLanguage\":\"pt-PT\",\"potentialAction\":[{\"@type\":\"ReadAction\",\"target\":[\"https:\/\/portaltela.pt\/noticias\/2026\/02\/03\/precos-dos-ctt-sobem-62-em-media-a-partir-desta-terca-feira\/\"]}]},{\"@type\":\"ImageObject\",\"inLanguage\":\"pt-PT\",\"@id\":\"https:\/\/portaltela.pt\/noticias\/2026\/02\/03\/precos-dos-ctt-sobem-62-em-media-a-partir-desta-terca-feira\/#primaryimage\",\"url\":\"https:\/\/portaltela.pt\/s.01k8rhncp4jt1\/2026\/02\/2063858.jpg\",\"contentUrl\":\"https:\/\/portaltela.pt\/s.01k8rhncp4jt1\/2026\/02\/2063858.jpg\",\"width\":796,\"height\":448,\"caption\":\"CTT voltam a aumentar os pre\u00e7os acima da infla\u00e7\u00e3o\"},{\"@type\":\"BreadcrumbList\",\"@id\":\"https:\/\/portaltela.pt\/noticias\/2026\/02\/03\/precos-dos-ctt-sobem-62-em-media-a-partir-desta-terca-feira\/#breadcrumb\",\"itemListElement\":[{\"@type\":\"ListItem\",\"position\":1,\"name\":\"In\u00edcio\",\"item\":\"https:\/\/portaltela.pt\/\"},{\"@type\":\"ListItem\",\"position\":2,\"name\":\"Pre\u00e7os dos CTT sobem 6,2% em m\u00e9dia a partir desta ter\u00e7a-feira\"}]},{\"@type\":\"WebSite\",\"@id\":\"https:\/\/portaltela.pt\/#website\",\"url\":\"https:\/\/portaltela.pt\/\",\"name\":\"Portal Tela Portugal\",\"description\":\"\",\"potentialAction\":[{\"@type\":\"SearchAction\",\"target\":{\"@type\":\"EntryPoint\",\"urlTemplate\":\"https:\/\/portaltela.pt\/?s={search_term_string}\"},\"query-input\":{\"@type\":\"PropertyValueSpecification\",\"valueRequired\":true,\"valueName\":\"search_term_string\"}}],\"inLanguage\":\"pt-PT\"},{\"@type\":\"Person\",\"@id\":\"https:\/\/portaltela.pt\/#\/schema\/person\/c4278d4a6028830caff9ee44b42d32ed\",\"name\":\"Telinha\",\"image\":{\"@type\":\"ImageObject\",\"inLanguage\":\"pt-PT\",\"@id\":\"https:\/\/portaltela.pt\/s.01k8rhncp4jt1\/2025\/11\/talking-bot-125x125.png\",\"url\":\"https:\/\/portaltela.pt\/s.01k8rhncp4jt1\/2025\/11\/talking-bot-125x125.png\",\"contentUrl\":\"https:\/\/portaltela.pt\/s.01k8rhncp4jt1\/2025\/11\/talking-bot-125x125.png\",\"caption\":\"Telinha\"},\"sameAs\":[\"https:\/\/portaltela.pt\/\"],\"url\":\"https:\/\/portaltela.pt\/por\/367410592786\/\"}]}<\/script>\n<!-- \/ Yoast SEO plugin. -->","yoast_head_json":{"title":"Pre\u00e7os dos CTT sobem 6,2% em m\u00e9dia a partir desta ter\u00e7a-feira - Portal Tela Portugal","robots":{"index":"index","follow":"follow","max-snippet":"max-snippet:-1","max-image-preview":"max-image-preview:large","max-video-preview":"max-video-preview:-1"},"og_locale":"pt_PT","og_type":"article","og_title":"Pre\u00e7os dos CTT sobem 6,2% em m\u00e9dia a partir desta ter\u00e7a-feira - Portal Tela Portugal","og_description":"Os pre\u00e7os dos CTT sobem em m\u00e9dia 6,20% a partir de ter\u00e7a-feira, 3 de fevereiro, afetando o Servi\u00e7o Postal Universal e os restantes servi\u00e7os postais. A Associa\u00e7\u00e3o Portuguesa de Imprensa alerta que a atualiza\u00e7\u00e3o penaliza a imprensa em papel, com aumentos superiores \u00e0 infla\u00e7\u00e3o. A subida resulta do Conv\u00e9nio de Pre\u00e7os para o tri\u00e9nio 2026-2028 entre Anacom, Dire\u00e7\u00e3o-Geral do Consumidor e CTT, visando mitigar a infla\u00e7\u00e3o e a queda do tr\u00e1fego postal. O Correio Editorial regista aumentos de 5,5% para jornais nacionais e de 5,7% para envios internacionais, conforme informa\u00e7\u00e3o dos CTT. A associa\u00e7\u00e3o vai apresentar a situa\u00e7\u00e3o ao ministro da Presid\u00eancia e \u00e0 Anacom, defendendo uma abordagem regulat\u00f3ria para assegurar a sustentabilidade da imprensa em papel.","og_url":"https:\/\/portaltela.pt\/noticias\/2026\/02\/03\/precos-dos-ctt-sobem-62-em-media-a-partir-desta-terca-feira\/","og_site_name":"Portal Tela Portugal","article_published_time":"2026-02-03T10:00:00+00:00","author":"Telinha","twitter_card":"summary_large_image","twitter_misc":{"Escrito por":"Telinha","Tempo estimado de leitura":"2 minutos"},"schema":{"@context":"https:\/\/schema.org","@graph":[{"@type":"Article","@id":"https:\/\/portaltela.pt\/noticias\/2026\/02\/03\/precos-dos-ctt-sobem-62-em-media-a-partir-desta-terca-feira\/#article","isPartOf":{"@id":"https:\/\/portaltela.pt\/noticias\/2026\/02\/03\/precos-dos-ctt-sobem-62-em-media-a-partir-desta-terca-feira\/"},"author":{"name":"Telinha","@id":"https:\/\/portaltela.pt\/#\/schema\/person\/c4278d4a6028830caff9ee44b42d32ed"},"headline":"Pre\u00e7os dos CTT sobem 6,2% em m\u00e9dia a partir desta ter\u00e7a-feira","datePublished":"2026-02-03T10:00:00+00:00","mainEntityOfPage":{"@id":"https:\/\/portaltela.pt\/noticias\/2026\/02\/03\/precos-dos-ctt-sobem-62-em-media-a-partir-desta-terca-feira\/"},"wordCount":336,"image":{"@id":"https:\/\/portaltela.pt\/noticias\/2026\/02\/03\/precos-dos-ctt-sobem-62-em-media-a-partir-desta-terca-feira\/#primaryimage"},"thumbnailUrl":"https:\/\/portaltela.pt\/s.01k8rhncp4jt1\/2026\/02\/2063858.jpg","keywords":["envios","governo","imprensa","infla\u00e7\u00e3o","publica\u00e7\u00f5es","servi\u00e7o p\u00fablico"],"articleSection":["Not\u00edcias"],"inLanguage":"pt-PT"},{"@type":"WebPage","@id":"https:\/\/portaltela.pt\/noticias\/2026\/02\/03\/precos-dos-ctt-sobem-62-em-media-a-partir-desta-terca-feira\/","url":"https:\/\/portaltela.pt\/noticias\/2026\/02\/03\/precos-dos-ctt-sobem-62-em-media-a-partir-desta-terca-feira\/","name":"Pre\u00e7os dos CTT sobem 6,2% em m\u00e9dia a partir desta ter\u00e7a-feira - Portal Tela Portugal","isPartOf":{"@id":"https:\/\/portaltela.pt\/#website"},"primaryImageOfPage":{"@id":"https:\/\/portaltela.pt\/noticias\/2026\/02\/03\/precos-dos-ctt-sobem-62-em-media-a-partir-desta-terca-feira\/#primaryimage"},"image":{"@id":"https:\/\/portaltela.pt\/noticias\/2026\/02\/03\/precos-dos-ctt-sobem-62-em-media-a-partir-desta-terca-feira\/#primaryimage"},"thumbnailUrl":"https:\/\/portaltela.pt\/s.01k8rhncp4jt1\/2026\/02\/2063858.jpg","datePublished":"2026-02-03T10:00:00+00:00","author":{"@id":"https:\/\/portaltela.pt\/#\/schema\/person\/c4278d4a6028830caff9ee44b42d32ed"},"breadcrumb":{"@id":"https:\/\/portaltela.pt\/noticias\/2026\/02\/03\/precos-dos-ctt-sobem-62-em-media-a-partir-desta-terca-feira\/#breadcrumb"},"inLanguage":"pt-PT","potentialAction":[{"@type":"ReadAction","target":["https:\/\/portaltela.pt\/noticias\/2026\/02\/03\/precos-dos-ctt-sobem-62-em-media-a-partir-desta-terca-feira\/"]}]},{"@type":"ImageObject","inLanguage":"pt-PT","@id":"https:\/\/portaltela.pt\/noticias\/2026\/02\/03\/precos-dos-ctt-sobem-62-em-media-a-partir-desta-terca-feira\/#primaryimage","url":"https:\/\/portaltela.pt\/s.01k8rhncp4jt1\/2026\/02\/2063858.jpg","contentUrl":"https:\/\/portaltela.pt\/s.01k8rhncp4jt1\/2026\/02\/2063858.jpg","width":796,"height":448,"caption":"CTT voltam a aumentar os pre\u00e7os acima da infla\u00e7\u00e3o"},{"@type":"BreadcrumbList","@id":"https:\/\/portaltela.pt\/noticias\/2026\/02\/03\/precos-dos-ctt-sobem-62-em-media-a-partir-desta-terca-feira\/#breadcrumb","itemListElement":[{"@type":"ListItem","position":1,"name":"In\u00edcio","item":"https:\/\/portaltela.pt\/"},{"@type":"ListItem","position":2,"name":"Pre\u00e7os dos CTT sobem 6,2% em m\u00e9dia a partir desta ter\u00e7a-feira"}]},{"@type":"WebSite","@id":"https:\/\/portaltela.pt\/#website","url":"https:\/\/portaltela.pt\/","name":"Portal Tela Portugal","description":"","potentialAction":[{"@type":"SearchAction","target":{"@type":"EntryPoint","urlTemplate":"https:\/\/portaltela.pt\/?s={search_term_string}"},"query-input":{"@type":"PropertyValueSpecification","valueRequired":true,"valueName":"search_term_string"}}],"inLanguage":"pt-PT"},{"@type":"Person","@id":"https:\/\/portaltela.pt\/#\/schema\/person\/c4278d4a6028830caff9ee44b42d32ed","name":"Telinha","image":{"@type":"ImageObject","inLanguage":"pt-PT","@id":"https:\/\/portaltela.pt\/s.01k8rhncp4jt1\/2025\/11\/talking-bot-125x125.png","url":"https:\/\/portaltela.pt\/s.01k8rhncp4jt1\/2025\/11\/talking-bot-125x125.png","contentUrl":"https:\/\/portaltela.pt\/s.01k8rhncp4jt1\/2025\/11\/talking-bot-125x125.png","caption":"Telinha"},"sameAs":["https:\/\/portaltela.pt\/"],"url":"https:\/\/portaltela.pt\/por\/367410592786\/"}]}},"_links":{"self":[{"href":"https:\/\/portaltela.pt\/api\/wp\/v2\/posts\/193213","targetHints":{"allow":["GET"]}}],"collection":[{"href":"https:\/\/portaltela.pt\/api\/wp\/v2\/posts"}],"about":[{"href":"https:\/\/portaltela.pt\/api\/wp\/v2\/types\/post"}],"author":[{"embeddable":true,"href":"https:\/\/portaltela.pt\/api\/wp\/v2\/users\/2"}],"replies":[{"embeddable":true,"href":"https:\/\/portaltela.pt\/api\/wp\/v2\/comments?post=193213"}],"version-history":[{"count":0,"href":"https:\/\/portaltela.pt\/api\/wp\/v2\/posts\/193213\/revisions"}],"wp:featuredmedia":[{"embeddable":true,"href":"https:\/\/portaltela.pt\/api\/wp\/v2\/media\/193214"}],"wp:attachment":[{"href":"https:\/\/portaltela.pt\/api\/wp\/v2\/media?parent=193213"}],"wp:term":[{"taxonomy":"category","embeddable":true,"href":"https:\/\/portaltela.pt\/api\/wp\/v2\/categories?post=193213"},{"taxonomy":"post_tag","embeddable":true,"href":"https:\/\/portaltela.pt\/api\/wp\/v2\/tags?post=193213"}],"curies":[{"name":"wp","href":"https:\/\/api.w.org\/{rel}","templated":true}]}}