{"id":193169,"date":"2026-02-03T06:47:54","date_gmt":"2026-02-03T09:47:54","guid":{"rendered":"https:\/\/portaltela.pt\/noticias\/2026\/02\/03\/laporta-reage-a-penalti-do-real-madrid-nos-descontos-e-diverte-o-publico\/"},"modified":"2026-02-03T06:47:54","modified_gmt":"2026-02-03T09:47:54","slug":"laporta-reage-a-penalti-do-real-madrid-nos-descontos-e-diverte-o-publico","status":"publish","type":"post","link":"https:\/\/portaltela.pt\/desporto\/futebol\/2026\/02\/03\/laporta-reage-a-penalti-do-real-madrid-nos-descontos-e-diverte-o-publico\/","title":{"rendered":"Laporta reage a pen\u00e1lti do Real Madrid nos descontos e diverte o p\u00fablico"},"content":{"rendered":"<p>O Real Madrid venceu o Rayo Vallecano por 2-1, no domingo, com um pen\u00e1lti convertido por Mbapp\u00e9 aos 90&#8217;+10. A vit\u00f3ria decorreu no est\u00e1dio Santiago Bernab\u00e9u, em Madrid. O lance decisivo surgiu j\u00e1 em tempo de descontos, assegurando os tr\u00eas pontos.<\/p>\n<p>O jogo foi disputado no contexto da Liga Espanhola, com o Real Madrid a manter press\u00e3o na tabela de classifica\u00e7\u00e3o. Mbapp\u00e9 teve a marca\u00e7\u00e3o decisiva, ap\u00f3s o Rayo Vallecano ter empatado anteriormente na partida.<\/p>\n<p>Quem esteve em campo: Real Madrid, Rayo Vallecano e Mbapp\u00e9, que marcou o pen\u00e1lti. O \u00e1rbitro e a equipa de apoio completaram o trio de agentes do encontro. A partida serviu tamb\u00e9m de prepara\u00e7\u00e3o para o confronto entre Real Madrid e Benfica no playoff da Liga dos Campe\u00f5es.<\/p>\n<h3>Rea\u00e7\u00e3o de Laporta<\/h3>\n<p>Juan Laporta, presidente do Barcelona, foi questionado sobre a situa\u00e7\u00e3o relacionada com o pen\u00e1lti. A resposta gerou risos entre a imprensa e o p\u00fablico, sem que haja uma declara\u00e7\u00e3o formal adicional. O tema manteve-se nos relatos de bastidores do fim de semana.<\/p>\n<p>O epis\u00f3dio visto pelos f\u00e3s enfatiza o clima competitivo entre clubes de primeira linha e o papel das decis\u00f5es a partir de momentos de grande tens\u00e3o. N\u00e3o houve informa\u00e7\u00f5es adicionais sobre consequ\u00eancias institucionais a partir da resposta de Laporta.<\/p>\n","protected":false},"excerpt":{"rendered":"<ul>\n<li>O Real Madrid venceu o Rayo Vallecano por 2-1, com Mbapp\u00e9 a marcar de pen\u00e1lti aos 90&#8217;+10.<\/li>\n<li>O golo de Mbapp\u00e9 surgiu nos descontos, garantindo o triunfo merengue.<\/li>\n<li>O Real Madrid est\u00e1 a preparar o playoff da Liga dos Campe\u00f5es frente ao Benfica.<\/li>\n<li>O presidente do Barcelona, Juan Laporta, foi questionado sobre o assunto e a sua resposta foi motivo de risos.<\/li>\n<\/ul>\n","protected":false},"author":2,"featured_media":193173,"comment_status":"closed","ping_status":"closed","sticky":false,"template":"","format":"standard","meta":{"footnotes":""},"categories":[21,24],"tags":[32,1789,3375,1885,5009,2714],"class_list":["post-193169","post","type-post","status-publish","format-standard","has-post-thumbnail","hentry","category-desporto","category-futebol","tag-futebol","tag-la-liga","tag-mbappe","tag-penalti","tag-rayo-vallecano","tag-real-madrid"],"yoast_head":"<!-- This site is optimized with the Yoast SEO plugin v27.2 - https:\/\/yoast.com\/product\/yoast-seo-wordpress\/ -->\n<title>Laporta reage a pen\u00e1lti do Real Madrid nos descontos e diverte o p\u00fablico - Portal Tela Portugal<\/title>\n<meta name=\"robots\" content=\"index, follow, max-snippet:-1, max-image-preview:large, max-video-preview:-1\" \/>\n<meta property=\"og:locale\" content=\"pt_PT\" \/>\n<meta property=\"og:type\" content=\"article\" \/>\n<meta property=\"og:title\" content=\"Laporta reage a pen\u00e1lti do Real Madrid nos descontos e diverte o p\u00fablico - Portal Tela Portugal\" \/>\n<meta property=\"og:description\" content=\"O Real Madrid venceu o Rayo Vallecano por 2-1, com Mbapp\u00e9 a marcar de pen\u00e1lti aos 90&#039;+10. O golo de Mbapp\u00e9 surgiu nos descontos, garantindo o triunfo merengue. O Real Madrid est\u00e1 a preparar o playoff da Liga dos Campe\u00f5es frente ao Benfica. O presidente do Barcelona, Juan Laporta, foi questionado sobre o assunto e a sua resposta foi motivo de risos.\" \/>\n<meta property=\"og:url\" content=\"https:\/\/portaltela.pt\/noticias\/2026\/02\/03\/laporta-reage-a-penalti-do-real-madrid-nos-descontos-e-diverte-o-publico\/\" \/>\n<meta property=\"og:site_name\" content=\"Portal Tela Portugal\" \/>\n<meta property=\"article:published_time\" content=\"2026-02-03T09:47:54+00:00\" \/>\n<meta name=\"author\" content=\"Telinha\" \/>\n<meta name=\"twitter:card\" content=\"summary_large_image\" \/>\n<meta name=\"twitter:label1\" content=\"Escrito por\" \/>\n\t<meta name=\"twitter:data1\" content=\"Telinha\" \/>\n\t<meta name=\"twitter:label2\" content=\"Tempo estimado de leitura\" \/>\n\t<meta name=\"twitter:data2\" content=\"1 minuto\" \/>\n<script type=\"application\/ld+json\" class=\"yoast-schema-graph\">{\"@context\":\"https:\/\/schema.org\",\"@graph\":[{\"@type\":\"Article\",\"@id\":\"https:\/\/portaltela.pt\/noticias\/2026\/02\/03\/laporta-reage-a-penalti-do-real-madrid-nos-descontos-e-diverte-o-publico\/#article\",\"isPartOf\":{\"@id\":\"https:\/\/portaltela.pt\/noticias\/2026\/02\/03\/laporta-reage-a-penalti-do-real-madrid-nos-descontos-e-diverte-o-publico\/\"},\"author\":{\"name\":\"Telinha\",\"@id\":\"https:\/\/portaltela.pt\/#\/schema\/person\/c4278d4a6028830caff9ee44b42d32ed\"},\"headline\":\"Laporta reage a pen\u00e1lti do Real Madrid nos descontos e diverte o p\u00fablico\",\"datePublished\":\"2026-02-03T09:47:54+00:00\",\"mainEntityOfPage\":{\"@id\":\"https:\/\/portaltela.pt\/noticias\/2026\/02\/03\/laporta-reage-a-penalti-do-real-madrid-nos-descontos-e-diverte-o-publico\/\"},\"wordCount\":246,\"image\":{\"@id\":\"https:\/\/portaltela.pt\/noticias\/2026\/02\/03\/laporta-reage-a-penalti-do-real-madrid-nos-descontos-e-diverte-o-publico\/#primaryimage\"},\"thumbnailUrl\":\"https:\/\/portaltela.pt\/s.01k8rhncp4jt1\/2026\/02\/img_1200x721uu2026-02-03-09-45-06-2419228.jpg\",\"keywords\":[\"futebol\",\"La Liga\",\"Mbapp\u00e9\",\"pen\u00e1lti\",\"Rayo Vallecano\",\"Real Madrid\"],\"articleSection\":[\"Desporto\",\"Futebol\"],\"inLanguage\":\"pt-PT\"},{\"@type\":\"WebPage\",\"@id\":\"https:\/\/portaltela.pt\/noticias\/2026\/02\/03\/laporta-reage-a-penalti-do-real-madrid-nos-descontos-e-diverte-o-publico\/\",\"url\":\"https:\/\/portaltela.pt\/noticias\/2026\/02\/03\/laporta-reage-a-penalti-do-real-madrid-nos-descontos-e-diverte-o-publico\/\",\"name\":\"Laporta reage a pen\u00e1lti do Real Madrid nos descontos e diverte o p\u00fablico - Portal Tela Portugal\",\"isPartOf\":{\"@id\":\"https:\/\/portaltela.pt\/#website\"},\"primaryImageOfPage\":{\"@id\":\"https:\/\/portaltela.pt\/noticias\/2026\/02\/03\/laporta-reage-a-penalti-do-real-madrid-nos-descontos-e-diverte-o-publico\/#primaryimage\"},\"image\":{\"@id\":\"https:\/\/portaltela.pt\/noticias\/2026\/02\/03\/laporta-reage-a-penalti-do-real-madrid-nos-descontos-e-diverte-o-publico\/#primaryimage\"},\"thumbnailUrl\":\"https:\/\/portaltela.pt\/s.01k8rhncp4jt1\/2026\/02\/img_1200x721uu2026-02-03-09-45-06-2419228.jpg\",\"datePublished\":\"2026-02-03T09:47:54+00:00\",\"author\":{\"@id\":\"https:\/\/portaltela.pt\/#\/schema\/person\/c4278d4a6028830caff9ee44b42d32ed\"},\"breadcrumb\":{\"@id\":\"https:\/\/portaltela.pt\/noticias\/2026\/02\/03\/laporta-reage-a-penalti-do-real-madrid-nos-descontos-e-diverte-o-publico\/#breadcrumb\"},\"inLanguage\":\"pt-PT\",\"potentialAction\":[{\"@type\":\"ReadAction\",\"target\":[\"https:\/\/portaltela.pt\/noticias\/2026\/02\/03\/laporta-reage-a-penalti-do-real-madrid-nos-descontos-e-diverte-o-publico\/\"]}]},{\"@type\":\"ImageObject\",\"inLanguage\":\"pt-PT\",\"@id\":\"https:\/\/portaltela.pt\/noticias\/2026\/02\/03\/laporta-reage-a-penalti-do-real-madrid-nos-descontos-e-diverte-o-publico\/#primaryimage\",\"url\":\"https:\/\/portaltela.pt\/s.01k8rhncp4jt1\/2026\/02\/img_1200x721uu2026-02-03-09-45-06-2419228.jpg\",\"contentUrl\":\"https:\/\/portaltela.pt\/s.01k8rhncp4jt1\/2026\/02\/img_1200x721uu2026-02-03-09-45-06-2419228.jpg\",\"width\":796,\"height\":448,\"caption\":\"A resposta de Laporta sobre o pen\u00e1lti do Real Madrid nos descontos que deixou todos a rir\"},{\"@type\":\"BreadcrumbList\",\"@id\":\"https:\/\/portaltela.pt\/noticias\/2026\/02\/03\/laporta-reage-a-penalti-do-real-madrid-nos-descontos-e-diverte-o-publico\/#breadcrumb\",\"itemListElement\":[{\"@type\":\"ListItem\",\"position\":1,\"name\":\"In\u00edcio\",\"item\":\"https:\/\/portaltela.pt\/\"},{\"@type\":\"ListItem\",\"position\":2,\"name\":\"Laporta reage a pen\u00e1lti do Real Madrid nos descontos e diverte o p\u00fablico\"}]},{\"@type\":\"WebSite\",\"@id\":\"https:\/\/portaltela.pt\/#website\",\"url\":\"https:\/\/portaltela.pt\/\",\"name\":\"Portal Tela Portugal\",\"description\":\"\",\"potentialAction\":[{\"@type\":\"SearchAction\",\"target\":{\"@type\":\"EntryPoint\",\"urlTemplate\":\"https:\/\/portaltela.pt\/?s={search_term_string}\"},\"query-input\":{\"@type\":\"PropertyValueSpecification\",\"valueRequired\":true,\"valueName\":\"search_term_string\"}}],\"inLanguage\":\"pt-PT\"},{\"@type\":\"Person\",\"@id\":\"https:\/\/portaltela.pt\/#\/schema\/person\/c4278d4a6028830caff9ee44b42d32ed\",\"name\":\"Telinha\",\"image\":{\"@type\":\"ImageObject\",\"inLanguage\":\"pt-PT\",\"@id\":\"https:\/\/portaltela.pt\/s.01k8rhncp4jt1\/2025\/11\/talking-bot-125x125.png\",\"url\":\"https:\/\/portaltela.pt\/s.01k8rhncp4jt1\/2025\/11\/talking-bot-125x125.png\",\"contentUrl\":\"https:\/\/portaltela.pt\/s.01k8rhncp4jt1\/2025\/11\/talking-bot-125x125.png\",\"caption\":\"Telinha\"},\"sameAs\":[\"https:\/\/portaltela.pt\/\"],\"url\":\"https:\/\/portaltela.pt\/por\/367410592786\/\"}]}<\/script>\n<!-- \/ Yoast SEO plugin. -->","yoast_head_json":{"title":"Laporta reage a pen\u00e1lti do Real Madrid nos descontos e diverte o p\u00fablico - Portal Tela Portugal","robots":{"index":"index","follow":"follow","max-snippet":"max-snippet:-1","max-image-preview":"max-image-preview:large","max-video-preview":"max-video-preview:-1"},"og_locale":"pt_PT","og_type":"article","og_title":"Laporta reage a pen\u00e1lti do Real Madrid nos descontos e diverte o p\u00fablico - Portal Tela Portugal","og_description":"O Real Madrid venceu o Rayo Vallecano por 2-1, com Mbapp\u00e9 a marcar de pen\u00e1lti aos 90'+10. O golo de Mbapp\u00e9 surgiu nos descontos, garantindo o triunfo merengue. O Real Madrid est\u00e1 a preparar o playoff da Liga dos Campe\u00f5es frente ao Benfica. O presidente do Barcelona, Juan Laporta, foi questionado sobre o assunto e a sua resposta foi motivo de risos.","og_url":"https:\/\/portaltela.pt\/noticias\/2026\/02\/03\/laporta-reage-a-penalti-do-real-madrid-nos-descontos-e-diverte-o-publico\/","og_site_name":"Portal Tela Portugal","article_published_time":"2026-02-03T09:47:54+00:00","author":"Telinha","twitter_card":"summary_large_image","twitter_misc":{"Escrito por":"Telinha","Tempo estimado de leitura":"1 minuto"},"schema":{"@context":"https:\/\/schema.org","@graph":[{"@type":"Article","@id":"https:\/\/portaltela.pt\/noticias\/2026\/02\/03\/laporta-reage-a-penalti-do-real-madrid-nos-descontos-e-diverte-o-publico\/#article","isPartOf":{"@id":"https:\/\/portaltela.pt\/noticias\/2026\/02\/03\/laporta-reage-a-penalti-do-real-madrid-nos-descontos-e-diverte-o-publico\/"},"author":{"name":"Telinha","@id":"https:\/\/portaltela.pt\/#\/schema\/person\/c4278d4a6028830caff9ee44b42d32ed"},"headline":"Laporta reage a pen\u00e1lti do Real Madrid nos descontos e diverte o p\u00fablico","datePublished":"2026-02-03T09:47:54+00:00","mainEntityOfPage":{"@id":"https:\/\/portaltela.pt\/noticias\/2026\/02\/03\/laporta-reage-a-penalti-do-real-madrid-nos-descontos-e-diverte-o-publico\/"},"wordCount":246,"image":{"@id":"https:\/\/portaltela.pt\/noticias\/2026\/02\/03\/laporta-reage-a-penalti-do-real-madrid-nos-descontos-e-diverte-o-publico\/#primaryimage"},"thumbnailUrl":"https:\/\/portaltela.pt\/s.01k8rhncp4jt1\/2026\/02\/img_1200x721uu2026-02-03-09-45-06-2419228.jpg","keywords":["futebol","La Liga","Mbapp\u00e9","pen\u00e1lti","Rayo Vallecano","Real Madrid"],"articleSection":["Desporto","Futebol"],"inLanguage":"pt-PT"},{"@type":"WebPage","@id":"https:\/\/portaltela.pt\/noticias\/2026\/02\/03\/laporta-reage-a-penalti-do-real-madrid-nos-descontos-e-diverte-o-publico\/","url":"https:\/\/portaltela.pt\/noticias\/2026\/02\/03\/laporta-reage-a-penalti-do-real-madrid-nos-descontos-e-diverte-o-publico\/","name":"Laporta reage a pen\u00e1lti do Real Madrid nos descontos e diverte o p\u00fablico - Portal Tela Portugal","isPartOf":{"@id":"https:\/\/portaltela.pt\/#website"},"primaryImageOfPage":{"@id":"https:\/\/portaltela.pt\/noticias\/2026\/02\/03\/laporta-reage-a-penalti-do-real-madrid-nos-descontos-e-diverte-o-publico\/#primaryimage"},"image":{"@id":"https:\/\/portaltela.pt\/noticias\/2026\/02\/03\/laporta-reage-a-penalti-do-real-madrid-nos-descontos-e-diverte-o-publico\/#primaryimage"},"thumbnailUrl":"https:\/\/portaltela.pt\/s.01k8rhncp4jt1\/2026\/02\/img_1200x721uu2026-02-03-09-45-06-2419228.jpg","datePublished":"2026-02-03T09:47:54+00:00","author":{"@id":"https:\/\/portaltela.pt\/#\/schema\/person\/c4278d4a6028830caff9ee44b42d32ed"},"breadcrumb":{"@id":"https:\/\/portaltela.pt\/noticias\/2026\/02\/03\/laporta-reage-a-penalti-do-real-madrid-nos-descontos-e-diverte-o-publico\/#breadcrumb"},"inLanguage":"pt-PT","potentialAction":[{"@type":"ReadAction","target":["https:\/\/portaltela.pt\/noticias\/2026\/02\/03\/laporta-reage-a-penalti-do-real-madrid-nos-descontos-e-diverte-o-publico\/"]}]},{"@type":"ImageObject","inLanguage":"pt-PT","@id":"https:\/\/portaltela.pt\/noticias\/2026\/02\/03\/laporta-reage-a-penalti-do-real-madrid-nos-descontos-e-diverte-o-publico\/#primaryimage","url":"https:\/\/portaltela.pt\/s.01k8rhncp4jt1\/2026\/02\/img_1200x721uu2026-02-03-09-45-06-2419228.jpg","contentUrl":"https:\/\/portaltela.pt\/s.01k8rhncp4jt1\/2026\/02\/img_1200x721uu2026-02-03-09-45-06-2419228.jpg","width":796,"height":448,"caption":"A resposta de Laporta sobre o pen\u00e1lti do Real Madrid nos descontos que deixou todos a rir"},{"@type":"BreadcrumbList","@id":"https:\/\/portaltela.pt\/noticias\/2026\/02\/03\/laporta-reage-a-penalti-do-real-madrid-nos-descontos-e-diverte-o-publico\/#breadcrumb","itemListElement":[{"@type":"ListItem","position":1,"name":"In\u00edcio","item":"https:\/\/portaltela.pt\/"},{"@type":"ListItem","position":2,"name":"Laporta reage a pen\u00e1lti do Real Madrid nos descontos e diverte o p\u00fablico"}]},{"@type":"WebSite","@id":"https:\/\/portaltela.pt\/#website","url":"https:\/\/portaltela.pt\/","name":"Portal Tela Portugal","description":"","potentialAction":[{"@type":"SearchAction","target":{"@type":"EntryPoint","urlTemplate":"https:\/\/portaltela.pt\/?s={search_term_string}"},"query-input":{"@type":"PropertyValueSpecification","valueRequired":true,"valueName":"search_term_string"}}],"inLanguage":"pt-PT"},{"@type":"Person","@id":"https:\/\/portaltela.pt\/#\/schema\/person\/c4278d4a6028830caff9ee44b42d32ed","name":"Telinha","image":{"@type":"ImageObject","inLanguage":"pt-PT","@id":"https:\/\/portaltela.pt\/s.01k8rhncp4jt1\/2025\/11\/talking-bot-125x125.png","url":"https:\/\/portaltela.pt\/s.01k8rhncp4jt1\/2025\/11\/talking-bot-125x125.png","contentUrl":"https:\/\/portaltela.pt\/s.01k8rhncp4jt1\/2025\/11\/talking-bot-125x125.png","caption":"Telinha"},"sameAs":["https:\/\/portaltela.pt\/"],"url":"https:\/\/portaltela.pt\/por\/367410592786\/"}]}},"_links":{"self":[{"href":"https:\/\/portaltela.pt\/api\/wp\/v2\/posts\/193169","targetHints":{"allow":["GET"]}}],"collection":[{"href":"https:\/\/portaltela.pt\/api\/wp\/v2\/posts"}],"about":[{"href":"https:\/\/portaltela.pt\/api\/wp\/v2\/types\/post"}],"author":[{"embeddable":true,"href":"https:\/\/portaltela.pt\/api\/wp\/v2\/users\/2"}],"replies":[{"embeddable":true,"href":"https:\/\/portaltela.pt\/api\/wp\/v2\/comments?post=193169"}],"version-history":[{"count":0,"href":"https:\/\/portaltela.pt\/api\/wp\/v2\/posts\/193169\/revisions"}],"wp:featuredmedia":[{"embeddable":true,"href":"https:\/\/portaltela.pt\/api\/wp\/v2\/media\/193173"}],"wp:attachment":[{"href":"https:\/\/portaltela.pt\/api\/wp\/v2\/media?parent=193169"}],"wp:term":[{"taxonomy":"category","embeddable":true,"href":"https:\/\/portaltela.pt\/api\/wp\/v2\/categories?post=193169"},{"taxonomy":"post_tag","embeddable":true,"href":"https:\/\/portaltela.pt\/api\/wp\/v2\/tags?post=193169"}],"curies":[{"name":"wp","href":"https:\/\/api.w.org\/{rel}","templated":true}]}}