{"id":193164,"date":"2026-02-03T06:45:00","date_gmt":"2026-02-03T09:45:00","guid":{"rendered":"https:\/\/portaltela.pt\/noticias\/2026\/02\/03\/tc-de-sao-tome-declara-inconstitucional-destituicao-da-presidente-do-parlamento\/"},"modified":"2026-02-03T06:45:00","modified_gmt":"2026-02-03T09:45:00","slug":"tc-de-sao-tome-declara-inconstitucional-destituicao-da-presidente-do-parlamento","status":"publish","type":"post","link":"https:\/\/portaltela.pt\/noticias\/politica\/2026\/02\/03\/tc-de-sao-tome-declara-inconstitucional-destituicao-da-presidente-do-parlamento\/","title":{"rendered":"TC de S\u00e3o Tom\u00e9 declara inconstitucional destitui\u00e7\u00e3o da presidente do parlamento"},"content":{"rendered":"<p>O Tribunal Constitucional de S\u00e3o Tom\u00e9 e Pr\u00edncipe declarou inconstitucional a destitui\u00e7\u00e3o da presidente do parlamento, tomada numa sess\u00e3o pol\u00e9mica. A decis\u00e3o revela discord\u00e2ncias sobre a legalidade do processo de remo\u00e7\u00e3o.<\/p>\n<p>Segundo o veredito, o ato de destituir a presidente do parlamento n\u00e3o respeita os preceitos constitucionais, apontando irregularidades processuais e fundamentos jur\u00eddicos question\u00e1veis. O tribunal privilegia a prote\u00e7\u00e3o das normas que regem o funcionamento da assembleia.<\/p>\n<p>A not\u00edcia, debitada ao conte\u00fado dispon\u00edvel apenas para subscritores, indica que o tema envolve diretamente o poder legislativo e a lideran\u00e7a parlamantar, com desdobramentos institucionais ainda por esclarecer. Detalhes adicionais dependem do acesso ao conte\u00fado completo.<\/p>\n","protected":false},"excerpt":{"rendered":"<ul>\n<li>O Tribunal Constitucional de S\u00e3o Tom\u00e9 e Pr\u00edncipe declarou inconstitucional a destitui\u00e7\u00e3o da presidente do parlamento decidida em sess\u00e3o pol\u00e9mica.<\/li>\n<\/ul>\n","protected":false},"author":2,"featured_media":193170,"comment_status":"closed","ping_status":"closed","sticky":false,"template":"","format":"standard","meta":{"footnotes":""},"categories":[1,5],"tags":[4211,3254,4057,5068,30,4716],"class_list":["post-193164","post","type-post","status-publish","format-standard","has-post-thumbnail","hentry","category-noticias","category-politica","tag-assembleia-nacional","tag-constitucionalistas","tag-constituicao","tag-destituicao","tag-presidente","tag-tribunais-administrativos-e-fiscais"],"yoast_head":"<!-- This site is optimized with the Yoast SEO plugin v27.2 - https:\/\/yoast.com\/product\/yoast-seo-wordpress\/ -->\n<title>TC de S\u00e3o Tom\u00e9 declara inconstitucional destitui\u00e7\u00e3o da presidente do parlamento - Portal Tela Portugal<\/title>\n<meta name=\"robots\" content=\"index, follow, max-snippet:-1, max-image-preview:large, max-video-preview:-1\" \/>\n<meta property=\"og:locale\" content=\"pt_PT\" \/>\n<meta property=\"og:type\" content=\"article\" \/>\n<meta property=\"og:title\" content=\"TC de S\u00e3o Tom\u00e9 declara inconstitucional destitui\u00e7\u00e3o da presidente do parlamento - Portal Tela Portugal\" \/>\n<meta property=\"og:description\" content=\"O Tribunal Constitucional de S\u00e3o Tom\u00e9 e Pr\u00edncipe declarou inconstitucional a destitui\u00e7\u00e3o da presidente do parlamento decidida em sess\u00e3o pol\u00e9mica.\" \/>\n<meta property=\"og:url\" content=\"https:\/\/portaltela.pt\/noticias\/2026\/02\/03\/tc-de-sao-tome-declara-inconstitucional-destituicao-da-presidente-do-parlamento\/\" \/>\n<meta property=\"og:site_name\" content=\"Portal Tela Portugal\" \/>\n<meta property=\"article:published_time\" content=\"2026-02-03T09:45:00+00:00\" \/>\n<meta name=\"author\" content=\"Telinha\" \/>\n<meta name=\"twitter:card\" content=\"summary_large_image\" \/>\n<meta name=\"twitter:label1\" content=\"Escrito por\" \/>\n\t<meta name=\"twitter:data1\" content=\"Telinha\" \/>\n\t<meta name=\"twitter:label2\" content=\"Tempo estimado de leitura\" \/>\n\t<meta name=\"twitter:data2\" content=\"1 minuto\" \/>\n<script type=\"application\/ld+json\" class=\"yoast-schema-graph\">{\"@context\":\"https:\/\/schema.org\",\"@graph\":[{\"@type\":\"Article\",\"@id\":\"https:\/\/portaltela.pt\/noticias\/2026\/02\/03\/tc-de-sao-tome-declara-inconstitucional-destituicao-da-presidente-do-parlamento\/#article\",\"isPartOf\":{\"@id\":\"https:\/\/portaltela.pt\/noticias\/2026\/02\/03\/tc-de-sao-tome-declara-inconstitucional-destituicao-da-presidente-do-parlamento\/\"},\"author\":{\"name\":\"Telinha\",\"@id\":\"https:\/\/portaltela.pt\/#\/schema\/person\/c4278d4a6028830caff9ee44b42d32ed\"},\"headline\":\"TC de S\u00e3o Tom\u00e9 declara inconstitucional destitui\u00e7\u00e3o da presidente do parlamento\",\"datePublished\":\"2026-02-03T09:45:00+00:00\",\"mainEntityOfPage\":{\"@id\":\"https:\/\/portaltela.pt\/noticias\/2026\/02\/03\/tc-de-sao-tome-declara-inconstitucional-destituicao-da-presidente-do-parlamento\/\"},\"wordCount\":133,\"image\":{\"@id\":\"https:\/\/portaltela.pt\/noticias\/2026\/02\/03\/tc-de-sao-tome-declara-inconstitucional-destituicao-da-presidente-do-parlamento\/#primaryimage\"},\"thumbnailUrl\":\"https:\/\/portaltela.pt\/s.01k8rhncp4jt1\/2026\/02\/CACHE_780X1200_ANALOG_WATERMARKED_39560803_3733340_03102022124558-1.jpg\",\"keywords\":[\"Assembleia Nacional\",\"Constitucionalistas\",\"constitui\u00e7\u00e3o\",\"destitui\u00e7\u00e3o\",\"presidente\",\"Tribunais Administrativos e Fiscais\"],\"articleSection\":[\"Not\u00edcias\",\"Pol\u00edtica\"],\"inLanguage\":\"pt-PT\"},{\"@type\":\"WebPage\",\"@id\":\"https:\/\/portaltela.pt\/noticias\/2026\/02\/03\/tc-de-sao-tome-declara-inconstitucional-destituicao-da-presidente-do-parlamento\/\",\"url\":\"https:\/\/portaltela.pt\/noticias\/2026\/02\/03\/tc-de-sao-tome-declara-inconstitucional-destituicao-da-presidente-do-parlamento\/\",\"name\":\"TC de S\u00e3o Tom\u00e9 declara inconstitucional destitui\u00e7\u00e3o da presidente do parlamento - Portal Tela Portugal\",\"isPartOf\":{\"@id\":\"https:\/\/portaltela.pt\/#website\"},\"primaryImageOfPage\":{\"@id\":\"https:\/\/portaltela.pt\/noticias\/2026\/02\/03\/tc-de-sao-tome-declara-inconstitucional-destituicao-da-presidente-do-parlamento\/#primaryimage\"},\"image\":{\"@id\":\"https:\/\/portaltela.pt\/noticias\/2026\/02\/03\/tc-de-sao-tome-declara-inconstitucional-destituicao-da-presidente-do-parlamento\/#primaryimage\"},\"thumbnailUrl\":\"https:\/\/portaltela.pt\/s.01k8rhncp4jt1\/2026\/02\/CACHE_780X1200_ANALOG_WATERMARKED_39560803_3733340_03102022124558-1.jpg\",\"datePublished\":\"2026-02-03T09:45:00+00:00\",\"author\":{\"@id\":\"https:\/\/portaltela.pt\/#\/schema\/person\/c4278d4a6028830caff9ee44b42d32ed\"},\"breadcrumb\":{\"@id\":\"https:\/\/portaltela.pt\/noticias\/2026\/02\/03\/tc-de-sao-tome-declara-inconstitucional-destituicao-da-presidente-do-parlamento\/#breadcrumb\"},\"inLanguage\":\"pt-PT\",\"potentialAction\":[{\"@type\":\"ReadAction\",\"target\":[\"https:\/\/portaltela.pt\/noticias\/2026\/02\/03\/tc-de-sao-tome-declara-inconstitucional-destituicao-da-presidente-do-parlamento\/\"]}]},{\"@type\":\"ImageObject\",\"inLanguage\":\"pt-PT\",\"@id\":\"https:\/\/portaltela.pt\/noticias\/2026\/02\/03\/tc-de-sao-tome-declara-inconstitucional-destituicao-da-presidente-do-parlamento\/#primaryimage\",\"url\":\"https:\/\/portaltela.pt\/s.01k8rhncp4jt1\/2026\/02\/CACHE_780X1200_ANALOG_WATERMARKED_39560803_3733340_03102022124558-1.jpg\",\"contentUrl\":\"https:\/\/portaltela.pt\/s.01k8rhncp4jt1\/2026\/02\/CACHE_780X1200_ANALOG_WATERMARKED_39560803_3733340_03102022124558-1.jpg\",\"width\":796,\"height\":448,\"caption\":\"TC s\u00e3o-tomense declara inconstitucional destitui\u00e7\u00e3o da presidente do parlamento decidida em sess\u00e3o pol\u00e9mica\"},{\"@type\":\"BreadcrumbList\",\"@id\":\"https:\/\/portaltela.pt\/noticias\/2026\/02\/03\/tc-de-sao-tome-declara-inconstitucional-destituicao-da-presidente-do-parlamento\/#breadcrumb\",\"itemListElement\":[{\"@type\":\"ListItem\",\"position\":1,\"name\":\"In\u00edcio\",\"item\":\"https:\/\/portaltela.pt\/\"},{\"@type\":\"ListItem\",\"position\":2,\"name\":\"TC de S\u00e3o Tom\u00e9 declara inconstitucional destitui\u00e7\u00e3o da presidente do parlamento\"}]},{\"@type\":\"WebSite\",\"@id\":\"https:\/\/portaltela.pt\/#website\",\"url\":\"https:\/\/portaltela.pt\/\",\"name\":\"Portal Tela Portugal\",\"description\":\"\",\"potentialAction\":[{\"@type\":\"SearchAction\",\"target\":{\"@type\":\"EntryPoint\",\"urlTemplate\":\"https:\/\/portaltela.pt\/?s={search_term_string}\"},\"query-input\":{\"@type\":\"PropertyValueSpecification\",\"valueRequired\":true,\"valueName\":\"search_term_string\"}}],\"inLanguage\":\"pt-PT\"},{\"@type\":\"Person\",\"@id\":\"https:\/\/portaltela.pt\/#\/schema\/person\/c4278d4a6028830caff9ee44b42d32ed\",\"name\":\"Telinha\",\"image\":{\"@type\":\"ImageObject\",\"inLanguage\":\"pt-PT\",\"@id\":\"https:\/\/portaltela.pt\/s.01k8rhncp4jt1\/2025\/11\/talking-bot-125x125.png\",\"url\":\"https:\/\/portaltela.pt\/s.01k8rhncp4jt1\/2025\/11\/talking-bot-125x125.png\",\"contentUrl\":\"https:\/\/portaltela.pt\/s.01k8rhncp4jt1\/2025\/11\/talking-bot-125x125.png\",\"caption\":\"Telinha\"},\"sameAs\":[\"https:\/\/portaltela.pt\/\"],\"url\":\"https:\/\/portaltela.pt\/por\/367410592786\/\"}]}<\/script>\n<!-- \/ Yoast SEO plugin. -->","yoast_head_json":{"title":"TC de S\u00e3o Tom\u00e9 declara inconstitucional destitui\u00e7\u00e3o da presidente do parlamento - Portal Tela Portugal","robots":{"index":"index","follow":"follow","max-snippet":"max-snippet:-1","max-image-preview":"max-image-preview:large","max-video-preview":"max-video-preview:-1"},"og_locale":"pt_PT","og_type":"article","og_title":"TC de S\u00e3o Tom\u00e9 declara inconstitucional destitui\u00e7\u00e3o da presidente do parlamento - Portal Tela Portugal","og_description":"O Tribunal Constitucional de S\u00e3o Tom\u00e9 e Pr\u00edncipe declarou inconstitucional a destitui\u00e7\u00e3o da presidente do parlamento decidida em sess\u00e3o pol\u00e9mica.","og_url":"https:\/\/portaltela.pt\/noticias\/2026\/02\/03\/tc-de-sao-tome-declara-inconstitucional-destituicao-da-presidente-do-parlamento\/","og_site_name":"Portal Tela Portugal","article_published_time":"2026-02-03T09:45:00+00:00","author":"Telinha","twitter_card":"summary_large_image","twitter_misc":{"Escrito por":"Telinha","Tempo estimado de leitura":"1 minuto"},"schema":{"@context":"https:\/\/schema.org","@graph":[{"@type":"Article","@id":"https:\/\/portaltela.pt\/noticias\/2026\/02\/03\/tc-de-sao-tome-declara-inconstitucional-destituicao-da-presidente-do-parlamento\/#article","isPartOf":{"@id":"https:\/\/portaltela.pt\/noticias\/2026\/02\/03\/tc-de-sao-tome-declara-inconstitucional-destituicao-da-presidente-do-parlamento\/"},"author":{"name":"Telinha","@id":"https:\/\/portaltela.pt\/#\/schema\/person\/c4278d4a6028830caff9ee44b42d32ed"},"headline":"TC de S\u00e3o Tom\u00e9 declara inconstitucional destitui\u00e7\u00e3o da presidente do parlamento","datePublished":"2026-02-03T09:45:00+00:00","mainEntityOfPage":{"@id":"https:\/\/portaltela.pt\/noticias\/2026\/02\/03\/tc-de-sao-tome-declara-inconstitucional-destituicao-da-presidente-do-parlamento\/"},"wordCount":133,"image":{"@id":"https:\/\/portaltela.pt\/noticias\/2026\/02\/03\/tc-de-sao-tome-declara-inconstitucional-destituicao-da-presidente-do-parlamento\/#primaryimage"},"thumbnailUrl":"https:\/\/portaltela.pt\/s.01k8rhncp4jt1\/2026\/02\/CACHE_780X1200_ANALOG_WATERMARKED_39560803_3733340_03102022124558-1.jpg","keywords":["Assembleia Nacional","Constitucionalistas","constitui\u00e7\u00e3o","destitui\u00e7\u00e3o","presidente","Tribunais Administrativos e Fiscais"],"articleSection":["Not\u00edcias","Pol\u00edtica"],"inLanguage":"pt-PT"},{"@type":"WebPage","@id":"https:\/\/portaltela.pt\/noticias\/2026\/02\/03\/tc-de-sao-tome-declara-inconstitucional-destituicao-da-presidente-do-parlamento\/","url":"https:\/\/portaltela.pt\/noticias\/2026\/02\/03\/tc-de-sao-tome-declara-inconstitucional-destituicao-da-presidente-do-parlamento\/","name":"TC de S\u00e3o Tom\u00e9 declara inconstitucional destitui\u00e7\u00e3o da presidente do parlamento - Portal Tela Portugal","isPartOf":{"@id":"https:\/\/portaltela.pt\/#website"},"primaryImageOfPage":{"@id":"https:\/\/portaltela.pt\/noticias\/2026\/02\/03\/tc-de-sao-tome-declara-inconstitucional-destituicao-da-presidente-do-parlamento\/#primaryimage"},"image":{"@id":"https:\/\/portaltela.pt\/noticias\/2026\/02\/03\/tc-de-sao-tome-declara-inconstitucional-destituicao-da-presidente-do-parlamento\/#primaryimage"},"thumbnailUrl":"https:\/\/portaltela.pt\/s.01k8rhncp4jt1\/2026\/02\/CACHE_780X1200_ANALOG_WATERMARKED_39560803_3733340_03102022124558-1.jpg","datePublished":"2026-02-03T09:45:00+00:00","author":{"@id":"https:\/\/portaltela.pt\/#\/schema\/person\/c4278d4a6028830caff9ee44b42d32ed"},"breadcrumb":{"@id":"https:\/\/portaltela.pt\/noticias\/2026\/02\/03\/tc-de-sao-tome-declara-inconstitucional-destituicao-da-presidente-do-parlamento\/#breadcrumb"},"inLanguage":"pt-PT","potentialAction":[{"@type":"ReadAction","target":["https:\/\/portaltela.pt\/noticias\/2026\/02\/03\/tc-de-sao-tome-declara-inconstitucional-destituicao-da-presidente-do-parlamento\/"]}]},{"@type":"ImageObject","inLanguage":"pt-PT","@id":"https:\/\/portaltela.pt\/noticias\/2026\/02\/03\/tc-de-sao-tome-declara-inconstitucional-destituicao-da-presidente-do-parlamento\/#primaryimage","url":"https:\/\/portaltela.pt\/s.01k8rhncp4jt1\/2026\/02\/CACHE_780X1200_ANALOG_WATERMARKED_39560803_3733340_03102022124558-1.jpg","contentUrl":"https:\/\/portaltela.pt\/s.01k8rhncp4jt1\/2026\/02\/CACHE_780X1200_ANALOG_WATERMARKED_39560803_3733340_03102022124558-1.jpg","width":796,"height":448,"caption":"TC s\u00e3o-tomense declara inconstitucional destitui\u00e7\u00e3o da presidente do parlamento decidida em sess\u00e3o pol\u00e9mica"},{"@type":"BreadcrumbList","@id":"https:\/\/portaltela.pt\/noticias\/2026\/02\/03\/tc-de-sao-tome-declara-inconstitucional-destituicao-da-presidente-do-parlamento\/#breadcrumb","itemListElement":[{"@type":"ListItem","position":1,"name":"In\u00edcio","item":"https:\/\/portaltela.pt\/"},{"@type":"ListItem","position":2,"name":"TC de S\u00e3o Tom\u00e9 declara inconstitucional destitui\u00e7\u00e3o da presidente do parlamento"}]},{"@type":"WebSite","@id":"https:\/\/portaltela.pt\/#website","url":"https:\/\/portaltela.pt\/","name":"Portal Tela Portugal","description":"","potentialAction":[{"@type":"SearchAction","target":{"@type":"EntryPoint","urlTemplate":"https:\/\/portaltela.pt\/?s={search_term_string}"},"query-input":{"@type":"PropertyValueSpecification","valueRequired":true,"valueName":"search_term_string"}}],"inLanguage":"pt-PT"},{"@type":"Person","@id":"https:\/\/portaltela.pt\/#\/schema\/person\/c4278d4a6028830caff9ee44b42d32ed","name":"Telinha","image":{"@type":"ImageObject","inLanguage":"pt-PT","@id":"https:\/\/portaltela.pt\/s.01k8rhncp4jt1\/2025\/11\/talking-bot-125x125.png","url":"https:\/\/portaltela.pt\/s.01k8rhncp4jt1\/2025\/11\/talking-bot-125x125.png","contentUrl":"https:\/\/portaltela.pt\/s.01k8rhncp4jt1\/2025\/11\/talking-bot-125x125.png","caption":"Telinha"},"sameAs":["https:\/\/portaltela.pt\/"],"url":"https:\/\/portaltela.pt\/por\/367410592786\/"}]}},"_links":{"self":[{"href":"https:\/\/portaltela.pt\/api\/wp\/v2\/posts\/193164","targetHints":{"allow":["GET"]}}],"collection":[{"href":"https:\/\/portaltela.pt\/api\/wp\/v2\/posts"}],"about":[{"href":"https:\/\/portaltela.pt\/api\/wp\/v2\/types\/post"}],"author":[{"embeddable":true,"href":"https:\/\/portaltela.pt\/api\/wp\/v2\/users\/2"}],"replies":[{"embeddable":true,"href":"https:\/\/portaltela.pt\/api\/wp\/v2\/comments?post=193164"}],"version-history":[{"count":0,"href":"https:\/\/portaltela.pt\/api\/wp\/v2\/posts\/193164\/revisions"}],"wp:featuredmedia":[{"embeddable":true,"href":"https:\/\/portaltela.pt\/api\/wp\/v2\/media\/193170"}],"wp:attachment":[{"href":"https:\/\/portaltela.pt\/api\/wp\/v2\/media?parent=193164"}],"wp:term":[{"taxonomy":"category","embeddable":true,"href":"https:\/\/portaltela.pt\/api\/wp\/v2\/categories?post=193164"},{"taxonomy":"post_tag","embeddable":true,"href":"https:\/\/portaltela.pt\/api\/wp\/v2\/tags?post=193164"}],"curies":[{"name":"wp","href":"https:\/\/api.w.org\/{rel}","templated":true}]}}