{"id":193159,"date":"2026-02-03T06:52:02","date_gmt":"2026-02-03T09:52:02","guid":{"rendered":"https:\/\/portaltela.pt\/noticias\/2026\/02\/03\/prisao-preventiva-de-homem-suspeito-de-matar-filha-da-atriz-delfina-cruz\/"},"modified":"2026-02-03T06:52:02","modified_gmt":"2026-02-03T09:52:02","slug":"prisao-preventiva-de-homem-suspeito-de-matar-filha-da-atriz-delfina-cruz","status":"publish","type":"post","link":"https:\/\/portaltela.pt\/noticias\/2026\/02\/03\/prisao-preventiva-de-homem-suspeito-de-matar-filha-da-atriz-delfina-cruz\/","title":{"rendered":"Pris\u00e3o preventiva de homem suspeito de matar filha da atriz Delfina Cruz"},"content":{"rendered":"<p>A Pol\u00edcia Judici\u00e1ria de Lisboa deteve um homem de 35 anos, suspeito de assassinar a filha, uma menina de 11 anos, da atriz Delfina Cruz, na resid\u00eancia da fam\u00edlia, na manh\u00e3 de s\u00e1bado. O suspeito confessou o crime \u00e0s autoridades.<\/p>\n<p>A crian\u00e7a foi encontrada j\u00e1 sem vida com sinais de viol\u00eancia e transportada para o Hospital de Santa Maria, onde foi declarada a morte. Delfina Cruz n\u00e3o se encontrava na resid\u00eancia no momento do homic\u00eddio.<\/p>\n<p>O homem foi apresentado a um juiz de instru\u00e7\u00e3o criminal, que decretou a pris\u00e3o preventiva, no \u00e2mbito da investiga\u00e7\u00e3o em curso. A atriz n\u00e3o \u00e9 detentora de qualquer liga\u00e7\u00e3o p\u00fablica ao caso.<\/p>\n<h3>Investiga\u00e7\u00e3o em curso<\/h3>\n<p>A investiga\u00e7\u00e3o procura apurar as circunst\u00e2ncias do homic\u00eddio e poss\u00edveis motiva\u00e7\u00f5es, com participa\u00e7\u00e3o de peritos da Pol\u00edcia Judici\u00e1ria. N\u00e3o foram divulgados mais detalhes sobre a motiva\u00e7\u00e3o ou o que ocorreu previamente.<\/p>\n","protected":false},"excerpt":{"rendered":"<ul>\n<li>Um homem de 35 anos foi detido pela Pol\u00edcia Judici\u00e1ria de Lisboa por alegadamente ter assassinato a filha de 11 anos da atriz Delfina Cruz, na resid\u00eancia em Lisboa, na manh\u00e3 de s\u00e1bado.<\/li>\n<li>O suspeito confessou o crime \u00e0s autoridades.<\/li>\n<li>O juiz de instru\u00e7\u00e3o criminal decretou a pris\u00e3o preventiva do suspeito.<\/li>\n<li>A crian\u00e7a foi encontrada morta na resid\u00eancia com sinais de viol\u00eancia e transportada ao Hospital de Santa Maria, onde foi declarada morta.<\/li>\n<li>Delfina Cruz n\u00e3o se encontrava na casa no momento do crime e a investiga\u00e7\u00e3o pretende apurar as circunst\u00e2ncias e motiva\u00e7\u00f5es do homic\u00eddio.<\/li>\n<\/ul>\n","protected":false},"author":2,"featured_media":193161,"comment_status":"closed","ping_status":"closed","sticky":false,"template":"","format":"standard","meta":{"footnotes":""},"categories":[1],"tags":[147,1345,3705,215,1802,1014],"class_list":["post-193159","post","type-post","status-publish","format-standard","has-post-thumbnail","hentry","category-noticias","tag-crime","tag-homicidio","tag-infanticidio","tag-investigacao","tag-policia-judiciaria","tag-portugal"],"yoast_head":"<!-- This site is optimized with the Yoast SEO plugin v27.2 - https:\/\/yoast.com\/product\/yoast-seo-wordpress\/ -->\n<title>Pris\u00e3o preventiva de homem suspeito de matar filha da atriz Delfina Cruz - Portal Tela Portugal<\/title>\n<meta name=\"robots\" content=\"index, follow, max-snippet:-1, max-image-preview:large, max-video-preview:-1\" \/>\n<meta property=\"og:locale\" content=\"pt_PT\" \/>\n<meta property=\"og:type\" content=\"article\" \/>\n<meta property=\"og:title\" content=\"Pris\u00e3o preventiva de homem suspeito de matar filha da atriz Delfina Cruz - Portal Tela Portugal\" \/>\n<meta property=\"og:description\" content=\"Um homem de 35 anos foi detido pela Pol\u00edcia Judici\u00e1ria de Lisboa por alegadamente ter assassinato a filha de 11 anos da atriz Delfina Cruz, na resid\u00eancia em Lisboa, na manh\u00e3 de s\u00e1bado. O suspeito confessou o crime \u00e0s autoridades. O juiz de instru\u00e7\u00e3o criminal decretou a pris\u00e3o preventiva do suspeito. A crian\u00e7a foi encontrada morta na resid\u00eancia com sinais de viol\u00eancia e transportada ao Hospital de Santa Maria, onde foi declarada morta. Delfina Cruz n\u00e3o se encontrava na casa no momento do crime e a investiga\u00e7\u00e3o pretende apurar as circunst\u00e2ncias e motiva\u00e7\u00f5es do homic\u00eddio.\" \/>\n<meta property=\"og:url\" content=\"https:\/\/portaltela.pt\/noticias\/2026\/02\/03\/prisao-preventiva-de-homem-suspeito-de-matar-filha-da-atriz-delfina-cruz\/\" \/>\n<meta property=\"og:site_name\" content=\"Portal Tela Portugal\" \/>\n<meta property=\"article:published_time\" content=\"2026-02-03T09:52:02+00:00\" \/>\n<meta name=\"author\" content=\"Telinha\" \/>\n<meta name=\"twitter:card\" content=\"summary_large_image\" \/>\n<meta name=\"twitter:label1\" content=\"Escrito por\" \/>\n\t<meta name=\"twitter:data1\" content=\"Telinha\" \/>\n\t<meta name=\"twitter:label2\" content=\"Tempo estimado de leitura\" \/>\n\t<meta name=\"twitter:data2\" content=\"1 minuto\" \/>\n<script type=\"application\/ld+json\" class=\"yoast-schema-graph\">{\"@context\":\"https:\/\/schema.org\",\"@graph\":[{\"@type\":\"Article\",\"@id\":\"https:\/\/portaltela.pt\/noticias\/2026\/02\/03\/prisao-preventiva-de-homem-suspeito-de-matar-filha-da-atriz-delfina-cruz\/#article\",\"isPartOf\":{\"@id\":\"https:\/\/portaltela.pt\/noticias\/2026\/02\/03\/prisao-preventiva-de-homem-suspeito-de-matar-filha-da-atriz-delfina-cruz\/\"},\"author\":{\"name\":\"Telinha\",\"@id\":\"https:\/\/portaltela.pt\/#\/schema\/person\/c4278d4a6028830caff9ee44b42d32ed\"},\"headline\":\"Pris\u00e3o preventiva de homem suspeito de matar filha da atriz Delfina Cruz\",\"datePublished\":\"2026-02-03T09:52:02+00:00\",\"mainEntityOfPage\":{\"@id\":\"https:\/\/portaltela.pt\/noticias\/2026\/02\/03\/prisao-preventiva-de-homem-suspeito-de-matar-filha-da-atriz-delfina-cruz\/\"},\"wordCount\":178,\"image\":{\"@id\":\"https:\/\/portaltela.pt\/noticias\/2026\/02\/03\/prisao-preventiva-de-homem-suspeito-de-matar-filha-da-atriz-delfina-cruz\/#primaryimage\"},\"thumbnailUrl\":\"https:\/\/portaltela.pt\/s.01k8rhncp4jt1\/2026\/02\/img_1280x722uu2026-01-23-21-30-23-2262207-1.jpg\",\"keywords\":[\"crime\",\"homic\u00eddio\",\"infantic\u00eddio\",\"investiga\u00e7\u00e3o\",\"Pol\u00edcia Judici\u00e1ria\",\"Portugal\"],\"articleSection\":[\"Not\u00edcias\"],\"inLanguage\":\"pt-PT\"},{\"@type\":\"WebPage\",\"@id\":\"https:\/\/portaltela.pt\/noticias\/2026\/02\/03\/prisao-preventiva-de-homem-suspeito-de-matar-filha-da-atriz-delfina-cruz\/\",\"url\":\"https:\/\/portaltela.pt\/noticias\/2026\/02\/03\/prisao-preventiva-de-homem-suspeito-de-matar-filha-da-atriz-delfina-cruz\/\",\"name\":\"Pris\u00e3o preventiva de homem suspeito de matar filha da atriz Delfina Cruz - Portal Tela Portugal\",\"isPartOf\":{\"@id\":\"https:\/\/portaltela.pt\/#website\"},\"primaryImageOfPage\":{\"@id\":\"https:\/\/portaltela.pt\/noticias\/2026\/02\/03\/prisao-preventiva-de-homem-suspeito-de-matar-filha-da-atriz-delfina-cruz\/#primaryimage\"},\"image\":{\"@id\":\"https:\/\/portaltela.pt\/noticias\/2026\/02\/03\/prisao-preventiva-de-homem-suspeito-de-matar-filha-da-atriz-delfina-cruz\/#primaryimage\"},\"thumbnailUrl\":\"https:\/\/portaltela.pt\/s.01k8rhncp4jt1\/2026\/02\/img_1280x722uu2026-01-23-21-30-23-2262207-1.jpg\",\"datePublished\":\"2026-02-03T09:52:02+00:00\",\"author\":{\"@id\":\"https:\/\/portaltela.pt\/#\/schema\/person\/c4278d4a6028830caff9ee44b42d32ed\"},\"breadcrumb\":{\"@id\":\"https:\/\/portaltela.pt\/noticias\/2026\/02\/03\/prisao-preventiva-de-homem-suspeito-de-matar-filha-da-atriz-delfina-cruz\/#breadcrumb\"},\"inLanguage\":\"pt-PT\",\"potentialAction\":[{\"@type\":\"ReadAction\",\"target\":[\"https:\/\/portaltela.pt\/noticias\/2026\/02\/03\/prisao-preventiva-de-homem-suspeito-de-matar-filha-da-atriz-delfina-cruz\/\"]}]},{\"@type\":\"ImageObject\",\"inLanguage\":\"pt-PT\",\"@id\":\"https:\/\/portaltela.pt\/noticias\/2026\/02\/03\/prisao-preventiva-de-homem-suspeito-de-matar-filha-da-atriz-delfina-cruz\/#primaryimage\",\"url\":\"https:\/\/portaltela.pt\/s.01k8rhncp4jt1\/2026\/02\/img_1280x722uu2026-01-23-21-30-23-2262207-1.jpg\",\"contentUrl\":\"https:\/\/portaltela.pt\/s.01k8rhncp4jt1\/2026\/02\/img_1280x722uu2026-01-23-21-30-23-2262207-1.jpg\",\"width\":796,\"height\":448,\"caption\":\"Photo\"},{\"@type\":\"BreadcrumbList\",\"@id\":\"https:\/\/portaltela.pt\/noticias\/2026\/02\/03\/prisao-preventiva-de-homem-suspeito-de-matar-filha-da-atriz-delfina-cruz\/#breadcrumb\",\"itemListElement\":[{\"@type\":\"ListItem\",\"position\":1,\"name\":\"In\u00edcio\",\"item\":\"https:\/\/portaltela.pt\/\"},{\"@type\":\"ListItem\",\"position\":2,\"name\":\"Pris\u00e3o preventiva de homem suspeito de matar filha da atriz Delfina Cruz\"}]},{\"@type\":\"WebSite\",\"@id\":\"https:\/\/portaltela.pt\/#website\",\"url\":\"https:\/\/portaltela.pt\/\",\"name\":\"Portal Tela Portugal\",\"description\":\"\",\"potentialAction\":[{\"@type\":\"SearchAction\",\"target\":{\"@type\":\"EntryPoint\",\"urlTemplate\":\"https:\/\/portaltela.pt\/?s={search_term_string}\"},\"query-input\":{\"@type\":\"PropertyValueSpecification\",\"valueRequired\":true,\"valueName\":\"search_term_string\"}}],\"inLanguage\":\"pt-PT\"},{\"@type\":\"Person\",\"@id\":\"https:\/\/portaltela.pt\/#\/schema\/person\/c4278d4a6028830caff9ee44b42d32ed\",\"name\":\"Telinha\",\"image\":{\"@type\":\"ImageObject\",\"inLanguage\":\"pt-PT\",\"@id\":\"https:\/\/portaltela.pt\/s.01k8rhncp4jt1\/2025\/11\/talking-bot-125x125.png\",\"url\":\"https:\/\/portaltela.pt\/s.01k8rhncp4jt1\/2025\/11\/talking-bot-125x125.png\",\"contentUrl\":\"https:\/\/portaltela.pt\/s.01k8rhncp4jt1\/2025\/11\/talking-bot-125x125.png\",\"caption\":\"Telinha\"},\"sameAs\":[\"https:\/\/portaltela.pt\/\"],\"url\":\"https:\/\/portaltela.pt\/por\/367410592786\/\"}]}<\/script>\n<!-- \/ Yoast SEO plugin. -->","yoast_head_json":{"title":"Pris\u00e3o preventiva de homem suspeito de matar filha da atriz Delfina Cruz - Portal Tela Portugal","robots":{"index":"index","follow":"follow","max-snippet":"max-snippet:-1","max-image-preview":"max-image-preview:large","max-video-preview":"max-video-preview:-1"},"og_locale":"pt_PT","og_type":"article","og_title":"Pris\u00e3o preventiva de homem suspeito de matar filha da atriz Delfina Cruz - Portal Tela Portugal","og_description":"Um homem de 35 anos foi detido pela Pol\u00edcia Judici\u00e1ria de Lisboa por alegadamente ter assassinato a filha de 11 anos da atriz Delfina Cruz, na resid\u00eancia em Lisboa, na manh\u00e3 de s\u00e1bado. O suspeito confessou o crime \u00e0s autoridades. O juiz de instru\u00e7\u00e3o criminal decretou a pris\u00e3o preventiva do suspeito. A crian\u00e7a foi encontrada morta na resid\u00eancia com sinais de viol\u00eancia e transportada ao Hospital de Santa Maria, onde foi declarada morta. Delfina Cruz n\u00e3o se encontrava na casa no momento do crime e a investiga\u00e7\u00e3o pretende apurar as circunst\u00e2ncias e motiva\u00e7\u00f5es do homic\u00eddio.","og_url":"https:\/\/portaltela.pt\/noticias\/2026\/02\/03\/prisao-preventiva-de-homem-suspeito-de-matar-filha-da-atriz-delfina-cruz\/","og_site_name":"Portal Tela Portugal","article_published_time":"2026-02-03T09:52:02+00:00","author":"Telinha","twitter_card":"summary_large_image","twitter_misc":{"Escrito por":"Telinha","Tempo estimado de leitura":"1 minuto"},"schema":{"@context":"https:\/\/schema.org","@graph":[{"@type":"Article","@id":"https:\/\/portaltela.pt\/noticias\/2026\/02\/03\/prisao-preventiva-de-homem-suspeito-de-matar-filha-da-atriz-delfina-cruz\/#article","isPartOf":{"@id":"https:\/\/portaltela.pt\/noticias\/2026\/02\/03\/prisao-preventiva-de-homem-suspeito-de-matar-filha-da-atriz-delfina-cruz\/"},"author":{"name":"Telinha","@id":"https:\/\/portaltela.pt\/#\/schema\/person\/c4278d4a6028830caff9ee44b42d32ed"},"headline":"Pris\u00e3o preventiva de homem suspeito de matar filha da atriz Delfina Cruz","datePublished":"2026-02-03T09:52:02+00:00","mainEntityOfPage":{"@id":"https:\/\/portaltela.pt\/noticias\/2026\/02\/03\/prisao-preventiva-de-homem-suspeito-de-matar-filha-da-atriz-delfina-cruz\/"},"wordCount":178,"image":{"@id":"https:\/\/portaltela.pt\/noticias\/2026\/02\/03\/prisao-preventiva-de-homem-suspeito-de-matar-filha-da-atriz-delfina-cruz\/#primaryimage"},"thumbnailUrl":"https:\/\/portaltela.pt\/s.01k8rhncp4jt1\/2026\/02\/img_1280x722uu2026-01-23-21-30-23-2262207-1.jpg","keywords":["crime","homic\u00eddio","infantic\u00eddio","investiga\u00e7\u00e3o","Pol\u00edcia Judici\u00e1ria","Portugal"],"articleSection":["Not\u00edcias"],"inLanguage":"pt-PT"},{"@type":"WebPage","@id":"https:\/\/portaltela.pt\/noticias\/2026\/02\/03\/prisao-preventiva-de-homem-suspeito-de-matar-filha-da-atriz-delfina-cruz\/","url":"https:\/\/portaltela.pt\/noticias\/2026\/02\/03\/prisao-preventiva-de-homem-suspeito-de-matar-filha-da-atriz-delfina-cruz\/","name":"Pris\u00e3o preventiva de homem suspeito de matar filha da atriz Delfina Cruz - Portal Tela Portugal","isPartOf":{"@id":"https:\/\/portaltela.pt\/#website"},"primaryImageOfPage":{"@id":"https:\/\/portaltela.pt\/noticias\/2026\/02\/03\/prisao-preventiva-de-homem-suspeito-de-matar-filha-da-atriz-delfina-cruz\/#primaryimage"},"image":{"@id":"https:\/\/portaltela.pt\/noticias\/2026\/02\/03\/prisao-preventiva-de-homem-suspeito-de-matar-filha-da-atriz-delfina-cruz\/#primaryimage"},"thumbnailUrl":"https:\/\/portaltela.pt\/s.01k8rhncp4jt1\/2026\/02\/img_1280x722uu2026-01-23-21-30-23-2262207-1.jpg","datePublished":"2026-02-03T09:52:02+00:00","author":{"@id":"https:\/\/portaltela.pt\/#\/schema\/person\/c4278d4a6028830caff9ee44b42d32ed"},"breadcrumb":{"@id":"https:\/\/portaltela.pt\/noticias\/2026\/02\/03\/prisao-preventiva-de-homem-suspeito-de-matar-filha-da-atriz-delfina-cruz\/#breadcrumb"},"inLanguage":"pt-PT","potentialAction":[{"@type":"ReadAction","target":["https:\/\/portaltela.pt\/noticias\/2026\/02\/03\/prisao-preventiva-de-homem-suspeito-de-matar-filha-da-atriz-delfina-cruz\/"]}]},{"@type":"ImageObject","inLanguage":"pt-PT","@id":"https:\/\/portaltela.pt\/noticias\/2026\/02\/03\/prisao-preventiva-de-homem-suspeito-de-matar-filha-da-atriz-delfina-cruz\/#primaryimage","url":"https:\/\/portaltela.pt\/s.01k8rhncp4jt1\/2026\/02\/img_1280x722uu2026-01-23-21-30-23-2262207-1.jpg","contentUrl":"https:\/\/portaltela.pt\/s.01k8rhncp4jt1\/2026\/02\/img_1280x722uu2026-01-23-21-30-23-2262207-1.jpg","width":796,"height":448,"caption":"Photo"},{"@type":"BreadcrumbList","@id":"https:\/\/portaltela.pt\/noticias\/2026\/02\/03\/prisao-preventiva-de-homem-suspeito-de-matar-filha-da-atriz-delfina-cruz\/#breadcrumb","itemListElement":[{"@type":"ListItem","position":1,"name":"In\u00edcio","item":"https:\/\/portaltela.pt\/"},{"@type":"ListItem","position":2,"name":"Pris\u00e3o preventiva de homem suspeito de matar filha da atriz Delfina Cruz"}]},{"@type":"WebSite","@id":"https:\/\/portaltela.pt\/#website","url":"https:\/\/portaltela.pt\/","name":"Portal Tela Portugal","description":"","potentialAction":[{"@type":"SearchAction","target":{"@type":"EntryPoint","urlTemplate":"https:\/\/portaltela.pt\/?s={search_term_string}"},"query-input":{"@type":"PropertyValueSpecification","valueRequired":true,"valueName":"search_term_string"}}],"inLanguage":"pt-PT"},{"@type":"Person","@id":"https:\/\/portaltela.pt\/#\/schema\/person\/c4278d4a6028830caff9ee44b42d32ed","name":"Telinha","image":{"@type":"ImageObject","inLanguage":"pt-PT","@id":"https:\/\/portaltela.pt\/s.01k8rhncp4jt1\/2025\/11\/talking-bot-125x125.png","url":"https:\/\/portaltela.pt\/s.01k8rhncp4jt1\/2025\/11\/talking-bot-125x125.png","contentUrl":"https:\/\/portaltela.pt\/s.01k8rhncp4jt1\/2025\/11\/talking-bot-125x125.png","caption":"Telinha"},"sameAs":["https:\/\/portaltela.pt\/"],"url":"https:\/\/portaltela.pt\/por\/367410592786\/"}]}},"_links":{"self":[{"href":"https:\/\/portaltela.pt\/api\/wp\/v2\/posts\/193159","targetHints":{"allow":["GET"]}}],"collection":[{"href":"https:\/\/portaltela.pt\/api\/wp\/v2\/posts"}],"about":[{"href":"https:\/\/portaltela.pt\/api\/wp\/v2\/types\/post"}],"author":[{"embeddable":true,"href":"https:\/\/portaltela.pt\/api\/wp\/v2\/users\/2"}],"replies":[{"embeddable":true,"href":"https:\/\/portaltela.pt\/api\/wp\/v2\/comments?post=193159"}],"version-history":[{"count":0,"href":"https:\/\/portaltela.pt\/api\/wp\/v2\/posts\/193159\/revisions"}],"wp:featuredmedia":[{"embeddable":true,"href":"https:\/\/portaltela.pt\/api\/wp\/v2\/media\/193161"}],"wp:attachment":[{"href":"https:\/\/portaltela.pt\/api\/wp\/v2\/media?parent=193159"}],"wp:term":[{"taxonomy":"category","embeddable":true,"href":"https:\/\/portaltela.pt\/api\/wp\/v2\/categories?post=193159"},{"taxonomy":"post_tag","embeddable":true,"href":"https:\/\/portaltela.pt\/api\/wp\/v2\/tags?post=193159"}],"curies":[{"name":"wp","href":"https:\/\/api.w.org\/{rel}","templated":true}]}}