{"id":193158,"date":"2026-02-03T06:59:00","date_gmt":"2026-02-03T09:59:00","guid":{"rendered":"https:\/\/portaltela.pt\/noticias\/2026\/02\/03\/queda-de-neve-condiciona-transporte-escolar-em-vila-pouca-de-aguiar\/"},"modified":"2026-02-03T06:59:00","modified_gmt":"2026-02-03T09:59:00","slug":"queda-de-neve-condiciona-transporte-escolar-em-vila-pouca-de-aguiar","status":"publish","type":"post","link":"https:\/\/portaltela.pt\/noticias\/2026\/02\/03\/queda-de-neve-condiciona-transporte-escolar-em-vila-pouca-de-aguiar\/","title":{"rendered":"Queda de neve condiciona transporte escolar em Vila Pouca de Aguiar"},"content":{"rendered":"<p>O munic\u00edpio de Vila Pouca de Aguiar, no distrito de Vila Real, informou hoje que a queda de neve condicionou o transporte escolar.<\/p>\n<p>Devido \u00e0 neve, o servi\u00e7o ficou suspenso para alunos de algumas aldeias do territ\u00f3rio de Alv\u00e3o e, igualmente, em Jales.<\/p>\n<p>As autoridades locais n\u00e3o detalharam a previs\u00e3o de retoma, mantendo a avalia\u00e7\u00e3o das condi\u00e7\u00f5es clim\u00e1ticas da regi\u00e3o.<\/p>\n<p>A decis\u00e3o resulta das dificuldades de circula\u00e7\u00e3o nas vias secund\u00e1rias, onde as vias podem apresentar dificuldade de acesso.<\/p>\n<p>A situa\u00e7\u00e3o foi confirmada pela autarquia sem mencionar alternativas de transporte ou apoios aos encarregados de educa\u00e7\u00e3o.<\/p>\n","protected":false},"excerpt":{"rendered":"<ul>\n<li>O munic\u00edpio de Vila Pouca de Aguiar, no distrito de Vila Real, informou hoje que, devido \u00e0 queda de neve, n\u00e3o foi poss\u00edvel o transporte de alunos de algumas aldeias do Alv\u00e3o.<\/li>\n<\/ul>\n<p>\u2022<\/p>\n<ul>\n<li>O transporte escolar est\u00e1 suspenso tamb\u00e9m em Jales.<\/li>\n<\/ul>\n<p>\u2022<\/p>\n<ul>\n<li>O conte\u00fado completo est\u00e1 dispon\u00edvel apenas para subscritores.<\/li>\n<\/ul>\n","protected":false},"author":2,"featured_media":0,"comment_status":"closed","ping_status":"closed","sticky":false,"template":"","format":"standard","meta":{"footnotes":""},"categories":[1],"tags":[4051,5224,4918,192,3912,1665],"class_list":["post-193158","post","type-post","status-publish","format-standard","hentry","category-noticias","tag-alvao","tag-clima","tag-queda-de-neve","tag-transporte","tag-transporte-escolar","tag-vila-real"],"yoast_head":"<!-- This site is optimized with the Yoast SEO plugin v27.2 - https:\/\/yoast.com\/product\/yoast-seo-wordpress\/ -->\n<title>Queda de neve condiciona transporte escolar em Vila Pouca de Aguiar - Portal Tela Portugal<\/title>\n<meta name=\"robots\" content=\"index, follow, max-snippet:-1, max-image-preview:large, max-video-preview:-1\" \/>\n<meta property=\"og:locale\" content=\"pt_PT\" \/>\n<meta property=\"og:type\" content=\"article\" \/>\n<meta property=\"og:title\" content=\"Queda de neve condiciona transporte escolar em Vila Pouca de Aguiar - Portal Tela Portugal\" \/>\n<meta property=\"og:description\" content=\"O munic\u00edpio de Vila Pouca de Aguiar, no distrito de Vila Real, informou hoje que, devido \u00e0 queda de neve, n\u00e3o foi poss\u00edvel o transporte de alunos de algumas aldeias do Alv\u00e3o. \u2022 O transporte escolar est\u00e1 suspenso tamb\u00e9m em Jales. \u2022 O conte\u00fado completo est\u00e1 dispon\u00edvel apenas para subscritores.\" \/>\n<meta property=\"og:url\" content=\"https:\/\/portaltela.pt\/noticias\/2026\/02\/03\/queda-de-neve-condiciona-transporte-escolar-em-vila-pouca-de-aguiar\/\" \/>\n<meta property=\"og:site_name\" content=\"Portal Tela Portugal\" \/>\n<meta property=\"article:published_time\" content=\"2026-02-03T09:59:00+00:00\" \/>\n<meta name=\"author\" content=\"Telinha\" \/>\n<meta name=\"twitter:card\" content=\"summary_large_image\" \/>\n<meta name=\"twitter:label1\" content=\"Escrito por\" \/>\n\t<meta name=\"twitter:data1\" content=\"Telinha\" \/>\n\t<meta name=\"twitter:label2\" content=\"Tempo estimado de leitura\" \/>\n\t<meta name=\"twitter:data2\" content=\"1 minuto\" \/>\n<script type=\"application\/ld+json\" class=\"yoast-schema-graph\">{\"@context\":\"https:\/\/schema.org\",\"@graph\":[{\"@type\":\"Article\",\"@id\":\"https:\/\/portaltela.pt\/noticias\/2026\/02\/03\/queda-de-neve-condiciona-transporte-escolar-em-vila-pouca-de-aguiar\/#article\",\"isPartOf\":{\"@id\":\"https:\/\/portaltela.pt\/noticias\/2026\/02\/03\/queda-de-neve-condiciona-transporte-escolar-em-vila-pouca-de-aguiar\/\"},\"author\":{\"name\":\"Telinha\",\"@id\":\"https:\/\/portaltela.pt\/#\/schema\/person\/c4278d4a6028830caff9ee44b42d32ed\"},\"headline\":\"Queda de neve condiciona transporte escolar em Vila Pouca de Aguiar\",\"datePublished\":\"2026-02-03T09:59:00+00:00\",\"mainEntityOfPage\":{\"@id\":\"https:\/\/portaltela.pt\/noticias\/2026\/02\/03\/queda-de-neve-condiciona-transporte-escolar-em-vila-pouca-de-aguiar\/\"},\"wordCount\":120,\"keywords\":[\"Alv\u00e3o\",\"clima\",\"queda de neve\",\"transporte\",\"transporte escolar\",\"Vila Real\"],\"articleSection\":[\"Not\u00edcias\"],\"inLanguage\":\"pt-PT\"},{\"@type\":\"WebPage\",\"@id\":\"https:\/\/portaltela.pt\/noticias\/2026\/02\/03\/queda-de-neve-condiciona-transporte-escolar-em-vila-pouca-de-aguiar\/\",\"url\":\"https:\/\/portaltela.pt\/noticias\/2026\/02\/03\/queda-de-neve-condiciona-transporte-escolar-em-vila-pouca-de-aguiar\/\",\"name\":\"Queda de neve condiciona transporte escolar em Vila Pouca de Aguiar - Portal Tela Portugal\",\"isPartOf\":{\"@id\":\"https:\/\/portaltela.pt\/#website\"},\"datePublished\":\"2026-02-03T09:59:00+00:00\",\"author\":{\"@id\":\"https:\/\/portaltela.pt\/#\/schema\/person\/c4278d4a6028830caff9ee44b42d32ed\"},\"breadcrumb\":{\"@id\":\"https:\/\/portaltela.pt\/noticias\/2026\/02\/03\/queda-de-neve-condiciona-transporte-escolar-em-vila-pouca-de-aguiar\/#breadcrumb\"},\"inLanguage\":\"pt-PT\",\"potentialAction\":[{\"@type\":\"ReadAction\",\"target\":[\"https:\/\/portaltela.pt\/noticias\/2026\/02\/03\/queda-de-neve-condiciona-transporte-escolar-em-vila-pouca-de-aguiar\/\"]}]},{\"@type\":\"BreadcrumbList\",\"@id\":\"https:\/\/portaltela.pt\/noticias\/2026\/02\/03\/queda-de-neve-condiciona-transporte-escolar-em-vila-pouca-de-aguiar\/#breadcrumb\",\"itemListElement\":[{\"@type\":\"ListItem\",\"position\":1,\"name\":\"In\u00edcio\",\"item\":\"https:\/\/portaltela.pt\/\"},{\"@type\":\"ListItem\",\"position\":2,\"name\":\"Queda de neve condiciona transporte escolar em Vila Pouca de Aguiar\"}]},{\"@type\":\"WebSite\",\"@id\":\"https:\/\/portaltela.pt\/#website\",\"url\":\"https:\/\/portaltela.pt\/\",\"name\":\"Portal Tela Portugal\",\"description\":\"\",\"potentialAction\":[{\"@type\":\"SearchAction\",\"target\":{\"@type\":\"EntryPoint\",\"urlTemplate\":\"https:\/\/portaltela.pt\/?s={search_term_string}\"},\"query-input\":{\"@type\":\"PropertyValueSpecification\",\"valueRequired\":true,\"valueName\":\"search_term_string\"}}],\"inLanguage\":\"pt-PT\"},{\"@type\":\"Person\",\"@id\":\"https:\/\/portaltela.pt\/#\/schema\/person\/c4278d4a6028830caff9ee44b42d32ed\",\"name\":\"Telinha\",\"image\":{\"@type\":\"ImageObject\",\"inLanguage\":\"pt-PT\",\"@id\":\"https:\/\/portaltela.pt\/s.01k8rhncp4jt1\/2025\/11\/talking-bot-125x125.png\",\"url\":\"https:\/\/portaltela.pt\/s.01k8rhncp4jt1\/2025\/11\/talking-bot-125x125.png\",\"contentUrl\":\"https:\/\/portaltela.pt\/s.01k8rhncp4jt1\/2025\/11\/talking-bot-125x125.png\",\"caption\":\"Telinha\"},\"sameAs\":[\"https:\/\/portaltela.pt\/\"],\"url\":\"https:\/\/portaltela.pt\/por\/367410592786\/\"}]}<\/script>\n<!-- \/ Yoast SEO plugin. -->","yoast_head_json":{"title":"Queda de neve condiciona transporte escolar em Vila Pouca de Aguiar - Portal Tela Portugal","robots":{"index":"index","follow":"follow","max-snippet":"max-snippet:-1","max-image-preview":"max-image-preview:large","max-video-preview":"max-video-preview:-1"},"og_locale":"pt_PT","og_type":"article","og_title":"Queda de neve condiciona transporte escolar em Vila Pouca de Aguiar - Portal Tela Portugal","og_description":"O munic\u00edpio de Vila Pouca de Aguiar, no distrito de Vila Real, informou hoje que, devido \u00e0 queda de neve, n\u00e3o foi poss\u00edvel o transporte de alunos de algumas aldeias do Alv\u00e3o. \u2022 O transporte escolar est\u00e1 suspenso tamb\u00e9m em Jales. \u2022 O conte\u00fado completo est\u00e1 dispon\u00edvel apenas para subscritores.","og_url":"https:\/\/portaltela.pt\/noticias\/2026\/02\/03\/queda-de-neve-condiciona-transporte-escolar-em-vila-pouca-de-aguiar\/","og_site_name":"Portal Tela Portugal","article_published_time":"2026-02-03T09:59:00+00:00","author":"Telinha","twitter_card":"summary_large_image","twitter_misc":{"Escrito por":"Telinha","Tempo estimado de leitura":"1 minuto"},"schema":{"@context":"https:\/\/schema.org","@graph":[{"@type":"Article","@id":"https:\/\/portaltela.pt\/noticias\/2026\/02\/03\/queda-de-neve-condiciona-transporte-escolar-em-vila-pouca-de-aguiar\/#article","isPartOf":{"@id":"https:\/\/portaltela.pt\/noticias\/2026\/02\/03\/queda-de-neve-condiciona-transporte-escolar-em-vila-pouca-de-aguiar\/"},"author":{"name":"Telinha","@id":"https:\/\/portaltela.pt\/#\/schema\/person\/c4278d4a6028830caff9ee44b42d32ed"},"headline":"Queda de neve condiciona transporte escolar em Vila Pouca de Aguiar","datePublished":"2026-02-03T09:59:00+00:00","mainEntityOfPage":{"@id":"https:\/\/portaltela.pt\/noticias\/2026\/02\/03\/queda-de-neve-condiciona-transporte-escolar-em-vila-pouca-de-aguiar\/"},"wordCount":120,"keywords":["Alv\u00e3o","clima","queda de neve","transporte","transporte escolar","Vila Real"],"articleSection":["Not\u00edcias"],"inLanguage":"pt-PT"},{"@type":"WebPage","@id":"https:\/\/portaltela.pt\/noticias\/2026\/02\/03\/queda-de-neve-condiciona-transporte-escolar-em-vila-pouca-de-aguiar\/","url":"https:\/\/portaltela.pt\/noticias\/2026\/02\/03\/queda-de-neve-condiciona-transporte-escolar-em-vila-pouca-de-aguiar\/","name":"Queda de neve condiciona transporte escolar em Vila Pouca de Aguiar - Portal Tela Portugal","isPartOf":{"@id":"https:\/\/portaltela.pt\/#website"},"datePublished":"2026-02-03T09:59:00+00:00","author":{"@id":"https:\/\/portaltela.pt\/#\/schema\/person\/c4278d4a6028830caff9ee44b42d32ed"},"breadcrumb":{"@id":"https:\/\/portaltela.pt\/noticias\/2026\/02\/03\/queda-de-neve-condiciona-transporte-escolar-em-vila-pouca-de-aguiar\/#breadcrumb"},"inLanguage":"pt-PT","potentialAction":[{"@type":"ReadAction","target":["https:\/\/portaltela.pt\/noticias\/2026\/02\/03\/queda-de-neve-condiciona-transporte-escolar-em-vila-pouca-de-aguiar\/"]}]},{"@type":"BreadcrumbList","@id":"https:\/\/portaltela.pt\/noticias\/2026\/02\/03\/queda-de-neve-condiciona-transporte-escolar-em-vila-pouca-de-aguiar\/#breadcrumb","itemListElement":[{"@type":"ListItem","position":1,"name":"In\u00edcio","item":"https:\/\/portaltela.pt\/"},{"@type":"ListItem","position":2,"name":"Queda de neve condiciona transporte escolar em Vila Pouca de Aguiar"}]},{"@type":"WebSite","@id":"https:\/\/portaltela.pt\/#website","url":"https:\/\/portaltela.pt\/","name":"Portal Tela Portugal","description":"","potentialAction":[{"@type":"SearchAction","target":{"@type":"EntryPoint","urlTemplate":"https:\/\/portaltela.pt\/?s={search_term_string}"},"query-input":{"@type":"PropertyValueSpecification","valueRequired":true,"valueName":"search_term_string"}}],"inLanguage":"pt-PT"},{"@type":"Person","@id":"https:\/\/portaltela.pt\/#\/schema\/person\/c4278d4a6028830caff9ee44b42d32ed","name":"Telinha","image":{"@type":"ImageObject","inLanguage":"pt-PT","@id":"https:\/\/portaltela.pt\/s.01k8rhncp4jt1\/2025\/11\/talking-bot-125x125.png","url":"https:\/\/portaltela.pt\/s.01k8rhncp4jt1\/2025\/11\/talking-bot-125x125.png","contentUrl":"https:\/\/portaltela.pt\/s.01k8rhncp4jt1\/2025\/11\/talking-bot-125x125.png","caption":"Telinha"},"sameAs":["https:\/\/portaltela.pt\/"],"url":"https:\/\/portaltela.pt\/por\/367410592786\/"}]}},"_links":{"self":[{"href":"https:\/\/portaltela.pt\/api\/wp\/v2\/posts\/193158","targetHints":{"allow":["GET"]}}],"collection":[{"href":"https:\/\/portaltela.pt\/api\/wp\/v2\/posts"}],"about":[{"href":"https:\/\/portaltela.pt\/api\/wp\/v2\/types\/post"}],"author":[{"embeddable":true,"href":"https:\/\/portaltela.pt\/api\/wp\/v2\/users\/2"}],"replies":[{"embeddable":true,"href":"https:\/\/portaltela.pt\/api\/wp\/v2\/comments?post=193158"}],"version-history":[{"count":0,"href":"https:\/\/portaltela.pt\/api\/wp\/v2\/posts\/193158\/revisions"}],"wp:attachment":[{"href":"https:\/\/portaltela.pt\/api\/wp\/v2\/media?parent=193158"}],"wp:term":[{"taxonomy":"category","embeddable":true,"href":"https:\/\/portaltela.pt\/api\/wp\/v2\/categories?post=193158"},{"taxonomy":"post_tag","embeddable":true,"href":"https:\/\/portaltela.pt\/api\/wp\/v2\/tags?post=193158"}],"curies":[{"name":"wp","href":"https:\/\/api.w.org\/{rel}","templated":true}]}}