{"id":193143,"date":"2026-02-03T06:22:38","date_gmt":"2026-02-03T09:22:38","guid":{"rendered":"https:\/\/portaltela.pt\/noticias\/2026\/02\/03\/angola-e-banco-mundial-lancam-mecanismo-de-coordenacao-para-o-corredor-do-lobito\/"},"modified":"2026-02-03T06:22:38","modified_gmt":"2026-02-03T09:22:38","slug":"angola-e-banco-mundial-lancam-mecanismo-de-coordenacao-para-o-corredor-do-lobito","status":"publish","type":"post","link":"https:\/\/portaltela.pt\/noticias\/2026\/02\/03\/angola-e-banco-mundial-lancam-mecanismo-de-coordenacao-para-o-corredor-do-lobito\/","title":{"rendered":"Angola e Banco Mundial lan\u00e7am mecanismo de coordena\u00e7\u00e3o para o Corredor do Lobito"},"content":{"rendered":"<p>O Governo de Angola, em parceria com o Banco Mundial, promoveu hoje, 5 de mar\u00e7o, no Hotel InterContinental de Luanda, a Reuni\u00e3o Inaugural de Coordena\u00e7\u00e3o sobre o Corredor do Lobito. O objetivo \u00e9 lan\u00e7ar um mecanismo regional de coordena\u00e7\u00e3o para acelerar o desenvolvimento do corredor.<\/p>\n<p>O encontro, de alto n\u00edvel, reuniu representantes de Angola, da Rep\u00fablica Democr\u00e1tica do Congo e da Z\u00e2mbia, bem como l\u00edderes de organiza\u00e7\u00f5es multilaterais, institui\u00e7\u00f5es financeiras e parceiros de desenvolvimento. A mobiliza\u00e7\u00e3o evidencia o compromisso com o projeto.<\/p>\n<p>A reuni\u00e3o visa alinhar prioridades e refor\u00e7ar a coopera\u00e7\u00e3o entre os tr\u00eas pa\u00edses e seus parceiros t\u00e9cnicos e financeiros. A agenda foca em transporte ferrovi\u00e1rio, log\u00edstica, facilita\u00e7\u00e3o do com\u00e9rcio, moderniza\u00e7\u00e3o de infra-estruturas, energia sustent\u00e1vel e desenvolvimento de cadeias de valor.<\/p>\n<p>O Corredor do Lobito liga o Porto do Lobito a redes de transporte na RDC e na Z\u00e2mbia, atravessando Angola e conectando mercados regionais. O projeto \u00e9 visto como fundamental para desbloquear o potencial econ\u00f3mico do interior da \u00c1frica Central e promover o com\u00e9rcio intrarregional.<\/p>\n","protected":false},"excerpt":{"rendered":"<ul>\n<li>Governo de Angola e o Banco Mundial promovem, em Luanda, a Reuni\u00e3o Inaugural de Coordena\u00e7\u00e3o sobre o Corredor do Lobito, na quinta-feira, 5, no Hotel Intercontinental.<\/li>\n<\/ul>\n<p>\u2022<\/p>\n<ul>\n<li>O encontro re\u00fane altas entidades de Angola, da Rep\u00fablica Democr\u00e1tica do Congo e da Z\u00e2mbia, bem como l\u00edderes de organiza\u00e7\u00f5es multilaterais, institui\u00e7\u00f5es financeiras e parceiros de desenvolvimento.<\/li>\n<\/ul>\n<p>\u2022<\/p>\n<ul>\n<li>O objetivo \u00e9 alinhar prioridades estrat\u00e9gicas e refor\u00e7ar a coordena\u00e7\u00e3o entre os tr\u00eas pa\u00edses e os parceiros t\u00e9cnicos e financeiros, para acelerar a implementa\u00e7\u00e3o de projetos estruturantes.<\/li>\n<\/ul>\n<p>\u2022<\/p>\n<ul>\n<li>As \u00e1reas\u2011chave incluem transporte ferrovi\u00e1rio, log\u00edstica integrada, facilita\u00e7\u00e3o do com\u00e9rcio, moderniza\u00e7\u00e3o de infra\u2011estruturas, energia sustent\u00e1vel, cadeias de valor agr\u00edcolas e minerais e desenvolvimento econ\u00f3mico e social ao longo do corredor.<\/li>\n<\/ul>\n<p>\u2022<\/p>\n<ul>\n<li>O Corredor do Lobito, que liga o Porto do Lobito aos mercados da Z\u00e2mbia e da Rep\u00fablica Democr\u00e1tica do Congo, \u00e9 visto como plataforma log\u00edstica crucial para \u00c1frica Austral e Central; a reuni\u00e3o aponta para uma coopera\u00e7\u00e3o mais estruturada para atrair investimento privado e criar empregos.<\/li>\n<\/ul>\n","protected":false},"author":2,"featured_media":193147,"comment_status":"closed","ping_status":"closed","sticky":false,"template":"","format":"standard","meta":{"footnotes":""},"categories":[1],"tags":[4837,256,5231,961,2064,192],"class_list":["post-193143","post","type-post","status-publish","format-standard","has-post-thumbnail","hentry","category-noticias","tag-angola","tag-cooperacao-internacional","tag-energia-sustentavel","tag-logistica","tag-republica-democratica-do-congo","tag-transporte"],"yoast_head":"<!-- This site is optimized with the Yoast SEO plugin v27.2 - https:\/\/yoast.com\/product\/yoast-seo-wordpress\/ -->\n<title>Angola e Banco Mundial lan\u00e7am mecanismo de coordena\u00e7\u00e3o para o Corredor do Lobito - Portal Tela Portugal<\/title>\n<meta name=\"robots\" content=\"index, follow, max-snippet:-1, max-image-preview:large, max-video-preview:-1\" \/>\n<meta property=\"og:locale\" content=\"pt_PT\" \/>\n<meta property=\"og:type\" content=\"article\" \/>\n<meta property=\"og:title\" content=\"Angola e Banco Mundial lan\u00e7am mecanismo de coordena\u00e7\u00e3o para o Corredor do Lobito - Portal Tela Portugal\" \/>\n<meta property=\"og:description\" content=\"Governo de Angola e o Banco Mundial promovem, em Luanda, a Reuni\u00e3o Inaugural de Coordena\u00e7\u00e3o sobre o Corredor do Lobito, na quinta-feira, 5, no Hotel Intercontinental. \u2022 O encontro re\u00fane altas entidades de Angola, da Rep\u00fablica Democr\u00e1tica do Congo e da Z\u00e2mbia, bem como l\u00edderes de organiza\u00e7\u00f5es multilaterais, institui\u00e7\u00f5es financeiras e parceiros de desenvolvimento. \u2022 O objetivo \u00e9 alinhar prioridades estrat\u00e9gicas e refor\u00e7ar a coordena\u00e7\u00e3o entre os tr\u00eas pa\u00edses e os parceiros t\u00e9cnicos e financeiros, para acelerar a implementa\u00e7\u00e3o de projetos estruturantes. \u2022 As \u00e1reas\u2011chave incluem transporte ferrovi\u00e1rio, log\u00edstica integrada, facilita\u00e7\u00e3o do com\u00e9rcio, moderniza\u00e7\u00e3o de infra\u2011estruturas, energia sustent\u00e1vel, cadeias de valor agr\u00edcolas e minerais e desenvolvimento econ\u00f3mico e social ao longo do corredor. \u2022 O Corredor do Lobito, que liga o Porto do Lobito aos mercados da Z\u00e2mbia e da Rep\u00fablica Democr\u00e1tica do Congo, \u00e9 visto como plataforma log\u00edstica crucial para \u00c1frica Austral e Central; a reuni\u00e3o aponta para uma coopera\u00e7\u00e3o mais estruturada para atrair investimento privado e criar empregos.\" \/>\n<meta property=\"og:url\" content=\"https:\/\/portaltela.pt\/noticias\/2026\/02\/03\/angola-e-banco-mundial-lancam-mecanismo-de-coordenacao-para-o-corredor-do-lobito\/\" \/>\n<meta property=\"og:site_name\" content=\"Portal Tela Portugal\" \/>\n<meta property=\"article:published_time\" content=\"2026-02-03T09:22:38+00:00\" \/>\n<meta name=\"author\" content=\"Telinha\" \/>\n<meta name=\"twitter:card\" content=\"summary_large_image\" \/>\n<meta name=\"twitter:label1\" content=\"Escrito por\" \/>\n\t<meta name=\"twitter:data1\" content=\"Telinha\" \/>\n\t<meta name=\"twitter:label2\" content=\"Tempo estimado de leitura\" \/>\n\t<meta name=\"twitter:data2\" content=\"1 minuto\" \/>\n<script type=\"application\/ld+json\" class=\"yoast-schema-graph\">{\"@context\":\"https:\/\/schema.org\",\"@graph\":[{\"@type\":\"Article\",\"@id\":\"https:\/\/portaltela.pt\/noticias\/2026\/02\/03\/angola-e-banco-mundial-lancam-mecanismo-de-coordenacao-para-o-corredor-do-lobito\/#article\",\"isPartOf\":{\"@id\":\"https:\/\/portaltela.pt\/noticias\/2026\/02\/03\/angola-e-banco-mundial-lancam-mecanismo-de-coordenacao-para-o-corredor-do-lobito\/\"},\"author\":{\"name\":\"Telinha\",\"@id\":\"https:\/\/portaltela.pt\/#\/schema\/person\/c4278d4a6028830caff9ee44b42d32ed\"},\"headline\":\"Angola e Banco Mundial lan\u00e7am mecanismo de coordena\u00e7\u00e3o para o Corredor do Lobito\",\"datePublished\":\"2026-02-03T09:22:38+00:00\",\"mainEntityOfPage\":{\"@id\":\"https:\/\/portaltela.pt\/noticias\/2026\/02\/03\/angola-e-banco-mundial-lancam-mecanismo-de-coordenacao-para-o-corredor-do-lobito\/\"},\"wordCount\":207,\"image\":{\"@id\":\"https:\/\/portaltela.pt\/noticias\/2026\/02\/03\/angola-e-banco-mundial-lancam-mecanismo-de-coordenacao-para-o-corredor-do-lobito\/#primaryimage\"},\"thumbnailUrl\":\"https:\/\/portaltela.pt\/s.01k8rhncp4jt1\/2026\/02\/unnamed-file-714.jpg\",\"keywords\":[\"Angola\",\"coopera\u00e7\u00e3o internacional\",\"Energia sustent\u00e1vel\",\"Log\u00edstica\",\"Rep\u00fablica Democr\u00e1tica do Congo\",\"transporte\"],\"articleSection\":[\"Not\u00edcias\"],\"inLanguage\":\"pt-PT\"},{\"@type\":\"WebPage\",\"@id\":\"https:\/\/portaltela.pt\/noticias\/2026\/02\/03\/angola-e-banco-mundial-lancam-mecanismo-de-coordenacao-para-o-corredor-do-lobito\/\",\"url\":\"https:\/\/portaltela.pt\/noticias\/2026\/02\/03\/angola-e-banco-mundial-lancam-mecanismo-de-coordenacao-para-o-corredor-do-lobito\/\",\"name\":\"Angola e Banco Mundial lan\u00e7am mecanismo de coordena\u00e7\u00e3o para o Corredor do Lobito - Portal Tela Portugal\",\"isPartOf\":{\"@id\":\"https:\/\/portaltela.pt\/#website\"},\"primaryImageOfPage\":{\"@id\":\"https:\/\/portaltela.pt\/noticias\/2026\/02\/03\/angola-e-banco-mundial-lancam-mecanismo-de-coordenacao-para-o-corredor-do-lobito\/#primaryimage\"},\"image\":{\"@id\":\"https:\/\/portaltela.pt\/noticias\/2026\/02\/03\/angola-e-banco-mundial-lancam-mecanismo-de-coordenacao-para-o-corredor-do-lobito\/#primaryimage\"},\"thumbnailUrl\":\"https:\/\/portaltela.pt\/s.01k8rhncp4jt1\/2026\/02\/unnamed-file-714.jpg\",\"datePublished\":\"2026-02-03T09:22:38+00:00\",\"author\":{\"@id\":\"https:\/\/portaltela.pt\/#\/schema\/person\/c4278d4a6028830caff9ee44b42d32ed\"},\"breadcrumb\":{\"@id\":\"https:\/\/portaltela.pt\/noticias\/2026\/02\/03\/angola-e-banco-mundial-lancam-mecanismo-de-coordenacao-para-o-corredor-do-lobito\/#breadcrumb\"},\"inLanguage\":\"pt-PT\",\"potentialAction\":[{\"@type\":\"ReadAction\",\"target\":[\"https:\/\/portaltela.pt\/noticias\/2026\/02\/03\/angola-e-banco-mundial-lancam-mecanismo-de-coordenacao-para-o-corredor-do-lobito\/\"]}]},{\"@type\":\"ImageObject\",\"inLanguage\":\"pt-PT\",\"@id\":\"https:\/\/portaltela.pt\/noticias\/2026\/02\/03\/angola-e-banco-mundial-lancam-mecanismo-de-coordenacao-para-o-corredor-do-lobito\/#primaryimage\",\"url\":\"https:\/\/portaltela.pt\/s.01k8rhncp4jt1\/2026\/02\/unnamed-file-714.jpg\",\"contentUrl\":\"https:\/\/portaltela.pt\/s.01k8rhncp4jt1\/2026\/02\/unnamed-file-714.jpg\",\"width\":796,\"height\":448,\"caption\":\"Governo de Angola e Banco Mundial lan\u00e7am novo mecanismo de coordena\u00e7\u00e3o para o Corredor do Lobito\"},{\"@type\":\"BreadcrumbList\",\"@id\":\"https:\/\/portaltela.pt\/noticias\/2026\/02\/03\/angola-e-banco-mundial-lancam-mecanismo-de-coordenacao-para-o-corredor-do-lobito\/#breadcrumb\",\"itemListElement\":[{\"@type\":\"ListItem\",\"position\":1,\"name\":\"In\u00edcio\",\"item\":\"https:\/\/portaltela.pt\/\"},{\"@type\":\"ListItem\",\"position\":2,\"name\":\"Angola e Banco Mundial lan\u00e7am mecanismo de coordena\u00e7\u00e3o para o Corredor do Lobito\"}]},{\"@type\":\"WebSite\",\"@id\":\"https:\/\/portaltela.pt\/#website\",\"url\":\"https:\/\/portaltela.pt\/\",\"name\":\"Portal Tela Portugal\",\"description\":\"\",\"potentialAction\":[{\"@type\":\"SearchAction\",\"target\":{\"@type\":\"EntryPoint\",\"urlTemplate\":\"https:\/\/portaltela.pt\/?s={search_term_string}\"},\"query-input\":{\"@type\":\"PropertyValueSpecification\",\"valueRequired\":true,\"valueName\":\"search_term_string\"}}],\"inLanguage\":\"pt-PT\"},{\"@type\":\"Person\",\"@id\":\"https:\/\/portaltela.pt\/#\/schema\/person\/c4278d4a6028830caff9ee44b42d32ed\",\"name\":\"Telinha\",\"image\":{\"@type\":\"ImageObject\",\"inLanguage\":\"pt-PT\",\"@id\":\"https:\/\/portaltela.pt\/s.01k8rhncp4jt1\/2025\/11\/talking-bot-125x125.png\",\"url\":\"https:\/\/portaltela.pt\/s.01k8rhncp4jt1\/2025\/11\/talking-bot-125x125.png\",\"contentUrl\":\"https:\/\/portaltela.pt\/s.01k8rhncp4jt1\/2025\/11\/talking-bot-125x125.png\",\"caption\":\"Telinha\"},\"sameAs\":[\"https:\/\/portaltela.pt\/\"],\"url\":\"https:\/\/portaltela.pt\/por\/367410592786\/\"}]}<\/script>\n<!-- \/ Yoast SEO plugin. -->","yoast_head_json":{"title":"Angola e Banco Mundial lan\u00e7am mecanismo de coordena\u00e7\u00e3o para o Corredor do Lobito - Portal Tela Portugal","robots":{"index":"index","follow":"follow","max-snippet":"max-snippet:-1","max-image-preview":"max-image-preview:large","max-video-preview":"max-video-preview:-1"},"og_locale":"pt_PT","og_type":"article","og_title":"Angola e Banco Mundial lan\u00e7am mecanismo de coordena\u00e7\u00e3o para o Corredor do Lobito - Portal Tela Portugal","og_description":"Governo de Angola e o Banco Mundial promovem, em Luanda, a Reuni\u00e3o Inaugural de Coordena\u00e7\u00e3o sobre o Corredor do Lobito, na quinta-feira, 5, no Hotel Intercontinental. \u2022 O encontro re\u00fane altas entidades de Angola, da Rep\u00fablica Democr\u00e1tica do Congo e da Z\u00e2mbia, bem como l\u00edderes de organiza\u00e7\u00f5es multilaterais, institui\u00e7\u00f5es financeiras e parceiros de desenvolvimento. \u2022 O objetivo \u00e9 alinhar prioridades estrat\u00e9gicas e refor\u00e7ar a coordena\u00e7\u00e3o entre os tr\u00eas pa\u00edses e os parceiros t\u00e9cnicos e financeiros, para acelerar a implementa\u00e7\u00e3o de projetos estruturantes. \u2022 As \u00e1reas\u2011chave incluem transporte ferrovi\u00e1rio, log\u00edstica integrada, facilita\u00e7\u00e3o do com\u00e9rcio, moderniza\u00e7\u00e3o de infra\u2011estruturas, energia sustent\u00e1vel, cadeias de valor agr\u00edcolas e minerais e desenvolvimento econ\u00f3mico e social ao longo do corredor. \u2022 O Corredor do Lobito, que liga o Porto do Lobito aos mercados da Z\u00e2mbia e da Rep\u00fablica Democr\u00e1tica do Congo, \u00e9 visto como plataforma log\u00edstica crucial para \u00c1frica Austral e Central; a reuni\u00e3o aponta para uma coopera\u00e7\u00e3o mais estruturada para atrair investimento privado e criar empregos.","og_url":"https:\/\/portaltela.pt\/noticias\/2026\/02\/03\/angola-e-banco-mundial-lancam-mecanismo-de-coordenacao-para-o-corredor-do-lobito\/","og_site_name":"Portal Tela Portugal","article_published_time":"2026-02-03T09:22:38+00:00","author":"Telinha","twitter_card":"summary_large_image","twitter_misc":{"Escrito por":"Telinha","Tempo estimado de leitura":"1 minuto"},"schema":{"@context":"https:\/\/schema.org","@graph":[{"@type":"Article","@id":"https:\/\/portaltela.pt\/noticias\/2026\/02\/03\/angola-e-banco-mundial-lancam-mecanismo-de-coordenacao-para-o-corredor-do-lobito\/#article","isPartOf":{"@id":"https:\/\/portaltela.pt\/noticias\/2026\/02\/03\/angola-e-banco-mundial-lancam-mecanismo-de-coordenacao-para-o-corredor-do-lobito\/"},"author":{"name":"Telinha","@id":"https:\/\/portaltela.pt\/#\/schema\/person\/c4278d4a6028830caff9ee44b42d32ed"},"headline":"Angola e Banco Mundial lan\u00e7am mecanismo de coordena\u00e7\u00e3o para o Corredor do Lobito","datePublished":"2026-02-03T09:22:38+00:00","mainEntityOfPage":{"@id":"https:\/\/portaltela.pt\/noticias\/2026\/02\/03\/angola-e-banco-mundial-lancam-mecanismo-de-coordenacao-para-o-corredor-do-lobito\/"},"wordCount":207,"image":{"@id":"https:\/\/portaltela.pt\/noticias\/2026\/02\/03\/angola-e-banco-mundial-lancam-mecanismo-de-coordenacao-para-o-corredor-do-lobito\/#primaryimage"},"thumbnailUrl":"https:\/\/portaltela.pt\/s.01k8rhncp4jt1\/2026\/02\/unnamed-file-714.jpg","keywords":["Angola","coopera\u00e7\u00e3o internacional","Energia sustent\u00e1vel","Log\u00edstica","Rep\u00fablica Democr\u00e1tica do Congo","transporte"],"articleSection":["Not\u00edcias"],"inLanguage":"pt-PT"},{"@type":"WebPage","@id":"https:\/\/portaltela.pt\/noticias\/2026\/02\/03\/angola-e-banco-mundial-lancam-mecanismo-de-coordenacao-para-o-corredor-do-lobito\/","url":"https:\/\/portaltela.pt\/noticias\/2026\/02\/03\/angola-e-banco-mundial-lancam-mecanismo-de-coordenacao-para-o-corredor-do-lobito\/","name":"Angola e Banco Mundial lan\u00e7am mecanismo de coordena\u00e7\u00e3o para o Corredor do Lobito - Portal Tela Portugal","isPartOf":{"@id":"https:\/\/portaltela.pt\/#website"},"primaryImageOfPage":{"@id":"https:\/\/portaltela.pt\/noticias\/2026\/02\/03\/angola-e-banco-mundial-lancam-mecanismo-de-coordenacao-para-o-corredor-do-lobito\/#primaryimage"},"image":{"@id":"https:\/\/portaltela.pt\/noticias\/2026\/02\/03\/angola-e-banco-mundial-lancam-mecanismo-de-coordenacao-para-o-corredor-do-lobito\/#primaryimage"},"thumbnailUrl":"https:\/\/portaltela.pt\/s.01k8rhncp4jt1\/2026\/02\/unnamed-file-714.jpg","datePublished":"2026-02-03T09:22:38+00:00","author":{"@id":"https:\/\/portaltela.pt\/#\/schema\/person\/c4278d4a6028830caff9ee44b42d32ed"},"breadcrumb":{"@id":"https:\/\/portaltela.pt\/noticias\/2026\/02\/03\/angola-e-banco-mundial-lancam-mecanismo-de-coordenacao-para-o-corredor-do-lobito\/#breadcrumb"},"inLanguage":"pt-PT","potentialAction":[{"@type":"ReadAction","target":["https:\/\/portaltela.pt\/noticias\/2026\/02\/03\/angola-e-banco-mundial-lancam-mecanismo-de-coordenacao-para-o-corredor-do-lobito\/"]}]},{"@type":"ImageObject","inLanguage":"pt-PT","@id":"https:\/\/portaltela.pt\/noticias\/2026\/02\/03\/angola-e-banco-mundial-lancam-mecanismo-de-coordenacao-para-o-corredor-do-lobito\/#primaryimage","url":"https:\/\/portaltela.pt\/s.01k8rhncp4jt1\/2026\/02\/unnamed-file-714.jpg","contentUrl":"https:\/\/portaltela.pt\/s.01k8rhncp4jt1\/2026\/02\/unnamed-file-714.jpg","width":796,"height":448,"caption":"Governo de Angola e Banco Mundial lan\u00e7am novo mecanismo de coordena\u00e7\u00e3o para o Corredor do Lobito"},{"@type":"BreadcrumbList","@id":"https:\/\/portaltela.pt\/noticias\/2026\/02\/03\/angola-e-banco-mundial-lancam-mecanismo-de-coordenacao-para-o-corredor-do-lobito\/#breadcrumb","itemListElement":[{"@type":"ListItem","position":1,"name":"In\u00edcio","item":"https:\/\/portaltela.pt\/"},{"@type":"ListItem","position":2,"name":"Angola e Banco Mundial lan\u00e7am mecanismo de coordena\u00e7\u00e3o para o Corredor do Lobito"}]},{"@type":"WebSite","@id":"https:\/\/portaltela.pt\/#website","url":"https:\/\/portaltela.pt\/","name":"Portal Tela Portugal","description":"","potentialAction":[{"@type":"SearchAction","target":{"@type":"EntryPoint","urlTemplate":"https:\/\/portaltela.pt\/?s={search_term_string}"},"query-input":{"@type":"PropertyValueSpecification","valueRequired":true,"valueName":"search_term_string"}}],"inLanguage":"pt-PT"},{"@type":"Person","@id":"https:\/\/portaltela.pt\/#\/schema\/person\/c4278d4a6028830caff9ee44b42d32ed","name":"Telinha","image":{"@type":"ImageObject","inLanguage":"pt-PT","@id":"https:\/\/portaltela.pt\/s.01k8rhncp4jt1\/2025\/11\/talking-bot-125x125.png","url":"https:\/\/portaltela.pt\/s.01k8rhncp4jt1\/2025\/11\/talking-bot-125x125.png","contentUrl":"https:\/\/portaltela.pt\/s.01k8rhncp4jt1\/2025\/11\/talking-bot-125x125.png","caption":"Telinha"},"sameAs":["https:\/\/portaltela.pt\/"],"url":"https:\/\/portaltela.pt\/por\/367410592786\/"}]}},"_links":{"self":[{"href":"https:\/\/portaltela.pt\/api\/wp\/v2\/posts\/193143","targetHints":{"allow":["GET"]}}],"collection":[{"href":"https:\/\/portaltela.pt\/api\/wp\/v2\/posts"}],"about":[{"href":"https:\/\/portaltela.pt\/api\/wp\/v2\/types\/post"}],"author":[{"embeddable":true,"href":"https:\/\/portaltela.pt\/api\/wp\/v2\/users\/2"}],"replies":[{"embeddable":true,"href":"https:\/\/portaltela.pt\/api\/wp\/v2\/comments?post=193143"}],"version-history":[{"count":0,"href":"https:\/\/portaltela.pt\/api\/wp\/v2\/posts\/193143\/revisions"}],"wp:featuredmedia":[{"embeddable":true,"href":"https:\/\/portaltela.pt\/api\/wp\/v2\/media\/193147"}],"wp:attachment":[{"href":"https:\/\/portaltela.pt\/api\/wp\/v2\/media?parent=193143"}],"wp:term":[{"taxonomy":"category","embeddable":true,"href":"https:\/\/portaltela.pt\/api\/wp\/v2\/categories?post=193143"},{"taxonomy":"post_tag","embeddable":true,"href":"https:\/\/portaltela.pt\/api\/wp\/v2\/tags?post=193143"}],"curies":[{"name":"wp","href":"https:\/\/api.w.org\/{rel}","templated":true}]}}