{"id":193129,"date":"2026-02-03T06:19:56","date_gmt":"2026-02-03T09:19:56","guid":{"rendered":"https:\/\/portaltela.pt\/noticias\/2026\/02\/03\/proposta-do-jpp-para-rever-a-constituicao-gera-partidos-regionais\/"},"modified":"2026-02-03T06:19:56","modified_gmt":"2026-02-03T09:19:56","slug":"proposta-do-jpp-para-rever-a-constituicao-gera-partidos-regionais","status":"publish","type":"post","link":"https:\/\/portaltela.pt\/noticias\/politica\/2026\/02\/03\/proposta-do-jpp-para-rever-a-constituicao-gera-partidos-regionais\/","title":{"rendered":"Proposta do JPP para rever a Constitui\u00e7\u00e3o gera partidos regionais"},"content":{"rendered":"<p>O JPP apresentou uma proposta de revis\u00e3o da Constitui\u00e7\u00e3o visando refor\u00e7ar a autonomia da Madeira e dos A\u00e7ores. A interven\u00e7\u00e3o de \u00c9lvio Sousa abriu a sess\u00e3o plen\u00e1ria de hoje. O objetivo \u00e9 ampliar poderes pol\u00edticos, administrativos e financeiros.<\/p>\n<p>A proposta defende autonomia tribut\u00e1ria pr\u00f3pria, maior participa\u00e7\u00e3o regional em pol\u00edticas fiscal e financeira e compet\u00eancias legislativas regionais. O JPP considera que o Estatuto Pol\u00edtico-Administrativo est\u00e1 obsoleto h\u00e1 mais de 20 anos.<\/p>\n<p>A proposta altera o artigo 6.\u00ba da Constitui\u00e7\u00e3o para reconhecer a especificidade geogr\u00e1fica e econ\u00f3mica dos arquip\u00e9lagos. Seriam considerados custos da insularidade, dupla periferia e mobilidade de pessoas e bens.<\/p>\n<p>O documento defende ainda a consagra\u00e7\u00e3o constitucional de partidos regionais e candidaturas de grupos de cidad\u00e3os \u00e0s assembleias regionais e da Rep\u00fablica. A ideia \u00e9 permitir maior representa\u00e7\u00e3o regional.<\/p>\n<p>\u00c9lvio Sousa prop\u00f5e fortalecer a autonomia financeira e a governa\u00e7\u00e3o partilhada do mar e do dom\u00ednio p\u00fablico. Prop\u00f5e que as regi\u00f5es aut\u00f3nomas possam designar ju\u00edzes para o Tribunal Constitucional.<\/p>\n<p>O JPP defende a extin\u00e7\u00e3o do cargo de Representante da Rep\u00fablica. A representa\u00e7\u00e3o do Estado nas regi\u00f5es aut\u00f3nomas passaria a ser assegurada pelo Presidente da Rep\u00fablica.<\/p>\n<p>Na interven\u00e7\u00e3o, \u00c9lvio Sousa citou uma disputa em torno do cargo de Representante da Rep\u00fablica, sugerindo que h\u00e1 quem tenha d\u00favidas sobre o papel atual.<\/p>\n","protected":false},"excerpt":{"rendered":"<ul>\n<li>O JPP apresentou uma proposta de revis\u00e3o constitucional para refor\u00e7ar a autonomia pol\u00edtica, administrativa e financeira da Madeira, com poder tribut\u00e1rio pr\u00f3prio.<\/li>\n<li>Prop\u00f5e atualiza\u00e7\u00e3o do Estatuto Pol\u00edtico-Administrativo da Madeira e o reconhecimento da especificidade geogr\u00e1fica e econ\u00f3mica dos arquip\u00e9lagos, incluindo custos da insularidade e mobilidade de pessoas e bens.<\/li>\n<li>Sugere a consagra\u00e7\u00e3o constitucional de partidos regionais e candidaturas de grupos de cidad\u00e3os \u00e0s assembleias legislativas regionais e da Rep\u00fablica.<\/li>\n<li>Prev\u00ea maior participa\u00e7\u00e3o das regi\u00f5es aut\u00f3nomas na defini\u00e7\u00e3o de pol\u00edticas fiscais e financeiras, bem como na justi\u00e7a constitucional, com possibilidade de designar ju\u00edzes para o Tribunal Constitucional.<\/li>\n<li>Prop\u00f5e a extin\u00e7\u00e3o do cargo de Representante da Rep\u00fablica, mantendo a representa\u00e7\u00e3o do Estado nas regi\u00f5es aut\u00f3nomas a cargo do Presidente da Rep\u00fablica.<\/li>\n<\/ul>\n","protected":false},"author":2,"featured_media":193141,"comment_status":"closed","ping_status":"closed","sticky":false,"template":"","format":"standard","meta":{"footnotes":""},"categories":[1,5],"tags":[822,3344,4057,859,1732,2974],"class_list":["post-193129","post","type-post","status-publish","format-standard","has-post-thumbnail","hentry","category-noticias","category-politica","tag-acores","tag-autonomia-regional","tag-constituicao","tag-madeira","tag-partidos","tag-regioes-autonomas"],"yoast_head":"<!-- This site is optimized with the Yoast SEO plugin v27.2 - https:\/\/yoast.com\/product\/yoast-seo-wordpress\/ -->\n<title>Proposta do JPP para rever a Constitui\u00e7\u00e3o gera partidos regionais - Portal Tela Portugal<\/title>\n<meta name=\"robots\" content=\"index, follow, max-snippet:-1, max-image-preview:large, max-video-preview:-1\" \/>\n<meta property=\"og:locale\" content=\"pt_PT\" \/>\n<meta property=\"og:type\" content=\"article\" \/>\n<meta property=\"og:title\" content=\"Proposta do JPP para rever a Constitui\u00e7\u00e3o gera partidos regionais - Portal Tela Portugal\" \/>\n<meta property=\"og:description\" content=\"O JPP apresentou uma proposta de revis\u00e3o constitucional para refor\u00e7ar a autonomia pol\u00edtica, administrativa e financeira da Madeira, com poder tribut\u00e1rio pr\u00f3prio. Prop\u00f5e atualiza\u00e7\u00e3o do Estatuto Pol\u00edtico-Administrativo da Madeira e o reconhecimento da especificidade geogr\u00e1fica e econ\u00f3mica dos arquip\u00e9lagos, incluindo custos da insularidade e mobilidade de pessoas e bens. Sugere a consagra\u00e7\u00e3o constitucional de partidos regionais e candidaturas de grupos de cidad\u00e3os \u00e0s assembleias legislativas regionais e da Rep\u00fablica. Prev\u00ea maior participa\u00e7\u00e3o das regi\u00f5es aut\u00f3nomas na defini\u00e7\u00e3o de pol\u00edticas fiscais e financeiras, bem como na justi\u00e7a constitucional, com possibilidade de designar ju\u00edzes para o Tribunal Constitucional. Prop\u00f5e a extin\u00e7\u00e3o do cargo de Representante da Rep\u00fablica, mantendo a representa\u00e7\u00e3o do Estado nas regi\u00f5es aut\u00f3nomas a cargo do Presidente da Rep\u00fablica.\" \/>\n<meta property=\"og:url\" content=\"https:\/\/portaltela.pt\/noticias\/2026\/02\/03\/proposta-do-jpp-para-rever-a-constituicao-gera-partidos-regionais\/\" \/>\n<meta property=\"og:site_name\" content=\"Portal Tela Portugal\" \/>\n<meta property=\"article:published_time\" content=\"2026-02-03T09:19:56+00:00\" \/>\n<meta name=\"author\" content=\"Telinha\" \/>\n<meta name=\"twitter:card\" content=\"summary_large_image\" \/>\n<meta name=\"twitter:label1\" content=\"Escrito por\" \/>\n\t<meta name=\"twitter:data1\" content=\"Telinha\" \/>\n\t<meta name=\"twitter:label2\" content=\"Tempo estimado de leitura\" \/>\n\t<meta name=\"twitter:data2\" content=\"1 minuto\" \/>\n<script type=\"application\/ld+json\" class=\"yoast-schema-graph\">{\"@context\":\"https:\/\/schema.org\",\"@graph\":[{\"@type\":\"Article\",\"@id\":\"https:\/\/portaltela.pt\/noticias\/2026\/02\/03\/proposta-do-jpp-para-rever-a-constituicao-gera-partidos-regionais\/#article\",\"isPartOf\":{\"@id\":\"https:\/\/portaltela.pt\/noticias\/2026\/02\/03\/proposta-do-jpp-para-rever-a-constituicao-gera-partidos-regionais\/\"},\"author\":{\"name\":\"Telinha\",\"@id\":\"https:\/\/portaltela.pt\/#\/schema\/person\/c4278d4a6028830caff9ee44b42d32ed\"},\"headline\":\"Proposta do JPP para rever a Constitui\u00e7\u00e3o gera partidos regionais\",\"datePublished\":\"2026-02-03T09:19:56+00:00\",\"mainEntityOfPage\":{\"@id\":\"https:\/\/portaltela.pt\/noticias\/2026\/02\/03\/proposta-do-jpp-para-rever-a-constituicao-gera-partidos-regionais\/\"},\"wordCount\":255,\"image\":{\"@id\":\"https:\/\/portaltela.pt\/noticias\/2026\/02\/03\/proposta-do-jpp-para-rever-a-constituicao-gera-partidos-regionais\/#primaryimage\"},\"thumbnailUrl\":\"https:\/\/portaltela.pt\/s.01k8rhncp4jt1\/2026\/02\/unnamed-file-712.jpg\",\"keywords\":[\"A\u00e7ores\",\"autonomia regional\",\"constitui\u00e7\u00e3o\",\"Madeira\",\"partidos\",\"Regi\u00f5es Aut\u00f3nomas\"],\"articleSection\":[\"Not\u00edcias\",\"Pol\u00edtica\"],\"inLanguage\":\"pt-PT\"},{\"@type\":\"WebPage\",\"@id\":\"https:\/\/portaltela.pt\/noticias\/2026\/02\/03\/proposta-do-jpp-para-rever-a-constituicao-gera-partidos-regionais\/\",\"url\":\"https:\/\/portaltela.pt\/noticias\/2026\/02\/03\/proposta-do-jpp-para-rever-a-constituicao-gera-partidos-regionais\/\",\"name\":\"Proposta do JPP para rever a Constitui\u00e7\u00e3o gera partidos regionais - Portal Tela Portugal\",\"isPartOf\":{\"@id\":\"https:\/\/portaltela.pt\/#website\"},\"primaryImageOfPage\":{\"@id\":\"https:\/\/portaltela.pt\/noticias\/2026\/02\/03\/proposta-do-jpp-para-rever-a-constituicao-gera-partidos-regionais\/#primaryimage\"},\"image\":{\"@id\":\"https:\/\/portaltela.pt\/noticias\/2026\/02\/03\/proposta-do-jpp-para-rever-a-constituicao-gera-partidos-regionais\/#primaryimage\"},\"thumbnailUrl\":\"https:\/\/portaltela.pt\/s.01k8rhncp4jt1\/2026\/02\/unnamed-file-712.jpg\",\"datePublished\":\"2026-02-03T09:19:56+00:00\",\"author\":{\"@id\":\"https:\/\/portaltela.pt\/#\/schema\/person\/c4278d4a6028830caff9ee44b42d32ed\"},\"breadcrumb\":{\"@id\":\"https:\/\/portaltela.pt\/noticias\/2026\/02\/03\/proposta-do-jpp-para-rever-a-constituicao-gera-partidos-regionais\/#breadcrumb\"},\"inLanguage\":\"pt-PT\",\"potentialAction\":[{\"@type\":\"ReadAction\",\"target\":[\"https:\/\/portaltela.pt\/noticias\/2026\/02\/03\/proposta-do-jpp-para-rever-a-constituicao-gera-partidos-regionais\/\"]}]},{\"@type\":\"ImageObject\",\"inLanguage\":\"pt-PT\",\"@id\":\"https:\/\/portaltela.pt\/noticias\/2026\/02\/03\/proposta-do-jpp-para-rever-a-constituicao-gera-partidos-regionais\/#primaryimage\",\"url\":\"https:\/\/portaltela.pt\/s.01k8rhncp4jt1\/2026\/02\/unnamed-file-712.jpg\",\"contentUrl\":\"https:\/\/portaltela.pt\/s.01k8rhncp4jt1\/2026\/02\/unnamed-file-712.jpg\",\"width\":796,\"height\":448,\"caption\":\"Proposta do JPP para rever a Constitui\u00e7\u00e3o cria partidos regionais\"},{\"@type\":\"BreadcrumbList\",\"@id\":\"https:\/\/portaltela.pt\/noticias\/2026\/02\/03\/proposta-do-jpp-para-rever-a-constituicao-gera-partidos-regionais\/#breadcrumb\",\"itemListElement\":[{\"@type\":\"ListItem\",\"position\":1,\"name\":\"In\u00edcio\",\"item\":\"https:\/\/portaltela.pt\/\"},{\"@type\":\"ListItem\",\"position\":2,\"name\":\"Proposta do JPP para rever a Constitui\u00e7\u00e3o gera partidos regionais\"}]},{\"@type\":\"WebSite\",\"@id\":\"https:\/\/portaltela.pt\/#website\",\"url\":\"https:\/\/portaltela.pt\/\",\"name\":\"Portal Tela Portugal\",\"description\":\"\",\"potentialAction\":[{\"@type\":\"SearchAction\",\"target\":{\"@type\":\"EntryPoint\",\"urlTemplate\":\"https:\/\/portaltela.pt\/?s={search_term_string}\"},\"query-input\":{\"@type\":\"PropertyValueSpecification\",\"valueRequired\":true,\"valueName\":\"search_term_string\"}}],\"inLanguage\":\"pt-PT\"},{\"@type\":\"Person\",\"@id\":\"https:\/\/portaltela.pt\/#\/schema\/person\/c4278d4a6028830caff9ee44b42d32ed\",\"name\":\"Telinha\",\"image\":{\"@type\":\"ImageObject\",\"inLanguage\":\"pt-PT\",\"@id\":\"https:\/\/portaltela.pt\/s.01k8rhncp4jt1\/2025\/11\/talking-bot-125x125.png\",\"url\":\"https:\/\/portaltela.pt\/s.01k8rhncp4jt1\/2025\/11\/talking-bot-125x125.png\",\"contentUrl\":\"https:\/\/portaltela.pt\/s.01k8rhncp4jt1\/2025\/11\/talking-bot-125x125.png\",\"caption\":\"Telinha\"},\"sameAs\":[\"https:\/\/portaltela.pt\/\"],\"url\":\"https:\/\/portaltela.pt\/por\/367410592786\/\"}]}<\/script>\n<!-- \/ Yoast SEO plugin. -->","yoast_head_json":{"title":"Proposta do JPP para rever a Constitui\u00e7\u00e3o gera partidos regionais - Portal Tela Portugal","robots":{"index":"index","follow":"follow","max-snippet":"max-snippet:-1","max-image-preview":"max-image-preview:large","max-video-preview":"max-video-preview:-1"},"og_locale":"pt_PT","og_type":"article","og_title":"Proposta do JPP para rever a Constitui\u00e7\u00e3o gera partidos regionais - Portal Tela Portugal","og_description":"O JPP apresentou uma proposta de revis\u00e3o constitucional para refor\u00e7ar a autonomia pol\u00edtica, administrativa e financeira da Madeira, com poder tribut\u00e1rio pr\u00f3prio. Prop\u00f5e atualiza\u00e7\u00e3o do Estatuto Pol\u00edtico-Administrativo da Madeira e o reconhecimento da especificidade geogr\u00e1fica e econ\u00f3mica dos arquip\u00e9lagos, incluindo custos da insularidade e mobilidade de pessoas e bens. Sugere a consagra\u00e7\u00e3o constitucional de partidos regionais e candidaturas de grupos de cidad\u00e3os \u00e0s assembleias legislativas regionais e da Rep\u00fablica. Prev\u00ea maior participa\u00e7\u00e3o das regi\u00f5es aut\u00f3nomas na defini\u00e7\u00e3o de pol\u00edticas fiscais e financeiras, bem como na justi\u00e7a constitucional, com possibilidade de designar ju\u00edzes para o Tribunal Constitucional. Prop\u00f5e a extin\u00e7\u00e3o do cargo de Representante da Rep\u00fablica, mantendo a representa\u00e7\u00e3o do Estado nas regi\u00f5es aut\u00f3nomas a cargo do Presidente da Rep\u00fablica.","og_url":"https:\/\/portaltela.pt\/noticias\/2026\/02\/03\/proposta-do-jpp-para-rever-a-constituicao-gera-partidos-regionais\/","og_site_name":"Portal Tela Portugal","article_published_time":"2026-02-03T09:19:56+00:00","author":"Telinha","twitter_card":"summary_large_image","twitter_misc":{"Escrito por":"Telinha","Tempo estimado de leitura":"1 minuto"},"schema":{"@context":"https:\/\/schema.org","@graph":[{"@type":"Article","@id":"https:\/\/portaltela.pt\/noticias\/2026\/02\/03\/proposta-do-jpp-para-rever-a-constituicao-gera-partidos-regionais\/#article","isPartOf":{"@id":"https:\/\/portaltela.pt\/noticias\/2026\/02\/03\/proposta-do-jpp-para-rever-a-constituicao-gera-partidos-regionais\/"},"author":{"name":"Telinha","@id":"https:\/\/portaltela.pt\/#\/schema\/person\/c4278d4a6028830caff9ee44b42d32ed"},"headline":"Proposta do JPP para rever a Constitui\u00e7\u00e3o gera partidos regionais","datePublished":"2026-02-03T09:19:56+00:00","mainEntityOfPage":{"@id":"https:\/\/portaltela.pt\/noticias\/2026\/02\/03\/proposta-do-jpp-para-rever-a-constituicao-gera-partidos-regionais\/"},"wordCount":255,"image":{"@id":"https:\/\/portaltela.pt\/noticias\/2026\/02\/03\/proposta-do-jpp-para-rever-a-constituicao-gera-partidos-regionais\/#primaryimage"},"thumbnailUrl":"https:\/\/portaltela.pt\/s.01k8rhncp4jt1\/2026\/02\/unnamed-file-712.jpg","keywords":["A\u00e7ores","autonomia regional","constitui\u00e7\u00e3o","Madeira","partidos","Regi\u00f5es Aut\u00f3nomas"],"articleSection":["Not\u00edcias","Pol\u00edtica"],"inLanguage":"pt-PT"},{"@type":"WebPage","@id":"https:\/\/portaltela.pt\/noticias\/2026\/02\/03\/proposta-do-jpp-para-rever-a-constituicao-gera-partidos-regionais\/","url":"https:\/\/portaltela.pt\/noticias\/2026\/02\/03\/proposta-do-jpp-para-rever-a-constituicao-gera-partidos-regionais\/","name":"Proposta do JPP para rever a Constitui\u00e7\u00e3o gera partidos regionais - Portal Tela Portugal","isPartOf":{"@id":"https:\/\/portaltela.pt\/#website"},"primaryImageOfPage":{"@id":"https:\/\/portaltela.pt\/noticias\/2026\/02\/03\/proposta-do-jpp-para-rever-a-constituicao-gera-partidos-regionais\/#primaryimage"},"image":{"@id":"https:\/\/portaltela.pt\/noticias\/2026\/02\/03\/proposta-do-jpp-para-rever-a-constituicao-gera-partidos-regionais\/#primaryimage"},"thumbnailUrl":"https:\/\/portaltela.pt\/s.01k8rhncp4jt1\/2026\/02\/unnamed-file-712.jpg","datePublished":"2026-02-03T09:19:56+00:00","author":{"@id":"https:\/\/portaltela.pt\/#\/schema\/person\/c4278d4a6028830caff9ee44b42d32ed"},"breadcrumb":{"@id":"https:\/\/portaltela.pt\/noticias\/2026\/02\/03\/proposta-do-jpp-para-rever-a-constituicao-gera-partidos-regionais\/#breadcrumb"},"inLanguage":"pt-PT","potentialAction":[{"@type":"ReadAction","target":["https:\/\/portaltela.pt\/noticias\/2026\/02\/03\/proposta-do-jpp-para-rever-a-constituicao-gera-partidos-regionais\/"]}]},{"@type":"ImageObject","inLanguage":"pt-PT","@id":"https:\/\/portaltela.pt\/noticias\/2026\/02\/03\/proposta-do-jpp-para-rever-a-constituicao-gera-partidos-regionais\/#primaryimage","url":"https:\/\/portaltela.pt\/s.01k8rhncp4jt1\/2026\/02\/unnamed-file-712.jpg","contentUrl":"https:\/\/portaltela.pt\/s.01k8rhncp4jt1\/2026\/02\/unnamed-file-712.jpg","width":796,"height":448,"caption":"Proposta do JPP para rever a Constitui\u00e7\u00e3o cria partidos regionais"},{"@type":"BreadcrumbList","@id":"https:\/\/portaltela.pt\/noticias\/2026\/02\/03\/proposta-do-jpp-para-rever-a-constituicao-gera-partidos-regionais\/#breadcrumb","itemListElement":[{"@type":"ListItem","position":1,"name":"In\u00edcio","item":"https:\/\/portaltela.pt\/"},{"@type":"ListItem","position":2,"name":"Proposta do JPP para rever a Constitui\u00e7\u00e3o gera partidos regionais"}]},{"@type":"WebSite","@id":"https:\/\/portaltela.pt\/#website","url":"https:\/\/portaltela.pt\/","name":"Portal Tela Portugal","description":"","potentialAction":[{"@type":"SearchAction","target":{"@type":"EntryPoint","urlTemplate":"https:\/\/portaltela.pt\/?s={search_term_string}"},"query-input":{"@type":"PropertyValueSpecification","valueRequired":true,"valueName":"search_term_string"}}],"inLanguage":"pt-PT"},{"@type":"Person","@id":"https:\/\/portaltela.pt\/#\/schema\/person\/c4278d4a6028830caff9ee44b42d32ed","name":"Telinha","image":{"@type":"ImageObject","inLanguage":"pt-PT","@id":"https:\/\/portaltela.pt\/s.01k8rhncp4jt1\/2025\/11\/talking-bot-125x125.png","url":"https:\/\/portaltela.pt\/s.01k8rhncp4jt1\/2025\/11\/talking-bot-125x125.png","contentUrl":"https:\/\/portaltela.pt\/s.01k8rhncp4jt1\/2025\/11\/talking-bot-125x125.png","caption":"Telinha"},"sameAs":["https:\/\/portaltela.pt\/"],"url":"https:\/\/portaltela.pt\/por\/367410592786\/"}]}},"_links":{"self":[{"href":"https:\/\/portaltela.pt\/api\/wp\/v2\/posts\/193129","targetHints":{"allow":["GET"]}}],"collection":[{"href":"https:\/\/portaltela.pt\/api\/wp\/v2\/posts"}],"about":[{"href":"https:\/\/portaltela.pt\/api\/wp\/v2\/types\/post"}],"author":[{"embeddable":true,"href":"https:\/\/portaltela.pt\/api\/wp\/v2\/users\/2"}],"replies":[{"embeddable":true,"href":"https:\/\/portaltela.pt\/api\/wp\/v2\/comments?post=193129"}],"version-history":[{"count":0,"href":"https:\/\/portaltela.pt\/api\/wp\/v2\/posts\/193129\/revisions"}],"wp:featuredmedia":[{"embeddable":true,"href":"https:\/\/portaltela.pt\/api\/wp\/v2\/media\/193141"}],"wp:attachment":[{"href":"https:\/\/portaltela.pt\/api\/wp\/v2\/media?parent=193129"}],"wp:term":[{"taxonomy":"category","embeddable":true,"href":"https:\/\/portaltela.pt\/api\/wp\/v2\/categories?post=193129"},{"taxonomy":"post_tag","embeddable":true,"href":"https:\/\/portaltela.pt\/api\/wp\/v2\/tags?post=193129"}],"curies":[{"name":"wp","href":"https:\/\/api.w.org\/{rel}","templated":true}]}}