{"id":193128,"date":"2026-02-03T06:42:30","date_gmt":"2026-02-03T09:42:30","guid":{"rendered":"https:\/\/portaltela.pt\/noticias\/2026\/02\/03\/bebes-de-dois-meses-veem-o-mundo-de-forma-mais-complexa-do-que-se-pensava\/"},"modified":"2026-02-03T06:42:30","modified_gmt":"2026-02-03T09:42:30","slug":"bebes-de-dois-meses-veem-o-mundo-de-forma-mais-complexa-do-que-se-pensava","status":"publish","type":"post","link":"https:\/\/portaltela.pt\/noticias\/2026\/02\/03\/bebes-de-dois-meses-veem-o-mundo-de-forma-mais-complexa-do-que-se-pensava\/","title":{"rendered":"Beb\u00eas de dois meses veem o mundo de forma mais complexa do que se pensava"},"content":{"rendered":"<p>Um estudo publicado na Nature Neuroscience revela que beb\u00e9s de dois meses conseguem distinguir entre diferentes objetos do seu ambiente, uma capacidade mais precoce do que a previamente estimada. A pesquisa envolve 130 beb\u00e9s acordados, submetidos a imageamento cerebral.<\/p>\n<p>Os beb\u00e9s foram expostos a imagens de 12 categorias comuns no primeiro ano de vida, como \u00e1rvores e animais. Quando olhavam para imagens de um gato, os seus c\u00e9rebros mostravam respostas espec\u00edficas registadas pelos investigadores; objetos inanimados geravam padr\u00f5es diferentes.<\/p>\n<p>A t\u00e9cnica utilizada foi a resson\u00e2ncia magn\u00e9tica funcional (fMRI), que permite medir a fun\u00e7\u00e3o visual com maior precis\u00e3o. Estudos anteriores baseavam-se no tempo de visualiza\u00e7\u00e3o, o que \u00e9 mais dif\u00edcil em beb\u00e9s muito jovens.<\/p>\n<h3>Resultados e acompanhamento<\/h3>\n<p>Ao apresentar dados de 9 meses, 66 beb\u00e9s regressaram para novas medi\u00e7\u00f5es, com resultados que mostraram uma dicotomia mais clara entre seres vivos e objetos inanimados do que aos dois meses. Os investigadores destacam a matura\u00e7\u00e3o progressive destas respostas.<\/p>\n<p>A autora principal, Cliona O&#8217;Doherty, sublinha que a capacidade de agrupamento de categorias j\u00e1 existe aos dois meses, sugerindo uma intera\u00e7\u00e3o com o mundo mais complexa do que se pensava. O estudo foi realizado no Trinity College Dublin, na Irlanda.<\/p>\n<p>Liuba Papeo, do CNRS, elogia a amostra extensa de beb\u00e9s como fator de relevo para a robustez dos resultados. O desafio log\u00edstico de manter os beb\u00e9s relaxados no equipamento \u00e9 referido pela pesquisadora, que descreve a experi\u00eancia como confort\u00e1vel para o beb\u00e9.<\/p>\n<p>Os autores destacam o potencial de correlacionar imagens cerebrais com resultados cognitivos futuros ao longo da inf\u00e2ncia, embora reconhe\u00e7am que mais investiga\u00e7\u00e3o \u00e9 necess\u00e1ria para ligar a neurofisiologia a desfechos concretos.<\/p>\n","protected":false},"excerpt":{"rendered":"<ul>\n<li>Um estudo publicado na Nature Neuroscience sugere que beb\u00e9s de dois meses distinguem entre diferentes objetos, o que \u00e9 mais cedo do que se pensava.<\/li>\n<li>O estudo, com 130 beb\u00e9s de dois meses, utilizou resson\u00e2ncia magn\u00e9tica funcional (fMRI) para observar a fun\u00e7\u00e3o visual enquanto estavam acordados.<\/li>\n<li>Os beb\u00e9s viram imagens de doze categorias comuns no primeiro ano de vida, e os seus c\u00e9rebros reagiam de forma distinta consoante a imagem apresentada.<\/li>\n<li>Seguiram-se dados de 66 beb\u00e9s aos nove meses, mostrando que o c\u00e9rebro distingue seres vivos de objetos inanimados com maior clareza.<\/li>\n<li>A autora principal, Cliona O&#8217;Doherty, do Trinity College Dublin, destaca que os resultados indicam uma intera\u00e7\u00e3o com o mundo mais complexa aos dois meses do que o esperado.<\/li>\n<\/ul>\n","protected":false},"author":2,"featured_media":193135,"comment_status":"closed","ping_status":"closed","sticky":false,"template":"","format":"standard","meta":{"footnotes":""},"categories":[1],"tags":[1992,57,69,1759,159,5230],"class_list":["post-193128","post","type-post","status-publish","format-standard","has-post-thumbnail","hentry","category-noticias","tag-ciencia","tag-cientistas","tag-estudos","tag-infancia","tag-investigacao-cientifica","tag-irlanda"],"yoast_head":"<!-- This site is optimized with the Yoast SEO plugin v27.2 - https:\/\/yoast.com\/product\/yoast-seo-wordpress\/ -->\n<title>Beb\u00eas de dois meses veem o mundo de forma mais complexa do que se pensava - Portal Tela Portugal<\/title>\n<meta name=\"robots\" content=\"index, follow, max-snippet:-1, max-image-preview:large, max-video-preview:-1\" \/>\n<meta property=\"og:locale\" content=\"pt_PT\" \/>\n<meta property=\"og:type\" content=\"article\" \/>\n<meta property=\"og:title\" content=\"Beb\u00eas de dois meses veem o mundo de forma mais complexa do que se pensava - Portal Tela Portugal\" \/>\n<meta property=\"og:description\" content=\"Um estudo publicado na Nature Neuroscience sugere que beb\u00e9s de dois meses distinguem entre diferentes objetos, o que \u00e9 mais cedo do que se pensava. O estudo, com 130 beb\u00e9s de dois meses, utilizou resson\u00e2ncia magn\u00e9tica funcional (fMRI) para observar a fun\u00e7\u00e3o visual enquanto estavam acordados. Os beb\u00e9s viram imagens de doze categorias comuns no primeiro ano de vida, e os seus c\u00e9rebros reagiam de forma distinta consoante a imagem apresentada. Seguiram-se dados de 66 beb\u00e9s aos nove meses, mostrando que o c\u00e9rebro distingue seres vivos de objetos inanimados com maior clareza. A autora principal, Cliona O&#039;Doherty, do Trinity College Dublin, destaca que os resultados indicam uma intera\u00e7\u00e3o com o mundo mais complexa aos dois meses do que o esperado.\" \/>\n<meta property=\"og:url\" content=\"https:\/\/portaltela.pt\/noticias\/2026\/02\/03\/bebes-de-dois-meses-veem-o-mundo-de-forma-mais-complexa-do-que-se-pensava\/\" \/>\n<meta property=\"og:site_name\" content=\"Portal Tela Portugal\" \/>\n<meta property=\"article:published_time\" content=\"2026-02-03T09:42:30+00:00\" \/>\n<meta name=\"author\" content=\"Telinha\" \/>\n<meta name=\"twitter:card\" content=\"summary_large_image\" \/>\n<meta name=\"twitter:label1\" content=\"Escrito por\" \/>\n\t<meta name=\"twitter:data1\" content=\"Telinha\" \/>\n\t<meta name=\"twitter:label2\" content=\"Tempo estimado de leitura\" \/>\n\t<meta name=\"twitter:data2\" content=\"1 minuto\" \/>\n<script type=\"application\/ld+json\" class=\"yoast-schema-graph\">{\"@context\":\"https:\/\/schema.org\",\"@graph\":[{\"@type\":\"Article\",\"@id\":\"https:\/\/portaltela.pt\/noticias\/2026\/02\/03\/bebes-de-dois-meses-veem-o-mundo-de-forma-mais-complexa-do-que-se-pensava\/#article\",\"isPartOf\":{\"@id\":\"https:\/\/portaltela.pt\/noticias\/2026\/02\/03\/bebes-de-dois-meses-veem-o-mundo-de-forma-mais-complexa-do-que-se-pensava\/\"},\"author\":{\"name\":\"Telinha\",\"@id\":\"https:\/\/portaltela.pt\/#\/schema\/person\/c4278d4a6028830caff9ee44b42d32ed\"},\"headline\":\"Beb\u00eas de dois meses veem o mundo de forma mais complexa do que se pensava\",\"datePublished\":\"2026-02-03T09:42:30+00:00\",\"mainEntityOfPage\":{\"@id\":\"https:\/\/portaltela.pt\/noticias\/2026\/02\/03\/bebes-de-dois-meses-veem-o-mundo-de-forma-mais-complexa-do-que-se-pensava\/\"},\"wordCount\":305,\"image\":{\"@id\":\"https:\/\/portaltela.pt\/noticias\/2026\/02\/03\/bebes-de-dois-meses-veem-o-mundo-de-forma-mais-complexa-do-que-se-pensava\/#primaryimage\"},\"thumbnailUrl\":\"https:\/\/portaltela.pt\/s.01k8rhncp4jt1\/2026\/02\/img_1500x1000uu2021-06-02-19-21-47-1046480.jpg\",\"keywords\":[\"ci\u00eancia\",\"cientistas\",\"estudos\",\"inf\u00e2ncia\",\"investiga\u00e7\u00e3o cient\u00edfica\",\"Irlanda\"],\"articleSection\":[\"Not\u00edcias\"],\"inLanguage\":\"pt-PT\"},{\"@type\":\"WebPage\",\"@id\":\"https:\/\/portaltela.pt\/noticias\/2026\/02\/03\/bebes-de-dois-meses-veem-o-mundo-de-forma-mais-complexa-do-que-se-pensava\/\",\"url\":\"https:\/\/portaltela.pt\/noticias\/2026\/02\/03\/bebes-de-dois-meses-veem-o-mundo-de-forma-mais-complexa-do-que-se-pensava\/\",\"name\":\"Beb\u00eas de dois meses veem o mundo de forma mais complexa do que se pensava - Portal Tela Portugal\",\"isPartOf\":{\"@id\":\"https:\/\/portaltela.pt\/#website\"},\"primaryImageOfPage\":{\"@id\":\"https:\/\/portaltela.pt\/noticias\/2026\/02\/03\/bebes-de-dois-meses-veem-o-mundo-de-forma-mais-complexa-do-que-se-pensava\/#primaryimage\"},\"image\":{\"@id\":\"https:\/\/portaltela.pt\/noticias\/2026\/02\/03\/bebes-de-dois-meses-veem-o-mundo-de-forma-mais-complexa-do-que-se-pensava\/#primaryimage\"},\"thumbnailUrl\":\"https:\/\/portaltela.pt\/s.01k8rhncp4jt1\/2026\/02\/img_1500x1000uu2021-06-02-19-21-47-1046480.jpg\",\"datePublished\":\"2026-02-03T09:42:30+00:00\",\"author\":{\"@id\":\"https:\/\/portaltela.pt\/#\/schema\/person\/c4278d4a6028830caff9ee44b42d32ed\"},\"breadcrumb\":{\"@id\":\"https:\/\/portaltela.pt\/noticias\/2026\/02\/03\/bebes-de-dois-meses-veem-o-mundo-de-forma-mais-complexa-do-que-se-pensava\/#breadcrumb\"},\"inLanguage\":\"pt-PT\",\"potentialAction\":[{\"@type\":\"ReadAction\",\"target\":[\"https:\/\/portaltela.pt\/noticias\/2026\/02\/03\/bebes-de-dois-meses-veem-o-mundo-de-forma-mais-complexa-do-que-se-pensava\/\"]}]},{\"@type\":\"ImageObject\",\"inLanguage\":\"pt-PT\",\"@id\":\"https:\/\/portaltela.pt\/noticias\/2026\/02\/03\/bebes-de-dois-meses-veem-o-mundo-de-forma-mais-complexa-do-que-se-pensava\/#primaryimage\",\"url\":\"https:\/\/portaltela.pt\/s.01k8rhncp4jt1\/2026\/02\/img_1500x1000uu2021-06-02-19-21-47-1046480.jpg\",\"contentUrl\":\"https:\/\/portaltela.pt\/s.01k8rhncp4jt1\/2026\/02\/img_1500x1000uu2021-06-02-19-21-47-1046480.jpg\",\"width\":796,\"height\":448,\"caption\":\"Beb\u00e9\"},{\"@type\":\"BreadcrumbList\",\"@id\":\"https:\/\/portaltela.pt\/noticias\/2026\/02\/03\/bebes-de-dois-meses-veem-o-mundo-de-forma-mais-complexa-do-que-se-pensava\/#breadcrumb\",\"itemListElement\":[{\"@type\":\"ListItem\",\"position\":1,\"name\":\"In\u00edcio\",\"item\":\"https:\/\/portaltela.pt\/\"},{\"@type\":\"ListItem\",\"position\":2,\"name\":\"Beb\u00eas de dois meses veem o mundo de forma mais complexa do que se pensava\"}]},{\"@type\":\"WebSite\",\"@id\":\"https:\/\/portaltela.pt\/#website\",\"url\":\"https:\/\/portaltela.pt\/\",\"name\":\"Portal Tela Portugal\",\"description\":\"\",\"potentialAction\":[{\"@type\":\"SearchAction\",\"target\":{\"@type\":\"EntryPoint\",\"urlTemplate\":\"https:\/\/portaltela.pt\/?s={search_term_string}\"},\"query-input\":{\"@type\":\"PropertyValueSpecification\",\"valueRequired\":true,\"valueName\":\"search_term_string\"}}],\"inLanguage\":\"pt-PT\"},{\"@type\":\"Person\",\"@id\":\"https:\/\/portaltela.pt\/#\/schema\/person\/c4278d4a6028830caff9ee44b42d32ed\",\"name\":\"Telinha\",\"image\":{\"@type\":\"ImageObject\",\"inLanguage\":\"pt-PT\",\"@id\":\"https:\/\/portaltela.pt\/s.01k8rhncp4jt1\/2025\/11\/talking-bot-125x125.png\",\"url\":\"https:\/\/portaltela.pt\/s.01k8rhncp4jt1\/2025\/11\/talking-bot-125x125.png\",\"contentUrl\":\"https:\/\/portaltela.pt\/s.01k8rhncp4jt1\/2025\/11\/talking-bot-125x125.png\",\"caption\":\"Telinha\"},\"sameAs\":[\"https:\/\/portaltela.pt\/\"],\"url\":\"https:\/\/portaltela.pt\/por\/367410592786\/\"}]}<\/script>\n<!-- \/ Yoast SEO plugin. -->","yoast_head_json":{"title":"Beb\u00eas de dois meses veem o mundo de forma mais complexa do que se pensava - Portal Tela Portugal","robots":{"index":"index","follow":"follow","max-snippet":"max-snippet:-1","max-image-preview":"max-image-preview:large","max-video-preview":"max-video-preview:-1"},"og_locale":"pt_PT","og_type":"article","og_title":"Beb\u00eas de dois meses veem o mundo de forma mais complexa do que se pensava - Portal Tela Portugal","og_description":"Um estudo publicado na Nature Neuroscience sugere que beb\u00e9s de dois meses distinguem entre diferentes objetos, o que \u00e9 mais cedo do que se pensava. O estudo, com 130 beb\u00e9s de dois meses, utilizou resson\u00e2ncia magn\u00e9tica funcional (fMRI) para observar a fun\u00e7\u00e3o visual enquanto estavam acordados. Os beb\u00e9s viram imagens de doze categorias comuns no primeiro ano de vida, e os seus c\u00e9rebros reagiam de forma distinta consoante a imagem apresentada. Seguiram-se dados de 66 beb\u00e9s aos nove meses, mostrando que o c\u00e9rebro distingue seres vivos de objetos inanimados com maior clareza. A autora principal, Cliona O'Doherty, do Trinity College Dublin, destaca que os resultados indicam uma intera\u00e7\u00e3o com o mundo mais complexa aos dois meses do que o esperado.","og_url":"https:\/\/portaltela.pt\/noticias\/2026\/02\/03\/bebes-de-dois-meses-veem-o-mundo-de-forma-mais-complexa-do-que-se-pensava\/","og_site_name":"Portal Tela Portugal","article_published_time":"2026-02-03T09:42:30+00:00","author":"Telinha","twitter_card":"summary_large_image","twitter_misc":{"Escrito por":"Telinha","Tempo estimado de leitura":"1 minuto"},"schema":{"@context":"https:\/\/schema.org","@graph":[{"@type":"Article","@id":"https:\/\/portaltela.pt\/noticias\/2026\/02\/03\/bebes-de-dois-meses-veem-o-mundo-de-forma-mais-complexa-do-que-se-pensava\/#article","isPartOf":{"@id":"https:\/\/portaltela.pt\/noticias\/2026\/02\/03\/bebes-de-dois-meses-veem-o-mundo-de-forma-mais-complexa-do-que-se-pensava\/"},"author":{"name":"Telinha","@id":"https:\/\/portaltela.pt\/#\/schema\/person\/c4278d4a6028830caff9ee44b42d32ed"},"headline":"Beb\u00eas de dois meses veem o mundo de forma mais complexa do que se pensava","datePublished":"2026-02-03T09:42:30+00:00","mainEntityOfPage":{"@id":"https:\/\/portaltela.pt\/noticias\/2026\/02\/03\/bebes-de-dois-meses-veem-o-mundo-de-forma-mais-complexa-do-que-se-pensava\/"},"wordCount":305,"image":{"@id":"https:\/\/portaltela.pt\/noticias\/2026\/02\/03\/bebes-de-dois-meses-veem-o-mundo-de-forma-mais-complexa-do-que-se-pensava\/#primaryimage"},"thumbnailUrl":"https:\/\/portaltela.pt\/s.01k8rhncp4jt1\/2026\/02\/img_1500x1000uu2021-06-02-19-21-47-1046480.jpg","keywords":["ci\u00eancia","cientistas","estudos","inf\u00e2ncia","investiga\u00e7\u00e3o cient\u00edfica","Irlanda"],"articleSection":["Not\u00edcias"],"inLanguage":"pt-PT"},{"@type":"WebPage","@id":"https:\/\/portaltela.pt\/noticias\/2026\/02\/03\/bebes-de-dois-meses-veem-o-mundo-de-forma-mais-complexa-do-que-se-pensava\/","url":"https:\/\/portaltela.pt\/noticias\/2026\/02\/03\/bebes-de-dois-meses-veem-o-mundo-de-forma-mais-complexa-do-que-se-pensava\/","name":"Beb\u00eas de dois meses veem o mundo de forma mais complexa do que se pensava - Portal Tela Portugal","isPartOf":{"@id":"https:\/\/portaltela.pt\/#website"},"primaryImageOfPage":{"@id":"https:\/\/portaltela.pt\/noticias\/2026\/02\/03\/bebes-de-dois-meses-veem-o-mundo-de-forma-mais-complexa-do-que-se-pensava\/#primaryimage"},"image":{"@id":"https:\/\/portaltela.pt\/noticias\/2026\/02\/03\/bebes-de-dois-meses-veem-o-mundo-de-forma-mais-complexa-do-que-se-pensava\/#primaryimage"},"thumbnailUrl":"https:\/\/portaltela.pt\/s.01k8rhncp4jt1\/2026\/02\/img_1500x1000uu2021-06-02-19-21-47-1046480.jpg","datePublished":"2026-02-03T09:42:30+00:00","author":{"@id":"https:\/\/portaltela.pt\/#\/schema\/person\/c4278d4a6028830caff9ee44b42d32ed"},"breadcrumb":{"@id":"https:\/\/portaltela.pt\/noticias\/2026\/02\/03\/bebes-de-dois-meses-veem-o-mundo-de-forma-mais-complexa-do-que-se-pensava\/#breadcrumb"},"inLanguage":"pt-PT","potentialAction":[{"@type":"ReadAction","target":["https:\/\/portaltela.pt\/noticias\/2026\/02\/03\/bebes-de-dois-meses-veem-o-mundo-de-forma-mais-complexa-do-que-se-pensava\/"]}]},{"@type":"ImageObject","inLanguage":"pt-PT","@id":"https:\/\/portaltela.pt\/noticias\/2026\/02\/03\/bebes-de-dois-meses-veem-o-mundo-de-forma-mais-complexa-do-que-se-pensava\/#primaryimage","url":"https:\/\/portaltela.pt\/s.01k8rhncp4jt1\/2026\/02\/img_1500x1000uu2021-06-02-19-21-47-1046480.jpg","contentUrl":"https:\/\/portaltela.pt\/s.01k8rhncp4jt1\/2026\/02\/img_1500x1000uu2021-06-02-19-21-47-1046480.jpg","width":796,"height":448,"caption":"Beb\u00e9"},{"@type":"BreadcrumbList","@id":"https:\/\/portaltela.pt\/noticias\/2026\/02\/03\/bebes-de-dois-meses-veem-o-mundo-de-forma-mais-complexa-do-que-se-pensava\/#breadcrumb","itemListElement":[{"@type":"ListItem","position":1,"name":"In\u00edcio","item":"https:\/\/portaltela.pt\/"},{"@type":"ListItem","position":2,"name":"Beb\u00eas de dois meses veem o mundo de forma mais complexa do que se pensava"}]},{"@type":"WebSite","@id":"https:\/\/portaltela.pt\/#website","url":"https:\/\/portaltela.pt\/","name":"Portal Tela Portugal","description":"","potentialAction":[{"@type":"SearchAction","target":{"@type":"EntryPoint","urlTemplate":"https:\/\/portaltela.pt\/?s={search_term_string}"},"query-input":{"@type":"PropertyValueSpecification","valueRequired":true,"valueName":"search_term_string"}}],"inLanguage":"pt-PT"},{"@type":"Person","@id":"https:\/\/portaltela.pt\/#\/schema\/person\/c4278d4a6028830caff9ee44b42d32ed","name":"Telinha","image":{"@type":"ImageObject","inLanguage":"pt-PT","@id":"https:\/\/portaltela.pt\/s.01k8rhncp4jt1\/2025\/11\/talking-bot-125x125.png","url":"https:\/\/portaltela.pt\/s.01k8rhncp4jt1\/2025\/11\/talking-bot-125x125.png","contentUrl":"https:\/\/portaltela.pt\/s.01k8rhncp4jt1\/2025\/11\/talking-bot-125x125.png","caption":"Telinha"},"sameAs":["https:\/\/portaltela.pt\/"],"url":"https:\/\/portaltela.pt\/por\/367410592786\/"}]}},"_links":{"self":[{"href":"https:\/\/portaltela.pt\/api\/wp\/v2\/posts\/193128","targetHints":{"allow":["GET"]}}],"collection":[{"href":"https:\/\/portaltela.pt\/api\/wp\/v2\/posts"}],"about":[{"href":"https:\/\/portaltela.pt\/api\/wp\/v2\/types\/post"}],"author":[{"embeddable":true,"href":"https:\/\/portaltela.pt\/api\/wp\/v2\/users\/2"}],"replies":[{"embeddable":true,"href":"https:\/\/portaltela.pt\/api\/wp\/v2\/comments?post=193128"}],"version-history":[{"count":0,"href":"https:\/\/portaltela.pt\/api\/wp\/v2\/posts\/193128\/revisions"}],"wp:featuredmedia":[{"embeddable":true,"href":"https:\/\/portaltela.pt\/api\/wp\/v2\/media\/193135"}],"wp:attachment":[{"href":"https:\/\/portaltela.pt\/api\/wp\/v2\/media?parent=193128"}],"wp:term":[{"taxonomy":"category","embeddable":true,"href":"https:\/\/portaltela.pt\/api\/wp\/v2\/categories?post=193128"},{"taxonomy":"post_tag","embeddable":true,"href":"https:\/\/portaltela.pt\/api\/wp\/v2\/tags?post=193128"}],"curies":[{"name":"wp","href":"https:\/\/api.w.org\/{rel}","templated":true}]}}