{"id":193107,"date":"2026-02-03T06:12:00","date_gmt":"2026-02-03T09:12:00","guid":{"rendered":"https:\/\/portaltela.pt\/noticias\/2026\/02\/03\/idosos-de-celorico-de-bastos-visitam-museu-municipal-de-mondim-de-basto\/"},"modified":"2026-02-03T06:12:00","modified_gmt":"2026-02-03T09:12:00","slug":"idosos-de-celorico-de-bastos-visitam-museu-municipal-de-mondim-de-basto","status":"publish","type":"post","link":"https:\/\/portaltela.pt\/noticias\/2026\/02\/03\/idosos-de-celorico-de-bastos-visitam-museu-municipal-de-mondim-de-basto\/","title":{"rendered":"Idosos de Celorico de Bastos visitam Museu Municipal de Mondim de Basto"},"content":{"rendered":"<p>O Museu Municipal de Mondim de Basto, em parceria com a equipa CLDS-5G Celorico + Social, promove visitas para envolver a comunidade idosa nos movimentos culturais e sociais da regi\u00e3o, atrav\u00e9s do programa Incultura-te.<\/p>\n<p>A iniciativa j\u00e1 atingiu cerca de 200 idosos do concelho de Celorico de Basto, que podem conhecer os elementos e as tem\u00e1ticas da exposi\u00e7\u00e3o permanente do museu.<\/p>\n<p>As visitas visam aproximar os utentes da cultura local, incentivando o contacto com as quatro cole\u00e7\u00f5es permanentes do museu: arqueologia, geologia, ciclo do azeite e etnografia.<\/p>\n<p>O museu est\u00e1 aberto de ter\u00e7a a domingo, oferecendo visitas que contemplam as quatro \u00e1reas permanentes, com foco na participa\u00e7\u00e3o comunit\u00e1ria e na integra\u00e7\u00e3o social.<\/p>\n","protected":false},"excerpt":{"rendered":"<ul>\n<li>O Museu Municipal de Mondim de Basto, em parceria com a equipa CLDS-5G Celorico + Social, atrav\u00e9s do programa Incultura-te, promove visitas para envolver a comunidade idosa com os movimentos culturais e sociais da regi\u00e3o.<\/li>\n<li>A iniciativa j\u00e1 abrangeu cerca de 200 idosos do concelho de Celorico de Bastos, que conhecem os elementos e tem\u00e1ticas da exposi\u00e7\u00e3o permanente do museu.<\/li>\n<li>As visitas procuram aproximar a popula\u00e7\u00e3o s\u00e9nior das tem\u00e1ticas e dinamismo cultural da regi\u00e3o.<\/li>\n<li>O museu possui quatro cole\u00e7\u00f5es permanentes: arqueologia, geologia, ciclo do azeite e etnografia.<\/li>\n<li>O espa\u00e7o pode ser visitado de ter\u00e7a a domingo.<\/li>\n<\/ul>\n","protected":false},"author":2,"featured_media":193112,"comment_status":"closed","ping_status":"closed","sticky":false,"template":"","format":"standard","meta":{"footnotes":""},"categories":[1],"tags":[813,1370,145,5229,1397,2954],"class_list":["post-193107","post","type-post","status-publish","format-standard","has-post-thumbnail","hentry","category-noticias","tag-arqueologia","tag-celorico-de-basto","tag-cultura","tag-etnografia","tag-exposicoes","tag-museus-e-monumentos-de-portugal"],"yoast_head":"<!-- This site is optimized with the Yoast SEO plugin v27.2 - https:\/\/yoast.com\/product\/yoast-seo-wordpress\/ -->\n<title>Idosos de Celorico de Bastos visitam Museu Municipal de Mondim de Basto - Portal Tela Portugal<\/title>\n<meta name=\"robots\" content=\"index, follow, max-snippet:-1, max-image-preview:large, max-video-preview:-1\" \/>\n<meta property=\"og:locale\" content=\"pt_PT\" \/>\n<meta property=\"og:type\" content=\"article\" \/>\n<meta property=\"og:title\" content=\"Idosos de Celorico de Bastos visitam Museu Municipal de Mondim de Basto - Portal Tela Portugal\" \/>\n<meta property=\"og:description\" content=\"O Museu Municipal de Mondim de Basto, em parceria com a equipa CLDS-5G Celorico + Social, atrav\u00e9s do programa Incultura-te, promove visitas para envolver a comunidade idosa com os movimentos culturais e sociais da regi\u00e3o. A iniciativa j\u00e1 abrangeu cerca de 200 idosos do concelho de Celorico de Bastos, que conhecem os elementos e tem\u00e1ticas da exposi\u00e7\u00e3o permanente do museu. As visitas procuram aproximar a popula\u00e7\u00e3o s\u00e9nior das tem\u00e1ticas e dinamismo cultural da regi\u00e3o. O museu possui quatro cole\u00e7\u00f5es permanentes: arqueologia, geologia, ciclo do azeite e etnografia. O espa\u00e7o pode ser visitado de ter\u00e7a a domingo.\" \/>\n<meta property=\"og:url\" content=\"https:\/\/portaltela.pt\/noticias\/2026\/02\/03\/idosos-de-celorico-de-bastos-visitam-museu-municipal-de-mondim-de-basto\/\" \/>\n<meta property=\"og:site_name\" content=\"Portal Tela Portugal\" \/>\n<meta property=\"article:published_time\" content=\"2026-02-03T09:12:00+00:00\" \/>\n<meta name=\"author\" content=\"Telinha\" \/>\n<meta name=\"twitter:card\" content=\"summary_large_image\" \/>\n<meta name=\"twitter:label1\" content=\"Escrito por\" \/>\n\t<meta name=\"twitter:data1\" content=\"Telinha\" \/>\n\t<meta name=\"twitter:label2\" content=\"Tempo estimado de leitura\" \/>\n\t<meta name=\"twitter:data2\" content=\"1 minuto\" \/>\n<script type=\"application\/ld+json\" class=\"yoast-schema-graph\">{\"@context\":\"https:\/\/schema.org\",\"@graph\":[{\"@type\":\"Article\",\"@id\":\"https:\/\/portaltela.pt\/noticias\/2026\/02\/03\/idosos-de-celorico-de-bastos-visitam-museu-municipal-de-mondim-de-basto\/#article\",\"isPartOf\":{\"@id\":\"https:\/\/portaltela.pt\/noticias\/2026\/02\/03\/idosos-de-celorico-de-bastos-visitam-museu-municipal-de-mondim-de-basto\/\"},\"author\":{\"name\":\"Telinha\",\"@id\":\"https:\/\/portaltela.pt\/#\/schema\/person\/c4278d4a6028830caff9ee44b42d32ed\"},\"headline\":\"Idosos de Celorico de Bastos visitam Museu Municipal de Mondim de Basto\",\"datePublished\":\"2026-02-03T09:12:00+00:00\",\"mainEntityOfPage\":{\"@id\":\"https:\/\/portaltela.pt\/noticias\/2026\/02\/03\/idosos-de-celorico-de-bastos-visitam-museu-municipal-de-mondim-de-basto\/\"},\"wordCount\":132,\"image\":{\"@id\":\"https:\/\/portaltela.pt\/noticias\/2026\/02\/03\/idosos-de-celorico-de-bastos-visitam-museu-municipal-de-mondim-de-basto\/#primaryimage\"},\"thumbnailUrl\":\"https:\/\/portaltela.pt\/s.01k8rhncp4jt1\/2026\/02\/unnamed-file-711.jpg\",\"keywords\":[\"arqueologia\",\"Celorico de Basto\",\"cultura\",\"etnografia\",\"exposi\u00e7\u00f5es\",\"Museus e Monumentos de Portugal\"],\"articleSection\":[\"Not\u00edcias\"],\"inLanguage\":\"pt-PT\"},{\"@type\":\"WebPage\",\"@id\":\"https:\/\/portaltela.pt\/noticias\/2026\/02\/03\/idosos-de-celorico-de-bastos-visitam-museu-municipal-de-mondim-de-basto\/\",\"url\":\"https:\/\/portaltela.pt\/noticias\/2026\/02\/03\/idosos-de-celorico-de-bastos-visitam-museu-municipal-de-mondim-de-basto\/\",\"name\":\"Idosos de Celorico de Bastos visitam Museu Municipal de Mondim de Basto - Portal Tela Portugal\",\"isPartOf\":{\"@id\":\"https:\/\/portaltela.pt\/#website\"},\"primaryImageOfPage\":{\"@id\":\"https:\/\/portaltela.pt\/noticias\/2026\/02\/03\/idosos-de-celorico-de-bastos-visitam-museu-municipal-de-mondim-de-basto\/#primaryimage\"},\"image\":{\"@id\":\"https:\/\/portaltela.pt\/noticias\/2026\/02\/03\/idosos-de-celorico-de-bastos-visitam-museu-municipal-de-mondim-de-basto\/#primaryimage\"},\"thumbnailUrl\":\"https:\/\/portaltela.pt\/s.01k8rhncp4jt1\/2026\/02\/unnamed-file-711.jpg\",\"datePublished\":\"2026-02-03T09:12:00+00:00\",\"author\":{\"@id\":\"https:\/\/portaltela.pt\/#\/schema\/person\/c4278d4a6028830caff9ee44b42d32ed\"},\"breadcrumb\":{\"@id\":\"https:\/\/portaltela.pt\/noticias\/2026\/02\/03\/idosos-de-celorico-de-bastos-visitam-museu-municipal-de-mondim-de-basto\/#breadcrumb\"},\"inLanguage\":\"pt-PT\",\"potentialAction\":[{\"@type\":\"ReadAction\",\"target\":[\"https:\/\/portaltela.pt\/noticias\/2026\/02\/03\/idosos-de-celorico-de-bastos-visitam-museu-municipal-de-mondim-de-basto\/\"]}]},{\"@type\":\"ImageObject\",\"inLanguage\":\"pt-PT\",\"@id\":\"https:\/\/portaltela.pt\/noticias\/2026\/02\/03\/idosos-de-celorico-de-bastos-visitam-museu-municipal-de-mondim-de-basto\/#primaryimage\",\"url\":\"https:\/\/portaltela.pt\/s.01k8rhncp4jt1\/2026\/02\/unnamed-file-711.jpg\",\"contentUrl\":\"https:\/\/portaltela.pt\/s.01k8rhncp4jt1\/2026\/02\/unnamed-file-711.jpg\",\"width\":796,\"height\":448,\"caption\":\"Idosos de Celorico de Bastos visitam Museu Municipal de Mondim de Basto\"},{\"@type\":\"BreadcrumbList\",\"@id\":\"https:\/\/portaltela.pt\/noticias\/2026\/02\/03\/idosos-de-celorico-de-bastos-visitam-museu-municipal-de-mondim-de-basto\/#breadcrumb\",\"itemListElement\":[{\"@type\":\"ListItem\",\"position\":1,\"name\":\"In\u00edcio\",\"item\":\"https:\/\/portaltela.pt\/\"},{\"@type\":\"ListItem\",\"position\":2,\"name\":\"Idosos de Celorico de Bastos visitam Museu Municipal de Mondim de Basto\"}]},{\"@type\":\"WebSite\",\"@id\":\"https:\/\/portaltela.pt\/#website\",\"url\":\"https:\/\/portaltela.pt\/\",\"name\":\"Portal Tela Portugal\",\"description\":\"\",\"potentialAction\":[{\"@type\":\"SearchAction\",\"target\":{\"@type\":\"EntryPoint\",\"urlTemplate\":\"https:\/\/portaltela.pt\/?s={search_term_string}\"},\"query-input\":{\"@type\":\"PropertyValueSpecification\",\"valueRequired\":true,\"valueName\":\"search_term_string\"}}],\"inLanguage\":\"pt-PT\"},{\"@type\":\"Person\",\"@id\":\"https:\/\/portaltela.pt\/#\/schema\/person\/c4278d4a6028830caff9ee44b42d32ed\",\"name\":\"Telinha\",\"image\":{\"@type\":\"ImageObject\",\"inLanguage\":\"pt-PT\",\"@id\":\"https:\/\/portaltela.pt\/s.01k8rhncp4jt1\/2025\/11\/talking-bot-125x125.png\",\"url\":\"https:\/\/portaltela.pt\/s.01k8rhncp4jt1\/2025\/11\/talking-bot-125x125.png\",\"contentUrl\":\"https:\/\/portaltela.pt\/s.01k8rhncp4jt1\/2025\/11\/talking-bot-125x125.png\",\"caption\":\"Telinha\"},\"sameAs\":[\"https:\/\/portaltela.pt\/\"],\"url\":\"https:\/\/portaltela.pt\/por\/367410592786\/\"}]}<\/script>\n<!-- \/ Yoast SEO plugin. -->","yoast_head_json":{"title":"Idosos de Celorico de Bastos visitam Museu Municipal de Mondim de Basto - Portal Tela Portugal","robots":{"index":"index","follow":"follow","max-snippet":"max-snippet:-1","max-image-preview":"max-image-preview:large","max-video-preview":"max-video-preview:-1"},"og_locale":"pt_PT","og_type":"article","og_title":"Idosos de Celorico de Bastos visitam Museu Municipal de Mondim de Basto - Portal Tela Portugal","og_description":"O Museu Municipal de Mondim de Basto, em parceria com a equipa CLDS-5G Celorico + Social, atrav\u00e9s do programa Incultura-te, promove visitas para envolver a comunidade idosa com os movimentos culturais e sociais da regi\u00e3o. A iniciativa j\u00e1 abrangeu cerca de 200 idosos do concelho de Celorico de Bastos, que conhecem os elementos e tem\u00e1ticas da exposi\u00e7\u00e3o permanente do museu. As visitas procuram aproximar a popula\u00e7\u00e3o s\u00e9nior das tem\u00e1ticas e dinamismo cultural da regi\u00e3o. O museu possui quatro cole\u00e7\u00f5es permanentes: arqueologia, geologia, ciclo do azeite e etnografia. O espa\u00e7o pode ser visitado de ter\u00e7a a domingo.","og_url":"https:\/\/portaltela.pt\/noticias\/2026\/02\/03\/idosos-de-celorico-de-bastos-visitam-museu-municipal-de-mondim-de-basto\/","og_site_name":"Portal Tela Portugal","article_published_time":"2026-02-03T09:12:00+00:00","author":"Telinha","twitter_card":"summary_large_image","twitter_misc":{"Escrito por":"Telinha","Tempo estimado de leitura":"1 minuto"},"schema":{"@context":"https:\/\/schema.org","@graph":[{"@type":"Article","@id":"https:\/\/portaltela.pt\/noticias\/2026\/02\/03\/idosos-de-celorico-de-bastos-visitam-museu-municipal-de-mondim-de-basto\/#article","isPartOf":{"@id":"https:\/\/portaltela.pt\/noticias\/2026\/02\/03\/idosos-de-celorico-de-bastos-visitam-museu-municipal-de-mondim-de-basto\/"},"author":{"name":"Telinha","@id":"https:\/\/portaltela.pt\/#\/schema\/person\/c4278d4a6028830caff9ee44b42d32ed"},"headline":"Idosos de Celorico de Bastos visitam Museu Municipal de Mondim de Basto","datePublished":"2026-02-03T09:12:00+00:00","mainEntityOfPage":{"@id":"https:\/\/portaltela.pt\/noticias\/2026\/02\/03\/idosos-de-celorico-de-bastos-visitam-museu-municipal-de-mondim-de-basto\/"},"wordCount":132,"image":{"@id":"https:\/\/portaltela.pt\/noticias\/2026\/02\/03\/idosos-de-celorico-de-bastos-visitam-museu-municipal-de-mondim-de-basto\/#primaryimage"},"thumbnailUrl":"https:\/\/portaltela.pt\/s.01k8rhncp4jt1\/2026\/02\/unnamed-file-711.jpg","keywords":["arqueologia","Celorico de Basto","cultura","etnografia","exposi\u00e7\u00f5es","Museus e Monumentos de Portugal"],"articleSection":["Not\u00edcias"],"inLanguage":"pt-PT"},{"@type":"WebPage","@id":"https:\/\/portaltela.pt\/noticias\/2026\/02\/03\/idosos-de-celorico-de-bastos-visitam-museu-municipal-de-mondim-de-basto\/","url":"https:\/\/portaltela.pt\/noticias\/2026\/02\/03\/idosos-de-celorico-de-bastos-visitam-museu-municipal-de-mondim-de-basto\/","name":"Idosos de Celorico de Bastos visitam Museu Municipal de Mondim de Basto - Portal Tela Portugal","isPartOf":{"@id":"https:\/\/portaltela.pt\/#website"},"primaryImageOfPage":{"@id":"https:\/\/portaltela.pt\/noticias\/2026\/02\/03\/idosos-de-celorico-de-bastos-visitam-museu-municipal-de-mondim-de-basto\/#primaryimage"},"image":{"@id":"https:\/\/portaltela.pt\/noticias\/2026\/02\/03\/idosos-de-celorico-de-bastos-visitam-museu-municipal-de-mondim-de-basto\/#primaryimage"},"thumbnailUrl":"https:\/\/portaltela.pt\/s.01k8rhncp4jt1\/2026\/02\/unnamed-file-711.jpg","datePublished":"2026-02-03T09:12:00+00:00","author":{"@id":"https:\/\/portaltela.pt\/#\/schema\/person\/c4278d4a6028830caff9ee44b42d32ed"},"breadcrumb":{"@id":"https:\/\/portaltela.pt\/noticias\/2026\/02\/03\/idosos-de-celorico-de-bastos-visitam-museu-municipal-de-mondim-de-basto\/#breadcrumb"},"inLanguage":"pt-PT","potentialAction":[{"@type":"ReadAction","target":["https:\/\/portaltela.pt\/noticias\/2026\/02\/03\/idosos-de-celorico-de-bastos-visitam-museu-municipal-de-mondim-de-basto\/"]}]},{"@type":"ImageObject","inLanguage":"pt-PT","@id":"https:\/\/portaltela.pt\/noticias\/2026\/02\/03\/idosos-de-celorico-de-bastos-visitam-museu-municipal-de-mondim-de-basto\/#primaryimage","url":"https:\/\/portaltela.pt\/s.01k8rhncp4jt1\/2026\/02\/unnamed-file-711.jpg","contentUrl":"https:\/\/portaltela.pt\/s.01k8rhncp4jt1\/2026\/02\/unnamed-file-711.jpg","width":796,"height":448,"caption":"Idosos de Celorico de Bastos visitam Museu Municipal de Mondim de Basto"},{"@type":"BreadcrumbList","@id":"https:\/\/portaltela.pt\/noticias\/2026\/02\/03\/idosos-de-celorico-de-bastos-visitam-museu-municipal-de-mondim-de-basto\/#breadcrumb","itemListElement":[{"@type":"ListItem","position":1,"name":"In\u00edcio","item":"https:\/\/portaltela.pt\/"},{"@type":"ListItem","position":2,"name":"Idosos de Celorico de Bastos visitam Museu Municipal de Mondim de Basto"}]},{"@type":"WebSite","@id":"https:\/\/portaltela.pt\/#website","url":"https:\/\/portaltela.pt\/","name":"Portal Tela Portugal","description":"","potentialAction":[{"@type":"SearchAction","target":{"@type":"EntryPoint","urlTemplate":"https:\/\/portaltela.pt\/?s={search_term_string}"},"query-input":{"@type":"PropertyValueSpecification","valueRequired":true,"valueName":"search_term_string"}}],"inLanguage":"pt-PT"},{"@type":"Person","@id":"https:\/\/portaltela.pt\/#\/schema\/person\/c4278d4a6028830caff9ee44b42d32ed","name":"Telinha","image":{"@type":"ImageObject","inLanguage":"pt-PT","@id":"https:\/\/portaltela.pt\/s.01k8rhncp4jt1\/2025\/11\/talking-bot-125x125.png","url":"https:\/\/portaltela.pt\/s.01k8rhncp4jt1\/2025\/11\/talking-bot-125x125.png","contentUrl":"https:\/\/portaltela.pt\/s.01k8rhncp4jt1\/2025\/11\/talking-bot-125x125.png","caption":"Telinha"},"sameAs":["https:\/\/portaltela.pt\/"],"url":"https:\/\/portaltela.pt\/por\/367410592786\/"}]}},"_links":{"self":[{"href":"https:\/\/portaltela.pt\/api\/wp\/v2\/posts\/193107","targetHints":{"allow":["GET"]}}],"collection":[{"href":"https:\/\/portaltela.pt\/api\/wp\/v2\/posts"}],"about":[{"href":"https:\/\/portaltela.pt\/api\/wp\/v2\/types\/post"}],"author":[{"embeddable":true,"href":"https:\/\/portaltela.pt\/api\/wp\/v2\/users\/2"}],"replies":[{"embeddable":true,"href":"https:\/\/portaltela.pt\/api\/wp\/v2\/comments?post=193107"}],"version-history":[{"count":0,"href":"https:\/\/portaltela.pt\/api\/wp\/v2\/posts\/193107\/revisions"}],"wp:featuredmedia":[{"embeddable":true,"href":"https:\/\/portaltela.pt\/api\/wp\/v2\/media\/193112"}],"wp:attachment":[{"href":"https:\/\/portaltela.pt\/api\/wp\/v2\/media?parent=193107"}],"wp:term":[{"taxonomy":"category","embeddable":true,"href":"https:\/\/portaltela.pt\/api\/wp\/v2\/categories?post=193107"},{"taxonomy":"post_tag","embeddable":true,"href":"https:\/\/portaltela.pt\/api\/wp\/v2\/tags?post=193107"}],"curies":[{"name":"wp","href":"https:\/\/api.w.org\/{rel}","templated":true}]}}