{"id":193106,"date":"2026-02-03T05:56:37","date_gmt":"2026-02-03T08:56:37","guid":{"rendered":"https:\/\/portaltela.pt\/noticias\/2026\/02\/03\/reparacao-do-metro-acarreta-condicionamentos-e-corte-de-transito-na-almada\/"},"modified":"2026-02-03T05:56:37","modified_gmt":"2026-02-03T08:56:37","slug":"reparacao-do-metro-acarreta-condicionamentos-e-corte-de-transito-na-almada","status":"publish","type":"post","link":"https:\/\/portaltela.pt\/noticias\/2026\/02\/03\/reparacao-do-metro-acarreta-condicionamentos-e-corte-de-transito-na-almada\/","title":{"rendered":"Repara\u00e7\u00e3o do Metro acarreta condicionamentos e corte de tr\u00e2nsito na Almada"},"content":{"rendered":"<p>No dia 25 de fevereiro de 2026, est\u00e1 previsto o corte de tr\u00e2nsito na Avenida Bento Gon\u00e7alves, em Almada, entre as 13h30 e as 17h30. A interven\u00e7\u00e3o incide na rotunda entre a Avenida Bento Gon\u00e7alves e a Rua de Alvalade, para trabalhos de repara\u00e7\u00e3o de pavimento na rede do MTS.<\/p>\n<p>A opera\u00e7\u00e3o \u00e9 organizada pela C\u00e2mara Municipal de Almada, a pedido do Movimento dos Trabalhadores Socialistas (MTS). O objetivo \u00e9 reparar o pavimento e assegurar a qualidade da via, com hor\u00e1rios delimitados para minimizar o impacto no tr\u00e2nsito.<\/p>\n<p>A autarquia solicita compreens\u00e3o aos residentes e utilizadores da via face aos inc\u00f3modos tempor\u00e1rios durante a interven\u00e7\u00e3o. As obras ocorrem nos dias 24 e 25 de fevereiro, com fases espec\u00edficas definidas para cada per\u00edodo.<\/p>\n<h3>Faseamento e hor\u00e1rios<\/h3>\n<p>No dia 24 de fevereiro, ter\u00e7a-feira, a interven\u00e7\u00e3o ocorre na Rotunda da Rua Cidade de Ostrava em duas fases:<\/p>\n<ul>\n<li>Fase A: 08h30\u201312h30<\/li>\n<li>Fase B: 13h30\u201317h30<\/li>\n<\/ul>\n<p>No dia 25 de fevereiro, quarta-feira, a rotunda continua na Rua Cidade de Ostrava, acrescida da Avenida Bento Gon\u00e7alves, com fases sequenciais:<\/p>\n<ul>\n<li>Fases C e D: 08h30\u201312h30<\/li>\n<li>Fase E: 13h30\u201317h30, com corte de tr\u00e2nsito na Avenida Bento Gon\u00e7alves e desvio pela Rua de Alvalade<\/li>\n<\/ul>\n<p>A iniciativa est\u00e1 sujeita a autoriza\u00e7\u00e3o municipal e pretende reduzir os problemas de pavimenta\u00e7\u00e3o, mantendo vias de acesso condicionadas durante o per\u00edodo referido.<\/p>\n","protected":false},"excerpt":{"rendered":"<ul>\n<li>Repara\u00e7\u00e3o de pavimento na rotunda entre a Avenida Bento Gon\u00e7alves e a Rua de Alvalade, em Almada, nos dias 24 e 25 de fevereiro de 2026.<\/li>\n<li>Dia 24 de fevereiro, fase A (08h30\u201312h30) e fase B (13h30\u201317h30).<\/li>\n<li>Dia 25 de fevereiro, fases C e D (08h30\u201312h30) e fase E (13h30\u201317h30) com corte de tr\u00e2nsito na Avenida Bento Gon\u00e7alves.<\/li>\n<li>Desvio de tr\u00e1fego pela Rua de Alvalade durante a fase E.<\/li>\n<li>A C\u00e2mara Municipal de Almada solicita compreens\u00e3o da popula\u00e7\u00e3o pelos inc\u00f3modos provocados pela interven\u00e7\u00e3o.<\/li>\n<\/ul>\n","protected":false},"author":2,"featured_media":193111,"comment_status":"closed","ping_status":"closed","sticky":false,"template":"","format":"standard","meta":{"footnotes":""},"categories":[1],"tags":[4846,1373,4216,2972,1629,2891],"class_list":["post-193106","post","type-post","status-publish","format-standard","has-post-thumbnail","hentry","category-noticias","tag-administracao-local","tag-almada","tag-condicoes-de-transito","tag-pavimentacao","tag-transito","tag-via-publica"],"yoast_head":"<!-- This site is optimized with the Yoast SEO plugin v27.2 - https:\/\/yoast.com\/product\/yoast-seo-wordpress\/ -->\n<title>Repara\u00e7\u00e3o do Metro acarreta condicionamentos e corte de tr\u00e2nsito na Almada - Portal Tela Portugal<\/title>\n<meta name=\"robots\" content=\"index, follow, max-snippet:-1, max-image-preview:large, max-video-preview:-1\" \/>\n<meta property=\"og:locale\" content=\"pt_PT\" \/>\n<meta property=\"og:type\" content=\"article\" \/>\n<meta property=\"og:title\" content=\"Repara\u00e7\u00e3o do Metro acarreta condicionamentos e corte de tr\u00e2nsito na Almada - Portal Tela Portugal\" \/>\n<meta property=\"og:description\" content=\"Repara\u00e7\u00e3o de pavimento na rotunda entre a Avenida Bento Gon\u00e7alves e a Rua de Alvalade, em Almada, nos dias 24 e 25 de fevereiro de 2026. Dia 24 de fevereiro, fase A (08h30\u201312h30) e fase B (13h30\u201317h30). Dia 25 de fevereiro, fases C e D (08h30\u201312h30) e fase E (13h30\u201317h30) com corte de tr\u00e2nsito na Avenida Bento Gon\u00e7alves. Desvio de tr\u00e1fego pela Rua de Alvalade durante a fase E. A C\u00e2mara Municipal de Almada solicita compreens\u00e3o da popula\u00e7\u00e3o pelos inc\u00f3modos provocados pela interven\u00e7\u00e3o.\" \/>\n<meta property=\"og:url\" content=\"https:\/\/portaltela.pt\/noticias\/2026\/02\/03\/reparacao-do-metro-acarreta-condicionamentos-e-corte-de-transito-na-almada\/\" \/>\n<meta property=\"og:site_name\" content=\"Portal Tela Portugal\" \/>\n<meta property=\"article:published_time\" content=\"2026-02-03T08:56:37+00:00\" \/>\n<meta name=\"author\" content=\"Telinha\" \/>\n<meta name=\"twitter:card\" content=\"summary_large_image\" \/>\n<meta name=\"twitter:label1\" content=\"Escrito por\" \/>\n\t<meta name=\"twitter:data1\" content=\"Telinha\" \/>\n\t<meta name=\"twitter:label2\" content=\"Tempo estimado de leitura\" \/>\n\t<meta name=\"twitter:data2\" content=\"1 minuto\" \/>\n<script type=\"application\/ld+json\" class=\"yoast-schema-graph\">{\"@context\":\"https:\/\/schema.org\",\"@graph\":[{\"@type\":\"Article\",\"@id\":\"https:\/\/portaltela.pt\/noticias\/2026\/02\/03\/reparacao-do-metro-acarreta-condicionamentos-e-corte-de-transito-na-almada\/#article\",\"isPartOf\":{\"@id\":\"https:\/\/portaltela.pt\/noticias\/2026\/02\/03\/reparacao-do-metro-acarreta-condicionamentos-e-corte-de-transito-na-almada\/\"},\"author\":{\"name\":\"Telinha\",\"@id\":\"https:\/\/portaltela.pt\/#\/schema\/person\/c4278d4a6028830caff9ee44b42d32ed\"},\"headline\":\"Repara\u00e7\u00e3o do Metro acarreta condicionamentos e corte de tr\u00e2nsito na Almada\",\"datePublished\":\"2026-02-03T08:56:37+00:00\",\"mainEntityOfPage\":{\"@id\":\"https:\/\/portaltela.pt\/noticias\/2026\/02\/03\/reparacao-do-metro-acarreta-condicionamentos-e-corte-de-transito-na-almada\/\"},\"wordCount\":250,\"image\":{\"@id\":\"https:\/\/portaltela.pt\/noticias\/2026\/02\/03\/reparacao-do-metro-acarreta-condicionamentos-e-corte-de-transito-na-almada\/#primaryimage\"},\"thumbnailUrl\":\"https:\/\/portaltela.pt\/s.01k8rhncp4jt1\/2026\/02\/unnamed-file-711.jpg\",\"keywords\":[\"Administra\u00e7\u00e3o Local\",\"Almada\",\"condi\u00e7\u00f5es de tr\u00e2nsito\",\"pavimenta\u00e7\u00e3o\",\"tr\u00e2nsito\",\"via p\u00fablica\"],\"articleSection\":[\"Not\u00edcias\"],\"inLanguage\":\"pt-PT\"},{\"@type\":\"WebPage\",\"@id\":\"https:\/\/portaltela.pt\/noticias\/2026\/02\/03\/reparacao-do-metro-acarreta-condicionamentos-e-corte-de-transito-na-almada\/\",\"url\":\"https:\/\/portaltela.pt\/noticias\/2026\/02\/03\/reparacao-do-metro-acarreta-condicionamentos-e-corte-de-transito-na-almada\/\",\"name\":\"Repara\u00e7\u00e3o do Metro acarreta condicionamentos e corte de tr\u00e2nsito na Almada - Portal Tela Portugal\",\"isPartOf\":{\"@id\":\"https:\/\/portaltela.pt\/#website\"},\"primaryImageOfPage\":{\"@id\":\"https:\/\/portaltela.pt\/noticias\/2026\/02\/03\/reparacao-do-metro-acarreta-condicionamentos-e-corte-de-transito-na-almada\/#primaryimage\"},\"image\":{\"@id\":\"https:\/\/portaltela.pt\/noticias\/2026\/02\/03\/reparacao-do-metro-acarreta-condicionamentos-e-corte-de-transito-na-almada\/#primaryimage\"},\"thumbnailUrl\":\"https:\/\/portaltela.pt\/s.01k8rhncp4jt1\/2026\/02\/unnamed-file-711.jpg\",\"datePublished\":\"2026-02-03T08:56:37+00:00\",\"author\":{\"@id\":\"https:\/\/portaltela.pt\/#\/schema\/person\/c4278d4a6028830caff9ee44b42d32ed\"},\"breadcrumb\":{\"@id\":\"https:\/\/portaltela.pt\/noticias\/2026\/02\/03\/reparacao-do-metro-acarreta-condicionamentos-e-corte-de-transito-na-almada\/#breadcrumb\"},\"inLanguage\":\"pt-PT\",\"potentialAction\":[{\"@type\":\"ReadAction\",\"target\":[\"https:\/\/portaltela.pt\/noticias\/2026\/02\/03\/reparacao-do-metro-acarreta-condicionamentos-e-corte-de-transito-na-almada\/\"]}]},{\"@type\":\"ImageObject\",\"inLanguage\":\"pt-PT\",\"@id\":\"https:\/\/portaltela.pt\/noticias\/2026\/02\/03\/reparacao-do-metro-acarreta-condicionamentos-e-corte-de-transito-na-almada\/#primaryimage\",\"url\":\"https:\/\/portaltela.pt\/s.01k8rhncp4jt1\/2026\/02\/unnamed-file-711.jpg\",\"contentUrl\":\"https:\/\/portaltela.pt\/s.01k8rhncp4jt1\/2026\/02\/unnamed-file-711.jpg\",\"width\":796,\"height\":448,\"caption\":\"Repara\u00e7\u00e3o do Metro implica condicionamentos e corte de tr\u00e2nsito na Almada\"},{\"@type\":\"BreadcrumbList\",\"@id\":\"https:\/\/portaltela.pt\/noticias\/2026\/02\/03\/reparacao-do-metro-acarreta-condicionamentos-e-corte-de-transito-na-almada\/#breadcrumb\",\"itemListElement\":[{\"@type\":\"ListItem\",\"position\":1,\"name\":\"In\u00edcio\",\"item\":\"https:\/\/portaltela.pt\/\"},{\"@type\":\"ListItem\",\"position\":2,\"name\":\"Repara\u00e7\u00e3o do Metro acarreta condicionamentos e corte de tr\u00e2nsito na Almada\"}]},{\"@type\":\"WebSite\",\"@id\":\"https:\/\/portaltela.pt\/#website\",\"url\":\"https:\/\/portaltela.pt\/\",\"name\":\"Portal Tela Portugal\",\"description\":\"\",\"potentialAction\":[{\"@type\":\"SearchAction\",\"target\":{\"@type\":\"EntryPoint\",\"urlTemplate\":\"https:\/\/portaltela.pt\/?s={search_term_string}\"},\"query-input\":{\"@type\":\"PropertyValueSpecification\",\"valueRequired\":true,\"valueName\":\"search_term_string\"}}],\"inLanguage\":\"pt-PT\"},{\"@type\":\"Person\",\"@id\":\"https:\/\/portaltela.pt\/#\/schema\/person\/c4278d4a6028830caff9ee44b42d32ed\",\"name\":\"Telinha\",\"image\":{\"@type\":\"ImageObject\",\"inLanguage\":\"pt-PT\",\"@id\":\"https:\/\/portaltela.pt\/s.01k8rhncp4jt1\/2025\/11\/talking-bot-125x125.png\",\"url\":\"https:\/\/portaltela.pt\/s.01k8rhncp4jt1\/2025\/11\/talking-bot-125x125.png\",\"contentUrl\":\"https:\/\/portaltela.pt\/s.01k8rhncp4jt1\/2025\/11\/talking-bot-125x125.png\",\"caption\":\"Telinha\"},\"sameAs\":[\"https:\/\/portaltela.pt\/\"],\"url\":\"https:\/\/portaltela.pt\/por\/367410592786\/\"}]}<\/script>\n<!-- \/ Yoast SEO plugin. -->","yoast_head_json":{"title":"Repara\u00e7\u00e3o do Metro acarreta condicionamentos e corte de tr\u00e2nsito na Almada - Portal Tela Portugal","robots":{"index":"index","follow":"follow","max-snippet":"max-snippet:-1","max-image-preview":"max-image-preview:large","max-video-preview":"max-video-preview:-1"},"og_locale":"pt_PT","og_type":"article","og_title":"Repara\u00e7\u00e3o do Metro acarreta condicionamentos e corte de tr\u00e2nsito na Almada - Portal Tela Portugal","og_description":"Repara\u00e7\u00e3o de pavimento na rotunda entre a Avenida Bento Gon\u00e7alves e a Rua de Alvalade, em Almada, nos dias 24 e 25 de fevereiro de 2026. Dia 24 de fevereiro, fase A (08h30\u201312h30) e fase B (13h30\u201317h30). Dia 25 de fevereiro, fases C e D (08h30\u201312h30) e fase E (13h30\u201317h30) com corte de tr\u00e2nsito na Avenida Bento Gon\u00e7alves. Desvio de tr\u00e1fego pela Rua de Alvalade durante a fase E. A C\u00e2mara Municipal de Almada solicita compreens\u00e3o da popula\u00e7\u00e3o pelos inc\u00f3modos provocados pela interven\u00e7\u00e3o.","og_url":"https:\/\/portaltela.pt\/noticias\/2026\/02\/03\/reparacao-do-metro-acarreta-condicionamentos-e-corte-de-transito-na-almada\/","og_site_name":"Portal Tela Portugal","article_published_time":"2026-02-03T08:56:37+00:00","author":"Telinha","twitter_card":"summary_large_image","twitter_misc":{"Escrito por":"Telinha","Tempo estimado de leitura":"1 minuto"},"schema":{"@context":"https:\/\/schema.org","@graph":[{"@type":"Article","@id":"https:\/\/portaltela.pt\/noticias\/2026\/02\/03\/reparacao-do-metro-acarreta-condicionamentos-e-corte-de-transito-na-almada\/#article","isPartOf":{"@id":"https:\/\/portaltela.pt\/noticias\/2026\/02\/03\/reparacao-do-metro-acarreta-condicionamentos-e-corte-de-transito-na-almada\/"},"author":{"name":"Telinha","@id":"https:\/\/portaltela.pt\/#\/schema\/person\/c4278d4a6028830caff9ee44b42d32ed"},"headline":"Repara\u00e7\u00e3o do Metro acarreta condicionamentos e corte de tr\u00e2nsito na Almada","datePublished":"2026-02-03T08:56:37+00:00","mainEntityOfPage":{"@id":"https:\/\/portaltela.pt\/noticias\/2026\/02\/03\/reparacao-do-metro-acarreta-condicionamentos-e-corte-de-transito-na-almada\/"},"wordCount":250,"image":{"@id":"https:\/\/portaltela.pt\/noticias\/2026\/02\/03\/reparacao-do-metro-acarreta-condicionamentos-e-corte-de-transito-na-almada\/#primaryimage"},"thumbnailUrl":"https:\/\/portaltela.pt\/s.01k8rhncp4jt1\/2026\/02\/unnamed-file-711.jpg","keywords":["Administra\u00e7\u00e3o Local","Almada","condi\u00e7\u00f5es de tr\u00e2nsito","pavimenta\u00e7\u00e3o","tr\u00e2nsito","via p\u00fablica"],"articleSection":["Not\u00edcias"],"inLanguage":"pt-PT"},{"@type":"WebPage","@id":"https:\/\/portaltela.pt\/noticias\/2026\/02\/03\/reparacao-do-metro-acarreta-condicionamentos-e-corte-de-transito-na-almada\/","url":"https:\/\/portaltela.pt\/noticias\/2026\/02\/03\/reparacao-do-metro-acarreta-condicionamentos-e-corte-de-transito-na-almada\/","name":"Repara\u00e7\u00e3o do Metro acarreta condicionamentos e corte de tr\u00e2nsito na Almada - Portal Tela Portugal","isPartOf":{"@id":"https:\/\/portaltela.pt\/#website"},"primaryImageOfPage":{"@id":"https:\/\/portaltela.pt\/noticias\/2026\/02\/03\/reparacao-do-metro-acarreta-condicionamentos-e-corte-de-transito-na-almada\/#primaryimage"},"image":{"@id":"https:\/\/portaltela.pt\/noticias\/2026\/02\/03\/reparacao-do-metro-acarreta-condicionamentos-e-corte-de-transito-na-almada\/#primaryimage"},"thumbnailUrl":"https:\/\/portaltela.pt\/s.01k8rhncp4jt1\/2026\/02\/unnamed-file-711.jpg","datePublished":"2026-02-03T08:56:37+00:00","author":{"@id":"https:\/\/portaltela.pt\/#\/schema\/person\/c4278d4a6028830caff9ee44b42d32ed"},"breadcrumb":{"@id":"https:\/\/portaltela.pt\/noticias\/2026\/02\/03\/reparacao-do-metro-acarreta-condicionamentos-e-corte-de-transito-na-almada\/#breadcrumb"},"inLanguage":"pt-PT","potentialAction":[{"@type":"ReadAction","target":["https:\/\/portaltela.pt\/noticias\/2026\/02\/03\/reparacao-do-metro-acarreta-condicionamentos-e-corte-de-transito-na-almada\/"]}]},{"@type":"ImageObject","inLanguage":"pt-PT","@id":"https:\/\/portaltela.pt\/noticias\/2026\/02\/03\/reparacao-do-metro-acarreta-condicionamentos-e-corte-de-transito-na-almada\/#primaryimage","url":"https:\/\/portaltela.pt\/s.01k8rhncp4jt1\/2026\/02\/unnamed-file-711.jpg","contentUrl":"https:\/\/portaltela.pt\/s.01k8rhncp4jt1\/2026\/02\/unnamed-file-711.jpg","width":796,"height":448,"caption":"Repara\u00e7\u00e3o do Metro implica condicionamentos e corte de tr\u00e2nsito na Almada"},{"@type":"BreadcrumbList","@id":"https:\/\/portaltela.pt\/noticias\/2026\/02\/03\/reparacao-do-metro-acarreta-condicionamentos-e-corte-de-transito-na-almada\/#breadcrumb","itemListElement":[{"@type":"ListItem","position":1,"name":"In\u00edcio","item":"https:\/\/portaltela.pt\/"},{"@type":"ListItem","position":2,"name":"Repara\u00e7\u00e3o do Metro acarreta condicionamentos e corte de tr\u00e2nsito na Almada"}]},{"@type":"WebSite","@id":"https:\/\/portaltela.pt\/#website","url":"https:\/\/portaltela.pt\/","name":"Portal Tela Portugal","description":"","potentialAction":[{"@type":"SearchAction","target":{"@type":"EntryPoint","urlTemplate":"https:\/\/portaltela.pt\/?s={search_term_string}"},"query-input":{"@type":"PropertyValueSpecification","valueRequired":true,"valueName":"search_term_string"}}],"inLanguage":"pt-PT"},{"@type":"Person","@id":"https:\/\/portaltela.pt\/#\/schema\/person\/c4278d4a6028830caff9ee44b42d32ed","name":"Telinha","image":{"@type":"ImageObject","inLanguage":"pt-PT","@id":"https:\/\/portaltela.pt\/s.01k8rhncp4jt1\/2025\/11\/talking-bot-125x125.png","url":"https:\/\/portaltela.pt\/s.01k8rhncp4jt1\/2025\/11\/talking-bot-125x125.png","contentUrl":"https:\/\/portaltela.pt\/s.01k8rhncp4jt1\/2025\/11\/talking-bot-125x125.png","caption":"Telinha"},"sameAs":["https:\/\/portaltela.pt\/"],"url":"https:\/\/portaltela.pt\/por\/367410592786\/"}]}},"_links":{"self":[{"href":"https:\/\/portaltela.pt\/api\/wp\/v2\/posts\/193106","targetHints":{"allow":["GET"]}}],"collection":[{"href":"https:\/\/portaltela.pt\/api\/wp\/v2\/posts"}],"about":[{"href":"https:\/\/portaltela.pt\/api\/wp\/v2\/types\/post"}],"author":[{"embeddable":true,"href":"https:\/\/portaltela.pt\/api\/wp\/v2\/users\/2"}],"replies":[{"embeddable":true,"href":"https:\/\/portaltela.pt\/api\/wp\/v2\/comments?post=193106"}],"version-history":[{"count":0,"href":"https:\/\/portaltela.pt\/api\/wp\/v2\/posts\/193106\/revisions"}],"wp:featuredmedia":[{"embeddable":true,"href":"https:\/\/portaltela.pt\/api\/wp\/v2\/media\/193111"}],"wp:attachment":[{"href":"https:\/\/portaltela.pt\/api\/wp\/v2\/media?parent=193106"}],"wp:term":[{"taxonomy":"category","embeddable":true,"href":"https:\/\/portaltela.pt\/api\/wp\/v2\/categories?post=193106"},{"taxonomy":"post_tag","embeddable":true,"href":"https:\/\/portaltela.pt\/api\/wp\/v2\/tags?post=193106"}],"curies":[{"name":"wp","href":"https:\/\/api.w.org\/{rel}","templated":true}]}}