{"id":193030,"date":"2026-02-03T05:38:00","date_gmt":"2026-02-03T08:38:00","guid":{"rendered":"https:\/\/portaltela.pt\/noticias\/2026\/02\/03\/bill-e-hillary-clinton-concordam-em-testemunhar-no-congresso-sobre-caso-epstein\/"},"modified":"2026-02-03T05:38:00","modified_gmt":"2026-02-03T08:38:00","slug":"bill-e-hillary-clinton-concordam-em-testemunhar-no-congresso-sobre-caso-epstein","status":"publish","type":"post","link":"https:\/\/portaltela.pt\/noticias\/politica\/2026\/02\/03\/bill-e-hillary-clinton-concordam-em-testemunhar-no-congresso-sobre-caso-epstein\/","title":{"rendered":"Bill e Hillary Clinton concordam em testemunhar no Congresso sobre caso Epstein"},"content":{"rendered":"<p>O ex-presidente Bill Clinton e Hillary Clinton aceitaram testemunhar perante uma comiss\u00e3o do Congresso que investiga o caso Epstein. A not\u00edcia foi anunciada por um porta-voz do casal nas redes sociais.<\/p>\n<p>Segundo o porta-voz Angel Ure\u00f1a, os Clinton estar\u00e3o presentes na comiss\u00e3o e pretendem estabelecer um precedente aplic\u00e1vel a todos. Os republicanos tinham solicitado o depoimento por liga\u00e7\u00f5es de Clinton com Epstein.<\/p>\n<p>O gabinete de Clinton acusa a Casa Branca de divulgar informa\u00e7\u00f5es para encobrir refer\u00eancias a Donald Trump, antigo amigo de Epstein que frequentou as suas festas com menores. A acusa\u00e7\u00e3o envolve a divulga\u00e7\u00e3o de conte\u00fados relacionados com o caso.<\/p>\n<h3>Documentos divulgados e liga\u00e7\u00f5es pol\u00edticas<\/h3>\n<p>Na sexta-feira foi publicada uma vasta opera\u00e7\u00e3o de divulga\u00e7\u00e3o de ficheiros ligados a Epstein, incluindo nomes de artes, empresas, desporto e pol\u00edtica, como o secret\u00e1rio do Com\u00e9rcio, Howard Lutnick. A publica\u00e7\u00e3o inclui tamb\u00e9m men\u00e7\u00f5es a Trump, com uma lista alegada de acusa\u00e7\u00f5es por abusos sexuais de menores.<\/p>\n<p>Epstein foi encontrado morto em 2019 na pris\u00e3o federal de Nova Iorque, tendo sido considerado suic\u00eddio. A investiga\u00e7\u00e3o seguiu as acusa\u00e7\u00f5es de explora\u00e7\u00e3o sexual de menores em que era alvo.<\/p>\n","protected":false},"excerpt":{"rendered":"<ul>\n<li>Bill Clinton e Hillary Clinton aceitaram testemunhar perante uma comiss\u00e3o do Congresso que investiga o caso Epstein, segundo um porta-voz do casal.<\/li>\n<li>Angel Ure\u00f1a afirmou que o ex-Presidente e a ex-secret\u00e1ria de Estado estar\u00e3o presentes e querem estabelecer um precedente para todos.<\/li>\n<li>A comiss\u00e3o republicana solicitou o depoimento por liga\u00e7\u00f5es de Clinton com Epstein; o porta-voz disse que j\u00e1 testemunharam sob juramento e que alguns \u201cn\u00e3o querem saber\u201d.<\/li>\n<li>O gabinete de Clinton acusa a Casa Branca de encobrir refer\u00eancias a Donald Trump, amigo de Epstein durante d\u00e9cadas.<\/li>\n<li>Foram divulgados mais de tr\u00eas milh\u00f5es de ficheiros relacionados com Epstein, com nomes de artes, desporto, empresas e pol\u00edtica, incluindo o secret\u00e1rio do Com\u00e9rcio Howard Lutnick; a divulga\u00e7\u00e3o inclui, ainda, uma lista de pelo menos 12 acusa\u00e7\u00f5es contra Trump por abuso de menores; Epstein morreu em 2019 na pris\u00e3o.<\/li>\n<\/ul>\n","protected":false},"author":2,"featured_media":193037,"comment_status":"closed","ping_status":"closed","sticky":false,"template":"","format":"standard","meta":{"footnotes":""},"categories":[1,5],"tags":[42,4953,5194,1318,215,2832],"class_list":["post-193030","post","type-post","status-publish","format-standard","has-post-thumbnail","hentry","category-noticias","category-politica","tag-congresso","tag-donald-trump","tag-exploracao-de-menores","tag-exploracao-sexual-de-menor-dependente-ou-em-situacao-vulneravel","tag-investigacao","tag-politica"],"yoast_head":"<!-- This site is optimized with the Yoast SEO plugin v27.2 - https:\/\/yoast.com\/product\/yoast-seo-wordpress\/ -->\n<title>Bill e Hillary Clinton concordam em testemunhar no Congresso sobre caso Epstein - Portal Tela Portugal<\/title>\n<meta name=\"robots\" content=\"index, follow, max-snippet:-1, max-image-preview:large, max-video-preview:-1\" \/>\n<meta property=\"og:locale\" content=\"pt_PT\" \/>\n<meta property=\"og:type\" content=\"article\" \/>\n<meta property=\"og:title\" content=\"Bill e Hillary Clinton concordam em testemunhar no Congresso sobre caso Epstein - Portal Tela Portugal\" \/>\n<meta property=\"og:description\" content=\"Bill Clinton e Hillary Clinton aceitaram testemunhar perante uma comiss\u00e3o do Congresso que investiga o caso Epstein, segundo um porta-voz do casal. Angel Ure\u00f1a afirmou que o ex-Presidente e a ex-secret\u00e1ria de Estado estar\u00e3o presentes e querem estabelecer um precedente para todos. A comiss\u00e3o republicana solicitou o depoimento por liga\u00e7\u00f5es de Clinton com Epstein; o porta-voz disse que j\u00e1 testemunharam sob juramento e que alguns \u201cn\u00e3o querem saber\u201d. O gabinete de Clinton acusa a Casa Branca de encobrir refer\u00eancias a Donald Trump, amigo de Epstein durante d\u00e9cadas. Foram divulgados mais de tr\u00eas milh\u00f5es de ficheiros relacionados com Epstein, com nomes de artes, desporto, empresas e pol\u00edtica, incluindo o secret\u00e1rio do Com\u00e9rcio Howard Lutnick; a divulga\u00e7\u00e3o inclui, ainda, uma lista de pelo menos 12 acusa\u00e7\u00f5es contra Trump por abuso de menores; Epstein morreu em 2019 na pris\u00e3o.\" \/>\n<meta property=\"og:url\" content=\"https:\/\/portaltela.pt\/noticias\/2026\/02\/03\/bill-e-hillary-clinton-concordam-em-testemunhar-no-congresso-sobre-caso-epstein\/\" \/>\n<meta property=\"og:site_name\" content=\"Portal Tela Portugal\" \/>\n<meta property=\"article:published_time\" content=\"2026-02-03T08:38:00+00:00\" \/>\n<meta name=\"author\" content=\"Telinha\" \/>\n<meta name=\"twitter:card\" content=\"summary_large_image\" \/>\n<meta name=\"twitter:label1\" content=\"Escrito por\" \/>\n\t<meta name=\"twitter:data1\" content=\"Telinha\" \/>\n\t<meta name=\"twitter:label2\" content=\"Tempo estimado de leitura\" \/>\n\t<meta name=\"twitter:data2\" content=\"1 minuto\" \/>\n<script type=\"application\/ld+json\" class=\"yoast-schema-graph\">{\"@context\":\"https:\/\/schema.org\",\"@graph\":[{\"@type\":\"Article\",\"@id\":\"https:\/\/portaltela.pt\/noticias\/2026\/02\/03\/bill-e-hillary-clinton-concordam-em-testemunhar-no-congresso-sobre-caso-epstein\/#article\",\"isPartOf\":{\"@id\":\"https:\/\/portaltela.pt\/noticias\/2026\/02\/03\/bill-e-hillary-clinton-concordam-em-testemunhar-no-congresso-sobre-caso-epstein\/\"},\"author\":{\"name\":\"Telinha\",\"@id\":\"https:\/\/portaltela.pt\/#\/schema\/person\/c4278d4a6028830caff9ee44b42d32ed\"},\"headline\":\"Bill e Hillary Clinton concordam em testemunhar no Congresso sobre caso Epstein\",\"datePublished\":\"2026-02-03T08:38:00+00:00\",\"mainEntityOfPage\":{\"@id\":\"https:\/\/portaltela.pt\/noticias\/2026\/02\/03\/bill-e-hillary-clinton-concordam-em-testemunhar-no-congresso-sobre-caso-epstein\/\"},\"wordCount\":222,\"image\":{\"@id\":\"https:\/\/portaltela.pt\/noticias\/2026\/02\/03\/bill-e-hillary-clinton-concordam-em-testemunhar-no-congresso-sobre-caso-epstein\/#primaryimage\"},\"thumbnailUrl\":\"https:\/\/portaltela.pt\/s.01k8rhncp4jt1\/2026\/02\/unnamed-file-699.jpg\",\"keywords\":[\"congresso\",\"Donald Trump\",\"explora\u00e7\u00e3o de menores\",\"explora\u00e7\u00e3o sexual de menor dependente ou em situa\u00e7\u00e3o vulner\u00e1vel\",\"investiga\u00e7\u00e3o\",\"pol\u00edtica\"],\"articleSection\":[\"Not\u00edcias\",\"Pol\u00edtica\"],\"inLanguage\":\"pt-PT\"},{\"@type\":\"WebPage\",\"@id\":\"https:\/\/portaltela.pt\/noticias\/2026\/02\/03\/bill-e-hillary-clinton-concordam-em-testemunhar-no-congresso-sobre-caso-epstein\/\",\"url\":\"https:\/\/portaltela.pt\/noticias\/2026\/02\/03\/bill-e-hillary-clinton-concordam-em-testemunhar-no-congresso-sobre-caso-epstein\/\",\"name\":\"Bill e Hillary Clinton concordam em testemunhar no Congresso sobre caso Epstein - Portal Tela Portugal\",\"isPartOf\":{\"@id\":\"https:\/\/portaltela.pt\/#website\"},\"primaryImageOfPage\":{\"@id\":\"https:\/\/portaltela.pt\/noticias\/2026\/02\/03\/bill-e-hillary-clinton-concordam-em-testemunhar-no-congresso-sobre-caso-epstein\/#primaryimage\"},\"image\":{\"@id\":\"https:\/\/portaltela.pt\/noticias\/2026\/02\/03\/bill-e-hillary-clinton-concordam-em-testemunhar-no-congresso-sobre-caso-epstein\/#primaryimage\"},\"thumbnailUrl\":\"https:\/\/portaltela.pt\/s.01k8rhncp4jt1\/2026\/02\/unnamed-file-699.jpg\",\"datePublished\":\"2026-02-03T08:38:00+00:00\",\"author\":{\"@id\":\"https:\/\/portaltela.pt\/#\/schema\/person\/c4278d4a6028830caff9ee44b42d32ed\"},\"breadcrumb\":{\"@id\":\"https:\/\/portaltela.pt\/noticias\/2026\/02\/03\/bill-e-hillary-clinton-concordam-em-testemunhar-no-congresso-sobre-caso-epstein\/#breadcrumb\"},\"inLanguage\":\"pt-PT\",\"potentialAction\":[{\"@type\":\"ReadAction\",\"target\":[\"https:\/\/portaltela.pt\/noticias\/2026\/02\/03\/bill-e-hillary-clinton-concordam-em-testemunhar-no-congresso-sobre-caso-epstein\/\"]}]},{\"@type\":\"ImageObject\",\"inLanguage\":\"pt-PT\",\"@id\":\"https:\/\/portaltela.pt\/noticias\/2026\/02\/03\/bill-e-hillary-clinton-concordam-em-testemunhar-no-congresso-sobre-caso-epstein\/#primaryimage\",\"url\":\"https:\/\/portaltela.pt\/s.01k8rhncp4jt1\/2026\/02\/unnamed-file-699.jpg\",\"contentUrl\":\"https:\/\/portaltela.pt\/s.01k8rhncp4jt1\/2026\/02\/unnamed-file-699.jpg\",\"width\":796,\"height\":448,\"caption\":\"Bill e Hillary Clinton aceitam testemunhar no Congresso sobre caso Epstein\"},{\"@type\":\"BreadcrumbList\",\"@id\":\"https:\/\/portaltela.pt\/noticias\/2026\/02\/03\/bill-e-hillary-clinton-concordam-em-testemunhar-no-congresso-sobre-caso-epstein\/#breadcrumb\",\"itemListElement\":[{\"@type\":\"ListItem\",\"position\":1,\"name\":\"In\u00edcio\",\"item\":\"https:\/\/portaltela.pt\/\"},{\"@type\":\"ListItem\",\"position\":2,\"name\":\"Bill e Hillary Clinton concordam em testemunhar no Congresso sobre caso Epstein\"}]},{\"@type\":\"WebSite\",\"@id\":\"https:\/\/portaltela.pt\/#website\",\"url\":\"https:\/\/portaltela.pt\/\",\"name\":\"Portal Tela Portugal\",\"description\":\"\",\"potentialAction\":[{\"@type\":\"SearchAction\",\"target\":{\"@type\":\"EntryPoint\",\"urlTemplate\":\"https:\/\/portaltela.pt\/?s={search_term_string}\"},\"query-input\":{\"@type\":\"PropertyValueSpecification\",\"valueRequired\":true,\"valueName\":\"search_term_string\"}}],\"inLanguage\":\"pt-PT\"},{\"@type\":\"Person\",\"@id\":\"https:\/\/portaltela.pt\/#\/schema\/person\/c4278d4a6028830caff9ee44b42d32ed\",\"name\":\"Telinha\",\"image\":{\"@type\":\"ImageObject\",\"inLanguage\":\"pt-PT\",\"@id\":\"https:\/\/portaltela.pt\/s.01k8rhncp4jt1\/2025\/11\/talking-bot-125x125.png\",\"url\":\"https:\/\/portaltela.pt\/s.01k8rhncp4jt1\/2025\/11\/talking-bot-125x125.png\",\"contentUrl\":\"https:\/\/portaltela.pt\/s.01k8rhncp4jt1\/2025\/11\/talking-bot-125x125.png\",\"caption\":\"Telinha\"},\"sameAs\":[\"https:\/\/portaltela.pt\/\"],\"url\":\"https:\/\/portaltela.pt\/por\/367410592786\/\"}]}<\/script>\n<!-- \/ Yoast SEO plugin. -->","yoast_head_json":{"title":"Bill e Hillary Clinton concordam em testemunhar no Congresso sobre caso Epstein - Portal Tela Portugal","robots":{"index":"index","follow":"follow","max-snippet":"max-snippet:-1","max-image-preview":"max-image-preview:large","max-video-preview":"max-video-preview:-1"},"og_locale":"pt_PT","og_type":"article","og_title":"Bill e Hillary Clinton concordam em testemunhar no Congresso sobre caso Epstein - Portal Tela Portugal","og_description":"Bill Clinton e Hillary Clinton aceitaram testemunhar perante uma comiss\u00e3o do Congresso que investiga o caso Epstein, segundo um porta-voz do casal. Angel Ure\u00f1a afirmou que o ex-Presidente e a ex-secret\u00e1ria de Estado estar\u00e3o presentes e querem estabelecer um precedente para todos. A comiss\u00e3o republicana solicitou o depoimento por liga\u00e7\u00f5es de Clinton com Epstein; o porta-voz disse que j\u00e1 testemunharam sob juramento e que alguns \u201cn\u00e3o querem saber\u201d. O gabinete de Clinton acusa a Casa Branca de encobrir refer\u00eancias a Donald Trump, amigo de Epstein durante d\u00e9cadas. Foram divulgados mais de tr\u00eas milh\u00f5es de ficheiros relacionados com Epstein, com nomes de artes, desporto, empresas e pol\u00edtica, incluindo o secret\u00e1rio do Com\u00e9rcio Howard Lutnick; a divulga\u00e7\u00e3o inclui, ainda, uma lista de pelo menos 12 acusa\u00e7\u00f5es contra Trump por abuso de menores; Epstein morreu em 2019 na pris\u00e3o.","og_url":"https:\/\/portaltela.pt\/noticias\/2026\/02\/03\/bill-e-hillary-clinton-concordam-em-testemunhar-no-congresso-sobre-caso-epstein\/","og_site_name":"Portal Tela Portugal","article_published_time":"2026-02-03T08:38:00+00:00","author":"Telinha","twitter_card":"summary_large_image","twitter_misc":{"Escrito por":"Telinha","Tempo estimado de leitura":"1 minuto"},"schema":{"@context":"https:\/\/schema.org","@graph":[{"@type":"Article","@id":"https:\/\/portaltela.pt\/noticias\/2026\/02\/03\/bill-e-hillary-clinton-concordam-em-testemunhar-no-congresso-sobre-caso-epstein\/#article","isPartOf":{"@id":"https:\/\/portaltela.pt\/noticias\/2026\/02\/03\/bill-e-hillary-clinton-concordam-em-testemunhar-no-congresso-sobre-caso-epstein\/"},"author":{"name":"Telinha","@id":"https:\/\/portaltela.pt\/#\/schema\/person\/c4278d4a6028830caff9ee44b42d32ed"},"headline":"Bill e Hillary Clinton concordam em testemunhar no Congresso sobre caso Epstein","datePublished":"2026-02-03T08:38:00+00:00","mainEntityOfPage":{"@id":"https:\/\/portaltela.pt\/noticias\/2026\/02\/03\/bill-e-hillary-clinton-concordam-em-testemunhar-no-congresso-sobre-caso-epstein\/"},"wordCount":222,"image":{"@id":"https:\/\/portaltela.pt\/noticias\/2026\/02\/03\/bill-e-hillary-clinton-concordam-em-testemunhar-no-congresso-sobre-caso-epstein\/#primaryimage"},"thumbnailUrl":"https:\/\/portaltela.pt\/s.01k8rhncp4jt1\/2026\/02\/unnamed-file-699.jpg","keywords":["congresso","Donald Trump","explora\u00e7\u00e3o de menores","explora\u00e7\u00e3o sexual de menor dependente ou em situa\u00e7\u00e3o vulner\u00e1vel","investiga\u00e7\u00e3o","pol\u00edtica"],"articleSection":["Not\u00edcias","Pol\u00edtica"],"inLanguage":"pt-PT"},{"@type":"WebPage","@id":"https:\/\/portaltela.pt\/noticias\/2026\/02\/03\/bill-e-hillary-clinton-concordam-em-testemunhar-no-congresso-sobre-caso-epstein\/","url":"https:\/\/portaltela.pt\/noticias\/2026\/02\/03\/bill-e-hillary-clinton-concordam-em-testemunhar-no-congresso-sobre-caso-epstein\/","name":"Bill e Hillary Clinton concordam em testemunhar no Congresso sobre caso Epstein - Portal Tela Portugal","isPartOf":{"@id":"https:\/\/portaltela.pt\/#website"},"primaryImageOfPage":{"@id":"https:\/\/portaltela.pt\/noticias\/2026\/02\/03\/bill-e-hillary-clinton-concordam-em-testemunhar-no-congresso-sobre-caso-epstein\/#primaryimage"},"image":{"@id":"https:\/\/portaltela.pt\/noticias\/2026\/02\/03\/bill-e-hillary-clinton-concordam-em-testemunhar-no-congresso-sobre-caso-epstein\/#primaryimage"},"thumbnailUrl":"https:\/\/portaltela.pt\/s.01k8rhncp4jt1\/2026\/02\/unnamed-file-699.jpg","datePublished":"2026-02-03T08:38:00+00:00","author":{"@id":"https:\/\/portaltela.pt\/#\/schema\/person\/c4278d4a6028830caff9ee44b42d32ed"},"breadcrumb":{"@id":"https:\/\/portaltela.pt\/noticias\/2026\/02\/03\/bill-e-hillary-clinton-concordam-em-testemunhar-no-congresso-sobre-caso-epstein\/#breadcrumb"},"inLanguage":"pt-PT","potentialAction":[{"@type":"ReadAction","target":["https:\/\/portaltela.pt\/noticias\/2026\/02\/03\/bill-e-hillary-clinton-concordam-em-testemunhar-no-congresso-sobre-caso-epstein\/"]}]},{"@type":"ImageObject","inLanguage":"pt-PT","@id":"https:\/\/portaltela.pt\/noticias\/2026\/02\/03\/bill-e-hillary-clinton-concordam-em-testemunhar-no-congresso-sobre-caso-epstein\/#primaryimage","url":"https:\/\/portaltela.pt\/s.01k8rhncp4jt1\/2026\/02\/unnamed-file-699.jpg","contentUrl":"https:\/\/portaltela.pt\/s.01k8rhncp4jt1\/2026\/02\/unnamed-file-699.jpg","width":796,"height":448,"caption":"Bill e Hillary Clinton aceitam testemunhar no Congresso sobre caso Epstein"},{"@type":"BreadcrumbList","@id":"https:\/\/portaltela.pt\/noticias\/2026\/02\/03\/bill-e-hillary-clinton-concordam-em-testemunhar-no-congresso-sobre-caso-epstein\/#breadcrumb","itemListElement":[{"@type":"ListItem","position":1,"name":"In\u00edcio","item":"https:\/\/portaltela.pt\/"},{"@type":"ListItem","position":2,"name":"Bill e Hillary Clinton concordam em testemunhar no Congresso sobre caso Epstein"}]},{"@type":"WebSite","@id":"https:\/\/portaltela.pt\/#website","url":"https:\/\/portaltela.pt\/","name":"Portal Tela Portugal","description":"","potentialAction":[{"@type":"SearchAction","target":{"@type":"EntryPoint","urlTemplate":"https:\/\/portaltela.pt\/?s={search_term_string}"},"query-input":{"@type":"PropertyValueSpecification","valueRequired":true,"valueName":"search_term_string"}}],"inLanguage":"pt-PT"},{"@type":"Person","@id":"https:\/\/portaltela.pt\/#\/schema\/person\/c4278d4a6028830caff9ee44b42d32ed","name":"Telinha","image":{"@type":"ImageObject","inLanguage":"pt-PT","@id":"https:\/\/portaltela.pt\/s.01k8rhncp4jt1\/2025\/11\/talking-bot-125x125.png","url":"https:\/\/portaltela.pt\/s.01k8rhncp4jt1\/2025\/11\/talking-bot-125x125.png","contentUrl":"https:\/\/portaltela.pt\/s.01k8rhncp4jt1\/2025\/11\/talking-bot-125x125.png","caption":"Telinha"},"sameAs":["https:\/\/portaltela.pt\/"],"url":"https:\/\/portaltela.pt\/por\/367410592786\/"}]}},"_links":{"self":[{"href":"https:\/\/portaltela.pt\/api\/wp\/v2\/posts\/193030","targetHints":{"allow":["GET"]}}],"collection":[{"href":"https:\/\/portaltela.pt\/api\/wp\/v2\/posts"}],"about":[{"href":"https:\/\/portaltela.pt\/api\/wp\/v2\/types\/post"}],"author":[{"embeddable":true,"href":"https:\/\/portaltela.pt\/api\/wp\/v2\/users\/2"}],"replies":[{"embeddable":true,"href":"https:\/\/portaltela.pt\/api\/wp\/v2\/comments?post=193030"}],"version-history":[{"count":0,"href":"https:\/\/portaltela.pt\/api\/wp\/v2\/posts\/193030\/revisions"}],"wp:featuredmedia":[{"embeddable":true,"href":"https:\/\/portaltela.pt\/api\/wp\/v2\/media\/193037"}],"wp:attachment":[{"href":"https:\/\/portaltela.pt\/api\/wp\/v2\/media?parent=193030"}],"wp:term":[{"taxonomy":"category","embeddable":true,"href":"https:\/\/portaltela.pt\/api\/wp\/v2\/categories?post=193030"},{"taxonomy":"post_tag","embeddable":true,"href":"https:\/\/portaltela.pt\/api\/wp\/v2\/tags?post=193030"}],"curies":[{"name":"wp","href":"https:\/\/api.w.org\/{rel}","templated":true}]}}