{"id":193025,"date":"2026-02-03T05:46:36","date_gmt":"2026-02-03T08:46:36","guid":{"rendered":"https:\/\/portaltela.pt\/noticias\/2026\/02\/03\/presidente-da-camara-de-resende-encontra-matilha-4660-para-definir-atividades\/"},"modified":"2026-02-03T05:46:36","modified_gmt":"2026-02-03T08:46:36","slug":"presidente-da-camara-de-resende-encontra-matilha-4660-para-definir-atividades","status":"publish","type":"post","link":"https:\/\/portaltela.pt\/noticias\/2026\/02\/03\/presidente-da-camara-de-resende-encontra-matilha-4660-para-definir-atividades\/","title":{"rendered":"Presidente da C\u00e2mara de Resende encontra Matilha 4660 para definir atividades"},"content":{"rendered":"<p>O presidente da C\u00e2mara Municipal de Resende, Fernando Silv\u00e9rio, reuniu-se no dia 29 de janeiro com o grupo de motociclismo Matilha 4660. O objetivo foi apresentar o plano de atividades da associa\u00e7\u00e3o e explorar formas de coopera\u00e7\u00e3o para promover o turismo local, com foco no motociclismo.<\/p>\n<p>Durante o encontro, foram discutidas as iniciativas previstas pela Matilha 4660, ligadas \u00e0 dinamiza\u00e7\u00e3o do territ\u00f3rio e \u00e0 valoriza\u00e7\u00e3o de Resende como destino tur\u00edstico associado ao motociclismo. A autarquia afirmou abertura ao di\u00e1logo e \u00e0 colabora\u00e7\u00e3o com associa\u00e7\u00f5es locais.<\/p>\n<p>A reuni\u00e3o evidenciou a estrat\u00e9gia municipal de estabelecer parcerias com o tecido associativo, visando eventos que atraiam visitantes e dinamizem a economia. N\u00e3o foram divulgados detalhes sobre atividades espec\u00edficas, apoios log\u00edsticos ou financeiros a adjudicar.<\/p>\n<h3>Parcerias para o turismo motocicl\u00edstico<\/h3>\n<p>A administra\u00e7\u00e3o municipal n\u00e3o confirmou mais informa\u00e7\u00f5es sobre pr\u00f3ximos passos ou cronogramas, mantendo o foco na coopera\u00e7\u00e3o com entidades locais para promover o concelho. A divulga\u00e7\u00e3o de novos encontros pode ocorrer futuramente.<\/p>\n","protected":false},"excerpt":{"rendered":"<ul>\n<li>O presidente da C\u00e2mara Municipal de Resende, Fernando Silv\u00e9rio, reuniu-se a 29 de janeiro com o grupo de motociclismo Matilha 4660.<\/li>\n<li>O objetivo foi apresentar o plano de atividades da associa\u00e7\u00e3o e discutir formas de colabora\u00e7\u00e3o com o executivo municipal.<\/li>\n<li>Foram anunciadas iniciativas do grupo para dinamizar e promover o territ\u00f3rio, com foco na valoriza\u00e7\u00e3o de Resende como destino tur\u00edstico ligado ao motociclismo.<\/li>\n<li>A C\u00e2mara destacou a abertura ao di\u00e1logo e \u00e0 coopera\u00e7\u00e3o com associa\u00e7\u00f5es locais, visando projetos que promovam a cidade e envolvam a comunidade.<\/li>\n<\/ul>\n","protected":false},"author":2,"featured_media":193029,"comment_status":"closed","ping_status":"closed","sticky":false,"template":"","format":"standard","meta":{"footnotes":""},"categories":[1],"tags":[1264,679,4654,152,1372,169],"class_list":["post-193025","post","type-post","status-publish","format-standard","has-post-thumbnail","hentry","category-noticias","tag-associacao-desportiva","tag-associacoes","tag-cooperacao-institucional","tag-desporto","tag-resende","tag-turismo"],"yoast_head":"<!-- This site is optimized with the Yoast SEO plugin v27.2 - https:\/\/yoast.com\/product\/yoast-seo-wordpress\/ -->\n<title>Presidente da C\u00e2mara de Resende encontra Matilha 4660 para definir atividades - Portal Tela Portugal<\/title>\n<meta name=\"robots\" content=\"index, follow, max-snippet:-1, max-image-preview:large, max-video-preview:-1\" \/>\n<meta property=\"og:locale\" content=\"pt_PT\" \/>\n<meta property=\"og:type\" content=\"article\" \/>\n<meta property=\"og:title\" content=\"Presidente da C\u00e2mara de Resende encontra Matilha 4660 para definir atividades - Portal Tela Portugal\" \/>\n<meta property=\"og:description\" content=\"O presidente da C\u00e2mara Municipal de Resende, Fernando Silv\u00e9rio, reuniu-se a 29 de janeiro com o grupo de motociclismo Matilha 4660. O objetivo foi apresentar o plano de atividades da associa\u00e7\u00e3o e discutir formas de colabora\u00e7\u00e3o com o executivo municipal. Foram anunciadas iniciativas do grupo para dinamizar e promover o territ\u00f3rio, com foco na valoriza\u00e7\u00e3o de Resende como destino tur\u00edstico ligado ao motociclismo. A C\u00e2mara destacou a abertura ao di\u00e1logo e \u00e0 coopera\u00e7\u00e3o com associa\u00e7\u00f5es locais, visando projetos que promovam a cidade e envolvam a comunidade.\" \/>\n<meta property=\"og:url\" content=\"https:\/\/portaltela.pt\/noticias\/2026\/02\/03\/presidente-da-camara-de-resende-encontra-matilha-4660-para-definir-atividades\/\" \/>\n<meta property=\"og:site_name\" content=\"Portal Tela Portugal\" \/>\n<meta property=\"article:published_time\" content=\"2026-02-03T08:46:36+00:00\" \/>\n<meta name=\"author\" content=\"Telinha\" \/>\n<meta name=\"twitter:card\" content=\"summary_large_image\" \/>\n<meta name=\"twitter:label1\" content=\"Escrito por\" \/>\n\t<meta name=\"twitter:data1\" content=\"Telinha\" \/>\n\t<meta name=\"twitter:label2\" content=\"Tempo estimado de leitura\" \/>\n\t<meta name=\"twitter:data2\" content=\"1 minuto\" \/>\n<script type=\"application\/ld+json\" class=\"yoast-schema-graph\">{\"@context\":\"https:\/\/schema.org\",\"@graph\":[{\"@type\":\"Article\",\"@id\":\"https:\/\/portaltela.pt\/noticias\/2026\/02\/03\/presidente-da-camara-de-resende-encontra-matilha-4660-para-definir-atividades\/#article\",\"isPartOf\":{\"@id\":\"https:\/\/portaltela.pt\/noticias\/2026\/02\/03\/presidente-da-camara-de-resende-encontra-matilha-4660-para-definir-atividades\/\"},\"author\":{\"name\":\"Telinha\",\"@id\":\"https:\/\/portaltela.pt\/#\/schema\/person\/c4278d4a6028830caff9ee44b42d32ed\"},\"headline\":\"Presidente da C\u00e2mara de Resende encontra Matilha 4660 para definir atividades\",\"datePublished\":\"2026-02-03T08:46:36+00:00\",\"mainEntityOfPage\":{\"@id\":\"https:\/\/portaltela.pt\/noticias\/2026\/02\/03\/presidente-da-camara-de-resende-encontra-matilha-4660-para-definir-atividades\/\"},\"wordCount\":185,\"image\":{\"@id\":\"https:\/\/portaltela.pt\/noticias\/2026\/02\/03\/presidente-da-camara-de-resende-encontra-matilha-4660-para-definir-atividades\/#primaryimage\"},\"thumbnailUrl\":\"https:\/\/portaltela.pt\/s.01k8rhncp4jt1\/2026\/02\/Presidente-da-Camara-de-Resende-reune-com-grupo-de-motociclismo-Matilha-4660-para-alinhar-plano-de-atividades.jpg\",\"keywords\":[\"associa\u00e7\u00e3o desportiva\",\"associa\u00e7\u00f5es\",\"coopera\u00e7\u00e3o institucional\",\"desporto\",\"Resende\",\"turismo\"],\"articleSection\":[\"Not\u00edcias\"],\"inLanguage\":\"pt-PT\"},{\"@type\":\"WebPage\",\"@id\":\"https:\/\/portaltela.pt\/noticias\/2026\/02\/03\/presidente-da-camara-de-resende-encontra-matilha-4660-para-definir-atividades\/\",\"url\":\"https:\/\/portaltela.pt\/noticias\/2026\/02\/03\/presidente-da-camara-de-resende-encontra-matilha-4660-para-definir-atividades\/\",\"name\":\"Presidente da C\u00e2mara de Resende encontra Matilha 4660 para definir atividades - Portal Tela Portugal\",\"isPartOf\":{\"@id\":\"https:\/\/portaltela.pt\/#website\"},\"primaryImageOfPage\":{\"@id\":\"https:\/\/portaltela.pt\/noticias\/2026\/02\/03\/presidente-da-camara-de-resende-encontra-matilha-4660-para-definir-atividades\/#primaryimage\"},\"image\":{\"@id\":\"https:\/\/portaltela.pt\/noticias\/2026\/02\/03\/presidente-da-camara-de-resende-encontra-matilha-4660-para-definir-atividades\/#primaryimage\"},\"thumbnailUrl\":\"https:\/\/portaltela.pt\/s.01k8rhncp4jt1\/2026\/02\/Presidente-da-Camara-de-Resende-reune-com-grupo-de-motociclismo-Matilha-4660-para-alinhar-plano-de-atividades.jpg\",\"datePublished\":\"2026-02-03T08:46:36+00:00\",\"author\":{\"@id\":\"https:\/\/portaltela.pt\/#\/schema\/person\/c4278d4a6028830caff9ee44b42d32ed\"},\"breadcrumb\":{\"@id\":\"https:\/\/portaltela.pt\/noticias\/2026\/02\/03\/presidente-da-camara-de-resende-encontra-matilha-4660-para-definir-atividades\/#breadcrumb\"},\"inLanguage\":\"pt-PT\",\"potentialAction\":[{\"@type\":\"ReadAction\",\"target\":[\"https:\/\/portaltela.pt\/noticias\/2026\/02\/03\/presidente-da-camara-de-resende-encontra-matilha-4660-para-definir-atividades\/\"]}]},{\"@type\":\"ImageObject\",\"inLanguage\":\"pt-PT\",\"@id\":\"https:\/\/portaltela.pt\/noticias\/2026\/02\/03\/presidente-da-camara-de-resende-encontra-matilha-4660-para-definir-atividades\/#primaryimage\",\"url\":\"https:\/\/portaltela.pt\/s.01k8rhncp4jt1\/2026\/02\/Presidente-da-Camara-de-Resende-reune-com-grupo-de-motociclismo-Matilha-4660-para-alinhar-plano-de-atividades.jpg\",\"contentUrl\":\"https:\/\/portaltela.pt\/s.01k8rhncp4jt1\/2026\/02\/Presidente-da-Camara-de-Resende-reune-com-grupo-de-motociclismo-Matilha-4660-para-alinhar-plano-de-atividades.jpg\",\"width\":796,\"height\":448,\"caption\":\"Presidente da C\u00e2mara de Resende re\u00fane com grupo de motociclismo Matilha 4660 para alinhar plano de atividades\"},{\"@type\":\"BreadcrumbList\",\"@id\":\"https:\/\/portaltela.pt\/noticias\/2026\/02\/03\/presidente-da-camara-de-resende-encontra-matilha-4660-para-definir-atividades\/#breadcrumb\",\"itemListElement\":[{\"@type\":\"ListItem\",\"position\":1,\"name\":\"In\u00edcio\",\"item\":\"https:\/\/portaltela.pt\/\"},{\"@type\":\"ListItem\",\"position\":2,\"name\":\"Presidente da C\u00e2mara de Resende encontra Matilha 4660 para definir atividades\"}]},{\"@type\":\"WebSite\",\"@id\":\"https:\/\/portaltela.pt\/#website\",\"url\":\"https:\/\/portaltela.pt\/\",\"name\":\"Portal Tela Portugal\",\"description\":\"\",\"potentialAction\":[{\"@type\":\"SearchAction\",\"target\":{\"@type\":\"EntryPoint\",\"urlTemplate\":\"https:\/\/portaltela.pt\/?s={search_term_string}\"},\"query-input\":{\"@type\":\"PropertyValueSpecification\",\"valueRequired\":true,\"valueName\":\"search_term_string\"}}],\"inLanguage\":\"pt-PT\"},{\"@type\":\"Person\",\"@id\":\"https:\/\/portaltela.pt\/#\/schema\/person\/c4278d4a6028830caff9ee44b42d32ed\",\"name\":\"Telinha\",\"image\":{\"@type\":\"ImageObject\",\"inLanguage\":\"pt-PT\",\"@id\":\"https:\/\/portaltela.pt\/s.01k8rhncp4jt1\/2025\/11\/talking-bot-125x125.png\",\"url\":\"https:\/\/portaltela.pt\/s.01k8rhncp4jt1\/2025\/11\/talking-bot-125x125.png\",\"contentUrl\":\"https:\/\/portaltela.pt\/s.01k8rhncp4jt1\/2025\/11\/talking-bot-125x125.png\",\"caption\":\"Telinha\"},\"sameAs\":[\"https:\/\/portaltela.pt\/\"],\"url\":\"https:\/\/portaltela.pt\/por\/367410592786\/\"}]}<\/script>\n<!-- \/ Yoast SEO plugin. -->","yoast_head_json":{"title":"Presidente da C\u00e2mara de Resende encontra Matilha 4660 para definir atividades - Portal Tela Portugal","robots":{"index":"index","follow":"follow","max-snippet":"max-snippet:-1","max-image-preview":"max-image-preview:large","max-video-preview":"max-video-preview:-1"},"og_locale":"pt_PT","og_type":"article","og_title":"Presidente da C\u00e2mara de Resende encontra Matilha 4660 para definir atividades - Portal Tela Portugal","og_description":"O presidente da C\u00e2mara Municipal de Resende, Fernando Silv\u00e9rio, reuniu-se a 29 de janeiro com o grupo de motociclismo Matilha 4660. O objetivo foi apresentar o plano de atividades da associa\u00e7\u00e3o e discutir formas de colabora\u00e7\u00e3o com o executivo municipal. Foram anunciadas iniciativas do grupo para dinamizar e promover o territ\u00f3rio, com foco na valoriza\u00e7\u00e3o de Resende como destino tur\u00edstico ligado ao motociclismo. A C\u00e2mara destacou a abertura ao di\u00e1logo e \u00e0 coopera\u00e7\u00e3o com associa\u00e7\u00f5es locais, visando projetos que promovam a cidade e envolvam a comunidade.","og_url":"https:\/\/portaltela.pt\/noticias\/2026\/02\/03\/presidente-da-camara-de-resende-encontra-matilha-4660-para-definir-atividades\/","og_site_name":"Portal Tela Portugal","article_published_time":"2026-02-03T08:46:36+00:00","author":"Telinha","twitter_card":"summary_large_image","twitter_misc":{"Escrito por":"Telinha","Tempo estimado de leitura":"1 minuto"},"schema":{"@context":"https:\/\/schema.org","@graph":[{"@type":"Article","@id":"https:\/\/portaltela.pt\/noticias\/2026\/02\/03\/presidente-da-camara-de-resende-encontra-matilha-4660-para-definir-atividades\/#article","isPartOf":{"@id":"https:\/\/portaltela.pt\/noticias\/2026\/02\/03\/presidente-da-camara-de-resende-encontra-matilha-4660-para-definir-atividades\/"},"author":{"name":"Telinha","@id":"https:\/\/portaltela.pt\/#\/schema\/person\/c4278d4a6028830caff9ee44b42d32ed"},"headline":"Presidente da C\u00e2mara de Resende encontra Matilha 4660 para definir atividades","datePublished":"2026-02-03T08:46:36+00:00","mainEntityOfPage":{"@id":"https:\/\/portaltela.pt\/noticias\/2026\/02\/03\/presidente-da-camara-de-resende-encontra-matilha-4660-para-definir-atividades\/"},"wordCount":185,"image":{"@id":"https:\/\/portaltela.pt\/noticias\/2026\/02\/03\/presidente-da-camara-de-resende-encontra-matilha-4660-para-definir-atividades\/#primaryimage"},"thumbnailUrl":"https:\/\/portaltela.pt\/s.01k8rhncp4jt1\/2026\/02\/Presidente-da-Camara-de-Resende-reune-com-grupo-de-motociclismo-Matilha-4660-para-alinhar-plano-de-atividades.jpg","keywords":["associa\u00e7\u00e3o desportiva","associa\u00e7\u00f5es","coopera\u00e7\u00e3o institucional","desporto","Resende","turismo"],"articleSection":["Not\u00edcias"],"inLanguage":"pt-PT"},{"@type":"WebPage","@id":"https:\/\/portaltela.pt\/noticias\/2026\/02\/03\/presidente-da-camara-de-resende-encontra-matilha-4660-para-definir-atividades\/","url":"https:\/\/portaltela.pt\/noticias\/2026\/02\/03\/presidente-da-camara-de-resende-encontra-matilha-4660-para-definir-atividades\/","name":"Presidente da C\u00e2mara de Resende encontra Matilha 4660 para definir atividades - Portal Tela Portugal","isPartOf":{"@id":"https:\/\/portaltela.pt\/#website"},"primaryImageOfPage":{"@id":"https:\/\/portaltela.pt\/noticias\/2026\/02\/03\/presidente-da-camara-de-resende-encontra-matilha-4660-para-definir-atividades\/#primaryimage"},"image":{"@id":"https:\/\/portaltela.pt\/noticias\/2026\/02\/03\/presidente-da-camara-de-resende-encontra-matilha-4660-para-definir-atividades\/#primaryimage"},"thumbnailUrl":"https:\/\/portaltela.pt\/s.01k8rhncp4jt1\/2026\/02\/Presidente-da-Camara-de-Resende-reune-com-grupo-de-motociclismo-Matilha-4660-para-alinhar-plano-de-atividades.jpg","datePublished":"2026-02-03T08:46:36+00:00","author":{"@id":"https:\/\/portaltela.pt\/#\/schema\/person\/c4278d4a6028830caff9ee44b42d32ed"},"breadcrumb":{"@id":"https:\/\/portaltela.pt\/noticias\/2026\/02\/03\/presidente-da-camara-de-resende-encontra-matilha-4660-para-definir-atividades\/#breadcrumb"},"inLanguage":"pt-PT","potentialAction":[{"@type":"ReadAction","target":["https:\/\/portaltela.pt\/noticias\/2026\/02\/03\/presidente-da-camara-de-resende-encontra-matilha-4660-para-definir-atividades\/"]}]},{"@type":"ImageObject","inLanguage":"pt-PT","@id":"https:\/\/portaltela.pt\/noticias\/2026\/02\/03\/presidente-da-camara-de-resende-encontra-matilha-4660-para-definir-atividades\/#primaryimage","url":"https:\/\/portaltela.pt\/s.01k8rhncp4jt1\/2026\/02\/Presidente-da-Camara-de-Resende-reune-com-grupo-de-motociclismo-Matilha-4660-para-alinhar-plano-de-atividades.jpg","contentUrl":"https:\/\/portaltela.pt\/s.01k8rhncp4jt1\/2026\/02\/Presidente-da-Camara-de-Resende-reune-com-grupo-de-motociclismo-Matilha-4660-para-alinhar-plano-de-atividades.jpg","width":796,"height":448,"caption":"Presidente da C\u00e2mara de Resende re\u00fane com grupo de motociclismo Matilha 4660 para alinhar plano de atividades"},{"@type":"BreadcrumbList","@id":"https:\/\/portaltela.pt\/noticias\/2026\/02\/03\/presidente-da-camara-de-resende-encontra-matilha-4660-para-definir-atividades\/#breadcrumb","itemListElement":[{"@type":"ListItem","position":1,"name":"In\u00edcio","item":"https:\/\/portaltela.pt\/"},{"@type":"ListItem","position":2,"name":"Presidente da C\u00e2mara de Resende encontra Matilha 4660 para definir atividades"}]},{"@type":"WebSite","@id":"https:\/\/portaltela.pt\/#website","url":"https:\/\/portaltela.pt\/","name":"Portal Tela Portugal","description":"","potentialAction":[{"@type":"SearchAction","target":{"@type":"EntryPoint","urlTemplate":"https:\/\/portaltela.pt\/?s={search_term_string}"},"query-input":{"@type":"PropertyValueSpecification","valueRequired":true,"valueName":"search_term_string"}}],"inLanguage":"pt-PT"},{"@type":"Person","@id":"https:\/\/portaltela.pt\/#\/schema\/person\/c4278d4a6028830caff9ee44b42d32ed","name":"Telinha","image":{"@type":"ImageObject","inLanguage":"pt-PT","@id":"https:\/\/portaltela.pt\/s.01k8rhncp4jt1\/2025\/11\/talking-bot-125x125.png","url":"https:\/\/portaltela.pt\/s.01k8rhncp4jt1\/2025\/11\/talking-bot-125x125.png","contentUrl":"https:\/\/portaltela.pt\/s.01k8rhncp4jt1\/2025\/11\/talking-bot-125x125.png","caption":"Telinha"},"sameAs":["https:\/\/portaltela.pt\/"],"url":"https:\/\/portaltela.pt\/por\/367410592786\/"}]}},"_links":{"self":[{"href":"https:\/\/portaltela.pt\/api\/wp\/v2\/posts\/193025","targetHints":{"allow":["GET"]}}],"collection":[{"href":"https:\/\/portaltela.pt\/api\/wp\/v2\/posts"}],"about":[{"href":"https:\/\/portaltela.pt\/api\/wp\/v2\/types\/post"}],"author":[{"embeddable":true,"href":"https:\/\/portaltela.pt\/api\/wp\/v2\/users\/2"}],"replies":[{"embeddable":true,"href":"https:\/\/portaltela.pt\/api\/wp\/v2\/comments?post=193025"}],"version-history":[{"count":0,"href":"https:\/\/portaltela.pt\/api\/wp\/v2\/posts\/193025\/revisions"}],"wp:featuredmedia":[{"embeddable":true,"href":"https:\/\/portaltela.pt\/api\/wp\/v2\/media\/193029"}],"wp:attachment":[{"href":"https:\/\/portaltela.pt\/api\/wp\/v2\/media?parent=193025"}],"wp:term":[{"taxonomy":"category","embeddable":true,"href":"https:\/\/portaltela.pt\/api\/wp\/v2\/categories?post=193025"},{"taxonomy":"post_tag","embeddable":true,"href":"https:\/\/portaltela.pt\/api\/wp\/v2\/tags?post=193025"}],"curies":[{"name":"wp","href":"https:\/\/api.w.org\/{rel}","templated":true}]}}