{"id":193023,"date":"2026-02-03T05:26:00","date_gmt":"2026-02-03T08:26:00","guid":{"rendered":"https:\/\/portaltela.pt\/noticias\/2026\/02\/03\/mulher-mocambicana-morre-em-portugal-durante-depressao\/"},"modified":"2026-02-03T05:26:00","modified_gmt":"2026-02-03T08:26:00","slug":"mulher-mocambicana-morre-em-portugal-durante-depressao","status":"publish","type":"post","link":"https:\/\/portaltela.pt\/noticias\/2026\/02\/03\/mulher-mocambicana-morre-em-portugal-durante-depressao\/","title":{"rendered":"Mulher mo\u00e7ambicana morre em Portugal durante depress\u00e3o"},"content":{"rendered":"<p>Uma mulher mo\u00e7ambicana morreu em Portugal durante a passagem da tempestade Kristin. A jovem, de 28 anos, era natural de Maputo e estava em territ\u00f3rio portugu\u00eas h\u00e1 menos de um m\u00eas. O caso foi confirmado pela embaixadora de Mo\u00e7ambique em Lisboa.<\/p>\n<p>Nove outros cidad\u00e3os mo\u00e7ambicanos permanecem internados desde 31 de janeiro, ap\u00f3s inalarem um g\u00e1s t\u00f3xico proveniente de um gerador que funcionava dentro da resid\u00eancia onde se encontravam, em Alcoba\u00e7a. Foram hospitalizados no Hospital Bernardino Lopes de Oliveira, em Alcoba\u00e7a, com a assist\u00eancia dos bombeiros.<\/p>\n<p>A embaixadora Stella Pinto indicou que o corpo da v\u00edtima foi transferido para o Instituto de Medicina Legal de Coimbra, para conserva\u00e7\u00e3o e realiza\u00e7\u00e3o de aut\u00f3psia. Se a rela\u00e7\u00e3o entre a morte e a tempestade Kristin for confirmada, o balan\u00e7o de v\u00edtimas mortais pode subir para onze.<\/p>\n<h3>Situa\u00e7\u00e3o atual e investiga\u00e7\u00e3o<\/h3>\n<p>As autoridades locais participam na investiga\u00e7\u00e3o para determinar as causas da morte e avaliar a poss\u00edvel liga\u00e7\u00e3o com a tempestade, bem como as circunst\u00e2ncias que levaram \u00e0 exposi\u00e7\u00e3o ao g\u00e1s. Os nove feridos permanecem sob observa\u00e7\u00e3o m\u00e9dica.<\/p>\n","protected":false},"excerpt":{"rendered":"<ul>\n<li>Mulher mo\u00e7ambicana de 28 anos morreu em Portugal durante a passagem da tempestade Kristin; o corpo foi encaminhado para o Instituto de Medicina Legal de Coimbra para aut\u00f3psia.<\/li>\n<li>A confirma\u00e7\u00e3o foi feita pela embaixadora de Mo\u00e7ambique em Lisboa, Stella Pinto, que afirmou ainda que as autoridades locais est\u00e3o a investigar o caso.<\/li>\n<li>O balan\u00e7o de v\u00edtimas mortais poder\u00e1 ascender a onze, caso se confirme a rela\u00e7\u00e3o com a passagem da tempestade.<\/li>\n<li>Nove outros cidad\u00e3os mo\u00e7ambicanos est\u00e3o internados desde 31 de janeiro, ap\u00f3s inalarem um g\u00e1s t\u00f3xico de um gerador que funcionava numa resid\u00eancia em Alcoba\u00e7a.<\/li>\n<li>Os feridos foram atendidos no Hospital Bernardino Lopes de Oliveira, em Alcoba\u00e7a, ap\u00f3s interven\u00e7\u00e3o dos bombeiros locais.<\/li>\n<\/ul>\n","protected":false},"author":2,"featured_media":193026,"comment_status":"closed","ping_status":"closed","sticky":false,"template":"","format":"standard","meta":{"footnotes":""},"categories":[1],"tags":[2148,5215,4850,215,2506,1911],"class_list":["post-193023","post","type-post","status-publish","format-standard","has-post-thumbnail","hentry","category-noticias","tag-alcobaca","tag-catastrofes-naturais","tag-instituto-de-medicina-legal","tag-investigacao","tag-maputo","tag-mocambique"],"yoast_head":"<!-- This site is optimized with the Yoast SEO plugin v27.2 - https:\/\/yoast.com\/product\/yoast-seo-wordpress\/ -->\n<title>Mulher mo\u00e7ambicana morre em Portugal durante depress\u00e3o - Portal Tela Portugal<\/title>\n<meta name=\"robots\" content=\"index, follow, max-snippet:-1, max-image-preview:large, max-video-preview:-1\" \/>\n<meta property=\"og:locale\" content=\"pt_PT\" \/>\n<meta property=\"og:type\" content=\"article\" \/>\n<meta property=\"og:title\" content=\"Mulher mo\u00e7ambicana morre em Portugal durante depress\u00e3o - Portal Tela Portugal\" \/>\n<meta property=\"og:description\" content=\"Mulher mo\u00e7ambicana de 28 anos morreu em Portugal durante a passagem da tempestade Kristin; o corpo foi encaminhado para o Instituto de Medicina Legal de Coimbra para aut\u00f3psia. A confirma\u00e7\u00e3o foi feita pela embaixadora de Mo\u00e7ambique em Lisboa, Stella Pinto, que afirmou ainda que as autoridades locais est\u00e3o a investigar o caso. O balan\u00e7o de v\u00edtimas mortais poder\u00e1 ascender a onze, caso se confirme a rela\u00e7\u00e3o com a passagem da tempestade. Nove outros cidad\u00e3os mo\u00e7ambicanos est\u00e3o internados desde 31 de janeiro, ap\u00f3s inalarem um g\u00e1s t\u00f3xico de um gerador que funcionava numa resid\u00eancia em Alcoba\u00e7a. Os feridos foram atendidos no Hospital Bernardino Lopes de Oliveira, em Alcoba\u00e7a, ap\u00f3s interven\u00e7\u00e3o dos bombeiros locais.\" \/>\n<meta property=\"og:url\" content=\"https:\/\/portaltela.pt\/noticias\/2026\/02\/03\/mulher-mocambicana-morre-em-portugal-durante-depressao\/\" \/>\n<meta property=\"og:site_name\" content=\"Portal Tela Portugal\" \/>\n<meta property=\"article:published_time\" content=\"2026-02-03T08:26:00+00:00\" \/>\n<meta name=\"author\" content=\"Telinha\" \/>\n<meta name=\"twitter:card\" content=\"summary_large_image\" \/>\n<meta name=\"twitter:label1\" content=\"Escrito por\" \/>\n\t<meta name=\"twitter:data1\" content=\"Telinha\" \/>\n\t<meta name=\"twitter:label2\" content=\"Tempo estimado de leitura\" \/>\n\t<meta name=\"twitter:data2\" content=\"1 minuto\" \/>\n<script type=\"application\/ld+json\" class=\"yoast-schema-graph\">{\"@context\":\"https:\/\/schema.org\",\"@graph\":[{\"@type\":\"Article\",\"@id\":\"https:\/\/portaltela.pt\/noticias\/2026\/02\/03\/mulher-mocambicana-morre-em-portugal-durante-depressao\/#article\",\"isPartOf\":{\"@id\":\"https:\/\/portaltela.pt\/noticias\/2026\/02\/03\/mulher-mocambicana-morre-em-portugal-durante-depressao\/\"},\"author\":{\"name\":\"Telinha\",\"@id\":\"https:\/\/portaltela.pt\/#\/schema\/person\/c4278d4a6028830caff9ee44b42d32ed\"},\"headline\":\"Mulher mo\u00e7ambicana morre em Portugal durante depress\u00e3o\",\"datePublished\":\"2026-02-03T08:26:00+00:00\",\"mainEntityOfPage\":{\"@id\":\"https:\/\/portaltela.pt\/noticias\/2026\/02\/03\/mulher-mocambicana-morre-em-portugal-durante-depressao\/\"},\"wordCount\":210,\"image\":{\"@id\":\"https:\/\/portaltela.pt\/noticias\/2026\/02\/03\/mulher-mocambicana-morre-em-portugal-durante-depressao\/#primaryimage\"},\"thumbnailUrl\":\"https:\/\/portaltela.pt\/s.01k8rhncp4jt1\/2026\/02\/2063850.jpg\",\"keywords\":[\"Alcoba\u00e7a\",\"cat\u00e1strofes naturais\",\"Instituto de Medicina Legal\",\"investiga\u00e7\u00e3o\",\"Maputo\",\"Mo\u00e7ambique\"],\"articleSection\":[\"Not\u00edcias\"],\"inLanguage\":\"pt-PT\"},{\"@type\":\"WebPage\",\"@id\":\"https:\/\/portaltela.pt\/noticias\/2026\/02\/03\/mulher-mocambicana-morre-em-portugal-durante-depressao\/\",\"url\":\"https:\/\/portaltela.pt\/noticias\/2026\/02\/03\/mulher-mocambicana-morre-em-portugal-durante-depressao\/\",\"name\":\"Mulher mo\u00e7ambicana morre em Portugal durante depress\u00e3o - Portal Tela Portugal\",\"isPartOf\":{\"@id\":\"https:\/\/portaltela.pt\/#website\"},\"primaryImageOfPage\":{\"@id\":\"https:\/\/portaltela.pt\/noticias\/2026\/02\/03\/mulher-mocambicana-morre-em-portugal-durante-depressao\/#primaryimage\"},\"image\":{\"@id\":\"https:\/\/portaltela.pt\/noticias\/2026\/02\/03\/mulher-mocambicana-morre-em-portugal-durante-depressao\/#primaryimage\"},\"thumbnailUrl\":\"https:\/\/portaltela.pt\/s.01k8rhncp4jt1\/2026\/02\/2063850.jpg\",\"datePublished\":\"2026-02-03T08:26:00+00:00\",\"author\":{\"@id\":\"https:\/\/portaltela.pt\/#\/schema\/person\/c4278d4a6028830caff9ee44b42d32ed\"},\"breadcrumb\":{\"@id\":\"https:\/\/portaltela.pt\/noticias\/2026\/02\/03\/mulher-mocambicana-morre-em-portugal-durante-depressao\/#breadcrumb\"},\"inLanguage\":\"pt-PT\",\"potentialAction\":[{\"@type\":\"ReadAction\",\"target\":[\"https:\/\/portaltela.pt\/noticias\/2026\/02\/03\/mulher-mocambicana-morre-em-portugal-durante-depressao\/\"]}]},{\"@type\":\"ImageObject\",\"inLanguage\":\"pt-PT\",\"@id\":\"https:\/\/portaltela.pt\/noticias\/2026\/02\/03\/mulher-mocambicana-morre-em-portugal-durante-depressao\/#primaryimage\",\"url\":\"https:\/\/portaltela.pt\/s.01k8rhncp4jt1\/2026\/02\/2063850.jpg\",\"contentUrl\":\"https:\/\/portaltela.pt\/s.01k8rhncp4jt1\/2026\/02\/2063850.jpg\",\"width\":796,\"height\":448,\"caption\":\"Cheias em Marach\u00e3o ap\u00f3s a passagem da depress\u00e3o Kristin\"},{\"@type\":\"BreadcrumbList\",\"@id\":\"https:\/\/portaltela.pt\/noticias\/2026\/02\/03\/mulher-mocambicana-morre-em-portugal-durante-depressao\/#breadcrumb\",\"itemListElement\":[{\"@type\":\"ListItem\",\"position\":1,\"name\":\"In\u00edcio\",\"item\":\"https:\/\/portaltela.pt\/\"},{\"@type\":\"ListItem\",\"position\":2,\"name\":\"Mulher mo\u00e7ambicana morre em Portugal durante depress\u00e3o\"}]},{\"@type\":\"WebSite\",\"@id\":\"https:\/\/portaltela.pt\/#website\",\"url\":\"https:\/\/portaltela.pt\/\",\"name\":\"Portal Tela Portugal\",\"description\":\"\",\"potentialAction\":[{\"@type\":\"SearchAction\",\"target\":{\"@type\":\"EntryPoint\",\"urlTemplate\":\"https:\/\/portaltela.pt\/?s={search_term_string}\"},\"query-input\":{\"@type\":\"PropertyValueSpecification\",\"valueRequired\":true,\"valueName\":\"search_term_string\"}}],\"inLanguage\":\"pt-PT\"},{\"@type\":\"Person\",\"@id\":\"https:\/\/portaltela.pt\/#\/schema\/person\/c4278d4a6028830caff9ee44b42d32ed\",\"name\":\"Telinha\",\"image\":{\"@type\":\"ImageObject\",\"inLanguage\":\"pt-PT\",\"@id\":\"https:\/\/portaltela.pt\/s.01k8rhncp4jt1\/2025\/11\/talking-bot-125x125.png\",\"url\":\"https:\/\/portaltela.pt\/s.01k8rhncp4jt1\/2025\/11\/talking-bot-125x125.png\",\"contentUrl\":\"https:\/\/portaltela.pt\/s.01k8rhncp4jt1\/2025\/11\/talking-bot-125x125.png\",\"caption\":\"Telinha\"},\"sameAs\":[\"https:\/\/portaltela.pt\/\"],\"url\":\"https:\/\/portaltela.pt\/por\/367410592786\/\"}]}<\/script>\n<!-- \/ Yoast SEO plugin. -->","yoast_head_json":{"title":"Mulher mo\u00e7ambicana morre em Portugal durante depress\u00e3o - Portal Tela Portugal","robots":{"index":"index","follow":"follow","max-snippet":"max-snippet:-1","max-image-preview":"max-image-preview:large","max-video-preview":"max-video-preview:-1"},"og_locale":"pt_PT","og_type":"article","og_title":"Mulher mo\u00e7ambicana morre em Portugal durante depress\u00e3o - Portal Tela Portugal","og_description":"Mulher mo\u00e7ambicana de 28 anos morreu em Portugal durante a passagem da tempestade Kristin; o corpo foi encaminhado para o Instituto de Medicina Legal de Coimbra para aut\u00f3psia. A confirma\u00e7\u00e3o foi feita pela embaixadora de Mo\u00e7ambique em Lisboa, Stella Pinto, que afirmou ainda que as autoridades locais est\u00e3o a investigar o caso. O balan\u00e7o de v\u00edtimas mortais poder\u00e1 ascender a onze, caso se confirme a rela\u00e7\u00e3o com a passagem da tempestade. Nove outros cidad\u00e3os mo\u00e7ambicanos est\u00e3o internados desde 31 de janeiro, ap\u00f3s inalarem um g\u00e1s t\u00f3xico de um gerador que funcionava numa resid\u00eancia em Alcoba\u00e7a. Os feridos foram atendidos no Hospital Bernardino Lopes de Oliveira, em Alcoba\u00e7a, ap\u00f3s interven\u00e7\u00e3o dos bombeiros locais.","og_url":"https:\/\/portaltela.pt\/noticias\/2026\/02\/03\/mulher-mocambicana-morre-em-portugal-durante-depressao\/","og_site_name":"Portal Tela Portugal","article_published_time":"2026-02-03T08:26:00+00:00","author":"Telinha","twitter_card":"summary_large_image","twitter_misc":{"Escrito por":"Telinha","Tempo estimado de leitura":"1 minuto"},"schema":{"@context":"https:\/\/schema.org","@graph":[{"@type":"Article","@id":"https:\/\/portaltela.pt\/noticias\/2026\/02\/03\/mulher-mocambicana-morre-em-portugal-durante-depressao\/#article","isPartOf":{"@id":"https:\/\/portaltela.pt\/noticias\/2026\/02\/03\/mulher-mocambicana-morre-em-portugal-durante-depressao\/"},"author":{"name":"Telinha","@id":"https:\/\/portaltela.pt\/#\/schema\/person\/c4278d4a6028830caff9ee44b42d32ed"},"headline":"Mulher mo\u00e7ambicana morre em Portugal durante depress\u00e3o","datePublished":"2026-02-03T08:26:00+00:00","mainEntityOfPage":{"@id":"https:\/\/portaltela.pt\/noticias\/2026\/02\/03\/mulher-mocambicana-morre-em-portugal-durante-depressao\/"},"wordCount":210,"image":{"@id":"https:\/\/portaltela.pt\/noticias\/2026\/02\/03\/mulher-mocambicana-morre-em-portugal-durante-depressao\/#primaryimage"},"thumbnailUrl":"https:\/\/portaltela.pt\/s.01k8rhncp4jt1\/2026\/02\/2063850.jpg","keywords":["Alcoba\u00e7a","cat\u00e1strofes naturais","Instituto de Medicina Legal","investiga\u00e7\u00e3o","Maputo","Mo\u00e7ambique"],"articleSection":["Not\u00edcias"],"inLanguage":"pt-PT"},{"@type":"WebPage","@id":"https:\/\/portaltela.pt\/noticias\/2026\/02\/03\/mulher-mocambicana-morre-em-portugal-durante-depressao\/","url":"https:\/\/portaltela.pt\/noticias\/2026\/02\/03\/mulher-mocambicana-morre-em-portugal-durante-depressao\/","name":"Mulher mo\u00e7ambicana morre em Portugal durante depress\u00e3o - Portal Tela Portugal","isPartOf":{"@id":"https:\/\/portaltela.pt\/#website"},"primaryImageOfPage":{"@id":"https:\/\/portaltela.pt\/noticias\/2026\/02\/03\/mulher-mocambicana-morre-em-portugal-durante-depressao\/#primaryimage"},"image":{"@id":"https:\/\/portaltela.pt\/noticias\/2026\/02\/03\/mulher-mocambicana-morre-em-portugal-durante-depressao\/#primaryimage"},"thumbnailUrl":"https:\/\/portaltela.pt\/s.01k8rhncp4jt1\/2026\/02\/2063850.jpg","datePublished":"2026-02-03T08:26:00+00:00","author":{"@id":"https:\/\/portaltela.pt\/#\/schema\/person\/c4278d4a6028830caff9ee44b42d32ed"},"breadcrumb":{"@id":"https:\/\/portaltela.pt\/noticias\/2026\/02\/03\/mulher-mocambicana-morre-em-portugal-durante-depressao\/#breadcrumb"},"inLanguage":"pt-PT","potentialAction":[{"@type":"ReadAction","target":["https:\/\/portaltela.pt\/noticias\/2026\/02\/03\/mulher-mocambicana-morre-em-portugal-durante-depressao\/"]}]},{"@type":"ImageObject","inLanguage":"pt-PT","@id":"https:\/\/portaltela.pt\/noticias\/2026\/02\/03\/mulher-mocambicana-morre-em-portugal-durante-depressao\/#primaryimage","url":"https:\/\/portaltela.pt\/s.01k8rhncp4jt1\/2026\/02\/2063850.jpg","contentUrl":"https:\/\/portaltela.pt\/s.01k8rhncp4jt1\/2026\/02\/2063850.jpg","width":796,"height":448,"caption":"Cheias em Marach\u00e3o ap\u00f3s a passagem da depress\u00e3o Kristin"},{"@type":"BreadcrumbList","@id":"https:\/\/portaltela.pt\/noticias\/2026\/02\/03\/mulher-mocambicana-morre-em-portugal-durante-depressao\/#breadcrumb","itemListElement":[{"@type":"ListItem","position":1,"name":"In\u00edcio","item":"https:\/\/portaltela.pt\/"},{"@type":"ListItem","position":2,"name":"Mulher mo\u00e7ambicana morre em Portugal durante depress\u00e3o"}]},{"@type":"WebSite","@id":"https:\/\/portaltela.pt\/#website","url":"https:\/\/portaltela.pt\/","name":"Portal Tela Portugal","description":"","potentialAction":[{"@type":"SearchAction","target":{"@type":"EntryPoint","urlTemplate":"https:\/\/portaltela.pt\/?s={search_term_string}"},"query-input":{"@type":"PropertyValueSpecification","valueRequired":true,"valueName":"search_term_string"}}],"inLanguage":"pt-PT"},{"@type":"Person","@id":"https:\/\/portaltela.pt\/#\/schema\/person\/c4278d4a6028830caff9ee44b42d32ed","name":"Telinha","image":{"@type":"ImageObject","inLanguage":"pt-PT","@id":"https:\/\/portaltela.pt\/s.01k8rhncp4jt1\/2025\/11\/talking-bot-125x125.png","url":"https:\/\/portaltela.pt\/s.01k8rhncp4jt1\/2025\/11\/talking-bot-125x125.png","contentUrl":"https:\/\/portaltela.pt\/s.01k8rhncp4jt1\/2025\/11\/talking-bot-125x125.png","caption":"Telinha"},"sameAs":["https:\/\/portaltela.pt\/"],"url":"https:\/\/portaltela.pt\/por\/367410592786\/"}]}},"_links":{"self":[{"href":"https:\/\/portaltela.pt\/api\/wp\/v2\/posts\/193023","targetHints":{"allow":["GET"]}}],"collection":[{"href":"https:\/\/portaltela.pt\/api\/wp\/v2\/posts"}],"about":[{"href":"https:\/\/portaltela.pt\/api\/wp\/v2\/types\/post"}],"author":[{"embeddable":true,"href":"https:\/\/portaltela.pt\/api\/wp\/v2\/users\/2"}],"replies":[{"embeddable":true,"href":"https:\/\/portaltela.pt\/api\/wp\/v2\/comments?post=193023"}],"version-history":[{"count":0,"href":"https:\/\/portaltela.pt\/api\/wp\/v2\/posts\/193023\/revisions"}],"wp:featuredmedia":[{"embeddable":true,"href":"https:\/\/portaltela.pt\/api\/wp\/v2\/media\/193026"}],"wp:attachment":[{"href":"https:\/\/portaltela.pt\/api\/wp\/v2\/media?parent=193023"}],"wp:term":[{"taxonomy":"category","embeddable":true,"href":"https:\/\/portaltela.pt\/api\/wp\/v2\/categories?post=193023"},{"taxonomy":"post_tag","embeddable":true,"href":"https:\/\/portaltela.pt\/api\/wp\/v2\/tags?post=193023"}],"curies":[{"name":"wp","href":"https:\/\/api.w.org\/{rel}","templated":true}]}}