{"id":192974,"date":"2026-02-03T05:15:00","date_gmt":"2026-02-03T08:15:00","guid":{"rendered":"https:\/\/portaltela.pt\/noticias\/2026\/02\/03\/uls-do-medio-ave-inicia-hoje-consulta-de-podologia-em-santo-tirso\/"},"modified":"2026-02-03T05:15:00","modified_gmt":"2026-02-03T08:15:00","slug":"uls-do-medio-ave-inicia-hoje-consulta-de-podologia-em-santo-tirso","status":"publish","type":"post","link":"https:\/\/portaltela.pt\/noticias\/2026\/02\/03\/uls-do-medio-ave-inicia-hoje-consulta-de-podologia-em-santo-tirso\/","title":{"rendered":"ULS do M\u00e9dio Ave inicia hoje Consulta de Podologia em Santo Tirso"},"content":{"rendered":"<p>A Unidade Local de Sa\u00fade (ULS) do M\u00e9dio Ave inicia hoje, 3 de fevereiro, a Consulta de Podologia no Centro de Sa\u00fade de Santo Tirso, na Rua Jornal de Santo Tirso. A medida visa melhorar o acesso a cuidados especializados no concelho.<\/p>\n<p>A proposta refor\u00e7a os Cuidados de Sa\u00fade Prim\u00e1rios e tem como foco a preven\u00e7\u00e3o de complica\u00e7\u00f5es associadas ao p\u00e9 diab\u00e9tico. O servi\u00e7o est\u00e1 j\u00e1 dispon\u00edvel na Trofa e em Vila Nova de Famalic\u00e3o.<\/p>\n<p>Nos \u00faltimos anos, a Consulta de Podologia da ULS do M\u00e9dio Ave realizou 2.309 atendimentos em 2025, com 725 utentes residentes em Santo Tirso. Muitos enfrentaram dificuldades de desloca\u00e7\u00e3o, custos e transporte, refletidos em faltas \u00e0s consultas.<\/p>\n<h3>Detalhes da implementa\u00e7\u00e3o<\/h3>\n<p>Inicialmente, a consulta em Santo Tirso funciona dois dias por semana, \u00e0s ter\u00e7as e quintas-feiras, mediante referencia\u00e7\u00e3o do m\u00e9dico de fam\u00edlia. O acompanhamento destina-se a utentes com diabetes ou patologia podol\u00f3gica de risco.<\/p>\n<p>O alargamento pretende alcan\u00e7ar mais utentes com mobilidade reduzida, promovendo preven\u00e7\u00e3o e monitoriza\u00e7\u00e3o de les\u00f5es. Espera-se, a m\u00e9dio prazo, redu\u00e7\u00e3o de internamentos por complica\u00e7\u00f5es do p\u00e9 diab\u00e9tico e menos encaminhamentos para hospitais.<\/p>\n<p>A iniciativa refor\u00e7a a aposta na preven\u00e7\u00e3o, na proximidade e na utiliza\u00e7\u00e3o eficiente dos recursos do Servi\u00e7o Nacional de Sa\u00fade, beneficiando o acesso a cuidados especializados no concelho.<\/p>\n","protected":false},"excerpt":{"rendered":"<ul>\n<li>A Consulta de Podologia da ULS do M\u00e9dio Ave inicia hoje, 3 de fevereiro, no Centro de Sa\u00fade de Santo Tirso, na Rua Jornal de Santo Tirso.<\/li>\n<li>A medida refor\u00e7a os Cuidados de Sa\u00fade Prim\u00e1rios no concelho, com foco na preven\u00e7\u00e3o de complica\u00e7\u00f5es associadas ao p\u00e9 diab\u00e9tico.<\/li>\n<li>A consulta j\u00e1 funciona nos munic\u00edpios da Trofa e Vila Nova de Famalic\u00e3o; em 2025, realizou 2.309 atendimentos, 725 de utentes de Santo Tirso.<\/li>\n<li>Em Santo Tirso, funcionar\u00e1 inicialmente duas vezes por semana (ter\u00e7as e quintas) mediante referencia\u00e7\u00e3o do m\u00e9dico de fam\u00edlia, para utentes com diabetes ou patologia podol\u00f3gica de risco.<\/li>\n<li>A expans\u00e3o pretende alcan\u00e7ar mais utentes com dificuldades de desloca\u00e7\u00e3o, melhorar a preven\u00e7\u00e3o e vigil\u00e2ncia precoce, e reduzir internamentos e referencia\u00e7\u00f5es hospitalares futuras.<\/li>\n<\/ul>\n","protected":false},"author":2,"featured_media":192977,"comment_status":"closed","ping_status":"closed","sticky":false,"template":"","format":"standard","meta":{"footnotes":""},"categories":[1],"tags":[3772,2654,3631,2110,1146,271],"class_list":["post-192974","post","type-post","status-publish","format-standard","has-post-thumbnail","hentry","category-noticias","tag-acessibilidade","tag-cuidados-de-saude-primarios","tag-diabeticos","tag-mobilidade","tag-santo-tirso","tag-saude-publica"],"yoast_head":"<!-- This site is optimized with the Yoast SEO plugin v27.2 - https:\/\/yoast.com\/product\/yoast-seo-wordpress\/ -->\n<title>ULS do M\u00e9dio Ave inicia hoje Consulta de Podologia em Santo Tirso - Portal Tela Portugal<\/title>\n<meta name=\"robots\" content=\"index, follow, max-snippet:-1, max-image-preview:large, max-video-preview:-1\" \/>\n<meta property=\"og:locale\" content=\"pt_PT\" \/>\n<meta property=\"og:type\" content=\"article\" \/>\n<meta property=\"og:title\" content=\"ULS do M\u00e9dio Ave inicia hoje Consulta de Podologia em Santo Tirso - Portal Tela Portugal\" \/>\n<meta property=\"og:description\" content=\"A Consulta de Podologia da ULS do M\u00e9dio Ave inicia hoje, 3 de fevereiro, no Centro de Sa\u00fade de Santo Tirso, na Rua Jornal de Santo Tirso. A medida refor\u00e7a os Cuidados de Sa\u00fade Prim\u00e1rios no concelho, com foco na preven\u00e7\u00e3o de complica\u00e7\u00f5es associadas ao p\u00e9 diab\u00e9tico. A consulta j\u00e1 funciona nos munic\u00edpios da Trofa e Vila Nova de Famalic\u00e3o; em 2025, realizou 2.309 atendimentos, 725 de utentes de Santo Tirso. Em Santo Tirso, funcionar\u00e1 inicialmente duas vezes por semana (ter\u00e7as e quintas) mediante referencia\u00e7\u00e3o do m\u00e9dico de fam\u00edlia, para utentes com diabetes ou patologia podol\u00f3gica de risco. A expans\u00e3o pretende alcan\u00e7ar mais utentes com dificuldades de desloca\u00e7\u00e3o, melhorar a preven\u00e7\u00e3o e vigil\u00e2ncia precoce, e reduzir internamentos e referencia\u00e7\u00f5es hospitalares futuras.\" \/>\n<meta property=\"og:url\" content=\"https:\/\/portaltela.pt\/noticias\/2026\/02\/03\/uls-do-medio-ave-inicia-hoje-consulta-de-podologia-em-santo-tirso\/\" \/>\n<meta property=\"og:site_name\" content=\"Portal Tela Portugal\" \/>\n<meta property=\"article:published_time\" content=\"2026-02-03T08:15:00+00:00\" \/>\n<meta name=\"author\" content=\"Telinha\" \/>\n<meta name=\"twitter:card\" content=\"summary_large_image\" \/>\n<meta name=\"twitter:label1\" content=\"Escrito por\" \/>\n\t<meta name=\"twitter:data1\" content=\"Telinha\" \/>\n\t<meta name=\"twitter:label2\" content=\"Tempo estimado de leitura\" \/>\n\t<meta name=\"twitter:data2\" content=\"1 minuto\" \/>\n<script type=\"application\/ld+json\" class=\"yoast-schema-graph\">{\"@context\":\"https:\/\/schema.org\",\"@graph\":[{\"@type\":\"Article\",\"@id\":\"https:\/\/portaltela.pt\/noticias\/2026\/02\/03\/uls-do-medio-ave-inicia-hoje-consulta-de-podologia-em-santo-tirso\/#article\",\"isPartOf\":{\"@id\":\"https:\/\/portaltela.pt\/noticias\/2026\/02\/03\/uls-do-medio-ave-inicia-hoje-consulta-de-podologia-em-santo-tirso\/\"},\"author\":{\"name\":\"Telinha\",\"@id\":\"https:\/\/portaltela.pt\/#\/schema\/person\/c4278d4a6028830caff9ee44b42d32ed\"},\"headline\":\"ULS do M\u00e9dio Ave inicia hoje Consulta de Podologia em Santo Tirso\",\"datePublished\":\"2026-02-03T08:15:00+00:00\",\"mainEntityOfPage\":{\"@id\":\"https:\/\/portaltela.pt\/noticias\/2026\/02\/03\/uls-do-medio-ave-inicia-hoje-consulta-de-podologia-em-santo-tirso\/\"},\"wordCount\":250,\"image\":{\"@id\":\"https:\/\/portaltela.pt\/noticias\/2026\/02\/03\/uls-do-medio-ave-inicia-hoje-consulta-de-podologia-em-santo-tirso\/#primaryimage\"},\"thumbnailUrl\":\"https:\/\/portaltela.pt\/s.01k8rhncp4jt1\/2026\/02\/centrosaudesantotirso.jpg\",\"keywords\":[\"acessibilidade\",\"Cuidados de Sa\u00fade Prim\u00e1rios\",\"diab\u00e9ticos\",\"mobilidade\",\"Santo Tirso\",\"sa\u00fade p\u00fablica\"],\"articleSection\":[\"Not\u00edcias\"],\"inLanguage\":\"pt-PT\"},{\"@type\":\"WebPage\",\"@id\":\"https:\/\/portaltela.pt\/noticias\/2026\/02\/03\/uls-do-medio-ave-inicia-hoje-consulta-de-podologia-em-santo-tirso\/\",\"url\":\"https:\/\/portaltela.pt\/noticias\/2026\/02\/03\/uls-do-medio-ave-inicia-hoje-consulta-de-podologia-em-santo-tirso\/\",\"name\":\"ULS do M\u00e9dio Ave inicia hoje Consulta de Podologia em Santo Tirso - Portal Tela Portugal\",\"isPartOf\":{\"@id\":\"https:\/\/portaltela.pt\/#website\"},\"primaryImageOfPage\":{\"@id\":\"https:\/\/portaltela.pt\/noticias\/2026\/02\/03\/uls-do-medio-ave-inicia-hoje-consulta-de-podologia-em-santo-tirso\/#primaryimage\"},\"image\":{\"@id\":\"https:\/\/portaltela.pt\/noticias\/2026\/02\/03\/uls-do-medio-ave-inicia-hoje-consulta-de-podologia-em-santo-tirso\/#primaryimage\"},\"thumbnailUrl\":\"https:\/\/portaltela.pt\/s.01k8rhncp4jt1\/2026\/02\/centrosaudesantotirso.jpg\",\"datePublished\":\"2026-02-03T08:15:00+00:00\",\"author\":{\"@id\":\"https:\/\/portaltela.pt\/#\/schema\/person\/c4278d4a6028830caff9ee44b42d32ed\"},\"breadcrumb\":{\"@id\":\"https:\/\/portaltela.pt\/noticias\/2026\/02\/03\/uls-do-medio-ave-inicia-hoje-consulta-de-podologia-em-santo-tirso\/#breadcrumb\"},\"inLanguage\":\"pt-PT\",\"potentialAction\":[{\"@type\":\"ReadAction\",\"target\":[\"https:\/\/portaltela.pt\/noticias\/2026\/02\/03\/uls-do-medio-ave-inicia-hoje-consulta-de-podologia-em-santo-tirso\/\"]}]},{\"@type\":\"ImageObject\",\"inLanguage\":\"pt-PT\",\"@id\":\"https:\/\/portaltela.pt\/noticias\/2026\/02\/03\/uls-do-medio-ave-inicia-hoje-consulta-de-podologia-em-santo-tirso\/#primaryimage\",\"url\":\"https:\/\/portaltela.pt\/s.01k8rhncp4jt1\/2026\/02\/centrosaudesantotirso.jpg\",\"contentUrl\":\"https:\/\/portaltela.pt\/s.01k8rhncp4jt1\/2026\/02\/centrosaudesantotirso.jpg\",\"width\":796,\"height\":448,\"caption\":\"ULS do M\u00e9dio Ave inicia hoje Consulta de Podologia no Centro de Sa\u00fade de Santo Tirso\"},{\"@type\":\"BreadcrumbList\",\"@id\":\"https:\/\/portaltela.pt\/noticias\/2026\/02\/03\/uls-do-medio-ave-inicia-hoje-consulta-de-podologia-em-santo-tirso\/#breadcrumb\",\"itemListElement\":[{\"@type\":\"ListItem\",\"position\":1,\"name\":\"In\u00edcio\",\"item\":\"https:\/\/portaltela.pt\/\"},{\"@type\":\"ListItem\",\"position\":2,\"name\":\"ULS do M\u00e9dio Ave inicia hoje Consulta de Podologia em Santo Tirso\"}]},{\"@type\":\"WebSite\",\"@id\":\"https:\/\/portaltela.pt\/#website\",\"url\":\"https:\/\/portaltela.pt\/\",\"name\":\"Portal Tela Portugal\",\"description\":\"\",\"potentialAction\":[{\"@type\":\"SearchAction\",\"target\":{\"@type\":\"EntryPoint\",\"urlTemplate\":\"https:\/\/portaltela.pt\/?s={search_term_string}\"},\"query-input\":{\"@type\":\"PropertyValueSpecification\",\"valueRequired\":true,\"valueName\":\"search_term_string\"}}],\"inLanguage\":\"pt-PT\"},{\"@type\":\"Person\",\"@id\":\"https:\/\/portaltela.pt\/#\/schema\/person\/c4278d4a6028830caff9ee44b42d32ed\",\"name\":\"Telinha\",\"image\":{\"@type\":\"ImageObject\",\"inLanguage\":\"pt-PT\",\"@id\":\"https:\/\/portaltela.pt\/s.01k8rhncp4jt1\/2025\/11\/talking-bot-125x125.png\",\"url\":\"https:\/\/portaltela.pt\/s.01k8rhncp4jt1\/2025\/11\/talking-bot-125x125.png\",\"contentUrl\":\"https:\/\/portaltela.pt\/s.01k8rhncp4jt1\/2025\/11\/talking-bot-125x125.png\",\"caption\":\"Telinha\"},\"sameAs\":[\"https:\/\/portaltela.pt\/\"],\"url\":\"https:\/\/portaltela.pt\/por\/367410592786\/\"}]}<\/script>\n<!-- \/ Yoast SEO plugin. -->","yoast_head_json":{"title":"ULS do M\u00e9dio Ave inicia hoje Consulta de Podologia em Santo Tirso - Portal Tela Portugal","robots":{"index":"index","follow":"follow","max-snippet":"max-snippet:-1","max-image-preview":"max-image-preview:large","max-video-preview":"max-video-preview:-1"},"og_locale":"pt_PT","og_type":"article","og_title":"ULS do M\u00e9dio Ave inicia hoje Consulta de Podologia em Santo Tirso - Portal Tela Portugal","og_description":"A Consulta de Podologia da ULS do M\u00e9dio Ave inicia hoje, 3 de fevereiro, no Centro de Sa\u00fade de Santo Tirso, na Rua Jornal de Santo Tirso. A medida refor\u00e7a os Cuidados de Sa\u00fade Prim\u00e1rios no concelho, com foco na preven\u00e7\u00e3o de complica\u00e7\u00f5es associadas ao p\u00e9 diab\u00e9tico. A consulta j\u00e1 funciona nos munic\u00edpios da Trofa e Vila Nova de Famalic\u00e3o; em 2025, realizou 2.309 atendimentos, 725 de utentes de Santo Tirso. Em Santo Tirso, funcionar\u00e1 inicialmente duas vezes por semana (ter\u00e7as e quintas) mediante referencia\u00e7\u00e3o do m\u00e9dico de fam\u00edlia, para utentes com diabetes ou patologia podol\u00f3gica de risco. A expans\u00e3o pretende alcan\u00e7ar mais utentes com dificuldades de desloca\u00e7\u00e3o, melhorar a preven\u00e7\u00e3o e vigil\u00e2ncia precoce, e reduzir internamentos e referencia\u00e7\u00f5es hospitalares futuras.","og_url":"https:\/\/portaltela.pt\/noticias\/2026\/02\/03\/uls-do-medio-ave-inicia-hoje-consulta-de-podologia-em-santo-tirso\/","og_site_name":"Portal Tela Portugal","article_published_time":"2026-02-03T08:15:00+00:00","author":"Telinha","twitter_card":"summary_large_image","twitter_misc":{"Escrito por":"Telinha","Tempo estimado de leitura":"1 minuto"},"schema":{"@context":"https:\/\/schema.org","@graph":[{"@type":"Article","@id":"https:\/\/portaltela.pt\/noticias\/2026\/02\/03\/uls-do-medio-ave-inicia-hoje-consulta-de-podologia-em-santo-tirso\/#article","isPartOf":{"@id":"https:\/\/portaltela.pt\/noticias\/2026\/02\/03\/uls-do-medio-ave-inicia-hoje-consulta-de-podologia-em-santo-tirso\/"},"author":{"name":"Telinha","@id":"https:\/\/portaltela.pt\/#\/schema\/person\/c4278d4a6028830caff9ee44b42d32ed"},"headline":"ULS do M\u00e9dio Ave inicia hoje Consulta de Podologia em Santo Tirso","datePublished":"2026-02-03T08:15:00+00:00","mainEntityOfPage":{"@id":"https:\/\/portaltela.pt\/noticias\/2026\/02\/03\/uls-do-medio-ave-inicia-hoje-consulta-de-podologia-em-santo-tirso\/"},"wordCount":250,"image":{"@id":"https:\/\/portaltela.pt\/noticias\/2026\/02\/03\/uls-do-medio-ave-inicia-hoje-consulta-de-podologia-em-santo-tirso\/#primaryimage"},"thumbnailUrl":"https:\/\/portaltela.pt\/s.01k8rhncp4jt1\/2026\/02\/centrosaudesantotirso.jpg","keywords":["acessibilidade","Cuidados de Sa\u00fade Prim\u00e1rios","diab\u00e9ticos","mobilidade","Santo Tirso","sa\u00fade p\u00fablica"],"articleSection":["Not\u00edcias"],"inLanguage":"pt-PT"},{"@type":"WebPage","@id":"https:\/\/portaltela.pt\/noticias\/2026\/02\/03\/uls-do-medio-ave-inicia-hoje-consulta-de-podologia-em-santo-tirso\/","url":"https:\/\/portaltela.pt\/noticias\/2026\/02\/03\/uls-do-medio-ave-inicia-hoje-consulta-de-podologia-em-santo-tirso\/","name":"ULS do M\u00e9dio Ave inicia hoje Consulta de Podologia em Santo Tirso - Portal Tela Portugal","isPartOf":{"@id":"https:\/\/portaltela.pt\/#website"},"primaryImageOfPage":{"@id":"https:\/\/portaltela.pt\/noticias\/2026\/02\/03\/uls-do-medio-ave-inicia-hoje-consulta-de-podologia-em-santo-tirso\/#primaryimage"},"image":{"@id":"https:\/\/portaltela.pt\/noticias\/2026\/02\/03\/uls-do-medio-ave-inicia-hoje-consulta-de-podologia-em-santo-tirso\/#primaryimage"},"thumbnailUrl":"https:\/\/portaltela.pt\/s.01k8rhncp4jt1\/2026\/02\/centrosaudesantotirso.jpg","datePublished":"2026-02-03T08:15:00+00:00","author":{"@id":"https:\/\/portaltela.pt\/#\/schema\/person\/c4278d4a6028830caff9ee44b42d32ed"},"breadcrumb":{"@id":"https:\/\/portaltela.pt\/noticias\/2026\/02\/03\/uls-do-medio-ave-inicia-hoje-consulta-de-podologia-em-santo-tirso\/#breadcrumb"},"inLanguage":"pt-PT","potentialAction":[{"@type":"ReadAction","target":["https:\/\/portaltela.pt\/noticias\/2026\/02\/03\/uls-do-medio-ave-inicia-hoje-consulta-de-podologia-em-santo-tirso\/"]}]},{"@type":"ImageObject","inLanguage":"pt-PT","@id":"https:\/\/portaltela.pt\/noticias\/2026\/02\/03\/uls-do-medio-ave-inicia-hoje-consulta-de-podologia-em-santo-tirso\/#primaryimage","url":"https:\/\/portaltela.pt\/s.01k8rhncp4jt1\/2026\/02\/centrosaudesantotirso.jpg","contentUrl":"https:\/\/portaltela.pt\/s.01k8rhncp4jt1\/2026\/02\/centrosaudesantotirso.jpg","width":796,"height":448,"caption":"ULS do M\u00e9dio Ave inicia hoje Consulta de Podologia no Centro de Sa\u00fade de Santo Tirso"},{"@type":"BreadcrumbList","@id":"https:\/\/portaltela.pt\/noticias\/2026\/02\/03\/uls-do-medio-ave-inicia-hoje-consulta-de-podologia-em-santo-tirso\/#breadcrumb","itemListElement":[{"@type":"ListItem","position":1,"name":"In\u00edcio","item":"https:\/\/portaltela.pt\/"},{"@type":"ListItem","position":2,"name":"ULS do M\u00e9dio Ave inicia hoje Consulta de Podologia em Santo Tirso"}]},{"@type":"WebSite","@id":"https:\/\/portaltela.pt\/#website","url":"https:\/\/portaltela.pt\/","name":"Portal Tela Portugal","description":"","potentialAction":[{"@type":"SearchAction","target":{"@type":"EntryPoint","urlTemplate":"https:\/\/portaltela.pt\/?s={search_term_string}"},"query-input":{"@type":"PropertyValueSpecification","valueRequired":true,"valueName":"search_term_string"}}],"inLanguage":"pt-PT"},{"@type":"Person","@id":"https:\/\/portaltela.pt\/#\/schema\/person\/c4278d4a6028830caff9ee44b42d32ed","name":"Telinha","image":{"@type":"ImageObject","inLanguage":"pt-PT","@id":"https:\/\/portaltela.pt\/s.01k8rhncp4jt1\/2025\/11\/talking-bot-125x125.png","url":"https:\/\/portaltela.pt\/s.01k8rhncp4jt1\/2025\/11\/talking-bot-125x125.png","contentUrl":"https:\/\/portaltela.pt\/s.01k8rhncp4jt1\/2025\/11\/talking-bot-125x125.png","caption":"Telinha"},"sameAs":["https:\/\/portaltela.pt\/"],"url":"https:\/\/portaltela.pt\/por\/367410592786\/"}]}},"_links":{"self":[{"href":"https:\/\/portaltela.pt\/api\/wp\/v2\/posts\/192974","targetHints":{"allow":["GET"]}}],"collection":[{"href":"https:\/\/portaltela.pt\/api\/wp\/v2\/posts"}],"about":[{"href":"https:\/\/portaltela.pt\/api\/wp\/v2\/types\/post"}],"author":[{"embeddable":true,"href":"https:\/\/portaltela.pt\/api\/wp\/v2\/users\/2"}],"replies":[{"embeddable":true,"href":"https:\/\/portaltela.pt\/api\/wp\/v2\/comments?post=192974"}],"version-history":[{"count":0,"href":"https:\/\/portaltela.pt\/api\/wp\/v2\/posts\/192974\/revisions"}],"wp:featuredmedia":[{"embeddable":true,"href":"https:\/\/portaltela.pt\/api\/wp\/v2\/media\/192977"}],"wp:attachment":[{"href":"https:\/\/portaltela.pt\/api\/wp\/v2\/media?parent=192974"}],"wp:term":[{"taxonomy":"category","embeddable":true,"href":"https:\/\/portaltela.pt\/api\/wp\/v2\/categories?post=192974"},{"taxonomy":"post_tag","embeddable":true,"href":"https:\/\/portaltela.pt\/api\/wp\/v2\/tags?post=192974"}],"curies":[{"name":"wp","href":"https:\/\/api.w.org\/{rel}","templated":true}]}}