{"id":192968,"date":"2026-02-03T05:14:00","date_gmt":"2026-02-03T08:14:00","guid":{"rendered":"https:\/\/portaltela.pt\/noticias\/2026\/02\/03\/almeirim-ativa-plano-de-emergencia-por-tempestade-kristin-e-subida-do-tejo\/"},"modified":"2026-02-03T05:14:00","modified_gmt":"2026-02-03T08:14:00","slug":"almeirim-ativa-plano-de-emergencia-por-tempestade-kristin-e-subida-do-tejo","status":"publish","type":"post","link":"https:\/\/portaltela.pt\/noticias\/2026\/02\/03\/almeirim-ativa-plano-de-emergencia-por-tempestade-kristin-e-subida-do-tejo\/","title":{"rendered":"Almeirim ativa Plano de Emerg\u00eancia por tempestade Kristin e subida do Tejo"},"content":{"rendered":"<p>O Munic\u00edpio de Almeirim ativou o Plano Municipal de Emerg\u00eancia de Prote\u00e7\u00e3o Civil na sequ\u00eancia da passagem da tempestade Kristin e do aumento significativo dos caudais do rio Tejo e dos seus afluentes. A decis\u00e3o foi tomada ap\u00f3s a reuni\u00e3o da Comiss\u00e3o Municipal de Prote\u00e7\u00e3o Civil.<\/p>\n<p>Participaram na reuni\u00e3o o Executivo Municipal (Presidente, Vice-Presidente e a Vereadora com o pelouro da Prote\u00e7\u00e3o Civil), o Presidente da Assembleia Municipal, os Presidentes das Juntas de Freguesia, os Bombeiros, o Coordenador Municipal de Prote\u00e7\u00e3o Civil, um representante da \u00e1rea da Sa\u00fade e da ACHAR.<\/p>\n<p>Durante o encontro foi feito um ponto de situa\u00e7\u00e3o dos efeitos da tempestade no concelho e da evolu\u00e7\u00e3o dos caudais da bacia hidrogr\u00e1fica do Tejo. Tamb\u00e9m foram analisadas as previs\u00f5es meteorol\u00f3gicas para os pr\u00f3ximos dias.<\/p>\n<p>Com base nestes dados, foi definida a operacionaliza\u00e7\u00e3o dos meios e recursos previstos no Plano Municipal de Emerg\u00eancia. A Comiss\u00e3o deliberou a ativa\u00e7\u00e3o formal do plano para assegurar uma resposta r\u00e1pida a eventuais ocorr\u00eancias.<\/p>\n<p>A autarquia acompanha a situa\u00e7\u00e3o de forma permanente e solicita \u00e0 popula\u00e7\u00e3o que se mantenha atenta \u00e0s indica\u00e7\u00f5es das autoridades. Refor\u00e7a, ainda, a necessidade de adotar comportamentos de autoprote\u00e7\u00e3o, especialmente nas zonas mais vulner\u00e1veis \u00e0 subida das \u00e1guas.<\/p>\n","protected":false},"excerpt":{"rendered":"<ul>\n<li>Almeirim ativa o Plano Municipal de Emerg\u00eancia de Prote\u00e7\u00e3o Civil ap\u00f3s a passagem da tempestade Kristin e do aumento de caudais do Tejo e dos seus afluentes.<\/li>\n<li>A decis\u00e3o foi tomada numa reuni\u00e3o da Comiss\u00e3o Municipal de Prote\u00e7\u00e3o Civil, com a presen\u00e7a do Executivo municipal, da Assembleia Municipal, dos presidentes das Juntas de Freguesia, dos Bombeiros, do Coordenador Municipal de Prote\u00e7\u00e3o Civil, de um representante da \u00e1rea da Sa\u00fade e da ACHAR.<\/li>\n<li>Foi feito um ponto de situa\u00e7\u00e3o sobre os efeitos da tempestade, a evolu\u00e7\u00e3o dos caudais da \u00e1gua e da bacia hidrogr\u00e1fica, bem como as previs\u00f5es para os pr\u00f3ximos dias.<\/li>\n<li>Com base nesses dados, foi preparada a operacionaliza\u00e7\u00e3o dos meios e recursos previstos no Plano Municipal de Emerg\u00eancia.<\/li>\n<li>A autarquia afirmou que a situa\u00e7\u00e3o est\u00e1 a ser acompanhada permanentemente e pediu \u00e0 popula\u00e7\u00e3o que siga as indica\u00e7\u00f5es das autoridades e adote comportamentos de autoprote\u00e7\u00e3o, sobretudo nas zonas mais vulner\u00e1veis \u00e0 subida das \u00e1guas.<\/li>\n<\/ul>\n","protected":false},"author":2,"featured_media":192972,"comment_status":"closed","ping_status":"closed","sticky":false,"template":"","format":"standard","meta":{"footnotes":""},"categories":[1],"tags":[3812,1457,971,320,5099,2408],"class_list":["post-192968","post","type-post","status-publish","format-standard","has-post-thumbnail","hentry","category-noticias","tag-alagamentos","tag-almeirim","tag-bombeiros","tag-protecao-civil","tag-protecao-civil-municipal","tag-tejo"],"yoast_head":"<!-- This site is optimized with the Yoast SEO plugin v27.2 - https:\/\/yoast.com\/product\/yoast-seo-wordpress\/ -->\n<title>Almeirim ativa Plano de Emerg\u00eancia por tempestade Kristin e subida do Tejo - Portal Tela Portugal<\/title>\n<meta name=\"robots\" content=\"index, follow, max-snippet:-1, max-image-preview:large, max-video-preview:-1\" \/>\n<meta property=\"og:locale\" content=\"pt_PT\" \/>\n<meta property=\"og:type\" content=\"article\" \/>\n<meta property=\"og:title\" content=\"Almeirim ativa Plano de Emerg\u00eancia por tempestade Kristin e subida do Tejo - Portal Tela Portugal\" \/>\n<meta property=\"og:description\" content=\"Almeirim ativa o Plano Municipal de Emerg\u00eancia de Prote\u00e7\u00e3o Civil ap\u00f3s a passagem da tempestade Kristin e do aumento de caudais do Tejo e dos seus afluentes. A decis\u00e3o foi tomada numa reuni\u00e3o da Comiss\u00e3o Municipal de Prote\u00e7\u00e3o Civil, com a presen\u00e7a do Executivo municipal, da Assembleia Municipal, dos presidentes das Juntas de Freguesia, dos Bombeiros, do Coordenador Municipal de Prote\u00e7\u00e3o Civil, de um representante da \u00e1rea da Sa\u00fade e da ACHAR. Foi feito um ponto de situa\u00e7\u00e3o sobre os efeitos da tempestade, a evolu\u00e7\u00e3o dos caudais da \u00e1gua e da bacia hidrogr\u00e1fica, bem como as previs\u00f5es para os pr\u00f3ximos dias. Com base nesses dados, foi preparada a operacionaliza\u00e7\u00e3o dos meios e recursos previstos no Plano Municipal de Emerg\u00eancia. A autarquia afirmou que a situa\u00e7\u00e3o est\u00e1 a ser acompanhada permanentemente e pediu \u00e0 popula\u00e7\u00e3o que siga as indica\u00e7\u00f5es das autoridades e adote comportamentos de autoprote\u00e7\u00e3o, sobretudo nas zonas mais vulner\u00e1veis \u00e0 subida das \u00e1guas.\" \/>\n<meta property=\"og:url\" content=\"https:\/\/portaltela.pt\/noticias\/2026\/02\/03\/almeirim-ativa-plano-de-emergencia-por-tempestade-kristin-e-subida-do-tejo\/\" \/>\n<meta property=\"og:site_name\" content=\"Portal Tela Portugal\" \/>\n<meta property=\"article:published_time\" content=\"2026-02-03T08:14:00+00:00\" \/>\n<meta name=\"author\" content=\"Telinha\" \/>\n<meta name=\"twitter:card\" content=\"summary_large_image\" \/>\n<meta name=\"twitter:label1\" content=\"Escrito por\" \/>\n\t<meta name=\"twitter:data1\" content=\"Telinha\" \/>\n\t<meta name=\"twitter:label2\" content=\"Tempo estimado de leitura\" \/>\n\t<meta name=\"twitter:data2\" content=\"1 minuto\" \/>\n<script type=\"application\/ld+json\" class=\"yoast-schema-graph\">{\"@context\":\"https:\/\/schema.org\",\"@graph\":[{\"@type\":\"Article\",\"@id\":\"https:\/\/portaltela.pt\/noticias\/2026\/02\/03\/almeirim-ativa-plano-de-emergencia-por-tempestade-kristin-e-subida-do-tejo\/#article\",\"isPartOf\":{\"@id\":\"https:\/\/portaltela.pt\/noticias\/2026\/02\/03\/almeirim-ativa-plano-de-emergencia-por-tempestade-kristin-e-subida-do-tejo\/\"},\"author\":{\"name\":\"Telinha\",\"@id\":\"https:\/\/portaltela.pt\/#\/schema\/person\/c4278d4a6028830caff9ee44b42d32ed\"},\"headline\":\"Almeirim ativa Plano de Emerg\u00eancia por tempestade Kristin e subida do Tejo\",\"datePublished\":\"2026-02-03T08:14:00+00:00\",\"mainEntityOfPage\":{\"@id\":\"https:\/\/portaltela.pt\/noticias\/2026\/02\/03\/almeirim-ativa-plano-de-emergencia-por-tempestade-kristin-e-subida-do-tejo\/\"},\"wordCount\":241,\"image\":{\"@id\":\"https:\/\/portaltela.pt\/noticias\/2026\/02\/03\/almeirim-ativa-plano-de-emergencia-por-tempestade-kristin-e-subida-do-tejo\/#primaryimage\"},\"thumbnailUrl\":\"https:\/\/portaltela.pt\/s.01k8rhncp4jt1\/2026\/02\/Bombeiros_Almeirim_Cheia_.jpg\",\"keywords\":[\"alagamentos\",\"Almeirim\",\"bombeiros\",\"prote\u00e7\u00e3o civil\",\"Prote\u00e7\u00e3o Civil Municipal\",\"Tejo\"],\"articleSection\":[\"Not\u00edcias\"],\"inLanguage\":\"pt-PT\"},{\"@type\":\"WebPage\",\"@id\":\"https:\/\/portaltela.pt\/noticias\/2026\/02\/03\/almeirim-ativa-plano-de-emergencia-por-tempestade-kristin-e-subida-do-tejo\/\",\"url\":\"https:\/\/portaltela.pt\/noticias\/2026\/02\/03\/almeirim-ativa-plano-de-emergencia-por-tempestade-kristin-e-subida-do-tejo\/\",\"name\":\"Almeirim ativa Plano de Emerg\u00eancia por tempestade Kristin e subida do Tejo - Portal Tela Portugal\",\"isPartOf\":{\"@id\":\"https:\/\/portaltela.pt\/#website\"},\"primaryImageOfPage\":{\"@id\":\"https:\/\/portaltela.pt\/noticias\/2026\/02\/03\/almeirim-ativa-plano-de-emergencia-por-tempestade-kristin-e-subida-do-tejo\/#primaryimage\"},\"image\":{\"@id\":\"https:\/\/portaltela.pt\/noticias\/2026\/02\/03\/almeirim-ativa-plano-de-emergencia-por-tempestade-kristin-e-subida-do-tejo\/#primaryimage\"},\"thumbnailUrl\":\"https:\/\/portaltela.pt\/s.01k8rhncp4jt1\/2026\/02\/Bombeiros_Almeirim_Cheia_.jpg\",\"datePublished\":\"2026-02-03T08:14:00+00:00\",\"author\":{\"@id\":\"https:\/\/portaltela.pt\/#\/schema\/person\/c4278d4a6028830caff9ee44b42d32ed\"},\"breadcrumb\":{\"@id\":\"https:\/\/portaltela.pt\/noticias\/2026\/02\/03\/almeirim-ativa-plano-de-emergencia-por-tempestade-kristin-e-subida-do-tejo\/#breadcrumb\"},\"inLanguage\":\"pt-PT\",\"potentialAction\":[{\"@type\":\"ReadAction\",\"target\":[\"https:\/\/portaltela.pt\/noticias\/2026\/02\/03\/almeirim-ativa-plano-de-emergencia-por-tempestade-kristin-e-subida-do-tejo\/\"]}]},{\"@type\":\"ImageObject\",\"inLanguage\":\"pt-PT\",\"@id\":\"https:\/\/portaltela.pt\/noticias\/2026\/02\/03\/almeirim-ativa-plano-de-emergencia-por-tempestade-kristin-e-subida-do-tejo\/#primaryimage\",\"url\":\"https:\/\/portaltela.pt\/s.01k8rhncp4jt1\/2026\/02\/Bombeiros_Almeirim_Cheia_.jpg\",\"contentUrl\":\"https:\/\/portaltela.pt\/s.01k8rhncp4jt1\/2026\/02\/Bombeiros_Almeirim_Cheia_.jpg\",\"width\":796,\"height\":448,\"caption\":\"Almeirim ativa Plano Municipal de Emerg\u00eancia devido \u00e0 tempestade Kristin e \u00e0 subida do Tejo\"},{\"@type\":\"BreadcrumbList\",\"@id\":\"https:\/\/portaltela.pt\/noticias\/2026\/02\/03\/almeirim-ativa-plano-de-emergencia-por-tempestade-kristin-e-subida-do-tejo\/#breadcrumb\",\"itemListElement\":[{\"@type\":\"ListItem\",\"position\":1,\"name\":\"In\u00edcio\",\"item\":\"https:\/\/portaltela.pt\/\"},{\"@type\":\"ListItem\",\"position\":2,\"name\":\"Almeirim ativa Plano de Emerg\u00eancia por tempestade Kristin e subida do Tejo\"}]},{\"@type\":\"WebSite\",\"@id\":\"https:\/\/portaltela.pt\/#website\",\"url\":\"https:\/\/portaltela.pt\/\",\"name\":\"Portal Tela Portugal\",\"description\":\"\",\"potentialAction\":[{\"@type\":\"SearchAction\",\"target\":{\"@type\":\"EntryPoint\",\"urlTemplate\":\"https:\/\/portaltela.pt\/?s={search_term_string}\"},\"query-input\":{\"@type\":\"PropertyValueSpecification\",\"valueRequired\":true,\"valueName\":\"search_term_string\"}}],\"inLanguage\":\"pt-PT\"},{\"@type\":\"Person\",\"@id\":\"https:\/\/portaltela.pt\/#\/schema\/person\/c4278d4a6028830caff9ee44b42d32ed\",\"name\":\"Telinha\",\"image\":{\"@type\":\"ImageObject\",\"inLanguage\":\"pt-PT\",\"@id\":\"https:\/\/portaltela.pt\/s.01k8rhncp4jt1\/2025\/11\/talking-bot-125x125.png\",\"url\":\"https:\/\/portaltela.pt\/s.01k8rhncp4jt1\/2025\/11\/talking-bot-125x125.png\",\"contentUrl\":\"https:\/\/portaltela.pt\/s.01k8rhncp4jt1\/2025\/11\/talking-bot-125x125.png\",\"caption\":\"Telinha\"},\"sameAs\":[\"https:\/\/portaltela.pt\/\"],\"url\":\"https:\/\/portaltela.pt\/por\/367410592786\/\"}]}<\/script>\n<!-- \/ Yoast SEO plugin. -->","yoast_head_json":{"title":"Almeirim ativa Plano de Emerg\u00eancia por tempestade Kristin e subida do Tejo - Portal Tela Portugal","robots":{"index":"index","follow":"follow","max-snippet":"max-snippet:-1","max-image-preview":"max-image-preview:large","max-video-preview":"max-video-preview:-1"},"og_locale":"pt_PT","og_type":"article","og_title":"Almeirim ativa Plano de Emerg\u00eancia por tempestade Kristin e subida do Tejo - Portal Tela Portugal","og_description":"Almeirim ativa o Plano Municipal de Emerg\u00eancia de Prote\u00e7\u00e3o Civil ap\u00f3s a passagem da tempestade Kristin e do aumento de caudais do Tejo e dos seus afluentes. A decis\u00e3o foi tomada numa reuni\u00e3o da Comiss\u00e3o Municipal de Prote\u00e7\u00e3o Civil, com a presen\u00e7a do Executivo municipal, da Assembleia Municipal, dos presidentes das Juntas de Freguesia, dos Bombeiros, do Coordenador Municipal de Prote\u00e7\u00e3o Civil, de um representante da \u00e1rea da Sa\u00fade e da ACHAR. Foi feito um ponto de situa\u00e7\u00e3o sobre os efeitos da tempestade, a evolu\u00e7\u00e3o dos caudais da \u00e1gua e da bacia hidrogr\u00e1fica, bem como as previs\u00f5es para os pr\u00f3ximos dias. Com base nesses dados, foi preparada a operacionaliza\u00e7\u00e3o dos meios e recursos previstos no Plano Municipal de Emerg\u00eancia. A autarquia afirmou que a situa\u00e7\u00e3o est\u00e1 a ser acompanhada permanentemente e pediu \u00e0 popula\u00e7\u00e3o que siga as indica\u00e7\u00f5es das autoridades e adote comportamentos de autoprote\u00e7\u00e3o, sobretudo nas zonas mais vulner\u00e1veis \u00e0 subida das \u00e1guas.","og_url":"https:\/\/portaltela.pt\/noticias\/2026\/02\/03\/almeirim-ativa-plano-de-emergencia-por-tempestade-kristin-e-subida-do-tejo\/","og_site_name":"Portal Tela Portugal","article_published_time":"2026-02-03T08:14:00+00:00","author":"Telinha","twitter_card":"summary_large_image","twitter_misc":{"Escrito por":"Telinha","Tempo estimado de leitura":"1 minuto"},"schema":{"@context":"https:\/\/schema.org","@graph":[{"@type":"Article","@id":"https:\/\/portaltela.pt\/noticias\/2026\/02\/03\/almeirim-ativa-plano-de-emergencia-por-tempestade-kristin-e-subida-do-tejo\/#article","isPartOf":{"@id":"https:\/\/portaltela.pt\/noticias\/2026\/02\/03\/almeirim-ativa-plano-de-emergencia-por-tempestade-kristin-e-subida-do-tejo\/"},"author":{"name":"Telinha","@id":"https:\/\/portaltela.pt\/#\/schema\/person\/c4278d4a6028830caff9ee44b42d32ed"},"headline":"Almeirim ativa Plano de Emerg\u00eancia por tempestade Kristin e subida do Tejo","datePublished":"2026-02-03T08:14:00+00:00","mainEntityOfPage":{"@id":"https:\/\/portaltela.pt\/noticias\/2026\/02\/03\/almeirim-ativa-plano-de-emergencia-por-tempestade-kristin-e-subida-do-tejo\/"},"wordCount":241,"image":{"@id":"https:\/\/portaltela.pt\/noticias\/2026\/02\/03\/almeirim-ativa-plano-de-emergencia-por-tempestade-kristin-e-subida-do-tejo\/#primaryimage"},"thumbnailUrl":"https:\/\/portaltela.pt\/s.01k8rhncp4jt1\/2026\/02\/Bombeiros_Almeirim_Cheia_.jpg","keywords":["alagamentos","Almeirim","bombeiros","prote\u00e7\u00e3o civil","Prote\u00e7\u00e3o Civil Municipal","Tejo"],"articleSection":["Not\u00edcias"],"inLanguage":"pt-PT"},{"@type":"WebPage","@id":"https:\/\/portaltela.pt\/noticias\/2026\/02\/03\/almeirim-ativa-plano-de-emergencia-por-tempestade-kristin-e-subida-do-tejo\/","url":"https:\/\/portaltela.pt\/noticias\/2026\/02\/03\/almeirim-ativa-plano-de-emergencia-por-tempestade-kristin-e-subida-do-tejo\/","name":"Almeirim ativa Plano de Emerg\u00eancia por tempestade Kristin e subida do Tejo - Portal Tela Portugal","isPartOf":{"@id":"https:\/\/portaltela.pt\/#website"},"primaryImageOfPage":{"@id":"https:\/\/portaltela.pt\/noticias\/2026\/02\/03\/almeirim-ativa-plano-de-emergencia-por-tempestade-kristin-e-subida-do-tejo\/#primaryimage"},"image":{"@id":"https:\/\/portaltela.pt\/noticias\/2026\/02\/03\/almeirim-ativa-plano-de-emergencia-por-tempestade-kristin-e-subida-do-tejo\/#primaryimage"},"thumbnailUrl":"https:\/\/portaltela.pt\/s.01k8rhncp4jt1\/2026\/02\/Bombeiros_Almeirim_Cheia_.jpg","datePublished":"2026-02-03T08:14:00+00:00","author":{"@id":"https:\/\/portaltela.pt\/#\/schema\/person\/c4278d4a6028830caff9ee44b42d32ed"},"breadcrumb":{"@id":"https:\/\/portaltela.pt\/noticias\/2026\/02\/03\/almeirim-ativa-plano-de-emergencia-por-tempestade-kristin-e-subida-do-tejo\/#breadcrumb"},"inLanguage":"pt-PT","potentialAction":[{"@type":"ReadAction","target":["https:\/\/portaltela.pt\/noticias\/2026\/02\/03\/almeirim-ativa-plano-de-emergencia-por-tempestade-kristin-e-subida-do-tejo\/"]}]},{"@type":"ImageObject","inLanguage":"pt-PT","@id":"https:\/\/portaltela.pt\/noticias\/2026\/02\/03\/almeirim-ativa-plano-de-emergencia-por-tempestade-kristin-e-subida-do-tejo\/#primaryimage","url":"https:\/\/portaltela.pt\/s.01k8rhncp4jt1\/2026\/02\/Bombeiros_Almeirim_Cheia_.jpg","contentUrl":"https:\/\/portaltela.pt\/s.01k8rhncp4jt1\/2026\/02\/Bombeiros_Almeirim_Cheia_.jpg","width":796,"height":448,"caption":"Almeirim ativa Plano Municipal de Emerg\u00eancia devido \u00e0 tempestade Kristin e \u00e0 subida do Tejo"},{"@type":"BreadcrumbList","@id":"https:\/\/portaltela.pt\/noticias\/2026\/02\/03\/almeirim-ativa-plano-de-emergencia-por-tempestade-kristin-e-subida-do-tejo\/#breadcrumb","itemListElement":[{"@type":"ListItem","position":1,"name":"In\u00edcio","item":"https:\/\/portaltela.pt\/"},{"@type":"ListItem","position":2,"name":"Almeirim ativa Plano de Emerg\u00eancia por tempestade Kristin e subida do Tejo"}]},{"@type":"WebSite","@id":"https:\/\/portaltela.pt\/#website","url":"https:\/\/portaltela.pt\/","name":"Portal Tela Portugal","description":"","potentialAction":[{"@type":"SearchAction","target":{"@type":"EntryPoint","urlTemplate":"https:\/\/portaltela.pt\/?s={search_term_string}"},"query-input":{"@type":"PropertyValueSpecification","valueRequired":true,"valueName":"search_term_string"}}],"inLanguage":"pt-PT"},{"@type":"Person","@id":"https:\/\/portaltela.pt\/#\/schema\/person\/c4278d4a6028830caff9ee44b42d32ed","name":"Telinha","image":{"@type":"ImageObject","inLanguage":"pt-PT","@id":"https:\/\/portaltela.pt\/s.01k8rhncp4jt1\/2025\/11\/talking-bot-125x125.png","url":"https:\/\/portaltela.pt\/s.01k8rhncp4jt1\/2025\/11\/talking-bot-125x125.png","contentUrl":"https:\/\/portaltela.pt\/s.01k8rhncp4jt1\/2025\/11\/talking-bot-125x125.png","caption":"Telinha"},"sameAs":["https:\/\/portaltela.pt\/"],"url":"https:\/\/portaltela.pt\/por\/367410592786\/"}]}},"_links":{"self":[{"href":"https:\/\/portaltela.pt\/api\/wp\/v2\/posts\/192968","targetHints":{"allow":["GET"]}}],"collection":[{"href":"https:\/\/portaltela.pt\/api\/wp\/v2\/posts"}],"about":[{"href":"https:\/\/portaltela.pt\/api\/wp\/v2\/types\/post"}],"author":[{"embeddable":true,"href":"https:\/\/portaltela.pt\/api\/wp\/v2\/users\/2"}],"replies":[{"embeddable":true,"href":"https:\/\/portaltela.pt\/api\/wp\/v2\/comments?post=192968"}],"version-history":[{"count":0,"href":"https:\/\/portaltela.pt\/api\/wp\/v2\/posts\/192968\/revisions"}],"wp:featuredmedia":[{"embeddable":true,"href":"https:\/\/portaltela.pt\/api\/wp\/v2\/media\/192972"}],"wp:attachment":[{"href":"https:\/\/portaltela.pt\/api\/wp\/v2\/media?parent=192968"}],"wp:term":[{"taxonomy":"category","embeddable":true,"href":"https:\/\/portaltela.pt\/api\/wp\/v2\/categories?post=192968"},{"taxonomy":"post_tag","embeddable":true,"href":"https:\/\/portaltela.pt\/api\/wp\/v2\/tags?post=192968"}],"curies":[{"name":"wp","href":"https:\/\/api.w.org\/{rel}","templated":true}]}}