{"id":192967,"date":"2026-02-03T05:08:00","date_gmt":"2026-02-03T08:08:00","guid":{"rendered":"https:\/\/portaltela.pt\/noticias\/2026\/02\/03\/chamusca-recebe-formacao-gratuita-para-conducao-segura-de-tratores\/"},"modified":"2026-02-03T05:08:00","modified_gmt":"2026-02-03T08:08:00","slug":"chamusca-recebe-formacao-gratuita-para-conducao-segura-de-tratores","status":"publish","type":"post","link":"https:\/\/portaltela.pt\/noticias\/2026\/02\/03\/chamusca-recebe-formacao-gratuita-para-conducao-segura-de-tratores\/","title":{"rendered":"Chamusca recebe forma\u00e7\u00e3o gratuita para condu\u00e7\u00e3o segura de tratores"},"content":{"rendered":"<p>O Munic\u00edpio da Chamusca vai promover, em abril, um curso gratuito sobre condu\u00e7\u00e3o de tratores, intitulado Conduzir e Operar o Trator em Seguran\u00e7a, no Centro de Apoio a Empresas, em parceria com a F\u00e1brica do Empreendedor. A forma\u00e7\u00e3o destina-se a residentes da regi\u00e3o e \u00e9 financiada pelo munic\u00edpio.<\/p>\n<p>A a\u00e7\u00e3o tem dura\u00e7\u00e3o total de 50 horas e decorre em hor\u00e1rio p\u00f3s laboral, entre as 18h e as 22h. O curso \u00e9 realizado no \u00e2mbito de um protocolo entre o munic\u00edpio e a F\u00e1brica do Empreendedor e \u00e9 ministrado pela Confedera\u00e7\u00e3o dos Agricultores de Portugal.<\/p>\n<p>A iniciativa \u00e9 promovida pela Endesa, atrav\u00e9s da Escola Rural de Energia Sustent\u00e1vel, integrada no plano global de forma\u00e7\u00e3o da empresa. O objetivo \u00e9 fomentar o desenvolvimento social e econ\u00f3mico, apoiar a cria\u00e7\u00e3o de emprego e contribuir para a fixa\u00e7\u00e3o da popula\u00e7\u00e3o no territ\u00f3rio do Projeto de Transi\u00e7\u00e3o Justa do Pego.<\/p>\n<p>As inscri\u00e7\u00f5es s\u00e3o obrigat\u00f3rias e devem ser feitas via formul\u00e1rio online disponibilizado pela organiza\u00e7\u00e3o. Informa\u00e7\u00f5es adicionais sobre a Escola Rural de Energia Sustent\u00e1vel podem ser consultadas nos canais institucionais da Endesa.<\/p>\n<p>Esta a\u00e7\u00e3o refor\u00e7a a aposta na forma\u00e7\u00e3o profissional e na qualifica\u00e7\u00e3o de recursos humanos, valorizando compet\u00eancias essenciais para a seguran\u00e7a e moderniza\u00e7\u00e3o do setor agr\u00edcola na regi\u00e3o.<\/p>\n","protected":false},"excerpt":{"rendered":"<ul>\n<li>O Munic\u00edpio da Chamusca vai promover, em abril, o curso \u201cConduzir e Operar o Trator em Seguran\u00e7a\u201d em parceria com a F\u00e1brica do Empreendedor, no Centro de Apoio a Empresas.<\/li>\n<li>O curso tem dura\u00e7\u00e3o de 50 horas, \u00e9 gratuito e realiza-se em hor\u00e1rio p\u00f3s laboral, entre as 18h e as 22h.<\/li>\n<li>A forma\u00e7\u00e3o integra o protocolo entre o munic\u00edpio e a F\u00e1brica do Empreendedor e \u00e9 ministrada pela Confedera\u00e7\u00e3o dos Agricultores de Portugal.<\/li>\n<li>A iniciativa \u00e9 promovida pela Endesa, atrav\u00e9s da sua Escola Rural de Energia Sustent\u00e1vel, no \u00e2mbito do respetivo plano global de forma\u00e7\u00e3o, e visa apoiar o Desenvolvimento social e econ\u00f3mico da regi\u00e3o e a transi\u00e7\u00e3o do Pego.<\/li>\n<li>As inscri\u00e7\u00f5es s\u00e3o obrigat\u00f3rias via formul\u00e1rio online; informa\u00e7\u00f5es adicionais est\u00e3o dispon\u00edveis nos canais institucionais da Endesa.<\/li>\n<\/ul>\n","protected":false},"author":2,"featured_media":192970,"comment_status":"closed","ping_status":"closed","sticky":false,"template":"","format":"standard","meta":{"footnotes":""},"categories":[1],"tags":[179,4594,190,1006,4697,1290],"class_list":["post-192967","post","type-post","status-publish","format-standard","has-post-thumbnail","hentry","category-noticias","tag-agricultura","tag-chamusca","tag-desenvolvimento-economico","tag-emprego","tag-endesa","tag-formacao"],"yoast_head":"<!-- This site is optimized with the Yoast SEO plugin v27.2 - https:\/\/yoast.com\/product\/yoast-seo-wordpress\/ -->\n<title>Chamusca recebe forma\u00e7\u00e3o gratuita para condu\u00e7\u00e3o segura de tratores - Portal Tela Portugal<\/title>\n<meta name=\"robots\" content=\"index, follow, max-snippet:-1, max-image-preview:large, max-video-preview:-1\" \/>\n<meta property=\"og:locale\" content=\"pt_PT\" \/>\n<meta property=\"og:type\" content=\"article\" \/>\n<meta property=\"og:title\" content=\"Chamusca recebe forma\u00e7\u00e3o gratuita para condu\u00e7\u00e3o segura de tratores - Portal Tela Portugal\" \/>\n<meta property=\"og:description\" content=\"O Munic\u00edpio da Chamusca vai promover, em abril, o curso \u201cConduzir e Operar o Trator em Seguran\u00e7a\u201d em parceria com a F\u00e1brica do Empreendedor, no Centro de Apoio a Empresas. O curso tem dura\u00e7\u00e3o de 50 horas, \u00e9 gratuito e realiza-se em hor\u00e1rio p\u00f3s laboral, entre as 18h e as 22h. A forma\u00e7\u00e3o integra o protocolo entre o munic\u00edpio e a F\u00e1brica do Empreendedor e \u00e9 ministrada pela Confedera\u00e7\u00e3o dos Agricultores de Portugal. A iniciativa \u00e9 promovida pela Endesa, atrav\u00e9s da sua Escola Rural de Energia Sustent\u00e1vel, no \u00e2mbito do respetivo plano global de forma\u00e7\u00e3o, e visa apoiar o Desenvolvimento social e econ\u00f3mico da regi\u00e3o e a transi\u00e7\u00e3o do Pego. As inscri\u00e7\u00f5es s\u00e3o obrigat\u00f3rias via formul\u00e1rio online; informa\u00e7\u00f5es adicionais est\u00e3o dispon\u00edveis nos canais institucionais da Endesa.\" \/>\n<meta property=\"og:url\" content=\"https:\/\/portaltela.pt\/noticias\/2026\/02\/03\/chamusca-recebe-formacao-gratuita-para-conducao-segura-de-tratores\/\" \/>\n<meta property=\"og:site_name\" content=\"Portal Tela Portugal\" \/>\n<meta property=\"article:published_time\" content=\"2026-02-03T08:08:00+00:00\" \/>\n<meta name=\"author\" content=\"Telinha\" \/>\n<meta name=\"twitter:card\" content=\"summary_large_image\" \/>\n<meta name=\"twitter:label1\" content=\"Escrito por\" \/>\n\t<meta name=\"twitter:data1\" content=\"Telinha\" \/>\n\t<meta name=\"twitter:label2\" content=\"Tempo estimado de leitura\" \/>\n\t<meta name=\"twitter:data2\" content=\"1 minuto\" \/>\n<script type=\"application\/ld+json\" class=\"yoast-schema-graph\">{\"@context\":\"https:\/\/schema.org\",\"@graph\":[{\"@type\":\"Article\",\"@id\":\"https:\/\/portaltela.pt\/noticias\/2026\/02\/03\/chamusca-recebe-formacao-gratuita-para-conducao-segura-de-tratores\/#article\",\"isPartOf\":{\"@id\":\"https:\/\/portaltela.pt\/noticias\/2026\/02\/03\/chamusca-recebe-formacao-gratuita-para-conducao-segura-de-tratores\/\"},\"author\":{\"name\":\"Telinha\",\"@id\":\"https:\/\/portaltela.pt\/#\/schema\/person\/c4278d4a6028830caff9ee44b42d32ed\"},\"headline\":\"Chamusca recebe forma\u00e7\u00e3o gratuita para condu\u00e7\u00e3o segura de tratores\",\"datePublished\":\"2026-02-03T08:08:00+00:00\",\"mainEntityOfPage\":{\"@id\":\"https:\/\/portaltela.pt\/noticias\/2026\/02\/03\/chamusca-recebe-formacao-gratuita-para-conducao-segura-de-tratores\/\"},\"wordCount\":247,\"image\":{\"@id\":\"https:\/\/portaltela.pt\/noticias\/2026\/02\/03\/chamusca-recebe-formacao-gratuita-para-conducao-segura-de-tratores\/#primaryimage\"},\"thumbnailUrl\":\"https:\/\/portaltela.pt\/s.01k8rhncp4jt1\/2026\/02\/conduzir_Trator_Campo_agricultura.jpg\",\"keywords\":[\"agricultura\",\"Chamusca\",\"Desenvolvimento econ\u00f3mico\",\"emprego\",\"Endesa\",\"forma\u00e7\u00e3o\"],\"articleSection\":[\"Not\u00edcias\"],\"inLanguage\":\"pt-PT\"},{\"@type\":\"WebPage\",\"@id\":\"https:\/\/portaltela.pt\/noticias\/2026\/02\/03\/chamusca-recebe-formacao-gratuita-para-conducao-segura-de-tratores\/\",\"url\":\"https:\/\/portaltela.pt\/noticias\/2026\/02\/03\/chamusca-recebe-formacao-gratuita-para-conducao-segura-de-tratores\/\",\"name\":\"Chamusca recebe forma\u00e7\u00e3o gratuita para condu\u00e7\u00e3o segura de tratores - Portal Tela Portugal\",\"isPartOf\":{\"@id\":\"https:\/\/portaltela.pt\/#website\"},\"primaryImageOfPage\":{\"@id\":\"https:\/\/portaltela.pt\/noticias\/2026\/02\/03\/chamusca-recebe-formacao-gratuita-para-conducao-segura-de-tratores\/#primaryimage\"},\"image\":{\"@id\":\"https:\/\/portaltela.pt\/noticias\/2026\/02\/03\/chamusca-recebe-formacao-gratuita-para-conducao-segura-de-tratores\/#primaryimage\"},\"thumbnailUrl\":\"https:\/\/portaltela.pt\/s.01k8rhncp4jt1\/2026\/02\/conduzir_Trator_Campo_agricultura.jpg\",\"datePublished\":\"2026-02-03T08:08:00+00:00\",\"author\":{\"@id\":\"https:\/\/portaltela.pt\/#\/schema\/person\/c4278d4a6028830caff9ee44b42d32ed\"},\"breadcrumb\":{\"@id\":\"https:\/\/portaltela.pt\/noticias\/2026\/02\/03\/chamusca-recebe-formacao-gratuita-para-conducao-segura-de-tratores\/#breadcrumb\"},\"inLanguage\":\"pt-PT\",\"potentialAction\":[{\"@type\":\"ReadAction\",\"target\":[\"https:\/\/portaltela.pt\/noticias\/2026\/02\/03\/chamusca-recebe-formacao-gratuita-para-conducao-segura-de-tratores\/\"]}]},{\"@type\":\"ImageObject\",\"inLanguage\":\"pt-PT\",\"@id\":\"https:\/\/portaltela.pt\/noticias\/2026\/02\/03\/chamusca-recebe-formacao-gratuita-para-conducao-segura-de-tratores\/#primaryimage\",\"url\":\"https:\/\/portaltela.pt\/s.01k8rhncp4jt1\/2026\/02\/conduzir_Trator_Campo_agricultura.jpg\",\"contentUrl\":\"https:\/\/portaltela.pt\/s.01k8rhncp4jt1\/2026\/02\/conduzir_Trator_Campo_agricultura.jpg\",\"width\":796,\"height\":448,\"caption\":\"Chamusca recebe forma\u00e7\u00e3o gratuita para condu\u00e7\u00e3o segura de tratores\"},{\"@type\":\"BreadcrumbList\",\"@id\":\"https:\/\/portaltela.pt\/noticias\/2026\/02\/03\/chamusca-recebe-formacao-gratuita-para-conducao-segura-de-tratores\/#breadcrumb\",\"itemListElement\":[{\"@type\":\"ListItem\",\"position\":1,\"name\":\"In\u00edcio\",\"item\":\"https:\/\/portaltela.pt\/\"},{\"@type\":\"ListItem\",\"position\":2,\"name\":\"Chamusca recebe forma\u00e7\u00e3o gratuita para condu\u00e7\u00e3o segura de tratores\"}]},{\"@type\":\"WebSite\",\"@id\":\"https:\/\/portaltela.pt\/#website\",\"url\":\"https:\/\/portaltela.pt\/\",\"name\":\"Portal Tela Portugal\",\"description\":\"\",\"potentialAction\":[{\"@type\":\"SearchAction\",\"target\":{\"@type\":\"EntryPoint\",\"urlTemplate\":\"https:\/\/portaltela.pt\/?s={search_term_string}\"},\"query-input\":{\"@type\":\"PropertyValueSpecification\",\"valueRequired\":true,\"valueName\":\"search_term_string\"}}],\"inLanguage\":\"pt-PT\"},{\"@type\":\"Person\",\"@id\":\"https:\/\/portaltela.pt\/#\/schema\/person\/c4278d4a6028830caff9ee44b42d32ed\",\"name\":\"Telinha\",\"image\":{\"@type\":\"ImageObject\",\"inLanguage\":\"pt-PT\",\"@id\":\"https:\/\/portaltela.pt\/s.01k8rhncp4jt1\/2025\/11\/talking-bot-125x125.png\",\"url\":\"https:\/\/portaltela.pt\/s.01k8rhncp4jt1\/2025\/11\/talking-bot-125x125.png\",\"contentUrl\":\"https:\/\/portaltela.pt\/s.01k8rhncp4jt1\/2025\/11\/talking-bot-125x125.png\",\"caption\":\"Telinha\"},\"sameAs\":[\"https:\/\/portaltela.pt\/\"],\"url\":\"https:\/\/portaltela.pt\/por\/367410592786\/\"}]}<\/script>\n<!-- \/ Yoast SEO plugin. -->","yoast_head_json":{"title":"Chamusca recebe forma\u00e7\u00e3o gratuita para condu\u00e7\u00e3o segura de tratores - Portal Tela Portugal","robots":{"index":"index","follow":"follow","max-snippet":"max-snippet:-1","max-image-preview":"max-image-preview:large","max-video-preview":"max-video-preview:-1"},"og_locale":"pt_PT","og_type":"article","og_title":"Chamusca recebe forma\u00e7\u00e3o gratuita para condu\u00e7\u00e3o segura de tratores - Portal Tela Portugal","og_description":"O Munic\u00edpio da Chamusca vai promover, em abril, o curso \u201cConduzir e Operar o Trator em Seguran\u00e7a\u201d em parceria com a F\u00e1brica do Empreendedor, no Centro de Apoio a Empresas. O curso tem dura\u00e7\u00e3o de 50 horas, \u00e9 gratuito e realiza-se em hor\u00e1rio p\u00f3s laboral, entre as 18h e as 22h. A forma\u00e7\u00e3o integra o protocolo entre o munic\u00edpio e a F\u00e1brica do Empreendedor e \u00e9 ministrada pela Confedera\u00e7\u00e3o dos Agricultores de Portugal. A iniciativa \u00e9 promovida pela Endesa, atrav\u00e9s da sua Escola Rural de Energia Sustent\u00e1vel, no \u00e2mbito do respetivo plano global de forma\u00e7\u00e3o, e visa apoiar o Desenvolvimento social e econ\u00f3mico da regi\u00e3o e a transi\u00e7\u00e3o do Pego. As inscri\u00e7\u00f5es s\u00e3o obrigat\u00f3rias via formul\u00e1rio online; informa\u00e7\u00f5es adicionais est\u00e3o dispon\u00edveis nos canais institucionais da Endesa.","og_url":"https:\/\/portaltela.pt\/noticias\/2026\/02\/03\/chamusca-recebe-formacao-gratuita-para-conducao-segura-de-tratores\/","og_site_name":"Portal Tela Portugal","article_published_time":"2026-02-03T08:08:00+00:00","author":"Telinha","twitter_card":"summary_large_image","twitter_misc":{"Escrito por":"Telinha","Tempo estimado de leitura":"1 minuto"},"schema":{"@context":"https:\/\/schema.org","@graph":[{"@type":"Article","@id":"https:\/\/portaltela.pt\/noticias\/2026\/02\/03\/chamusca-recebe-formacao-gratuita-para-conducao-segura-de-tratores\/#article","isPartOf":{"@id":"https:\/\/portaltela.pt\/noticias\/2026\/02\/03\/chamusca-recebe-formacao-gratuita-para-conducao-segura-de-tratores\/"},"author":{"name":"Telinha","@id":"https:\/\/portaltela.pt\/#\/schema\/person\/c4278d4a6028830caff9ee44b42d32ed"},"headline":"Chamusca recebe forma\u00e7\u00e3o gratuita para condu\u00e7\u00e3o segura de tratores","datePublished":"2026-02-03T08:08:00+00:00","mainEntityOfPage":{"@id":"https:\/\/portaltela.pt\/noticias\/2026\/02\/03\/chamusca-recebe-formacao-gratuita-para-conducao-segura-de-tratores\/"},"wordCount":247,"image":{"@id":"https:\/\/portaltela.pt\/noticias\/2026\/02\/03\/chamusca-recebe-formacao-gratuita-para-conducao-segura-de-tratores\/#primaryimage"},"thumbnailUrl":"https:\/\/portaltela.pt\/s.01k8rhncp4jt1\/2026\/02\/conduzir_Trator_Campo_agricultura.jpg","keywords":["agricultura","Chamusca","Desenvolvimento econ\u00f3mico","emprego","Endesa","forma\u00e7\u00e3o"],"articleSection":["Not\u00edcias"],"inLanguage":"pt-PT"},{"@type":"WebPage","@id":"https:\/\/portaltela.pt\/noticias\/2026\/02\/03\/chamusca-recebe-formacao-gratuita-para-conducao-segura-de-tratores\/","url":"https:\/\/portaltela.pt\/noticias\/2026\/02\/03\/chamusca-recebe-formacao-gratuita-para-conducao-segura-de-tratores\/","name":"Chamusca recebe forma\u00e7\u00e3o gratuita para condu\u00e7\u00e3o segura de tratores - Portal Tela Portugal","isPartOf":{"@id":"https:\/\/portaltela.pt\/#website"},"primaryImageOfPage":{"@id":"https:\/\/portaltela.pt\/noticias\/2026\/02\/03\/chamusca-recebe-formacao-gratuita-para-conducao-segura-de-tratores\/#primaryimage"},"image":{"@id":"https:\/\/portaltela.pt\/noticias\/2026\/02\/03\/chamusca-recebe-formacao-gratuita-para-conducao-segura-de-tratores\/#primaryimage"},"thumbnailUrl":"https:\/\/portaltela.pt\/s.01k8rhncp4jt1\/2026\/02\/conduzir_Trator_Campo_agricultura.jpg","datePublished":"2026-02-03T08:08:00+00:00","author":{"@id":"https:\/\/portaltela.pt\/#\/schema\/person\/c4278d4a6028830caff9ee44b42d32ed"},"breadcrumb":{"@id":"https:\/\/portaltela.pt\/noticias\/2026\/02\/03\/chamusca-recebe-formacao-gratuita-para-conducao-segura-de-tratores\/#breadcrumb"},"inLanguage":"pt-PT","potentialAction":[{"@type":"ReadAction","target":["https:\/\/portaltela.pt\/noticias\/2026\/02\/03\/chamusca-recebe-formacao-gratuita-para-conducao-segura-de-tratores\/"]}]},{"@type":"ImageObject","inLanguage":"pt-PT","@id":"https:\/\/portaltela.pt\/noticias\/2026\/02\/03\/chamusca-recebe-formacao-gratuita-para-conducao-segura-de-tratores\/#primaryimage","url":"https:\/\/portaltela.pt\/s.01k8rhncp4jt1\/2026\/02\/conduzir_Trator_Campo_agricultura.jpg","contentUrl":"https:\/\/portaltela.pt\/s.01k8rhncp4jt1\/2026\/02\/conduzir_Trator_Campo_agricultura.jpg","width":796,"height":448,"caption":"Chamusca recebe forma\u00e7\u00e3o gratuita para condu\u00e7\u00e3o segura de tratores"},{"@type":"BreadcrumbList","@id":"https:\/\/portaltela.pt\/noticias\/2026\/02\/03\/chamusca-recebe-formacao-gratuita-para-conducao-segura-de-tratores\/#breadcrumb","itemListElement":[{"@type":"ListItem","position":1,"name":"In\u00edcio","item":"https:\/\/portaltela.pt\/"},{"@type":"ListItem","position":2,"name":"Chamusca recebe forma\u00e7\u00e3o gratuita para condu\u00e7\u00e3o segura de tratores"}]},{"@type":"WebSite","@id":"https:\/\/portaltela.pt\/#website","url":"https:\/\/portaltela.pt\/","name":"Portal Tela Portugal","description":"","potentialAction":[{"@type":"SearchAction","target":{"@type":"EntryPoint","urlTemplate":"https:\/\/portaltela.pt\/?s={search_term_string}"},"query-input":{"@type":"PropertyValueSpecification","valueRequired":true,"valueName":"search_term_string"}}],"inLanguage":"pt-PT"},{"@type":"Person","@id":"https:\/\/portaltela.pt\/#\/schema\/person\/c4278d4a6028830caff9ee44b42d32ed","name":"Telinha","image":{"@type":"ImageObject","inLanguage":"pt-PT","@id":"https:\/\/portaltela.pt\/s.01k8rhncp4jt1\/2025\/11\/talking-bot-125x125.png","url":"https:\/\/portaltela.pt\/s.01k8rhncp4jt1\/2025\/11\/talking-bot-125x125.png","contentUrl":"https:\/\/portaltela.pt\/s.01k8rhncp4jt1\/2025\/11\/talking-bot-125x125.png","caption":"Telinha"},"sameAs":["https:\/\/portaltela.pt\/"],"url":"https:\/\/portaltela.pt\/por\/367410592786\/"}]}},"_links":{"self":[{"href":"https:\/\/portaltela.pt\/api\/wp\/v2\/posts\/192967","targetHints":{"allow":["GET"]}}],"collection":[{"href":"https:\/\/portaltela.pt\/api\/wp\/v2\/posts"}],"about":[{"href":"https:\/\/portaltela.pt\/api\/wp\/v2\/types\/post"}],"author":[{"embeddable":true,"href":"https:\/\/portaltela.pt\/api\/wp\/v2\/users\/2"}],"replies":[{"embeddable":true,"href":"https:\/\/portaltela.pt\/api\/wp\/v2\/comments?post=192967"}],"version-history":[{"count":0,"href":"https:\/\/portaltela.pt\/api\/wp\/v2\/posts\/192967\/revisions"}],"wp:featuredmedia":[{"embeddable":true,"href":"https:\/\/portaltela.pt\/api\/wp\/v2\/media\/192970"}],"wp:attachment":[{"href":"https:\/\/portaltela.pt\/api\/wp\/v2\/media?parent=192967"}],"wp:term":[{"taxonomy":"category","embeddable":true,"href":"https:\/\/portaltela.pt\/api\/wp\/v2\/categories?post=192967"},{"taxonomy":"post_tag","embeddable":true,"href":"https:\/\/portaltela.pt\/api\/wp\/v2\/tags?post=192967"}],"curies":[{"name":"wp","href":"https:\/\/api.w.org\/{rel}","templated":true}]}}