{"id":192936,"date":"2026-02-03T04:30:00","date_gmt":"2026-02-03T07:30:00","guid":{"rendered":"https:\/\/portaltela.pt\/noticias\/2026\/02\/03\/xi-defende-mundo-multipolar-e-globalizacao-inclusiva-em-encontro-com-orsi\/"},"modified":"2026-02-03T04:30:00","modified_gmt":"2026-02-03T07:30:00","slug":"xi-defende-mundo-multipolar-e-globalizacao-inclusiva-em-encontro-com-orsi","status":"publish","type":"post","link":"https:\/\/portaltela.pt\/noticias\/2026\/02\/03\/xi-defende-mundo-multipolar-e-globalizacao-inclusiva-em-encontro-com-orsi\/","title":{"rendered":"Xi defende mundo multipolar e globaliza\u00e7\u00e3o inclusiva em encontro com Orsi"},"content":{"rendered":"<p>O Presidente chin\u00eas, Xi Jinping, defendeu um mundo multipolar e uma globaliza\u00e7\u00e3o econ\u00f3mica inclusiva durante um encontro com o presidente uruguaio, Yamand\u00fa Orsi, no Grande Pal\u00e1cio do Povo, em Pequim. O objetivo \u00e9 promover coopera\u00e7\u00e3o, equil\u00edbrio e beneficio comum entre na\u00e7\u00f5es em desenvolvimento.<\/p>\n<p>Xi reiterou a import\u00e2ncia das rela\u00e7\u00f5es entre a China e a Am\u00e9rica Latina, afirmando apoio aos interesses de soberania, seguran\u00e7a e desenvolvimento dos pa\u00edses da regi\u00e3o. O discurso insere-se num contexto de tens\u00f5es internacionais, com maior pr\u00e1tica unilateral.<\/p>\n<p>O l\u00edder chin\u00eas mostrou disposi\u00e7\u00e3o para aprofundar a parceria estrat\u00e9gica integral com o Uruguai, ampliando coopera\u00e7\u00e3o em com\u00e9rcio, agricultura, infraestruturas, finan\u00e7as e tecnologias de informa\u00e7\u00e3o. Foram sinalizadas oportunidades em economia verde e digital.<\/p>\n<h3>Contexto regional<\/h3>\n<p>Orsi destacou o avan\u00e7o da China nas \u00faltimas d\u00e9cadas e disse que o relacionamento bilateral atravessa o seu melhor momento hist\u00f3rico. O presidente uruguaio refor\u00e7ou o apoio ao princ\u00edpio de Uma S\u00f3 China.<\/p>\n<p>O uruguaio apontou desejo de ampliar coopera\u00e7\u00e3o em \u00e1reas econ\u00f3micas, cient\u00edficas e tecnol\u00f3gicas, reiterando o apoio a pol\u00edticas de integra\u00e7\u00e3o regional e ao princ\u00edpio de Uma S\u00f3 China.<\/p>\n<p>Ap\u00f3s o encontro, assinaram-se mais de uma d\u00fazia de acordos e emitiram uma declara\u00e7\u00e3o conjunta para aprofundar a parceria estrat\u00e9gica integral, no marco do 38.\u00ba anivers\u00e1rio das rela\u00e7\u00f5es diplom\u00e1ticas.<\/p>\n<h3>Agenda futura<\/h3>\n<p>A China \u00e9 o principal parceiro comercial do Uruguai h\u00e1 mais de uma d\u00e9cada, respondendo por cerca de 26% das exporta\u00e7\u00f5es, sobretudo agroind\u00fastria. Orsi segue viagem a Xangai para compromissos econ\u00f3micos e comerciais.<\/p>\n<p>Al\u00e9m de Li Qiang, primeiro-ministro chin\u00eas, o presidente uruguaio reunir\u00e1-se com Zhao Leji, presidente da Assembleia Nacional Popular, antes de retornar.<\/p>\n","protected":false},"excerpt":{"rendered":"<ul>\n<li>Xi Jinping defendeu um mundo multipolar e uma globaliza\u00e7\u00e3o econ\u00f3mica inclusiva durante o encontro com o presidente uruguaio Yamand\u00fa Orsi no Grande Pal\u00e1cio do Povo, em Pequim.<\/li>\n<li>A China reiterou a import\u00e2ncia das rela\u00e7\u00f5es com a Am\u00e9rica Latina e o apoio aos pa\u00edses da regi\u00e3o na defesa dos seus interesses de soberania, seguran\u00e7a e desenvolvimento.<\/li>\n<li>O l\u00edder chin\u00eas pediu o aprofundamento da parceria estrat\u00e9gica integral com o Uruguai, com maior coopera\u00e7\u00e3o em com\u00e9rcio, agricultura, infraestruturas, finan\u00e7as e tecnologias de informa\u00e7\u00e3o.<\/li>\n<li>Foram assinados mais de uma dezena de acordos e publicada uma declara\u00e7\u00e3o conjunta para refor\u00e7ar a parceria, coincidindo com o 38.\u00ba anivers\u00e1rio das rela\u00e7\u00f5es diplom\u00e1ticas.<\/li>\n<li>Orsi destacou o momento hist\u00f3rico da rela\u00e7\u00e3o e mostrou disposi\u00e7\u00e3o para ampliar a coopera\u00e7\u00e3o econ\u00f3mica, cient\u00edfica e tecnol\u00f3gica; a China representa cerca de 26% das exporta\u00e7\u00f5es uruguaias, sendo o principal parceiro comercial do pa\u00eds.<\/li>\n<\/ul>\n","protected":false},"author":2,"featured_media":192937,"comment_status":"closed","ping_status":"closed","sticky":false,"template":"","format":"standard","meta":{"footnotes":""},"categories":[1],"tags":[179,3368,256,4060,5218,27],"class_list":["post-192936","post","type-post","status-publish","format-standard","has-post-thumbnail","hentry","category-noticias","tag-agricultura","tag-comercio-internacional","tag-cooperacao-internacional","tag-economia-digital","tag-economia-verde","tag-relacoes-internacionais"],"yoast_head":"<!-- This site is optimized with the Yoast SEO plugin v27.2 - https:\/\/yoast.com\/product\/yoast-seo-wordpress\/ -->\n<title>Xi defende mundo multipolar e globaliza\u00e7\u00e3o inclusiva em encontro com Orsi - Portal Tela Portugal<\/title>\n<meta name=\"robots\" content=\"index, follow, max-snippet:-1, max-image-preview:large, max-video-preview:-1\" \/>\n<meta property=\"og:locale\" content=\"pt_PT\" \/>\n<meta property=\"og:type\" content=\"article\" \/>\n<meta property=\"og:title\" content=\"Xi defende mundo multipolar e globaliza\u00e7\u00e3o inclusiva em encontro com Orsi - Portal Tela Portugal\" \/>\n<meta property=\"og:description\" content=\"Xi Jinping defendeu um mundo multipolar e uma globaliza\u00e7\u00e3o econ\u00f3mica inclusiva durante o encontro com o presidente uruguaio Yamand\u00fa Orsi no Grande Pal\u00e1cio do Povo, em Pequim. A China reiterou a import\u00e2ncia das rela\u00e7\u00f5es com a Am\u00e9rica Latina e o apoio aos pa\u00edses da regi\u00e3o na defesa dos seus interesses de soberania, seguran\u00e7a e desenvolvimento. O l\u00edder chin\u00eas pediu o aprofundamento da parceria estrat\u00e9gica integral com o Uruguai, com maior coopera\u00e7\u00e3o em com\u00e9rcio, agricultura, infraestruturas, finan\u00e7as e tecnologias de informa\u00e7\u00e3o. Foram assinados mais de uma dezena de acordos e publicada uma declara\u00e7\u00e3o conjunta para refor\u00e7ar a parceria, coincidindo com o 38.\u00ba anivers\u00e1rio das rela\u00e7\u00f5es diplom\u00e1ticas. Orsi destacou o momento hist\u00f3rico da rela\u00e7\u00e3o e mostrou disposi\u00e7\u00e3o para ampliar a coopera\u00e7\u00e3o econ\u00f3mica, cient\u00edfica e tecnol\u00f3gica; a China representa cerca de 26% das exporta\u00e7\u00f5es uruguaias, sendo o principal parceiro comercial do pa\u00eds.\" \/>\n<meta property=\"og:url\" content=\"https:\/\/portaltela.pt\/noticias\/2026\/02\/03\/xi-defende-mundo-multipolar-e-globalizacao-inclusiva-em-encontro-com-orsi\/\" \/>\n<meta property=\"og:site_name\" content=\"Portal Tela Portugal\" \/>\n<meta property=\"article:published_time\" content=\"2026-02-03T07:30:00+00:00\" \/>\n<meta name=\"author\" content=\"Telinha\" \/>\n<meta name=\"twitter:card\" content=\"summary_large_image\" \/>\n<meta name=\"twitter:label1\" content=\"Escrito por\" \/>\n\t<meta name=\"twitter:data1\" content=\"Telinha\" \/>\n\t<meta name=\"twitter:label2\" content=\"Tempo estimado de leitura\" \/>\n\t<meta name=\"twitter:data2\" content=\"2 minutos\" \/>\n<script type=\"application\/ld+json\" class=\"yoast-schema-graph\">{\"@context\":\"https:\/\/schema.org\",\"@graph\":[{\"@type\":\"Article\",\"@id\":\"https:\/\/portaltela.pt\/noticias\/2026\/02\/03\/xi-defende-mundo-multipolar-e-globalizacao-inclusiva-em-encontro-com-orsi\/#article\",\"isPartOf\":{\"@id\":\"https:\/\/portaltela.pt\/noticias\/2026\/02\/03\/xi-defende-mundo-multipolar-e-globalizacao-inclusiva-em-encontro-com-orsi\/\"},\"author\":{\"name\":\"Telinha\",\"@id\":\"https:\/\/portaltela.pt\/#\/schema\/person\/c4278d4a6028830caff9ee44b42d32ed\"},\"headline\":\"Xi defende mundo multipolar e globaliza\u00e7\u00e3o inclusiva em encontro com Orsi\",\"datePublished\":\"2026-02-03T07:30:00+00:00\",\"mainEntityOfPage\":{\"@id\":\"https:\/\/portaltela.pt\/noticias\/2026\/02\/03\/xi-defende-mundo-multipolar-e-globalizacao-inclusiva-em-encontro-com-orsi\/\"},\"wordCount\":319,\"image\":{\"@id\":\"https:\/\/portaltela.pt\/noticias\/2026\/02\/03\/xi-defende-mundo-multipolar-e-globalizacao-inclusiva-em-encontro-com-orsi\/#primaryimage\"},\"thumbnailUrl\":\"https:\/\/portaltela.pt\/s.01k8rhncp4jt1\/2026\/02\/unnamed-file-684.jpg\",\"keywords\":[\"agricultura\",\"com\u00e9rcio internacional\",\"coopera\u00e7\u00e3o internacional\",\"Economia Digital\",\"economia verde\",\"rela\u00e7\u00f5es internacionais\"],\"articleSection\":[\"Not\u00edcias\"],\"inLanguage\":\"pt-PT\"},{\"@type\":\"WebPage\",\"@id\":\"https:\/\/portaltela.pt\/noticias\/2026\/02\/03\/xi-defende-mundo-multipolar-e-globalizacao-inclusiva-em-encontro-com-orsi\/\",\"url\":\"https:\/\/portaltela.pt\/noticias\/2026\/02\/03\/xi-defende-mundo-multipolar-e-globalizacao-inclusiva-em-encontro-com-orsi\/\",\"name\":\"Xi defende mundo multipolar e globaliza\u00e7\u00e3o inclusiva em encontro com Orsi - Portal Tela Portugal\",\"isPartOf\":{\"@id\":\"https:\/\/portaltela.pt\/#website\"},\"primaryImageOfPage\":{\"@id\":\"https:\/\/portaltela.pt\/noticias\/2026\/02\/03\/xi-defende-mundo-multipolar-e-globalizacao-inclusiva-em-encontro-com-orsi\/#primaryimage\"},\"image\":{\"@id\":\"https:\/\/portaltela.pt\/noticias\/2026\/02\/03\/xi-defende-mundo-multipolar-e-globalizacao-inclusiva-em-encontro-com-orsi\/#primaryimage\"},\"thumbnailUrl\":\"https:\/\/portaltela.pt\/s.01k8rhncp4jt1\/2026\/02\/unnamed-file-684.jpg\",\"datePublished\":\"2026-02-03T07:30:00+00:00\",\"author\":{\"@id\":\"https:\/\/portaltela.pt\/#\/schema\/person\/c4278d4a6028830caff9ee44b42d32ed\"},\"breadcrumb\":{\"@id\":\"https:\/\/portaltela.pt\/noticias\/2026\/02\/03\/xi-defende-mundo-multipolar-e-globalizacao-inclusiva-em-encontro-com-orsi\/#breadcrumb\"},\"inLanguage\":\"pt-PT\",\"potentialAction\":[{\"@type\":\"ReadAction\",\"target\":[\"https:\/\/portaltela.pt\/noticias\/2026\/02\/03\/xi-defende-mundo-multipolar-e-globalizacao-inclusiva-em-encontro-com-orsi\/\"]}]},{\"@type\":\"ImageObject\",\"inLanguage\":\"pt-PT\",\"@id\":\"https:\/\/portaltela.pt\/noticias\/2026\/02\/03\/xi-defende-mundo-multipolar-e-globalizacao-inclusiva-em-encontro-com-orsi\/#primaryimage\",\"url\":\"https:\/\/portaltela.pt\/s.01k8rhncp4jt1\/2026\/02\/unnamed-file-684.jpg\",\"contentUrl\":\"https:\/\/portaltela.pt\/s.01k8rhncp4jt1\/2026\/02\/unnamed-file-684.jpg\",\"width\":796,\"height\":448,\"caption\":\"Xi defende mundo multipolar e globaliza\u00e7\u00e3o inclusiva em encontro com Orsi\"},{\"@type\":\"BreadcrumbList\",\"@id\":\"https:\/\/portaltela.pt\/noticias\/2026\/02\/03\/xi-defende-mundo-multipolar-e-globalizacao-inclusiva-em-encontro-com-orsi\/#breadcrumb\",\"itemListElement\":[{\"@type\":\"ListItem\",\"position\":1,\"name\":\"In\u00edcio\",\"item\":\"https:\/\/portaltela.pt\/\"},{\"@type\":\"ListItem\",\"position\":2,\"name\":\"Xi defende mundo multipolar e globaliza\u00e7\u00e3o inclusiva em encontro com Orsi\"}]},{\"@type\":\"WebSite\",\"@id\":\"https:\/\/portaltela.pt\/#website\",\"url\":\"https:\/\/portaltela.pt\/\",\"name\":\"Portal Tela Portugal\",\"description\":\"\",\"potentialAction\":[{\"@type\":\"SearchAction\",\"target\":{\"@type\":\"EntryPoint\",\"urlTemplate\":\"https:\/\/portaltela.pt\/?s={search_term_string}\"},\"query-input\":{\"@type\":\"PropertyValueSpecification\",\"valueRequired\":true,\"valueName\":\"search_term_string\"}}],\"inLanguage\":\"pt-PT\"},{\"@type\":\"Person\",\"@id\":\"https:\/\/portaltela.pt\/#\/schema\/person\/c4278d4a6028830caff9ee44b42d32ed\",\"name\":\"Telinha\",\"image\":{\"@type\":\"ImageObject\",\"inLanguage\":\"pt-PT\",\"@id\":\"https:\/\/portaltela.pt\/s.01k8rhncp4jt1\/2025\/11\/talking-bot-125x125.png\",\"url\":\"https:\/\/portaltela.pt\/s.01k8rhncp4jt1\/2025\/11\/talking-bot-125x125.png\",\"contentUrl\":\"https:\/\/portaltela.pt\/s.01k8rhncp4jt1\/2025\/11\/talking-bot-125x125.png\",\"caption\":\"Telinha\"},\"sameAs\":[\"https:\/\/portaltela.pt\/\"],\"url\":\"https:\/\/portaltela.pt\/por\/367410592786\/\"}]}<\/script>\n<!-- \/ Yoast SEO plugin. -->","yoast_head_json":{"title":"Xi defende mundo multipolar e globaliza\u00e7\u00e3o inclusiva em encontro com Orsi - Portal Tela Portugal","robots":{"index":"index","follow":"follow","max-snippet":"max-snippet:-1","max-image-preview":"max-image-preview:large","max-video-preview":"max-video-preview:-1"},"og_locale":"pt_PT","og_type":"article","og_title":"Xi defende mundo multipolar e globaliza\u00e7\u00e3o inclusiva em encontro com Orsi - Portal Tela Portugal","og_description":"Xi Jinping defendeu um mundo multipolar e uma globaliza\u00e7\u00e3o econ\u00f3mica inclusiva durante o encontro com o presidente uruguaio Yamand\u00fa Orsi no Grande Pal\u00e1cio do Povo, em Pequim. A China reiterou a import\u00e2ncia das rela\u00e7\u00f5es com a Am\u00e9rica Latina e o apoio aos pa\u00edses da regi\u00e3o na defesa dos seus interesses de soberania, seguran\u00e7a e desenvolvimento. O l\u00edder chin\u00eas pediu o aprofundamento da parceria estrat\u00e9gica integral com o Uruguai, com maior coopera\u00e7\u00e3o em com\u00e9rcio, agricultura, infraestruturas, finan\u00e7as e tecnologias de informa\u00e7\u00e3o. Foram assinados mais de uma dezena de acordos e publicada uma declara\u00e7\u00e3o conjunta para refor\u00e7ar a parceria, coincidindo com o 38.\u00ba anivers\u00e1rio das rela\u00e7\u00f5es diplom\u00e1ticas. Orsi destacou o momento hist\u00f3rico da rela\u00e7\u00e3o e mostrou disposi\u00e7\u00e3o para ampliar a coopera\u00e7\u00e3o econ\u00f3mica, cient\u00edfica e tecnol\u00f3gica; a China representa cerca de 26% das exporta\u00e7\u00f5es uruguaias, sendo o principal parceiro comercial do pa\u00eds.","og_url":"https:\/\/portaltela.pt\/noticias\/2026\/02\/03\/xi-defende-mundo-multipolar-e-globalizacao-inclusiva-em-encontro-com-orsi\/","og_site_name":"Portal Tela Portugal","article_published_time":"2026-02-03T07:30:00+00:00","author":"Telinha","twitter_card":"summary_large_image","twitter_misc":{"Escrito por":"Telinha","Tempo estimado de leitura":"2 minutos"},"schema":{"@context":"https:\/\/schema.org","@graph":[{"@type":"Article","@id":"https:\/\/portaltela.pt\/noticias\/2026\/02\/03\/xi-defende-mundo-multipolar-e-globalizacao-inclusiva-em-encontro-com-orsi\/#article","isPartOf":{"@id":"https:\/\/portaltela.pt\/noticias\/2026\/02\/03\/xi-defende-mundo-multipolar-e-globalizacao-inclusiva-em-encontro-com-orsi\/"},"author":{"name":"Telinha","@id":"https:\/\/portaltela.pt\/#\/schema\/person\/c4278d4a6028830caff9ee44b42d32ed"},"headline":"Xi defende mundo multipolar e globaliza\u00e7\u00e3o inclusiva em encontro com Orsi","datePublished":"2026-02-03T07:30:00+00:00","mainEntityOfPage":{"@id":"https:\/\/portaltela.pt\/noticias\/2026\/02\/03\/xi-defende-mundo-multipolar-e-globalizacao-inclusiva-em-encontro-com-orsi\/"},"wordCount":319,"image":{"@id":"https:\/\/portaltela.pt\/noticias\/2026\/02\/03\/xi-defende-mundo-multipolar-e-globalizacao-inclusiva-em-encontro-com-orsi\/#primaryimage"},"thumbnailUrl":"https:\/\/portaltela.pt\/s.01k8rhncp4jt1\/2026\/02\/unnamed-file-684.jpg","keywords":["agricultura","com\u00e9rcio internacional","coopera\u00e7\u00e3o internacional","Economia Digital","economia verde","rela\u00e7\u00f5es internacionais"],"articleSection":["Not\u00edcias"],"inLanguage":"pt-PT"},{"@type":"WebPage","@id":"https:\/\/portaltela.pt\/noticias\/2026\/02\/03\/xi-defende-mundo-multipolar-e-globalizacao-inclusiva-em-encontro-com-orsi\/","url":"https:\/\/portaltela.pt\/noticias\/2026\/02\/03\/xi-defende-mundo-multipolar-e-globalizacao-inclusiva-em-encontro-com-orsi\/","name":"Xi defende mundo multipolar e globaliza\u00e7\u00e3o inclusiva em encontro com Orsi - Portal Tela Portugal","isPartOf":{"@id":"https:\/\/portaltela.pt\/#website"},"primaryImageOfPage":{"@id":"https:\/\/portaltela.pt\/noticias\/2026\/02\/03\/xi-defende-mundo-multipolar-e-globalizacao-inclusiva-em-encontro-com-orsi\/#primaryimage"},"image":{"@id":"https:\/\/portaltela.pt\/noticias\/2026\/02\/03\/xi-defende-mundo-multipolar-e-globalizacao-inclusiva-em-encontro-com-orsi\/#primaryimage"},"thumbnailUrl":"https:\/\/portaltela.pt\/s.01k8rhncp4jt1\/2026\/02\/unnamed-file-684.jpg","datePublished":"2026-02-03T07:30:00+00:00","author":{"@id":"https:\/\/portaltela.pt\/#\/schema\/person\/c4278d4a6028830caff9ee44b42d32ed"},"breadcrumb":{"@id":"https:\/\/portaltela.pt\/noticias\/2026\/02\/03\/xi-defende-mundo-multipolar-e-globalizacao-inclusiva-em-encontro-com-orsi\/#breadcrumb"},"inLanguage":"pt-PT","potentialAction":[{"@type":"ReadAction","target":["https:\/\/portaltela.pt\/noticias\/2026\/02\/03\/xi-defende-mundo-multipolar-e-globalizacao-inclusiva-em-encontro-com-orsi\/"]}]},{"@type":"ImageObject","inLanguage":"pt-PT","@id":"https:\/\/portaltela.pt\/noticias\/2026\/02\/03\/xi-defende-mundo-multipolar-e-globalizacao-inclusiva-em-encontro-com-orsi\/#primaryimage","url":"https:\/\/portaltela.pt\/s.01k8rhncp4jt1\/2026\/02\/unnamed-file-684.jpg","contentUrl":"https:\/\/portaltela.pt\/s.01k8rhncp4jt1\/2026\/02\/unnamed-file-684.jpg","width":796,"height":448,"caption":"Xi defende mundo multipolar e globaliza\u00e7\u00e3o inclusiva em encontro com Orsi"},{"@type":"BreadcrumbList","@id":"https:\/\/portaltela.pt\/noticias\/2026\/02\/03\/xi-defende-mundo-multipolar-e-globalizacao-inclusiva-em-encontro-com-orsi\/#breadcrumb","itemListElement":[{"@type":"ListItem","position":1,"name":"In\u00edcio","item":"https:\/\/portaltela.pt\/"},{"@type":"ListItem","position":2,"name":"Xi defende mundo multipolar e globaliza\u00e7\u00e3o inclusiva em encontro com Orsi"}]},{"@type":"WebSite","@id":"https:\/\/portaltela.pt\/#website","url":"https:\/\/portaltela.pt\/","name":"Portal Tela Portugal","description":"","potentialAction":[{"@type":"SearchAction","target":{"@type":"EntryPoint","urlTemplate":"https:\/\/portaltela.pt\/?s={search_term_string}"},"query-input":{"@type":"PropertyValueSpecification","valueRequired":true,"valueName":"search_term_string"}}],"inLanguage":"pt-PT"},{"@type":"Person","@id":"https:\/\/portaltela.pt\/#\/schema\/person\/c4278d4a6028830caff9ee44b42d32ed","name":"Telinha","image":{"@type":"ImageObject","inLanguage":"pt-PT","@id":"https:\/\/portaltela.pt\/s.01k8rhncp4jt1\/2025\/11\/talking-bot-125x125.png","url":"https:\/\/portaltela.pt\/s.01k8rhncp4jt1\/2025\/11\/talking-bot-125x125.png","contentUrl":"https:\/\/portaltela.pt\/s.01k8rhncp4jt1\/2025\/11\/talking-bot-125x125.png","caption":"Telinha"},"sameAs":["https:\/\/portaltela.pt\/"],"url":"https:\/\/portaltela.pt\/por\/367410592786\/"}]}},"_links":{"self":[{"href":"https:\/\/portaltela.pt\/api\/wp\/v2\/posts\/192936","targetHints":{"allow":["GET"]}}],"collection":[{"href":"https:\/\/portaltela.pt\/api\/wp\/v2\/posts"}],"about":[{"href":"https:\/\/portaltela.pt\/api\/wp\/v2\/types\/post"}],"author":[{"embeddable":true,"href":"https:\/\/portaltela.pt\/api\/wp\/v2\/users\/2"}],"replies":[{"embeddable":true,"href":"https:\/\/portaltela.pt\/api\/wp\/v2\/comments?post=192936"}],"version-history":[{"count":0,"href":"https:\/\/portaltela.pt\/api\/wp\/v2\/posts\/192936\/revisions"}],"wp:featuredmedia":[{"embeddable":true,"href":"https:\/\/portaltela.pt\/api\/wp\/v2\/media\/192937"}],"wp:attachment":[{"href":"https:\/\/portaltela.pt\/api\/wp\/v2\/media?parent=192936"}],"wp:term":[{"taxonomy":"category","embeddable":true,"href":"https:\/\/portaltela.pt\/api\/wp\/v2\/categories?post=192936"},{"taxonomy":"post_tag","embeddable":true,"href":"https:\/\/portaltela.pt\/api\/wp\/v2\/tags?post=192936"}],"curies":[{"name":"wp","href":"https:\/\/api.w.org\/{rel}","templated":true}]}}