{"id":192853,"date":"2026-02-03T04:07:00","date_gmt":"2026-02-03T07:07:00","guid":{"rendered":"https:\/\/portaltela.pt\/noticias\/2026\/02\/03\/parlamento-discute-voto-de-protesto-contra-venda-do-hospital\/"},"modified":"2026-02-03T04:07:00","modified_gmt":"2026-02-03T07:07:00","slug":"parlamento-discute-voto-de-protesto-contra-venda-do-hospital","status":"publish","type":"post","link":"https:\/\/portaltela.pt\/noticias\/politica\/2026\/02\/03\/parlamento-discute-voto-de-protesto-contra-venda-do-hospital\/","title":{"rendered":"Parlamento discute voto de protesto contra venda do hospital"},"content":{"rendered":"<p>A Assembleia Legislativa da Madeira (ALRAM) discute, na sess\u00e3o de ter\u00e7a-feira, 3 de Fevereiro, um voto de protesto apresentado pelo Juntos Pelo Povo (JPP) contra qualquer venda ou aliena\u00e7\u00e3o do Hospital Dr. N\u00e9lio Mendon\u00e7a. A pe\u00e7a parlamentar defende que a unidade permane\u00e7a como patrim\u00f3nio p\u00fablico da Regi\u00e3o Aut\u00f3noma da Madeira.<\/p>\n<p>O texto do JPP sustenta que o hospital tem valor social relevante e n\u00e3o deve ser alienado sem debate pr\u00e9vio s\u00e9rio, ponderado, esclarecedor e transparente. A forma\u00e7\u00e3o advers\u00e1ria pretende esclarecer a gest\u00e3o futura do hospital e o enquadramento legal aplic\u00e1vel.<\/p>\n<p>O voto de protesto, assinado pelo maior partido da oposi\u00e7\u00e3o na regi\u00e3o, entra na ordem de trabalhos da pr\u00f3xima sess\u00e3o plen\u00e1ria. O foco ser\u00e1 a gest\u00e3o do hospital e o cumprimento de normas legais regionais e nacionais sobre patrim\u00f3nio imobili\u00e1rio p\u00fablico.<\/p>\n<h3>Agenda de hoje na Madeira<\/h3>\n<ul>\n<li>11h00: Reuni\u00f5es da 4\u00aa Comiss\u00e3o Especializada Permanente de Habita\u00e7\u00e3o, Energia e Infraestruturas; e da 2\u00aa Comiss\u00e3o Especializada Permanente de Economia e Mar.<\/li>\n<li>11h30: Visita da secret\u00e1ria regional de Sa\u00fade ao Centro de Rastreios da RAM, com apresenta\u00e7\u00e3o do novo site da institui\u00e7\u00e3o.<\/li>\n<li>16h00: Visita do Presidente do Governo \u00e0 obra do PRR Habita\u00e7\u00e3o na Quinta Josefina, Santo Ant\u00f3nio, Funchal.<\/li>\n<li>18h00: Confer\u00eancia de imprensa do SP Madeira, ao final da reuni\u00e3o com a Secret\u00e1ria Regional de Educa\u00e7\u00e3o.<\/li>\n<\/ul>\n","protected":false},"excerpt":{"rendered":"<ul>\n<li>A Assembleia Legislativa da Madeira discute, na ter\u00e7a-feira, um voto de protesto do Juntos Pelo Povo contra qualquer venda ou aliena\u00e7\u00e3o do Hospital Dr. N\u00e9lio Mendon\u00e7a.<\/li>\n<li>O objetivo \u00e9 manter o hospital como patrim\u00f3nio p\u00fablico da Regi\u00e3o Aut\u00f3noma da Madeira.<\/li>\n<li>O debate est\u00e1 previsto para a sess\u00e3o plen\u00e1ria de 3 de Fevereiro, com foco na gest\u00e3o futura do hospital e nas normas legais aplic\u00e1veis ao patrim\u00f3nio p\u00fablico.<\/li>\n<li>O JPP afirma que vai usar todos os instrumentos legais para impedir a venda a privados, citando Decreto Legislativo Regional n.\u00ba 24\/2017\/M e Decreto-Lei n.\u00ba 280\/2007.<\/li>\n<li>O voto de protesto entra na ordem de trabalhos, conforme agenda divulgada pela ALRAM.<\/li>\n<\/ul>\n","protected":false},"author":2,"featured_media":192856,"comment_status":"closed","ping_status":"closed","sticky":false,"template":"","format":"standard","meta":{"footnotes":""},"categories":[1,5],"tags":[2581,4669,859,3767,4489,2832],"class_list":["post-192853","post","type-post","status-publish","format-standard","has-post-thumbnail","hentry","category-noticias","category-politica","tag-hospitais","tag-jpp","tag-madeira","tag-oposicao","tag-patrimonio-publico","tag-politica"],"yoast_head":"<!-- This site is optimized with the Yoast SEO plugin v27.2 - https:\/\/yoast.com\/product\/yoast-seo-wordpress\/ -->\n<title>Parlamento discute voto de protesto contra venda do hospital - Portal Tela Portugal<\/title>\n<meta name=\"robots\" content=\"index, follow, max-snippet:-1, max-image-preview:large, max-video-preview:-1\" \/>\n<meta property=\"og:locale\" content=\"pt_PT\" \/>\n<meta property=\"og:type\" content=\"article\" \/>\n<meta property=\"og:title\" content=\"Parlamento discute voto de protesto contra venda do hospital - Portal Tela Portugal\" \/>\n<meta property=\"og:description\" content=\"A Assembleia Legislativa da Madeira discute, na ter\u00e7a-feira, um voto de protesto do Juntos Pelo Povo contra qualquer venda ou aliena\u00e7\u00e3o do Hospital Dr. N\u00e9lio Mendon\u00e7a. O objetivo \u00e9 manter o hospital como patrim\u00f3nio p\u00fablico da Regi\u00e3o Aut\u00f3noma da Madeira. O debate est\u00e1 previsto para a sess\u00e3o plen\u00e1ria de 3 de Fevereiro, com foco na gest\u00e3o futura do hospital e nas normas legais aplic\u00e1veis ao patrim\u00f3nio p\u00fablico. O JPP afirma que vai usar todos os instrumentos legais para impedir a venda a privados, citando Decreto Legislativo Regional n.\u00ba 24\/2017\/M e Decreto-Lei n.\u00ba 280\/2007. O voto de protesto entra na ordem de trabalhos, conforme agenda divulgada pela ALRAM.\" \/>\n<meta property=\"og:url\" content=\"https:\/\/portaltela.pt\/noticias\/2026\/02\/03\/parlamento-discute-voto-de-protesto-contra-venda-do-hospital\/\" \/>\n<meta property=\"og:site_name\" content=\"Portal Tela Portugal\" \/>\n<meta property=\"article:published_time\" content=\"2026-02-03T07:07:00+00:00\" \/>\n<meta name=\"author\" content=\"Telinha\" \/>\n<meta name=\"twitter:card\" content=\"summary_large_image\" \/>\n<meta name=\"twitter:label1\" content=\"Escrito por\" \/>\n\t<meta name=\"twitter:data1\" content=\"Telinha\" \/>\n\t<meta name=\"twitter:label2\" content=\"Tempo estimado de leitura\" \/>\n\t<meta name=\"twitter:data2\" content=\"1 minuto\" \/>\n<script type=\"application\/ld+json\" class=\"yoast-schema-graph\">{\"@context\":\"https:\/\/schema.org\",\"@graph\":[{\"@type\":\"Article\",\"@id\":\"https:\/\/portaltela.pt\/noticias\/2026\/02\/03\/parlamento-discute-voto-de-protesto-contra-venda-do-hospital\/#article\",\"isPartOf\":{\"@id\":\"https:\/\/portaltela.pt\/noticias\/2026\/02\/03\/parlamento-discute-voto-de-protesto-contra-venda-do-hospital\/\"},\"author\":{\"name\":\"Telinha\",\"@id\":\"https:\/\/portaltela.pt\/#\/schema\/person\/c4278d4a6028830caff9ee44b42d32ed\"},\"headline\":\"Parlamento discute voto de protesto contra venda do hospital\",\"datePublished\":\"2026-02-03T07:07:00+00:00\",\"mainEntityOfPage\":{\"@id\":\"https:\/\/portaltela.pt\/noticias\/2026\/02\/03\/parlamento-discute-voto-de-protesto-contra-venda-do-hospital\/\"},\"wordCount\":258,\"image\":{\"@id\":\"https:\/\/portaltela.pt\/noticias\/2026\/02\/03\/parlamento-discute-voto-de-protesto-contra-venda-do-hospital\/#primaryimage\"},\"thumbnailUrl\":\"https:\/\/portaltela.pt\/s.01k8rhncp4jt1\/2026\/02\/unnamed-file-672.jpg\",\"keywords\":[\"hospitais\",\"JPP\",\"Madeira\",\"oposi\u00e7\u00e3o\",\"patrim\u00f3nio p\u00fablico\",\"pol\u00edtica\"],\"articleSection\":[\"Not\u00edcias\",\"Pol\u00edtica\"],\"inLanguage\":\"pt-PT\"},{\"@type\":\"WebPage\",\"@id\":\"https:\/\/portaltela.pt\/noticias\/2026\/02\/03\/parlamento-discute-voto-de-protesto-contra-venda-do-hospital\/\",\"url\":\"https:\/\/portaltela.pt\/noticias\/2026\/02\/03\/parlamento-discute-voto-de-protesto-contra-venda-do-hospital\/\",\"name\":\"Parlamento discute voto de protesto contra venda do hospital - Portal Tela Portugal\",\"isPartOf\":{\"@id\":\"https:\/\/portaltela.pt\/#website\"},\"primaryImageOfPage\":{\"@id\":\"https:\/\/portaltela.pt\/noticias\/2026\/02\/03\/parlamento-discute-voto-de-protesto-contra-venda-do-hospital\/#primaryimage\"},\"image\":{\"@id\":\"https:\/\/portaltela.pt\/noticias\/2026\/02\/03\/parlamento-discute-voto-de-protesto-contra-venda-do-hospital\/#primaryimage\"},\"thumbnailUrl\":\"https:\/\/portaltela.pt\/s.01k8rhncp4jt1\/2026\/02\/unnamed-file-672.jpg\",\"datePublished\":\"2026-02-03T07:07:00+00:00\",\"author\":{\"@id\":\"https:\/\/portaltela.pt\/#\/schema\/person\/c4278d4a6028830caff9ee44b42d32ed\"},\"breadcrumb\":{\"@id\":\"https:\/\/portaltela.pt\/noticias\/2026\/02\/03\/parlamento-discute-voto-de-protesto-contra-venda-do-hospital\/#breadcrumb\"},\"inLanguage\":\"pt-PT\",\"potentialAction\":[{\"@type\":\"ReadAction\",\"target\":[\"https:\/\/portaltela.pt\/noticias\/2026\/02\/03\/parlamento-discute-voto-de-protesto-contra-venda-do-hospital\/\"]}]},{\"@type\":\"ImageObject\",\"inLanguage\":\"pt-PT\",\"@id\":\"https:\/\/portaltela.pt\/noticias\/2026\/02\/03\/parlamento-discute-voto-de-protesto-contra-venda-do-hospital\/#primaryimage\",\"url\":\"https:\/\/portaltela.pt\/s.01k8rhncp4jt1\/2026\/02\/unnamed-file-672.jpg\",\"contentUrl\":\"https:\/\/portaltela.pt\/s.01k8rhncp4jt1\/2026\/02\/unnamed-file-672.jpg\",\"width\":796,\"height\":448,\"caption\":\"Parlamento discute de voto de protesto contra venda do Hospital\"},{\"@type\":\"BreadcrumbList\",\"@id\":\"https:\/\/portaltela.pt\/noticias\/2026\/02\/03\/parlamento-discute-voto-de-protesto-contra-venda-do-hospital\/#breadcrumb\",\"itemListElement\":[{\"@type\":\"ListItem\",\"position\":1,\"name\":\"In\u00edcio\",\"item\":\"https:\/\/portaltela.pt\/\"},{\"@type\":\"ListItem\",\"position\":2,\"name\":\"Parlamento discute voto de protesto contra venda do hospital\"}]},{\"@type\":\"WebSite\",\"@id\":\"https:\/\/portaltela.pt\/#website\",\"url\":\"https:\/\/portaltela.pt\/\",\"name\":\"Portal Tela Portugal\",\"description\":\"\",\"potentialAction\":[{\"@type\":\"SearchAction\",\"target\":{\"@type\":\"EntryPoint\",\"urlTemplate\":\"https:\/\/portaltela.pt\/?s={search_term_string}\"},\"query-input\":{\"@type\":\"PropertyValueSpecification\",\"valueRequired\":true,\"valueName\":\"search_term_string\"}}],\"inLanguage\":\"pt-PT\"},{\"@type\":\"Person\",\"@id\":\"https:\/\/portaltela.pt\/#\/schema\/person\/c4278d4a6028830caff9ee44b42d32ed\",\"name\":\"Telinha\",\"image\":{\"@type\":\"ImageObject\",\"inLanguage\":\"pt-PT\",\"@id\":\"https:\/\/portaltela.pt\/s.01k8rhncp4jt1\/2025\/11\/talking-bot-125x125.png\",\"url\":\"https:\/\/portaltela.pt\/s.01k8rhncp4jt1\/2025\/11\/talking-bot-125x125.png\",\"contentUrl\":\"https:\/\/portaltela.pt\/s.01k8rhncp4jt1\/2025\/11\/talking-bot-125x125.png\",\"caption\":\"Telinha\"},\"sameAs\":[\"https:\/\/portaltela.pt\/\"],\"url\":\"https:\/\/portaltela.pt\/por\/367410592786\/\"}]}<\/script>\n<!-- \/ Yoast SEO plugin. -->","yoast_head_json":{"title":"Parlamento discute voto de protesto contra venda do hospital - Portal Tela Portugal","robots":{"index":"index","follow":"follow","max-snippet":"max-snippet:-1","max-image-preview":"max-image-preview:large","max-video-preview":"max-video-preview:-1"},"og_locale":"pt_PT","og_type":"article","og_title":"Parlamento discute voto de protesto contra venda do hospital - Portal Tela Portugal","og_description":"A Assembleia Legislativa da Madeira discute, na ter\u00e7a-feira, um voto de protesto do Juntos Pelo Povo contra qualquer venda ou aliena\u00e7\u00e3o do Hospital Dr. N\u00e9lio Mendon\u00e7a. O objetivo \u00e9 manter o hospital como patrim\u00f3nio p\u00fablico da Regi\u00e3o Aut\u00f3noma da Madeira. O debate est\u00e1 previsto para a sess\u00e3o plen\u00e1ria de 3 de Fevereiro, com foco na gest\u00e3o futura do hospital e nas normas legais aplic\u00e1veis ao patrim\u00f3nio p\u00fablico. O JPP afirma que vai usar todos os instrumentos legais para impedir a venda a privados, citando Decreto Legislativo Regional n.\u00ba 24\/2017\/M e Decreto-Lei n.\u00ba 280\/2007. O voto de protesto entra na ordem de trabalhos, conforme agenda divulgada pela ALRAM.","og_url":"https:\/\/portaltela.pt\/noticias\/2026\/02\/03\/parlamento-discute-voto-de-protesto-contra-venda-do-hospital\/","og_site_name":"Portal Tela Portugal","article_published_time":"2026-02-03T07:07:00+00:00","author":"Telinha","twitter_card":"summary_large_image","twitter_misc":{"Escrito por":"Telinha","Tempo estimado de leitura":"1 minuto"},"schema":{"@context":"https:\/\/schema.org","@graph":[{"@type":"Article","@id":"https:\/\/portaltela.pt\/noticias\/2026\/02\/03\/parlamento-discute-voto-de-protesto-contra-venda-do-hospital\/#article","isPartOf":{"@id":"https:\/\/portaltela.pt\/noticias\/2026\/02\/03\/parlamento-discute-voto-de-protesto-contra-venda-do-hospital\/"},"author":{"name":"Telinha","@id":"https:\/\/portaltela.pt\/#\/schema\/person\/c4278d4a6028830caff9ee44b42d32ed"},"headline":"Parlamento discute voto de protesto contra venda do hospital","datePublished":"2026-02-03T07:07:00+00:00","mainEntityOfPage":{"@id":"https:\/\/portaltela.pt\/noticias\/2026\/02\/03\/parlamento-discute-voto-de-protesto-contra-venda-do-hospital\/"},"wordCount":258,"image":{"@id":"https:\/\/portaltela.pt\/noticias\/2026\/02\/03\/parlamento-discute-voto-de-protesto-contra-venda-do-hospital\/#primaryimage"},"thumbnailUrl":"https:\/\/portaltela.pt\/s.01k8rhncp4jt1\/2026\/02\/unnamed-file-672.jpg","keywords":["hospitais","JPP","Madeira","oposi\u00e7\u00e3o","patrim\u00f3nio p\u00fablico","pol\u00edtica"],"articleSection":["Not\u00edcias","Pol\u00edtica"],"inLanguage":"pt-PT"},{"@type":"WebPage","@id":"https:\/\/portaltela.pt\/noticias\/2026\/02\/03\/parlamento-discute-voto-de-protesto-contra-venda-do-hospital\/","url":"https:\/\/portaltela.pt\/noticias\/2026\/02\/03\/parlamento-discute-voto-de-protesto-contra-venda-do-hospital\/","name":"Parlamento discute voto de protesto contra venda do hospital - Portal Tela Portugal","isPartOf":{"@id":"https:\/\/portaltela.pt\/#website"},"primaryImageOfPage":{"@id":"https:\/\/portaltela.pt\/noticias\/2026\/02\/03\/parlamento-discute-voto-de-protesto-contra-venda-do-hospital\/#primaryimage"},"image":{"@id":"https:\/\/portaltela.pt\/noticias\/2026\/02\/03\/parlamento-discute-voto-de-protesto-contra-venda-do-hospital\/#primaryimage"},"thumbnailUrl":"https:\/\/portaltela.pt\/s.01k8rhncp4jt1\/2026\/02\/unnamed-file-672.jpg","datePublished":"2026-02-03T07:07:00+00:00","author":{"@id":"https:\/\/portaltela.pt\/#\/schema\/person\/c4278d4a6028830caff9ee44b42d32ed"},"breadcrumb":{"@id":"https:\/\/portaltela.pt\/noticias\/2026\/02\/03\/parlamento-discute-voto-de-protesto-contra-venda-do-hospital\/#breadcrumb"},"inLanguage":"pt-PT","potentialAction":[{"@type":"ReadAction","target":["https:\/\/portaltela.pt\/noticias\/2026\/02\/03\/parlamento-discute-voto-de-protesto-contra-venda-do-hospital\/"]}]},{"@type":"ImageObject","inLanguage":"pt-PT","@id":"https:\/\/portaltela.pt\/noticias\/2026\/02\/03\/parlamento-discute-voto-de-protesto-contra-venda-do-hospital\/#primaryimage","url":"https:\/\/portaltela.pt\/s.01k8rhncp4jt1\/2026\/02\/unnamed-file-672.jpg","contentUrl":"https:\/\/portaltela.pt\/s.01k8rhncp4jt1\/2026\/02\/unnamed-file-672.jpg","width":796,"height":448,"caption":"Parlamento discute de voto de protesto contra venda do Hospital"},{"@type":"BreadcrumbList","@id":"https:\/\/portaltela.pt\/noticias\/2026\/02\/03\/parlamento-discute-voto-de-protesto-contra-venda-do-hospital\/#breadcrumb","itemListElement":[{"@type":"ListItem","position":1,"name":"In\u00edcio","item":"https:\/\/portaltela.pt\/"},{"@type":"ListItem","position":2,"name":"Parlamento discute voto de protesto contra venda do hospital"}]},{"@type":"WebSite","@id":"https:\/\/portaltela.pt\/#website","url":"https:\/\/portaltela.pt\/","name":"Portal Tela Portugal","description":"","potentialAction":[{"@type":"SearchAction","target":{"@type":"EntryPoint","urlTemplate":"https:\/\/portaltela.pt\/?s={search_term_string}"},"query-input":{"@type":"PropertyValueSpecification","valueRequired":true,"valueName":"search_term_string"}}],"inLanguage":"pt-PT"},{"@type":"Person","@id":"https:\/\/portaltela.pt\/#\/schema\/person\/c4278d4a6028830caff9ee44b42d32ed","name":"Telinha","image":{"@type":"ImageObject","inLanguage":"pt-PT","@id":"https:\/\/portaltela.pt\/s.01k8rhncp4jt1\/2025\/11\/talking-bot-125x125.png","url":"https:\/\/portaltela.pt\/s.01k8rhncp4jt1\/2025\/11\/talking-bot-125x125.png","contentUrl":"https:\/\/portaltela.pt\/s.01k8rhncp4jt1\/2025\/11\/talking-bot-125x125.png","caption":"Telinha"},"sameAs":["https:\/\/portaltela.pt\/"],"url":"https:\/\/portaltela.pt\/por\/367410592786\/"}]}},"_links":{"self":[{"href":"https:\/\/portaltela.pt\/api\/wp\/v2\/posts\/192853","targetHints":{"allow":["GET"]}}],"collection":[{"href":"https:\/\/portaltela.pt\/api\/wp\/v2\/posts"}],"about":[{"href":"https:\/\/portaltela.pt\/api\/wp\/v2\/types\/post"}],"author":[{"embeddable":true,"href":"https:\/\/portaltela.pt\/api\/wp\/v2\/users\/2"}],"replies":[{"embeddable":true,"href":"https:\/\/portaltela.pt\/api\/wp\/v2\/comments?post=192853"}],"version-history":[{"count":0,"href":"https:\/\/portaltela.pt\/api\/wp\/v2\/posts\/192853\/revisions"}],"wp:featuredmedia":[{"embeddable":true,"href":"https:\/\/portaltela.pt\/api\/wp\/v2\/media\/192856"}],"wp:attachment":[{"href":"https:\/\/portaltela.pt\/api\/wp\/v2\/media?parent=192853"}],"wp:term":[{"taxonomy":"category","embeddable":true,"href":"https:\/\/portaltela.pt\/api\/wp\/v2\/categories?post=192853"},{"taxonomy":"post_tag","embeddable":true,"href":"https:\/\/portaltela.pt\/api\/wp\/v2\/tags?post=192853"}],"curies":[{"name":"wp","href":"https:\/\/api.w.org\/{rel}","templated":true}]}}