{"id":192840,"date":"2026-02-03T04:00:57","date_gmt":"2026-02-03T07:00:57","guid":{"rendered":"https:\/\/portaltela.pt\/noticias\/2026\/02\/03\/calendario-fiscal-2026-datas-importantes-para-as-empresas\/"},"modified":"2026-02-03T04:00:57","modified_gmt":"2026-02-03T07:00:57","slug":"calendario-fiscal-2026-datas-importantes-para-as-empresas","status":"publish","type":"post","link":"https:\/\/portaltela.pt\/noticias\/2026\/02\/03\/calendario-fiscal-2026-datas-importantes-para-as-empresas\/","title":{"rendered":"Calend\u00e1rio fiscal 2026: datas importantes para as empresas"},"content":{"rendered":"<p>A Pluxee Portugal, plataforma de benef\u00edcios extrassalariais, lan\u00e7ou o Calend\u00e1rio Fiscal 2026, um guia pr\u00e1tico para empresas e profissionais. O recurso re\u00fane as principais obriga\u00e7\u00f5es fiscais e contributivas de todos os meses do ano.<\/p>\n<p>O calend\u00e1rio est\u00e1 estruturado m\u00eas a m\u00eas, incluindo prazos de IVA, Imposto do Selo, IRS e IRC, bem como submiss\u00f5es de ficheiros obrigat\u00f3rios e pagamentos de impostos. A ideia \u00e9 facilitar a organiza\u00e7\u00e3o interna e evitar incumprimentos.<\/p>\n<p>Ao longo do documento, destacam-se datas-chave que ajudam a prever picos de carga administrativa e a distribuir recursos com maior efic\u00e1cia. O calend\u00e1rio visa tamb\u00e9m orientar empresas na conformidade fiscal, com informa\u00e7\u00f5es atualizadas e acess\u00edveis.<\/p>\n<h3>Principais obriga\u00e7\u00f5es fiscais a considerar em Fevereiro<\/h3>\n<p>At\u00e9 2 de fevereiro, entregar o Modelo 30 e comunicar invent\u00e1rios junto da Autoridade Tribut\u00e1ria. O mesmo prazo envolve rendimentos pagos a entidades n\u00e3o residentes e invent\u00e1rios do exerc\u00edcio anterior.<\/p>\n<p>At\u00e9 5 de Fevereiro, \u00e9 obrigat\u00f3rio submeter o ficheiro SAF-T de fatura\u00e7\u00e3o com dados do m\u00eas anterior, \u00e0 Autoridade Tribut\u00e1ria. Acresce a necessidade de manter a conformidade contabil\u00edstica mensal.<\/p>\n<p>At\u00e9 10 de Fevereiro, entregar a Declara\u00e7\u00e3o Mensal de Remunera\u00e7\u00f5es \u00e0 Autoridade Tribut\u00e1ria e \u00e0 Seguran\u00e7a Social. Inclui valores de remunera\u00e7\u00f5es pagas aos trabalhadores.<\/p>\n<p>At\u00e9 15 de Fevereiro, realizar a declara\u00e7\u00e3o Intrastat para movimentos de bens entre estados-membros da UE, quando aplic\u00e1vel. Mant\u00e9m-se o controlo de fluxos intracomunit\u00e1rios.<\/p>\n<p>At\u00e9 16 de Fevereiro, entregar o Modelo 11 e optar pelo IVA nas importa\u00e7\u00f5es. O Modelo 11 reporta rendimentos sujeitos a reten\u00e7\u00e3o e outros elementos fiscais relevantes.<\/p>\n<p>At\u00e9 16 de Fevereiro, optar pelo pagamento do IVA nas importa\u00e7\u00f5es na declara\u00e7\u00e3o peri\u00f3dica, em vez de no momento aduaneiro. A medida varia consoante o regime.<\/p>\n<p>At\u00e9 20 de Fevereiro, concluir a Declara\u00e7\u00e3o Peri\u00f3dica de IVA (regime mensal\/trimestral) e a Declara\u00e7\u00e3o Recapitulativa para opera\u00e7\u00f5es intracomunit\u00e1rias. Tamb\u00e9m se entregam a Declara\u00e7\u00e3o Mensal do Imposto do Selo e as reten\u00e7\u00f5es de IRS\/IRC.<\/p>\n<p>At\u00e9 23 de Fevereiro, o Banco de Portugal recebe a COPE para opera\u00e7\u00f5es econ\u00f3micas com o exterior. O requisito envolve comunica\u00e7\u00f5es financeiras internacionais.<\/p>\n<p>At\u00e9 25 de Fevereiro, efetuar o pagamento do IVA apurado e liquidar as contribui\u00e7\u00f5es para a Seguran\u00e7a Social relativas ao per\u00edodo anterior.<\/p>\n","protected":false},"excerpt":{"rendered":"<ul>\n<li>O Calend\u00e1rio Fiscal 2026 da Pluxee Portugal compila as principais obriga\u00e7\u00f5es mensais de IVA, IRS, IRC, Imposto do Selo e contribui\u00e7\u00f5es para a Seguran\u00e7a Social, com foco na organiza\u00e7\u00e3o e no planeamento de recursos.<\/li>\n<li>At\u00e9 2 de fevereiro: Modelo 30 e Comunica\u00e7\u00e3o de Invent\u00e1rios (rendimentos pagos a entidades n\u00e3o residentes e invent\u00e1rios do exerc\u00edcio anterior).<\/li>\n<li>At\u00e9 5 de fevereiro: envio do ficheiro SAF-T de fatura\u00e7\u00e3o \u00e0 Autoridade Tribut\u00e1ria.<\/li>\n<li>At\u00e9 20 de fevereiro: v\u00e1rias obriga\u00e7\u00f5es de IVA, Imposto do Selo, reten\u00e7\u00f5es na fonte, e a nova Declara\u00e7\u00e3o Mensal da Seguran\u00e7a Social.<\/li>\n<li>At\u00e9 23 de fevereiro: submiss\u00e3o da COPE ao Banco de Portugal; at\u00e9 25 de fevereiro: pagamento do IVA e das contribui\u00e7\u00f5es da Seguran\u00e7a Social.<\/li>\n<\/ul>\n","protected":false},"author":2,"featured_media":192848,"comment_status":"closed","ping_status":"closed","sticky":false,"template":"","format":"standard","meta":{"footnotes":""},"categories":[1],"tags":[28,2584,3436,3613,4485,243],"class_list":["post-192840","post","type-post","status-publish","format-standard","has-post-thumbnail","hentry","category-noticias","tag-economia","tag-financas","tag-imposto-sobre-consumo","tag-impostos","tag-irc","tag-seguranca-social"],"yoast_head":"<!-- This site is optimized with the Yoast SEO plugin v27.2 - https:\/\/yoast.com\/product\/yoast-seo-wordpress\/ -->\n<title>Calend\u00e1rio fiscal 2026: datas importantes para as empresas - Portal Tela Portugal<\/title>\n<meta name=\"robots\" content=\"index, follow, max-snippet:-1, max-image-preview:large, max-video-preview:-1\" \/>\n<meta property=\"og:locale\" content=\"pt_PT\" \/>\n<meta property=\"og:type\" content=\"article\" \/>\n<meta property=\"og:title\" content=\"Calend\u00e1rio fiscal 2026: datas importantes para as empresas - Portal Tela Portugal\" \/>\n<meta property=\"og:description\" content=\"O Calend\u00e1rio Fiscal 2026 da Pluxee Portugal compila as principais obriga\u00e7\u00f5es mensais de IVA, IRS, IRC, Imposto do Selo e contribui\u00e7\u00f5es para a Seguran\u00e7a Social, com foco na organiza\u00e7\u00e3o e no planeamento de recursos. At\u00e9 2 de fevereiro: Modelo 30 e Comunica\u00e7\u00e3o de Invent\u00e1rios (rendimentos pagos a entidades n\u00e3o residentes e invent\u00e1rios do exerc\u00edcio anterior). At\u00e9 5 de fevereiro: envio do ficheiro SAF-T de fatura\u00e7\u00e3o \u00e0 Autoridade Tribut\u00e1ria. At\u00e9 20 de fevereiro: v\u00e1rias obriga\u00e7\u00f5es de IVA, Imposto do Selo, reten\u00e7\u00f5es na fonte, e a nova Declara\u00e7\u00e3o Mensal da Seguran\u00e7a Social. At\u00e9 23 de fevereiro: submiss\u00e3o da COPE ao Banco de Portugal; at\u00e9 25 de fevereiro: pagamento do IVA e das contribui\u00e7\u00f5es da Seguran\u00e7a Social.\" \/>\n<meta property=\"og:url\" content=\"https:\/\/portaltela.pt\/noticias\/2026\/02\/03\/calendario-fiscal-2026-datas-importantes-para-as-empresas\/\" \/>\n<meta property=\"og:site_name\" content=\"Portal Tela Portugal\" \/>\n<meta property=\"article:published_time\" content=\"2026-02-03T07:00:57+00:00\" \/>\n<meta name=\"author\" content=\"Telinha\" \/>\n<meta name=\"twitter:card\" content=\"summary_large_image\" \/>\n<meta name=\"twitter:label1\" content=\"Escrito por\" \/>\n\t<meta name=\"twitter:data1\" content=\"Telinha\" \/>\n\t<meta name=\"twitter:label2\" content=\"Tempo estimado de leitura\" \/>\n\t<meta name=\"twitter:data2\" content=\"2 minutos\" \/>\n<script type=\"application\/ld+json\" class=\"yoast-schema-graph\">{\"@context\":\"https:\/\/schema.org\",\"@graph\":[{\"@type\":\"Article\",\"@id\":\"https:\/\/portaltela.pt\/noticias\/2026\/02\/03\/calendario-fiscal-2026-datas-importantes-para-as-empresas\/#article\",\"isPartOf\":{\"@id\":\"https:\/\/portaltela.pt\/noticias\/2026\/02\/03\/calendario-fiscal-2026-datas-importantes-para-as-empresas\/\"},\"author\":{\"name\":\"Telinha\",\"@id\":\"https:\/\/portaltela.pt\/#\/schema\/person\/c4278d4a6028830caff9ee44b42d32ed\"},\"headline\":\"Calend\u00e1rio fiscal 2026: datas importantes para as empresas\",\"datePublished\":\"2026-02-03T07:00:57+00:00\",\"mainEntityOfPage\":{\"@id\":\"https:\/\/portaltela.pt\/noticias\/2026\/02\/03\/calendario-fiscal-2026-datas-importantes-para-as-empresas\/\"},\"wordCount\":400,\"image\":{\"@id\":\"https:\/\/portaltela.pt\/noticias\/2026\/02\/03\/calendario-fiscal-2026-datas-importantes-para-as-empresas\/#primaryimage\"},\"thumbnailUrl\":\"https:\/\/portaltela.pt\/s.01k8rhncp4jt1\/2026\/02\/unnamed-file-670.jpg\",\"keywords\":[\"economia\",\"finan\u00e7as\",\"imposto sobre consumo\",\"impostos\",\"IRC\",\"seguran\u00e7a social\"],\"articleSection\":[\"Not\u00edcias\"],\"inLanguage\":\"pt-PT\"},{\"@type\":\"WebPage\",\"@id\":\"https:\/\/portaltela.pt\/noticias\/2026\/02\/03\/calendario-fiscal-2026-datas-importantes-para-as-empresas\/\",\"url\":\"https:\/\/portaltela.pt\/noticias\/2026\/02\/03\/calendario-fiscal-2026-datas-importantes-para-as-empresas\/\",\"name\":\"Calend\u00e1rio fiscal 2026: datas importantes para as empresas - Portal Tela Portugal\",\"isPartOf\":{\"@id\":\"https:\/\/portaltela.pt\/#website\"},\"primaryImageOfPage\":{\"@id\":\"https:\/\/portaltela.pt\/noticias\/2026\/02\/03\/calendario-fiscal-2026-datas-importantes-para-as-empresas\/#primaryimage\"},\"image\":{\"@id\":\"https:\/\/portaltela.pt\/noticias\/2026\/02\/03\/calendario-fiscal-2026-datas-importantes-para-as-empresas\/#primaryimage\"},\"thumbnailUrl\":\"https:\/\/portaltela.pt\/s.01k8rhncp4jt1\/2026\/02\/unnamed-file-670.jpg\",\"datePublished\":\"2026-02-03T07:00:57+00:00\",\"author\":{\"@id\":\"https:\/\/portaltela.pt\/#\/schema\/person\/c4278d4a6028830caff9ee44b42d32ed\"},\"breadcrumb\":{\"@id\":\"https:\/\/portaltela.pt\/noticias\/2026\/02\/03\/calendario-fiscal-2026-datas-importantes-para-as-empresas\/#breadcrumb\"},\"inLanguage\":\"pt-PT\",\"potentialAction\":[{\"@type\":\"ReadAction\",\"target\":[\"https:\/\/portaltela.pt\/noticias\/2026\/02\/03\/calendario-fiscal-2026-datas-importantes-para-as-empresas\/\"]}]},{\"@type\":\"ImageObject\",\"inLanguage\":\"pt-PT\",\"@id\":\"https:\/\/portaltela.pt\/noticias\/2026\/02\/03\/calendario-fiscal-2026-datas-importantes-para-as-empresas\/#primaryimage\",\"url\":\"https:\/\/portaltela.pt\/s.01k8rhncp4jt1\/2026\/02\/unnamed-file-670.jpg\",\"contentUrl\":\"https:\/\/portaltela.pt\/s.01k8rhncp4jt1\/2026\/02\/unnamed-file-670.jpg\",\"width\":796,\"height\":448,\"caption\":\"Calend\u00e1rio fiscal 2026: todas as datas que as empresas precisam de saber\"},{\"@type\":\"BreadcrumbList\",\"@id\":\"https:\/\/portaltela.pt\/noticias\/2026\/02\/03\/calendario-fiscal-2026-datas-importantes-para-as-empresas\/#breadcrumb\",\"itemListElement\":[{\"@type\":\"ListItem\",\"position\":1,\"name\":\"In\u00edcio\",\"item\":\"https:\/\/portaltela.pt\/\"},{\"@type\":\"ListItem\",\"position\":2,\"name\":\"Calend\u00e1rio fiscal 2026: datas importantes para as empresas\"}]},{\"@type\":\"WebSite\",\"@id\":\"https:\/\/portaltela.pt\/#website\",\"url\":\"https:\/\/portaltela.pt\/\",\"name\":\"Portal Tela Portugal\",\"description\":\"\",\"potentialAction\":[{\"@type\":\"SearchAction\",\"target\":{\"@type\":\"EntryPoint\",\"urlTemplate\":\"https:\/\/portaltela.pt\/?s={search_term_string}\"},\"query-input\":{\"@type\":\"PropertyValueSpecification\",\"valueRequired\":true,\"valueName\":\"search_term_string\"}}],\"inLanguage\":\"pt-PT\"},{\"@type\":\"Person\",\"@id\":\"https:\/\/portaltela.pt\/#\/schema\/person\/c4278d4a6028830caff9ee44b42d32ed\",\"name\":\"Telinha\",\"image\":{\"@type\":\"ImageObject\",\"inLanguage\":\"pt-PT\",\"@id\":\"https:\/\/portaltela.pt\/s.01k8rhncp4jt1\/2025\/11\/talking-bot-125x125.png\",\"url\":\"https:\/\/portaltela.pt\/s.01k8rhncp4jt1\/2025\/11\/talking-bot-125x125.png\",\"contentUrl\":\"https:\/\/portaltela.pt\/s.01k8rhncp4jt1\/2025\/11\/talking-bot-125x125.png\",\"caption\":\"Telinha\"},\"sameAs\":[\"https:\/\/portaltela.pt\/\"],\"url\":\"https:\/\/portaltela.pt\/por\/367410592786\/\"}]}<\/script>\n<!-- \/ Yoast SEO plugin. -->","yoast_head_json":{"title":"Calend\u00e1rio fiscal 2026: datas importantes para as empresas - Portal Tela Portugal","robots":{"index":"index","follow":"follow","max-snippet":"max-snippet:-1","max-image-preview":"max-image-preview:large","max-video-preview":"max-video-preview:-1"},"og_locale":"pt_PT","og_type":"article","og_title":"Calend\u00e1rio fiscal 2026: datas importantes para as empresas - Portal Tela Portugal","og_description":"O Calend\u00e1rio Fiscal 2026 da Pluxee Portugal compila as principais obriga\u00e7\u00f5es mensais de IVA, IRS, IRC, Imposto do Selo e contribui\u00e7\u00f5es para a Seguran\u00e7a Social, com foco na organiza\u00e7\u00e3o e no planeamento de recursos. At\u00e9 2 de fevereiro: Modelo 30 e Comunica\u00e7\u00e3o de Invent\u00e1rios (rendimentos pagos a entidades n\u00e3o residentes e invent\u00e1rios do exerc\u00edcio anterior). At\u00e9 5 de fevereiro: envio do ficheiro SAF-T de fatura\u00e7\u00e3o \u00e0 Autoridade Tribut\u00e1ria. At\u00e9 20 de fevereiro: v\u00e1rias obriga\u00e7\u00f5es de IVA, Imposto do Selo, reten\u00e7\u00f5es na fonte, e a nova Declara\u00e7\u00e3o Mensal da Seguran\u00e7a Social. At\u00e9 23 de fevereiro: submiss\u00e3o da COPE ao Banco de Portugal; at\u00e9 25 de fevereiro: pagamento do IVA e das contribui\u00e7\u00f5es da Seguran\u00e7a Social.","og_url":"https:\/\/portaltela.pt\/noticias\/2026\/02\/03\/calendario-fiscal-2026-datas-importantes-para-as-empresas\/","og_site_name":"Portal Tela Portugal","article_published_time":"2026-02-03T07:00:57+00:00","author":"Telinha","twitter_card":"summary_large_image","twitter_misc":{"Escrito por":"Telinha","Tempo estimado de leitura":"2 minutos"},"schema":{"@context":"https:\/\/schema.org","@graph":[{"@type":"Article","@id":"https:\/\/portaltela.pt\/noticias\/2026\/02\/03\/calendario-fiscal-2026-datas-importantes-para-as-empresas\/#article","isPartOf":{"@id":"https:\/\/portaltela.pt\/noticias\/2026\/02\/03\/calendario-fiscal-2026-datas-importantes-para-as-empresas\/"},"author":{"name":"Telinha","@id":"https:\/\/portaltela.pt\/#\/schema\/person\/c4278d4a6028830caff9ee44b42d32ed"},"headline":"Calend\u00e1rio fiscal 2026: datas importantes para as empresas","datePublished":"2026-02-03T07:00:57+00:00","mainEntityOfPage":{"@id":"https:\/\/portaltela.pt\/noticias\/2026\/02\/03\/calendario-fiscal-2026-datas-importantes-para-as-empresas\/"},"wordCount":400,"image":{"@id":"https:\/\/portaltela.pt\/noticias\/2026\/02\/03\/calendario-fiscal-2026-datas-importantes-para-as-empresas\/#primaryimage"},"thumbnailUrl":"https:\/\/portaltela.pt\/s.01k8rhncp4jt1\/2026\/02\/unnamed-file-670.jpg","keywords":["economia","finan\u00e7as","imposto sobre consumo","impostos","IRC","seguran\u00e7a social"],"articleSection":["Not\u00edcias"],"inLanguage":"pt-PT"},{"@type":"WebPage","@id":"https:\/\/portaltela.pt\/noticias\/2026\/02\/03\/calendario-fiscal-2026-datas-importantes-para-as-empresas\/","url":"https:\/\/portaltela.pt\/noticias\/2026\/02\/03\/calendario-fiscal-2026-datas-importantes-para-as-empresas\/","name":"Calend\u00e1rio fiscal 2026: datas importantes para as empresas - Portal Tela Portugal","isPartOf":{"@id":"https:\/\/portaltela.pt\/#website"},"primaryImageOfPage":{"@id":"https:\/\/portaltela.pt\/noticias\/2026\/02\/03\/calendario-fiscal-2026-datas-importantes-para-as-empresas\/#primaryimage"},"image":{"@id":"https:\/\/portaltela.pt\/noticias\/2026\/02\/03\/calendario-fiscal-2026-datas-importantes-para-as-empresas\/#primaryimage"},"thumbnailUrl":"https:\/\/portaltela.pt\/s.01k8rhncp4jt1\/2026\/02\/unnamed-file-670.jpg","datePublished":"2026-02-03T07:00:57+00:00","author":{"@id":"https:\/\/portaltela.pt\/#\/schema\/person\/c4278d4a6028830caff9ee44b42d32ed"},"breadcrumb":{"@id":"https:\/\/portaltela.pt\/noticias\/2026\/02\/03\/calendario-fiscal-2026-datas-importantes-para-as-empresas\/#breadcrumb"},"inLanguage":"pt-PT","potentialAction":[{"@type":"ReadAction","target":["https:\/\/portaltela.pt\/noticias\/2026\/02\/03\/calendario-fiscal-2026-datas-importantes-para-as-empresas\/"]}]},{"@type":"ImageObject","inLanguage":"pt-PT","@id":"https:\/\/portaltela.pt\/noticias\/2026\/02\/03\/calendario-fiscal-2026-datas-importantes-para-as-empresas\/#primaryimage","url":"https:\/\/portaltela.pt\/s.01k8rhncp4jt1\/2026\/02\/unnamed-file-670.jpg","contentUrl":"https:\/\/portaltela.pt\/s.01k8rhncp4jt1\/2026\/02\/unnamed-file-670.jpg","width":796,"height":448,"caption":"Calend\u00e1rio fiscal 2026: todas as datas que as empresas precisam de saber"},{"@type":"BreadcrumbList","@id":"https:\/\/portaltela.pt\/noticias\/2026\/02\/03\/calendario-fiscal-2026-datas-importantes-para-as-empresas\/#breadcrumb","itemListElement":[{"@type":"ListItem","position":1,"name":"In\u00edcio","item":"https:\/\/portaltela.pt\/"},{"@type":"ListItem","position":2,"name":"Calend\u00e1rio fiscal 2026: datas importantes para as empresas"}]},{"@type":"WebSite","@id":"https:\/\/portaltela.pt\/#website","url":"https:\/\/portaltela.pt\/","name":"Portal Tela Portugal","description":"","potentialAction":[{"@type":"SearchAction","target":{"@type":"EntryPoint","urlTemplate":"https:\/\/portaltela.pt\/?s={search_term_string}"},"query-input":{"@type":"PropertyValueSpecification","valueRequired":true,"valueName":"search_term_string"}}],"inLanguage":"pt-PT"},{"@type":"Person","@id":"https:\/\/portaltela.pt\/#\/schema\/person\/c4278d4a6028830caff9ee44b42d32ed","name":"Telinha","image":{"@type":"ImageObject","inLanguage":"pt-PT","@id":"https:\/\/portaltela.pt\/s.01k8rhncp4jt1\/2025\/11\/talking-bot-125x125.png","url":"https:\/\/portaltela.pt\/s.01k8rhncp4jt1\/2025\/11\/talking-bot-125x125.png","contentUrl":"https:\/\/portaltela.pt\/s.01k8rhncp4jt1\/2025\/11\/talking-bot-125x125.png","caption":"Telinha"},"sameAs":["https:\/\/portaltela.pt\/"],"url":"https:\/\/portaltela.pt\/por\/367410592786\/"}]}},"_links":{"self":[{"href":"https:\/\/portaltela.pt\/api\/wp\/v2\/posts\/192840","targetHints":{"allow":["GET"]}}],"collection":[{"href":"https:\/\/portaltela.pt\/api\/wp\/v2\/posts"}],"about":[{"href":"https:\/\/portaltela.pt\/api\/wp\/v2\/types\/post"}],"author":[{"embeddable":true,"href":"https:\/\/portaltela.pt\/api\/wp\/v2\/users\/2"}],"replies":[{"embeddable":true,"href":"https:\/\/portaltela.pt\/api\/wp\/v2\/comments?post=192840"}],"version-history":[{"count":0,"href":"https:\/\/portaltela.pt\/api\/wp\/v2\/posts\/192840\/revisions"}],"wp:featuredmedia":[{"embeddable":true,"href":"https:\/\/portaltela.pt\/api\/wp\/v2\/media\/192848"}],"wp:attachment":[{"href":"https:\/\/portaltela.pt\/api\/wp\/v2\/media?parent=192840"}],"wp:term":[{"taxonomy":"category","embeddable":true,"href":"https:\/\/portaltela.pt\/api\/wp\/v2\/categories?post=192840"},{"taxonomy":"post_tag","embeddable":true,"href":"https:\/\/portaltela.pt\/api\/wp\/v2\/tags?post=192840"}],"curies":[{"name":"wp","href":"https:\/\/api.w.org\/{rel}","templated":true}]}}