{"id":192824,"date":"2026-02-03T02:36:00","date_gmt":"2026-02-03T05:36:00","guid":{"rendered":"https:\/\/portaltela.pt\/noticias\/2026\/02\/03\/oposicao-critica-governo-de-timor-leste-apos-cinco-mortes-por-dengue\/"},"modified":"2026-02-03T02:36:00","modified_gmt":"2026-02-03T05:36:00","slug":"oposicao-critica-governo-de-timor-leste-apos-cinco-mortes-por-dengue","status":"publish","type":"post","link":"https:\/\/portaltela.pt\/noticias\/2026\/02\/03\/oposicao-critica-governo-de-timor-leste-apos-cinco-mortes-por-dengue\/","title":{"rendered":"Oposi\u00e7\u00e3o critica Governo de Timor-Leste ap\u00f3s cinco mortes por dengue"},"content":{"rendered":"<p>Oposi\u00e7\u00e3o critica o Governo de Timor-Leste ap\u00f3s cinco mortes por dengue. O tema tem dominado o debate p\u00fablico, com leituras distintas sobre a resposta das autoridades. N\u00e3o foram disponibilizados detalhes adicionais no conte\u00fado base.<\/p>\n<p>Segundo informa\u00e7\u00f5es p\u00fablicas, a oposi\u00e7\u00e3o sustenta que a atua\u00e7\u00e3o do governo n\u00e3o tem sido eficaz para conter o surto. O partido afirmou que s\u00e3o necess\u00e1rias medidas mais r\u00e1pidas e transparentes para evitar novas fatalities.<\/p>\n<p>At\u00e9 ao momento, n\u00e3o h\u00e1 confirma\u00e7\u00e3o oficial sobre a localiza\u00e7\u00e3o dos \u00f3bitos nem sobre a data exata dos acontecimentos. As autoridades n\u00e3o clarificaram se h\u00e1 liga\u00e7\u00e3o entre os casos e avan\u00e7os em campanhas de preven\u00e7\u00e3o.<\/p>\n<p>Os deputados da oposi\u00e7\u00e3o pedem prioridade \u00e0 vigil\u00e2ncia sanit\u00e1ria, ao controlo de focos de mosquitos e \u00e0 comunica\u00e7\u00e3o com a popula\u00e7\u00e3o. A defesa de medidas mais restritas foi apresentada como resposta imediata.<\/p>\n<p>O Governo, por sua vez, reiterou que est\u00e1 a trabalhar com autoridades nacionais e internacionais para conter o dengue. Foi referido o refor\u00e7o de a\u00e7\u00f5es de combate aos mosquitos e de informa\u00e7\u00e3o p\u00fablica.<\/p>\n<p>Nenhuma conclus\u00e3o foi apresentada, mantendo-se o foco em a\u00e7\u00f5es anunciadas pelas autoridades. O debate p\u00fablico prossegue em torno da efic\u00e1cia das pol\u00edticas de sa\u00fade diante do agravamento do surto.<\/p>\n","protected":false},"excerpt":{"rendered":"<ul>\n<li>A oposi\u00e7\u00e3o criticou o Governo de Timor-Leste ap\u00f3s cinco mortes por dengue.<\/li>\n<li>O caso coloca em evid\u00eancia a press\u00e3o sobre a resposta de sa\u00fade p\u00fablica no pa\u00eds.<\/li>\n<li>O texto n\u00e3o especifica datas ou locais exatos das ocorr\u00eancias.<\/li>\n<li>N\u00e3o foram divulgados detalhes adicionais ou medidas oficiais no resumo.<\/li>\n<li>O tema envolve a gest\u00e3o governamental de crises de sa\u00fade.<\/li>\n<\/ul>\n","protected":false},"author":2,"featured_media":192826,"comment_status":"closed","ping_status":"closed","sticky":false,"template":"","format":"standard","meta":{"footnotes":""},"categories":[1],"tags":[61,34,3767,271,2727,374],"class_list":["post-192824","post","type-post","status-publish","format-standard","has-post-thumbnail","hentry","category-noticias","tag-doencas","tag-governo","tag-oposicao","tag-saude-publica","tag-timor-leste","tag-vigilancia-epidemiologica"],"yoast_head":"<!-- This site is optimized with the Yoast SEO plugin v27.2 - https:\/\/yoast.com\/product\/yoast-seo-wordpress\/ -->\n<title>Oposi\u00e7\u00e3o critica Governo de Timor-Leste ap\u00f3s cinco mortes por dengue - Portal Tela Portugal<\/title>\n<meta name=\"robots\" content=\"index, follow, max-snippet:-1, max-image-preview:large, max-video-preview:-1\" \/>\n<meta property=\"og:locale\" content=\"pt_PT\" \/>\n<meta property=\"og:type\" content=\"article\" \/>\n<meta property=\"og:title\" content=\"Oposi\u00e7\u00e3o critica Governo de Timor-Leste ap\u00f3s cinco mortes por dengue - Portal Tela Portugal\" \/>\n<meta property=\"og:description\" content=\"A oposi\u00e7\u00e3o criticou o Governo de Timor-Leste ap\u00f3s cinco mortes por dengue. O caso coloca em evid\u00eancia a press\u00e3o sobre a resposta de sa\u00fade p\u00fablica no pa\u00eds. O texto n\u00e3o especifica datas ou locais exatos das ocorr\u00eancias. N\u00e3o foram divulgados detalhes adicionais ou medidas oficiais no resumo. O tema envolve a gest\u00e3o governamental de crises de sa\u00fade.\" \/>\n<meta property=\"og:url\" content=\"https:\/\/portaltela.pt\/noticias\/2026\/02\/03\/oposicao-critica-governo-de-timor-leste-apos-cinco-mortes-por-dengue\/\" \/>\n<meta property=\"og:site_name\" content=\"Portal Tela Portugal\" \/>\n<meta property=\"article:published_time\" content=\"2026-02-03T05:36:00+00:00\" \/>\n<meta name=\"author\" content=\"Telinha\" \/>\n<meta name=\"twitter:card\" content=\"summary_large_image\" \/>\n<meta name=\"twitter:label1\" content=\"Escrito por\" \/>\n\t<meta name=\"twitter:data1\" content=\"Telinha\" \/>\n\t<meta name=\"twitter:label2\" content=\"Tempo estimado de leitura\" \/>\n\t<meta name=\"twitter:data2\" content=\"1 minuto\" \/>\n<script type=\"application\/ld+json\" class=\"yoast-schema-graph\">{\"@context\":\"https:\/\/schema.org\",\"@graph\":[{\"@type\":\"Article\",\"@id\":\"https:\/\/portaltela.pt\/noticias\/2026\/02\/03\/oposicao-critica-governo-de-timor-leste-apos-cinco-mortes-por-dengue\/#article\",\"isPartOf\":{\"@id\":\"https:\/\/portaltela.pt\/noticias\/2026\/02\/03\/oposicao-critica-governo-de-timor-leste-apos-cinco-mortes-por-dengue\/\"},\"author\":{\"name\":\"Telinha\",\"@id\":\"https:\/\/portaltela.pt\/#\/schema\/person\/c4278d4a6028830caff9ee44b42d32ed\"},\"headline\":\"Oposi\u00e7\u00e3o critica Governo de Timor-Leste ap\u00f3s cinco mortes por dengue\",\"datePublished\":\"2026-02-03T05:36:00+00:00\",\"mainEntityOfPage\":{\"@id\":\"https:\/\/portaltela.pt\/noticias\/2026\/02\/03\/oposicao-critica-governo-de-timor-leste-apos-cinco-mortes-por-dengue\/\"},\"wordCount\":242,\"image\":{\"@id\":\"https:\/\/portaltela.pt\/noticias\/2026\/02\/03\/oposicao-critica-governo-de-timor-leste-apos-cinco-mortes-por-dengue\/#primaryimage\"},\"thumbnailUrl\":\"https:\/\/portaltela.pt\/s.01k8rhncp4jt1\/2026\/02\/CACHE_780X1200_ANALOG_WATERMARKED_22110458_2442913_17032019050232.jpg\",\"keywords\":[\"doen\u00e7as\",\"governo\",\"oposi\u00e7\u00e3o\",\"sa\u00fade p\u00fablica\",\"Timor-Leste\",\"vigil\u00e2ncia epidemiol\u00f3gica\"],\"articleSection\":[\"Not\u00edcias\"],\"inLanguage\":\"pt-PT\"},{\"@type\":\"WebPage\",\"@id\":\"https:\/\/portaltela.pt\/noticias\/2026\/02\/03\/oposicao-critica-governo-de-timor-leste-apos-cinco-mortes-por-dengue\/\",\"url\":\"https:\/\/portaltela.pt\/noticias\/2026\/02\/03\/oposicao-critica-governo-de-timor-leste-apos-cinco-mortes-por-dengue\/\",\"name\":\"Oposi\u00e7\u00e3o critica Governo de Timor-Leste ap\u00f3s cinco mortes por dengue - Portal Tela Portugal\",\"isPartOf\":{\"@id\":\"https:\/\/portaltela.pt\/#website\"},\"primaryImageOfPage\":{\"@id\":\"https:\/\/portaltela.pt\/noticias\/2026\/02\/03\/oposicao-critica-governo-de-timor-leste-apos-cinco-mortes-por-dengue\/#primaryimage\"},\"image\":{\"@id\":\"https:\/\/portaltela.pt\/noticias\/2026\/02\/03\/oposicao-critica-governo-de-timor-leste-apos-cinco-mortes-por-dengue\/#primaryimage\"},\"thumbnailUrl\":\"https:\/\/portaltela.pt\/s.01k8rhncp4jt1\/2026\/02\/CACHE_780X1200_ANALOG_WATERMARKED_22110458_2442913_17032019050232.jpg\",\"datePublished\":\"2026-02-03T05:36:00+00:00\",\"author\":{\"@id\":\"https:\/\/portaltela.pt\/#\/schema\/person\/c4278d4a6028830caff9ee44b42d32ed\"},\"breadcrumb\":{\"@id\":\"https:\/\/portaltela.pt\/noticias\/2026\/02\/03\/oposicao-critica-governo-de-timor-leste-apos-cinco-mortes-por-dengue\/#breadcrumb\"},\"inLanguage\":\"pt-PT\",\"potentialAction\":[{\"@type\":\"ReadAction\",\"target\":[\"https:\/\/portaltela.pt\/noticias\/2026\/02\/03\/oposicao-critica-governo-de-timor-leste-apos-cinco-mortes-por-dengue\/\"]}]},{\"@type\":\"ImageObject\",\"inLanguage\":\"pt-PT\",\"@id\":\"https:\/\/portaltela.pt\/noticias\/2026\/02\/03\/oposicao-critica-governo-de-timor-leste-apos-cinco-mortes-por-dengue\/#primaryimage\",\"url\":\"https:\/\/portaltela.pt\/s.01k8rhncp4jt1\/2026\/02\/CACHE_780X1200_ANALOG_WATERMARKED_22110458_2442913_17032019050232.jpg\",\"contentUrl\":\"https:\/\/portaltela.pt\/s.01k8rhncp4jt1\/2026\/02\/CACHE_780X1200_ANALOG_WATERMARKED_22110458_2442913_17032019050232.jpg\",\"width\":796,\"height\":448,\"caption\":\"Oposi\u00e7\u00e3o critica Governo de Timor-Leste ap\u00f3s cinco mortes devido ao dengue\"},{\"@type\":\"BreadcrumbList\",\"@id\":\"https:\/\/portaltela.pt\/noticias\/2026\/02\/03\/oposicao-critica-governo-de-timor-leste-apos-cinco-mortes-por-dengue\/#breadcrumb\",\"itemListElement\":[{\"@type\":\"ListItem\",\"position\":1,\"name\":\"In\u00edcio\",\"item\":\"https:\/\/portaltela.pt\/\"},{\"@type\":\"ListItem\",\"position\":2,\"name\":\"Oposi\u00e7\u00e3o critica Governo de Timor-Leste ap\u00f3s cinco mortes por dengue\"}]},{\"@type\":\"WebSite\",\"@id\":\"https:\/\/portaltela.pt\/#website\",\"url\":\"https:\/\/portaltela.pt\/\",\"name\":\"Portal Tela Portugal\",\"description\":\"\",\"potentialAction\":[{\"@type\":\"SearchAction\",\"target\":{\"@type\":\"EntryPoint\",\"urlTemplate\":\"https:\/\/portaltela.pt\/?s={search_term_string}\"},\"query-input\":{\"@type\":\"PropertyValueSpecification\",\"valueRequired\":true,\"valueName\":\"search_term_string\"}}],\"inLanguage\":\"pt-PT\"},{\"@type\":\"Person\",\"@id\":\"https:\/\/portaltela.pt\/#\/schema\/person\/c4278d4a6028830caff9ee44b42d32ed\",\"name\":\"Telinha\",\"image\":{\"@type\":\"ImageObject\",\"inLanguage\":\"pt-PT\",\"@id\":\"https:\/\/portaltela.pt\/s.01k8rhncp4jt1\/2025\/11\/talking-bot-125x125.png\",\"url\":\"https:\/\/portaltela.pt\/s.01k8rhncp4jt1\/2025\/11\/talking-bot-125x125.png\",\"contentUrl\":\"https:\/\/portaltela.pt\/s.01k8rhncp4jt1\/2025\/11\/talking-bot-125x125.png\",\"caption\":\"Telinha\"},\"sameAs\":[\"https:\/\/portaltela.pt\/\"],\"url\":\"https:\/\/portaltela.pt\/por\/367410592786\/\"}]}<\/script>\n<!-- \/ Yoast SEO plugin. -->","yoast_head_json":{"title":"Oposi\u00e7\u00e3o critica Governo de Timor-Leste ap\u00f3s cinco mortes por dengue - Portal Tela Portugal","robots":{"index":"index","follow":"follow","max-snippet":"max-snippet:-1","max-image-preview":"max-image-preview:large","max-video-preview":"max-video-preview:-1"},"og_locale":"pt_PT","og_type":"article","og_title":"Oposi\u00e7\u00e3o critica Governo de Timor-Leste ap\u00f3s cinco mortes por dengue - Portal Tela Portugal","og_description":"A oposi\u00e7\u00e3o criticou o Governo de Timor-Leste ap\u00f3s cinco mortes por dengue. O caso coloca em evid\u00eancia a press\u00e3o sobre a resposta de sa\u00fade p\u00fablica no pa\u00eds. O texto n\u00e3o especifica datas ou locais exatos das ocorr\u00eancias. N\u00e3o foram divulgados detalhes adicionais ou medidas oficiais no resumo. O tema envolve a gest\u00e3o governamental de crises de sa\u00fade.","og_url":"https:\/\/portaltela.pt\/noticias\/2026\/02\/03\/oposicao-critica-governo-de-timor-leste-apos-cinco-mortes-por-dengue\/","og_site_name":"Portal Tela Portugal","article_published_time":"2026-02-03T05:36:00+00:00","author":"Telinha","twitter_card":"summary_large_image","twitter_misc":{"Escrito por":"Telinha","Tempo estimado de leitura":"1 minuto"},"schema":{"@context":"https:\/\/schema.org","@graph":[{"@type":"Article","@id":"https:\/\/portaltela.pt\/noticias\/2026\/02\/03\/oposicao-critica-governo-de-timor-leste-apos-cinco-mortes-por-dengue\/#article","isPartOf":{"@id":"https:\/\/portaltela.pt\/noticias\/2026\/02\/03\/oposicao-critica-governo-de-timor-leste-apos-cinco-mortes-por-dengue\/"},"author":{"name":"Telinha","@id":"https:\/\/portaltela.pt\/#\/schema\/person\/c4278d4a6028830caff9ee44b42d32ed"},"headline":"Oposi\u00e7\u00e3o critica Governo de Timor-Leste ap\u00f3s cinco mortes por dengue","datePublished":"2026-02-03T05:36:00+00:00","mainEntityOfPage":{"@id":"https:\/\/portaltela.pt\/noticias\/2026\/02\/03\/oposicao-critica-governo-de-timor-leste-apos-cinco-mortes-por-dengue\/"},"wordCount":242,"image":{"@id":"https:\/\/portaltela.pt\/noticias\/2026\/02\/03\/oposicao-critica-governo-de-timor-leste-apos-cinco-mortes-por-dengue\/#primaryimage"},"thumbnailUrl":"https:\/\/portaltela.pt\/s.01k8rhncp4jt1\/2026\/02\/CACHE_780X1200_ANALOG_WATERMARKED_22110458_2442913_17032019050232.jpg","keywords":["doen\u00e7as","governo","oposi\u00e7\u00e3o","sa\u00fade p\u00fablica","Timor-Leste","vigil\u00e2ncia epidemiol\u00f3gica"],"articleSection":["Not\u00edcias"],"inLanguage":"pt-PT"},{"@type":"WebPage","@id":"https:\/\/portaltela.pt\/noticias\/2026\/02\/03\/oposicao-critica-governo-de-timor-leste-apos-cinco-mortes-por-dengue\/","url":"https:\/\/portaltela.pt\/noticias\/2026\/02\/03\/oposicao-critica-governo-de-timor-leste-apos-cinco-mortes-por-dengue\/","name":"Oposi\u00e7\u00e3o critica Governo de Timor-Leste ap\u00f3s cinco mortes por dengue - Portal Tela Portugal","isPartOf":{"@id":"https:\/\/portaltela.pt\/#website"},"primaryImageOfPage":{"@id":"https:\/\/portaltela.pt\/noticias\/2026\/02\/03\/oposicao-critica-governo-de-timor-leste-apos-cinco-mortes-por-dengue\/#primaryimage"},"image":{"@id":"https:\/\/portaltela.pt\/noticias\/2026\/02\/03\/oposicao-critica-governo-de-timor-leste-apos-cinco-mortes-por-dengue\/#primaryimage"},"thumbnailUrl":"https:\/\/portaltela.pt\/s.01k8rhncp4jt1\/2026\/02\/CACHE_780X1200_ANALOG_WATERMARKED_22110458_2442913_17032019050232.jpg","datePublished":"2026-02-03T05:36:00+00:00","author":{"@id":"https:\/\/portaltela.pt\/#\/schema\/person\/c4278d4a6028830caff9ee44b42d32ed"},"breadcrumb":{"@id":"https:\/\/portaltela.pt\/noticias\/2026\/02\/03\/oposicao-critica-governo-de-timor-leste-apos-cinco-mortes-por-dengue\/#breadcrumb"},"inLanguage":"pt-PT","potentialAction":[{"@type":"ReadAction","target":["https:\/\/portaltela.pt\/noticias\/2026\/02\/03\/oposicao-critica-governo-de-timor-leste-apos-cinco-mortes-por-dengue\/"]}]},{"@type":"ImageObject","inLanguage":"pt-PT","@id":"https:\/\/portaltela.pt\/noticias\/2026\/02\/03\/oposicao-critica-governo-de-timor-leste-apos-cinco-mortes-por-dengue\/#primaryimage","url":"https:\/\/portaltela.pt\/s.01k8rhncp4jt1\/2026\/02\/CACHE_780X1200_ANALOG_WATERMARKED_22110458_2442913_17032019050232.jpg","contentUrl":"https:\/\/portaltela.pt\/s.01k8rhncp4jt1\/2026\/02\/CACHE_780X1200_ANALOG_WATERMARKED_22110458_2442913_17032019050232.jpg","width":796,"height":448,"caption":"Oposi\u00e7\u00e3o critica Governo de Timor-Leste ap\u00f3s cinco mortes devido ao dengue"},{"@type":"BreadcrumbList","@id":"https:\/\/portaltela.pt\/noticias\/2026\/02\/03\/oposicao-critica-governo-de-timor-leste-apos-cinco-mortes-por-dengue\/#breadcrumb","itemListElement":[{"@type":"ListItem","position":1,"name":"In\u00edcio","item":"https:\/\/portaltela.pt\/"},{"@type":"ListItem","position":2,"name":"Oposi\u00e7\u00e3o critica Governo de Timor-Leste ap\u00f3s cinco mortes por dengue"}]},{"@type":"WebSite","@id":"https:\/\/portaltela.pt\/#website","url":"https:\/\/portaltela.pt\/","name":"Portal Tela Portugal","description":"","potentialAction":[{"@type":"SearchAction","target":{"@type":"EntryPoint","urlTemplate":"https:\/\/portaltela.pt\/?s={search_term_string}"},"query-input":{"@type":"PropertyValueSpecification","valueRequired":true,"valueName":"search_term_string"}}],"inLanguage":"pt-PT"},{"@type":"Person","@id":"https:\/\/portaltela.pt\/#\/schema\/person\/c4278d4a6028830caff9ee44b42d32ed","name":"Telinha","image":{"@type":"ImageObject","inLanguage":"pt-PT","@id":"https:\/\/portaltela.pt\/s.01k8rhncp4jt1\/2025\/11\/talking-bot-125x125.png","url":"https:\/\/portaltela.pt\/s.01k8rhncp4jt1\/2025\/11\/talking-bot-125x125.png","contentUrl":"https:\/\/portaltela.pt\/s.01k8rhncp4jt1\/2025\/11\/talking-bot-125x125.png","caption":"Telinha"},"sameAs":["https:\/\/portaltela.pt\/"],"url":"https:\/\/portaltela.pt\/por\/367410592786\/"}]}},"_links":{"self":[{"href":"https:\/\/portaltela.pt\/api\/wp\/v2\/posts\/192824","targetHints":{"allow":["GET"]}}],"collection":[{"href":"https:\/\/portaltela.pt\/api\/wp\/v2\/posts"}],"about":[{"href":"https:\/\/portaltela.pt\/api\/wp\/v2\/types\/post"}],"author":[{"embeddable":true,"href":"https:\/\/portaltela.pt\/api\/wp\/v2\/users\/2"}],"replies":[{"embeddable":true,"href":"https:\/\/portaltela.pt\/api\/wp\/v2\/comments?post=192824"}],"version-history":[{"count":0,"href":"https:\/\/portaltela.pt\/api\/wp\/v2\/posts\/192824\/revisions"}],"wp:featuredmedia":[{"embeddable":true,"href":"https:\/\/portaltela.pt\/api\/wp\/v2\/media\/192826"}],"wp:attachment":[{"href":"https:\/\/portaltela.pt\/api\/wp\/v2\/media?parent=192824"}],"wp:term":[{"taxonomy":"category","embeddable":true,"href":"https:\/\/portaltela.pt\/api\/wp\/v2\/categories?post=192824"},{"taxonomy":"post_tag","embeddable":true,"href":"https:\/\/portaltela.pt\/api\/wp\/v2\/tags?post=192824"}],"curies":[{"name":"wp","href":"https:\/\/api.w.org\/{rel}","templated":true}]}}