{"id":192821,"date":"2026-02-03T03:39:15","date_gmt":"2026-02-03T06:39:15","guid":{"rendered":"https:\/\/portaltela.pt\/noticias\/2026\/02\/03\/cuba-admite-troca-de-mensagens-com-washington\/"},"modified":"2026-02-03T03:39:15","modified_gmt":"2026-02-03T06:39:15","slug":"cuba-admite-troca-de-mensagens-com-washington","status":"publish","type":"post","link":"https:\/\/portaltela.pt\/noticias\/politica\/2026\/02\/03\/cuba-admite-troca-de-mensagens-com-washington\/","title":{"rendered":"Cuba admite troca de mensagens com Washington"},"content":{"rendered":"<p>O vice-ministro cubano dos Neg\u00f3cios Estrangeiros, Carlos Fern\u00e1ndez de Cossio, reconheceu que houve uma troca de mensagens entre Havana e Washington, recusando um di\u00e1logo formal conforme anunciado pelo presidente norte-americano, Donald Trump. A afirma\u00e7\u00e3o foi feita em entrevista \u00e0 AFP.<\/p>\n<p>Fern\u00e1ndez de Cossio explicou que n\u00e3o houve negocia\u00e7\u00e3o de um di\u00e1logo, mas sim contacto entre autoridades. O diplomata afirmou que Cuba tem planos para enfrentar poss\u00edveis decis\u00f5es do governo dos EUA, incluindo per\u00edodos de maior press\u00e3o. Afirmou ainda que a atual pol\u00edtica de Washington pode tornar o per\u00edodo dif\u00edcil, mas que o pa\u00eds est\u00e1 preparado.<\/p>\n<h3>Contexto do embargo e impacto econ\u00f3mico<\/h3>\n<p>Trump disse estar perto de um acordo para p\u00f4r fim ao embargo petrol\u00edfero e facilitar visitas de cubanos aos EUA. O presidente tamb\u00e9m indicou que negocia\u00e7\u00f5es com lideran\u00e7as cubanas seguem em curso, sem detalhar condi\u00e7\u00f5es.<\/p>\n<p>A\u00e7\u00f5es dos EUA incluem uma ordem executiva que imp\u00f5e tarifas sobre o petr\u00f3leo que entra na ilha. Cuba enfrenta h\u00e1 anos car\u00eancias energ\u00e9ticas que afetam a produ\u00e7\u00e3o de eletricidade. Em paralelo, o M\u00e9xico manteve ajuda humanit\u00e1ria a Cuba, explorando vias diplom\u00e1ticas para restabelecer o fornecimento de combust\u00edvel.<\/p>\n<h3>Rea\u00e7\u00e3o cubana e contexto regional<\/h3>\n<p>O governo cubano reiterou, na pr\u00e1tica, que n\u00e3o acolhe bases militares ou de intelig\u00eancia estrangeiras, e negou ser amea\u00e7a \u00e0 seguran\u00e7a dos EUA. Em setembro, autoridades cubanas enfatizaram que n\u00e3o apoiam atividades hostis ou financiamento de organiza\u00e7\u00f5es extremistas, mantendo posicionamento de neutralidade em rela\u00e7\u00e3o ao embargo.<\/p>\n","protected":false},"excerpt":{"rendered":"<ul>\n<li>O vice-ministro cubano dos Neg\u00f3cios Estrangeiros, Carlos Fern\u00e1ndez de Cossio, reconheceu uma \u201ctroca de mensagens\u201d com Washington, negando existir um di\u00e1logo formal conforme divulgou o Presidente Donald Trump.<\/li>\n<li>Fern\u00e1ndez de Cossio disse \u00e0 AFP que n\u00e3o h\u00e1 di\u00e1logo propriamente dito neste momento, apenas comunica\u00e7\u00e3o entre os dois regimes.<\/li>\n<li>Cuba admite que a press\u00e3o de Washington pode gerar um per\u00edodo dif\u00edcil, mas diz ter planos para o que pode acontecer com o atual governo norte-americano.<\/li>\n<li>Trump afirmou que est\u00e1 a negociar com os l\u00edderes cubanos para terminar o embargo petrol\u00edfero e facilitar visitas de cubanos aos Estados Unidos.<\/li>\n<li>O governo cubano negou \u201cbases militares ou de intelig\u00eancia estrangeiras\u201d em Cuba, e reiterou que n\u00e3o \u00e9 uma amea\u00e7a \u00e0 seguran\u00e7a dos Estados Unidos.<\/li>\n<\/ul>\n","protected":false},"author":2,"featured_media":192823,"comment_status":"closed","ping_status":"closed","sticky":false,"template":"","format":"standard","meta":{"footnotes":""},"categories":[1,5],"tags":[29,4894,4893,1600,2832,27],"class_list":["post-192821","post","type-post","status-publish","format-standard","has-post-thumbnail","hentry","category-noticias","category-politica","tag-diplomacia","tag-embargo-economico","tag-embargos","tag-estados-unidos","tag-politica","tag-relacoes-internacionais"],"yoast_head":"<!-- This site is optimized with the Yoast SEO plugin v27.2 - https:\/\/yoast.com\/product\/yoast-seo-wordpress\/ -->\n<title>Cuba admite troca de mensagens com Washington - Portal Tela Portugal<\/title>\n<meta name=\"robots\" content=\"index, follow, max-snippet:-1, max-image-preview:large, max-video-preview:-1\" \/>\n<meta property=\"og:locale\" content=\"pt_PT\" \/>\n<meta property=\"og:type\" content=\"article\" \/>\n<meta property=\"og:title\" content=\"Cuba admite troca de mensagens com Washington - Portal Tela Portugal\" \/>\n<meta property=\"og:description\" content=\"O vice-ministro cubano dos Neg\u00f3cios Estrangeiros, Carlos Fern\u00e1ndez de Cossio, reconheceu uma \u201ctroca de mensagens\u201d com Washington, negando existir um di\u00e1logo formal conforme divulgou o Presidente Donald Trump. Fern\u00e1ndez de Cossio disse \u00e0 AFP que n\u00e3o h\u00e1 di\u00e1logo propriamente dito neste momento, apenas comunica\u00e7\u00e3o entre os dois regimes. Cuba admite que a press\u00e3o de Washington pode gerar um per\u00edodo dif\u00edcil, mas diz ter planos para o que pode acontecer com o atual governo norte-americano. Trump afirmou que est\u00e1 a negociar com os l\u00edderes cubanos para terminar o embargo petrol\u00edfero e facilitar visitas de cubanos aos Estados Unidos. O governo cubano negou \u201cbases militares ou de intelig\u00eancia estrangeiras\u201d em Cuba, e reiterou que n\u00e3o \u00e9 uma amea\u00e7a \u00e0 seguran\u00e7a dos Estados Unidos.\" \/>\n<meta property=\"og:url\" content=\"https:\/\/portaltela.pt\/noticias\/2026\/02\/03\/cuba-admite-troca-de-mensagens-com-washington\/\" \/>\n<meta property=\"og:site_name\" content=\"Portal Tela Portugal\" \/>\n<meta property=\"article:published_time\" content=\"2026-02-03T06:39:15+00:00\" \/>\n<meta name=\"author\" content=\"Telinha\" \/>\n<meta name=\"twitter:card\" content=\"summary_large_image\" \/>\n<meta name=\"twitter:label1\" content=\"Escrito por\" \/>\n\t<meta name=\"twitter:data1\" content=\"Telinha\" \/>\n\t<meta name=\"twitter:label2\" content=\"Tempo estimado de leitura\" \/>\n\t<meta name=\"twitter:data2\" content=\"1 minuto\" \/>\n<script type=\"application\/ld+json\" class=\"yoast-schema-graph\">{\"@context\":\"https:\/\/schema.org\",\"@graph\":[{\"@type\":\"Article\",\"@id\":\"https:\/\/portaltela.pt\/noticias\/2026\/02\/03\/cuba-admite-troca-de-mensagens-com-washington\/#article\",\"isPartOf\":{\"@id\":\"https:\/\/portaltela.pt\/noticias\/2026\/02\/03\/cuba-admite-troca-de-mensagens-com-washington\/\"},\"author\":{\"name\":\"Telinha\",\"@id\":\"https:\/\/portaltela.pt\/#\/schema\/person\/c4278d4a6028830caff9ee44b42d32ed\"},\"headline\":\"Cuba admite troca de mensagens com Washington\",\"datePublished\":\"2026-02-03T06:39:15+00:00\",\"mainEntityOfPage\":{\"@id\":\"https:\/\/portaltela.pt\/noticias\/2026\/02\/03\/cuba-admite-troca-de-mensagens-com-washington\/\"},\"wordCount\":281,\"image\":{\"@id\":\"https:\/\/portaltela.pt\/noticias\/2026\/02\/03\/cuba-admite-troca-de-mensagens-com-washington\/#primaryimage\"},\"thumbnailUrl\":\"https:\/\/portaltela.pt\/s.01k8rhncp4jt1\/2026\/02\/naom_63892bb6e6924.jpg\",\"keywords\":[\"diplomacia\",\"embargo econ\u00f4mico\",\"embargos\",\"Estados Unidos\",\"pol\u00edtica\",\"rela\u00e7\u00f5es internacionais\"],\"articleSection\":[\"Not\u00edcias\",\"Pol\u00edtica\"],\"inLanguage\":\"pt-PT\"},{\"@type\":\"WebPage\",\"@id\":\"https:\/\/portaltela.pt\/noticias\/2026\/02\/03\/cuba-admite-troca-de-mensagens-com-washington\/\",\"url\":\"https:\/\/portaltela.pt\/noticias\/2026\/02\/03\/cuba-admite-troca-de-mensagens-com-washington\/\",\"name\":\"Cuba admite troca de mensagens com Washington - Portal Tela Portugal\",\"isPartOf\":{\"@id\":\"https:\/\/portaltela.pt\/#website\"},\"primaryImageOfPage\":{\"@id\":\"https:\/\/portaltela.pt\/noticias\/2026\/02\/03\/cuba-admite-troca-de-mensagens-com-washington\/#primaryimage\"},\"image\":{\"@id\":\"https:\/\/portaltela.pt\/noticias\/2026\/02\/03\/cuba-admite-troca-de-mensagens-com-washington\/#primaryimage\"},\"thumbnailUrl\":\"https:\/\/portaltela.pt\/s.01k8rhncp4jt1\/2026\/02\/naom_63892bb6e6924.jpg\",\"datePublished\":\"2026-02-03T06:39:15+00:00\",\"author\":{\"@id\":\"https:\/\/portaltela.pt\/#\/schema\/person\/c4278d4a6028830caff9ee44b42d32ed\"},\"breadcrumb\":{\"@id\":\"https:\/\/portaltela.pt\/noticias\/2026\/02\/03\/cuba-admite-troca-de-mensagens-com-washington\/#breadcrumb\"},\"inLanguage\":\"pt-PT\",\"potentialAction\":[{\"@type\":\"ReadAction\",\"target\":[\"https:\/\/portaltela.pt\/noticias\/2026\/02\/03\/cuba-admite-troca-de-mensagens-com-washington\/\"]}]},{\"@type\":\"ImageObject\",\"inLanguage\":\"pt-PT\",\"@id\":\"https:\/\/portaltela.pt\/noticias\/2026\/02\/03\/cuba-admite-troca-de-mensagens-com-washington\/#primaryimage\",\"url\":\"https:\/\/portaltela.pt\/s.01k8rhncp4jt1\/2026\/02\/naom_63892bb6e6924.jpg\",\"contentUrl\":\"https:\/\/portaltela.pt\/s.01k8rhncp4jt1\/2026\/02\/naom_63892bb6e6924.jpg\",\"width\":796,\"height\":448,\"caption\":\"Cuba admite \\\"troca de mensagens\\\" com Washington\"},{\"@type\":\"BreadcrumbList\",\"@id\":\"https:\/\/portaltela.pt\/noticias\/2026\/02\/03\/cuba-admite-troca-de-mensagens-com-washington\/#breadcrumb\",\"itemListElement\":[{\"@type\":\"ListItem\",\"position\":1,\"name\":\"In\u00edcio\",\"item\":\"https:\/\/portaltela.pt\/\"},{\"@type\":\"ListItem\",\"position\":2,\"name\":\"Cuba admite troca de mensagens com Washington\"}]},{\"@type\":\"WebSite\",\"@id\":\"https:\/\/portaltela.pt\/#website\",\"url\":\"https:\/\/portaltela.pt\/\",\"name\":\"Portal Tela Portugal\",\"description\":\"\",\"potentialAction\":[{\"@type\":\"SearchAction\",\"target\":{\"@type\":\"EntryPoint\",\"urlTemplate\":\"https:\/\/portaltela.pt\/?s={search_term_string}\"},\"query-input\":{\"@type\":\"PropertyValueSpecification\",\"valueRequired\":true,\"valueName\":\"search_term_string\"}}],\"inLanguage\":\"pt-PT\"},{\"@type\":\"Person\",\"@id\":\"https:\/\/portaltela.pt\/#\/schema\/person\/c4278d4a6028830caff9ee44b42d32ed\",\"name\":\"Telinha\",\"image\":{\"@type\":\"ImageObject\",\"inLanguage\":\"pt-PT\",\"@id\":\"https:\/\/portaltela.pt\/s.01k8rhncp4jt1\/2025\/11\/talking-bot-125x125.png\",\"url\":\"https:\/\/portaltela.pt\/s.01k8rhncp4jt1\/2025\/11\/talking-bot-125x125.png\",\"contentUrl\":\"https:\/\/portaltela.pt\/s.01k8rhncp4jt1\/2025\/11\/talking-bot-125x125.png\",\"caption\":\"Telinha\"},\"sameAs\":[\"https:\/\/portaltela.pt\/\"],\"url\":\"https:\/\/portaltela.pt\/por\/367410592786\/\"}]}<\/script>\n<!-- \/ Yoast SEO plugin. -->","yoast_head_json":{"title":"Cuba admite troca de mensagens com Washington - Portal Tela Portugal","robots":{"index":"index","follow":"follow","max-snippet":"max-snippet:-1","max-image-preview":"max-image-preview:large","max-video-preview":"max-video-preview:-1"},"og_locale":"pt_PT","og_type":"article","og_title":"Cuba admite troca de mensagens com Washington - Portal Tela Portugal","og_description":"O vice-ministro cubano dos Neg\u00f3cios Estrangeiros, Carlos Fern\u00e1ndez de Cossio, reconheceu uma \u201ctroca de mensagens\u201d com Washington, negando existir um di\u00e1logo formal conforme divulgou o Presidente Donald Trump. Fern\u00e1ndez de Cossio disse \u00e0 AFP que n\u00e3o h\u00e1 di\u00e1logo propriamente dito neste momento, apenas comunica\u00e7\u00e3o entre os dois regimes. Cuba admite que a press\u00e3o de Washington pode gerar um per\u00edodo dif\u00edcil, mas diz ter planos para o que pode acontecer com o atual governo norte-americano. Trump afirmou que est\u00e1 a negociar com os l\u00edderes cubanos para terminar o embargo petrol\u00edfero e facilitar visitas de cubanos aos Estados Unidos. O governo cubano negou \u201cbases militares ou de intelig\u00eancia estrangeiras\u201d em Cuba, e reiterou que n\u00e3o \u00e9 uma amea\u00e7a \u00e0 seguran\u00e7a dos Estados Unidos.","og_url":"https:\/\/portaltela.pt\/noticias\/2026\/02\/03\/cuba-admite-troca-de-mensagens-com-washington\/","og_site_name":"Portal Tela Portugal","article_published_time":"2026-02-03T06:39:15+00:00","author":"Telinha","twitter_card":"summary_large_image","twitter_misc":{"Escrito por":"Telinha","Tempo estimado de leitura":"1 minuto"},"schema":{"@context":"https:\/\/schema.org","@graph":[{"@type":"Article","@id":"https:\/\/portaltela.pt\/noticias\/2026\/02\/03\/cuba-admite-troca-de-mensagens-com-washington\/#article","isPartOf":{"@id":"https:\/\/portaltela.pt\/noticias\/2026\/02\/03\/cuba-admite-troca-de-mensagens-com-washington\/"},"author":{"name":"Telinha","@id":"https:\/\/portaltela.pt\/#\/schema\/person\/c4278d4a6028830caff9ee44b42d32ed"},"headline":"Cuba admite troca de mensagens com Washington","datePublished":"2026-02-03T06:39:15+00:00","mainEntityOfPage":{"@id":"https:\/\/portaltela.pt\/noticias\/2026\/02\/03\/cuba-admite-troca-de-mensagens-com-washington\/"},"wordCount":281,"image":{"@id":"https:\/\/portaltela.pt\/noticias\/2026\/02\/03\/cuba-admite-troca-de-mensagens-com-washington\/#primaryimage"},"thumbnailUrl":"https:\/\/portaltela.pt\/s.01k8rhncp4jt1\/2026\/02\/naom_63892bb6e6924.jpg","keywords":["diplomacia","embargo econ\u00f4mico","embargos","Estados Unidos","pol\u00edtica","rela\u00e7\u00f5es internacionais"],"articleSection":["Not\u00edcias","Pol\u00edtica"],"inLanguage":"pt-PT"},{"@type":"WebPage","@id":"https:\/\/portaltela.pt\/noticias\/2026\/02\/03\/cuba-admite-troca-de-mensagens-com-washington\/","url":"https:\/\/portaltela.pt\/noticias\/2026\/02\/03\/cuba-admite-troca-de-mensagens-com-washington\/","name":"Cuba admite troca de mensagens com Washington - Portal Tela Portugal","isPartOf":{"@id":"https:\/\/portaltela.pt\/#website"},"primaryImageOfPage":{"@id":"https:\/\/portaltela.pt\/noticias\/2026\/02\/03\/cuba-admite-troca-de-mensagens-com-washington\/#primaryimage"},"image":{"@id":"https:\/\/portaltela.pt\/noticias\/2026\/02\/03\/cuba-admite-troca-de-mensagens-com-washington\/#primaryimage"},"thumbnailUrl":"https:\/\/portaltela.pt\/s.01k8rhncp4jt1\/2026\/02\/naom_63892bb6e6924.jpg","datePublished":"2026-02-03T06:39:15+00:00","author":{"@id":"https:\/\/portaltela.pt\/#\/schema\/person\/c4278d4a6028830caff9ee44b42d32ed"},"breadcrumb":{"@id":"https:\/\/portaltela.pt\/noticias\/2026\/02\/03\/cuba-admite-troca-de-mensagens-com-washington\/#breadcrumb"},"inLanguage":"pt-PT","potentialAction":[{"@type":"ReadAction","target":["https:\/\/portaltela.pt\/noticias\/2026\/02\/03\/cuba-admite-troca-de-mensagens-com-washington\/"]}]},{"@type":"ImageObject","inLanguage":"pt-PT","@id":"https:\/\/portaltela.pt\/noticias\/2026\/02\/03\/cuba-admite-troca-de-mensagens-com-washington\/#primaryimage","url":"https:\/\/portaltela.pt\/s.01k8rhncp4jt1\/2026\/02\/naom_63892bb6e6924.jpg","contentUrl":"https:\/\/portaltela.pt\/s.01k8rhncp4jt1\/2026\/02\/naom_63892bb6e6924.jpg","width":796,"height":448,"caption":"Cuba admite \"troca de mensagens\" com Washington"},{"@type":"BreadcrumbList","@id":"https:\/\/portaltela.pt\/noticias\/2026\/02\/03\/cuba-admite-troca-de-mensagens-com-washington\/#breadcrumb","itemListElement":[{"@type":"ListItem","position":1,"name":"In\u00edcio","item":"https:\/\/portaltela.pt\/"},{"@type":"ListItem","position":2,"name":"Cuba admite troca de mensagens com Washington"}]},{"@type":"WebSite","@id":"https:\/\/portaltela.pt\/#website","url":"https:\/\/portaltela.pt\/","name":"Portal Tela Portugal","description":"","potentialAction":[{"@type":"SearchAction","target":{"@type":"EntryPoint","urlTemplate":"https:\/\/portaltela.pt\/?s={search_term_string}"},"query-input":{"@type":"PropertyValueSpecification","valueRequired":true,"valueName":"search_term_string"}}],"inLanguage":"pt-PT"},{"@type":"Person","@id":"https:\/\/portaltela.pt\/#\/schema\/person\/c4278d4a6028830caff9ee44b42d32ed","name":"Telinha","image":{"@type":"ImageObject","inLanguage":"pt-PT","@id":"https:\/\/portaltela.pt\/s.01k8rhncp4jt1\/2025\/11\/talking-bot-125x125.png","url":"https:\/\/portaltela.pt\/s.01k8rhncp4jt1\/2025\/11\/talking-bot-125x125.png","contentUrl":"https:\/\/portaltela.pt\/s.01k8rhncp4jt1\/2025\/11\/talking-bot-125x125.png","caption":"Telinha"},"sameAs":["https:\/\/portaltela.pt\/"],"url":"https:\/\/portaltela.pt\/por\/367410592786\/"}]}},"_links":{"self":[{"href":"https:\/\/portaltela.pt\/api\/wp\/v2\/posts\/192821","targetHints":{"allow":["GET"]}}],"collection":[{"href":"https:\/\/portaltela.pt\/api\/wp\/v2\/posts"}],"about":[{"href":"https:\/\/portaltela.pt\/api\/wp\/v2\/types\/post"}],"author":[{"embeddable":true,"href":"https:\/\/portaltela.pt\/api\/wp\/v2\/users\/2"}],"replies":[{"embeddable":true,"href":"https:\/\/portaltela.pt\/api\/wp\/v2\/comments?post=192821"}],"version-history":[{"count":0,"href":"https:\/\/portaltela.pt\/api\/wp\/v2\/posts\/192821\/revisions"}],"wp:featuredmedia":[{"embeddable":true,"href":"https:\/\/portaltela.pt\/api\/wp\/v2\/media\/192823"}],"wp:attachment":[{"href":"https:\/\/portaltela.pt\/api\/wp\/v2\/media?parent=192821"}],"wp:term":[{"taxonomy":"category","embeddable":true,"href":"https:\/\/portaltela.pt\/api\/wp\/v2\/categories?post=192821"},{"taxonomy":"post_tag","embeddable":true,"href":"https:\/\/portaltela.pt\/api\/wp\/v2\/tags?post=192821"}],"curies":[{"name":"wp","href":"https:\/\/api.w.org\/{rel}","templated":true}]}}