{"id":192729,"date":"2026-02-03T00:18:00","date_gmt":"2026-02-03T03:18:00","guid":{"rendered":"https:\/\/portaltela.pt\/noticias\/2026\/02\/03\/precos-sobem-e-bolivar-desvaloriza-preocupando-luso-venezuelanos-apos-maduro\/"},"modified":"2026-02-03T00:18:00","modified_gmt":"2026-02-03T03:18:00","slug":"precos-sobem-e-bolivar-desvaloriza-preocupando-luso-venezuelanos-apos-maduro","status":"publish","type":"post","link":"https:\/\/portaltela.pt\/noticias\/internacional\/2026\/02\/03\/precos-sobem-e-bolivar-desvaloriza-preocupando-luso-venezuelanos-apos-maduro\/","title":{"rendered":"Pre\u00e7os sobem e bol\u00edvar desvaloriza, preocupando luso-venezuelanos ap\u00f3s Maduro"},"content":{"rendered":"<p>A subida dos pre\u00e7os e a desvaloriza\u00e7\u00e3o do bol\u00edvar continuam a preocupar a comunidade luso-venezuelana, a cerca de um m\u00eas da captura de Maduro. A informa\u00e7\u00e3o, apurada pela ag\u00eancia Lusa, aponta para impactos econ\u00f3micos que afectam fam\u00edlias, comerciantes e trabalhadores que mant\u00eam la\u00e7os com a Venezuela.<\/p>\n<p>Segundo informa\u00e7\u00f5es recolhidas, a deprecia\u00e7\u00e3o da moeda local dificulta a compra de bens b\u00e1sicos e aumenta a press\u00e3o sobre o custo de vida. Os luso-venezuelanos t\u00eam reportado dificuldades em manter ou ajustar os or\u00e7amentos familiares, especialmente para quem envia remessas ou depende de produtos importados.<\/p>\n<p>Analistas e representantes comunit\u00e1rios destacam a necessidade de monitorizar a evolu\u00e7\u00e3o cambial e macroecon\u00f3mica, bem como de manter canais de apoio a residentes que possam enfrentar vulnerabilidades. A situa\u00e7\u00e3o permanece sob observa\u00e7\u00e3o, com autoridades e organiza\u00e7\u00f5es civis a procurar respostas est\u00e1veis.<\/p>\n","protected":false},"excerpt":{"rendered":"<ul>\n<li>Subida dos pre\u00e7os e desvaloriza\u00e7\u00e3o do bol\u00edvar preocupam a comunidade luso-venezuelana.<\/li>\n<li>A situa\u00e7\u00e3o ocorre um m\u00eas ap\u00f3s a captura de Maduro.<\/li>\n<li>O conte\u00fado completo da not\u00edcia est\u00e1 dispon\u00edvel apenas para subscritores.<\/li>\n<li>O foco \u00e9 os impactos econ\u00f3micos sobre os luso-venezuelanos.<\/li>\n<li>N\u00e3o h\u00e1 detalhes adicionais dispon\u00edveis no excerto apresentado.<\/li>\n<\/ul>\n","protected":false},"author":2,"featured_media":192731,"comment_status":"closed","ping_status":"closed","sticky":false,"template":"","format":"standard","meta":{"footnotes":""},"categories":[4,1],"tags":[28,902,1957,1676,3155,2758],"class_list":["post-192729","post","type-post","status-publish","format-standard","has-post-thumbnail","hentry","category-internacional","category-noticias","tag-economia","tag-emigracao","tag-importacoes","tag-inflacao","tag-remessas","tag-venezuela"],"yoast_head":"<!-- This site is optimized with the Yoast SEO plugin v27.2 - https:\/\/yoast.com\/product\/yoast-seo-wordpress\/ -->\n<title>Pre\u00e7os sobem e bol\u00edvar desvaloriza, preocupando luso-venezuelanos ap\u00f3s Maduro - Portal Tela Portugal<\/title>\n<meta name=\"robots\" content=\"index, follow, max-snippet:-1, max-image-preview:large, max-video-preview:-1\" \/>\n<meta property=\"og:locale\" content=\"pt_PT\" \/>\n<meta property=\"og:type\" content=\"article\" \/>\n<meta property=\"og:title\" content=\"Pre\u00e7os sobem e bol\u00edvar desvaloriza, preocupando luso-venezuelanos ap\u00f3s Maduro - Portal Tela Portugal\" \/>\n<meta property=\"og:description\" content=\"Subida dos pre\u00e7os e desvaloriza\u00e7\u00e3o do bol\u00edvar preocupam a comunidade luso-venezuelana. A situa\u00e7\u00e3o ocorre um m\u00eas ap\u00f3s a captura de Maduro. O conte\u00fado completo da not\u00edcia est\u00e1 dispon\u00edvel apenas para subscritores. O foco \u00e9 os impactos econ\u00f3micos sobre os luso-venezuelanos. N\u00e3o h\u00e1 detalhes adicionais dispon\u00edveis no excerto apresentado.\" \/>\n<meta property=\"og:url\" content=\"https:\/\/portaltela.pt\/noticias\/2026\/02\/03\/precos-sobem-e-bolivar-desvaloriza-preocupando-luso-venezuelanos-apos-maduro\/\" \/>\n<meta property=\"og:site_name\" content=\"Portal Tela Portugal\" \/>\n<meta property=\"article:published_time\" content=\"2026-02-03T03:18:00+00:00\" \/>\n<meta name=\"author\" content=\"Telinha\" \/>\n<meta name=\"twitter:card\" content=\"summary_large_image\" \/>\n<meta name=\"twitter:label1\" content=\"Escrito por\" \/>\n\t<meta name=\"twitter:data1\" content=\"Telinha\" \/>\n\t<meta name=\"twitter:label2\" content=\"Tempo estimado de leitura\" \/>\n\t<meta name=\"twitter:data2\" content=\"1 minuto\" \/>\n<script type=\"application\/ld+json\" class=\"yoast-schema-graph\">{\"@context\":\"https:\/\/schema.org\",\"@graph\":[{\"@type\":\"Article\",\"@id\":\"https:\/\/portaltela.pt\/noticias\/2026\/02\/03\/precos-sobem-e-bolivar-desvaloriza-preocupando-luso-venezuelanos-apos-maduro\/#article\",\"isPartOf\":{\"@id\":\"https:\/\/portaltela.pt\/noticias\/2026\/02\/03\/precos-sobem-e-bolivar-desvaloriza-preocupando-luso-venezuelanos-apos-maduro\/\"},\"author\":{\"name\":\"Telinha\",\"@id\":\"https:\/\/portaltela.pt\/#\/schema\/person\/c4278d4a6028830caff9ee44b42d32ed\"},\"headline\":\"Pre\u00e7os sobem e bol\u00edvar desvaloriza, preocupando luso-venezuelanos ap\u00f3s Maduro\",\"datePublished\":\"2026-02-03T03:18:00+00:00\",\"mainEntityOfPage\":{\"@id\":\"https:\/\/portaltela.pt\/noticias\/2026\/02\/03\/precos-sobem-e-bolivar-desvaloriza-preocupando-luso-venezuelanos-apos-maduro\/\"},\"wordCount\":167,\"image\":{\"@id\":\"https:\/\/portaltela.pt\/noticias\/2026\/02\/03\/precos-sobem-e-bolivar-desvaloriza-preocupando-luso-venezuelanos-apos-maduro\/#primaryimage\"},\"thumbnailUrl\":\"https:\/\/portaltela.pt\/s.01k8rhncp4jt1\/2026\/02\/CACHE_780X1200_ANALOG_WATERMARKED_46478157_485635937500077.jpg\",\"keywords\":[\"economia\",\"emigra\u00e7\u00e3o\",\"importa\u00e7\u00f5es\",\"infla\u00e7\u00e3o\",\"remessas\",\"Venezuela\"],\"articleSection\":[\"Internacional\",\"Not\u00edcias\"],\"inLanguage\":\"pt-PT\"},{\"@type\":\"WebPage\",\"@id\":\"https:\/\/portaltela.pt\/noticias\/2026\/02\/03\/precos-sobem-e-bolivar-desvaloriza-preocupando-luso-venezuelanos-apos-maduro\/\",\"url\":\"https:\/\/portaltela.pt\/noticias\/2026\/02\/03\/precos-sobem-e-bolivar-desvaloriza-preocupando-luso-venezuelanos-apos-maduro\/\",\"name\":\"Pre\u00e7os sobem e bol\u00edvar desvaloriza, preocupando luso-venezuelanos ap\u00f3s Maduro - Portal Tela Portugal\",\"isPartOf\":{\"@id\":\"https:\/\/portaltela.pt\/#website\"},\"primaryImageOfPage\":{\"@id\":\"https:\/\/portaltela.pt\/noticias\/2026\/02\/03\/precos-sobem-e-bolivar-desvaloriza-preocupando-luso-venezuelanos-apos-maduro\/#primaryimage\"},\"image\":{\"@id\":\"https:\/\/portaltela.pt\/noticias\/2026\/02\/03\/precos-sobem-e-bolivar-desvaloriza-preocupando-luso-venezuelanos-apos-maduro\/#primaryimage\"},\"thumbnailUrl\":\"https:\/\/portaltela.pt\/s.01k8rhncp4jt1\/2026\/02\/CACHE_780X1200_ANALOG_WATERMARKED_46478157_485635937500077.jpg\",\"datePublished\":\"2026-02-03T03:18:00+00:00\",\"author\":{\"@id\":\"https:\/\/portaltela.pt\/#\/schema\/person\/c4278d4a6028830caff9ee44b42d32ed\"},\"breadcrumb\":{\"@id\":\"https:\/\/portaltela.pt\/noticias\/2026\/02\/03\/precos-sobem-e-bolivar-desvaloriza-preocupando-luso-venezuelanos-apos-maduro\/#breadcrumb\"},\"inLanguage\":\"pt-PT\",\"potentialAction\":[{\"@type\":\"ReadAction\",\"target\":[\"https:\/\/portaltela.pt\/noticias\/2026\/02\/03\/precos-sobem-e-bolivar-desvaloriza-preocupando-luso-venezuelanos-apos-maduro\/\"]}]},{\"@type\":\"ImageObject\",\"inLanguage\":\"pt-PT\",\"@id\":\"https:\/\/portaltela.pt\/noticias\/2026\/02\/03\/precos-sobem-e-bolivar-desvaloriza-preocupando-luso-venezuelanos-apos-maduro\/#primaryimage\",\"url\":\"https:\/\/portaltela.pt\/s.01k8rhncp4jt1\/2026\/02\/CACHE_780X1200_ANALOG_WATERMARKED_46478157_485635937500077.jpg\",\"contentUrl\":\"https:\/\/portaltela.pt\/s.01k8rhncp4jt1\/2026\/02\/CACHE_780X1200_ANALOG_WATERMARKED_46478157_485635937500077.jpg\",\"width\":796,\"height\":448,\"caption\":\"Subida dos pre\u00e7os e desvaloriza\u00e7\u00e3o do bol\u00edvar preocupam luso-venezuelanos um m\u00eas ap\u00f3s captura de Maduro\"},{\"@type\":\"BreadcrumbList\",\"@id\":\"https:\/\/portaltela.pt\/noticias\/2026\/02\/03\/precos-sobem-e-bolivar-desvaloriza-preocupando-luso-venezuelanos-apos-maduro\/#breadcrumb\",\"itemListElement\":[{\"@type\":\"ListItem\",\"position\":1,\"name\":\"In\u00edcio\",\"item\":\"https:\/\/portaltela.pt\/\"},{\"@type\":\"ListItem\",\"position\":2,\"name\":\"Pre\u00e7os sobem e bol\u00edvar desvaloriza, preocupando luso-venezuelanos ap\u00f3s Maduro\"}]},{\"@type\":\"WebSite\",\"@id\":\"https:\/\/portaltela.pt\/#website\",\"url\":\"https:\/\/portaltela.pt\/\",\"name\":\"Portal Tela Portugal\",\"description\":\"\",\"potentialAction\":[{\"@type\":\"SearchAction\",\"target\":{\"@type\":\"EntryPoint\",\"urlTemplate\":\"https:\/\/portaltela.pt\/?s={search_term_string}\"},\"query-input\":{\"@type\":\"PropertyValueSpecification\",\"valueRequired\":true,\"valueName\":\"search_term_string\"}}],\"inLanguage\":\"pt-PT\"},{\"@type\":\"Person\",\"@id\":\"https:\/\/portaltela.pt\/#\/schema\/person\/c4278d4a6028830caff9ee44b42d32ed\",\"name\":\"Telinha\",\"image\":{\"@type\":\"ImageObject\",\"inLanguage\":\"pt-PT\",\"@id\":\"https:\/\/portaltela.pt\/s.01k8rhncp4jt1\/2025\/11\/talking-bot-125x125.png\",\"url\":\"https:\/\/portaltela.pt\/s.01k8rhncp4jt1\/2025\/11\/talking-bot-125x125.png\",\"contentUrl\":\"https:\/\/portaltela.pt\/s.01k8rhncp4jt1\/2025\/11\/talking-bot-125x125.png\",\"caption\":\"Telinha\"},\"sameAs\":[\"https:\/\/portaltela.pt\/\"],\"url\":\"https:\/\/portaltela.pt\/por\/367410592786\/\"}]}<\/script>\n<!-- \/ Yoast SEO plugin. -->","yoast_head_json":{"title":"Pre\u00e7os sobem e bol\u00edvar desvaloriza, preocupando luso-venezuelanos ap\u00f3s Maduro - Portal Tela Portugal","robots":{"index":"index","follow":"follow","max-snippet":"max-snippet:-1","max-image-preview":"max-image-preview:large","max-video-preview":"max-video-preview:-1"},"og_locale":"pt_PT","og_type":"article","og_title":"Pre\u00e7os sobem e bol\u00edvar desvaloriza, preocupando luso-venezuelanos ap\u00f3s Maduro - Portal Tela Portugal","og_description":"Subida dos pre\u00e7os e desvaloriza\u00e7\u00e3o do bol\u00edvar preocupam a comunidade luso-venezuelana. A situa\u00e7\u00e3o ocorre um m\u00eas ap\u00f3s a captura de Maduro. O conte\u00fado completo da not\u00edcia est\u00e1 dispon\u00edvel apenas para subscritores. O foco \u00e9 os impactos econ\u00f3micos sobre os luso-venezuelanos. N\u00e3o h\u00e1 detalhes adicionais dispon\u00edveis no excerto apresentado.","og_url":"https:\/\/portaltela.pt\/noticias\/2026\/02\/03\/precos-sobem-e-bolivar-desvaloriza-preocupando-luso-venezuelanos-apos-maduro\/","og_site_name":"Portal Tela Portugal","article_published_time":"2026-02-03T03:18:00+00:00","author":"Telinha","twitter_card":"summary_large_image","twitter_misc":{"Escrito por":"Telinha","Tempo estimado de leitura":"1 minuto"},"schema":{"@context":"https:\/\/schema.org","@graph":[{"@type":"Article","@id":"https:\/\/portaltela.pt\/noticias\/2026\/02\/03\/precos-sobem-e-bolivar-desvaloriza-preocupando-luso-venezuelanos-apos-maduro\/#article","isPartOf":{"@id":"https:\/\/portaltela.pt\/noticias\/2026\/02\/03\/precos-sobem-e-bolivar-desvaloriza-preocupando-luso-venezuelanos-apos-maduro\/"},"author":{"name":"Telinha","@id":"https:\/\/portaltela.pt\/#\/schema\/person\/c4278d4a6028830caff9ee44b42d32ed"},"headline":"Pre\u00e7os sobem e bol\u00edvar desvaloriza, preocupando luso-venezuelanos ap\u00f3s Maduro","datePublished":"2026-02-03T03:18:00+00:00","mainEntityOfPage":{"@id":"https:\/\/portaltela.pt\/noticias\/2026\/02\/03\/precos-sobem-e-bolivar-desvaloriza-preocupando-luso-venezuelanos-apos-maduro\/"},"wordCount":167,"image":{"@id":"https:\/\/portaltela.pt\/noticias\/2026\/02\/03\/precos-sobem-e-bolivar-desvaloriza-preocupando-luso-venezuelanos-apos-maduro\/#primaryimage"},"thumbnailUrl":"https:\/\/portaltela.pt\/s.01k8rhncp4jt1\/2026\/02\/CACHE_780X1200_ANALOG_WATERMARKED_46478157_485635937500077.jpg","keywords":["economia","emigra\u00e7\u00e3o","importa\u00e7\u00f5es","infla\u00e7\u00e3o","remessas","Venezuela"],"articleSection":["Internacional","Not\u00edcias"],"inLanguage":"pt-PT"},{"@type":"WebPage","@id":"https:\/\/portaltela.pt\/noticias\/2026\/02\/03\/precos-sobem-e-bolivar-desvaloriza-preocupando-luso-venezuelanos-apos-maduro\/","url":"https:\/\/portaltela.pt\/noticias\/2026\/02\/03\/precos-sobem-e-bolivar-desvaloriza-preocupando-luso-venezuelanos-apos-maduro\/","name":"Pre\u00e7os sobem e bol\u00edvar desvaloriza, preocupando luso-venezuelanos ap\u00f3s Maduro - Portal Tela Portugal","isPartOf":{"@id":"https:\/\/portaltela.pt\/#website"},"primaryImageOfPage":{"@id":"https:\/\/portaltela.pt\/noticias\/2026\/02\/03\/precos-sobem-e-bolivar-desvaloriza-preocupando-luso-venezuelanos-apos-maduro\/#primaryimage"},"image":{"@id":"https:\/\/portaltela.pt\/noticias\/2026\/02\/03\/precos-sobem-e-bolivar-desvaloriza-preocupando-luso-venezuelanos-apos-maduro\/#primaryimage"},"thumbnailUrl":"https:\/\/portaltela.pt\/s.01k8rhncp4jt1\/2026\/02\/CACHE_780X1200_ANALOG_WATERMARKED_46478157_485635937500077.jpg","datePublished":"2026-02-03T03:18:00+00:00","author":{"@id":"https:\/\/portaltela.pt\/#\/schema\/person\/c4278d4a6028830caff9ee44b42d32ed"},"breadcrumb":{"@id":"https:\/\/portaltela.pt\/noticias\/2026\/02\/03\/precos-sobem-e-bolivar-desvaloriza-preocupando-luso-venezuelanos-apos-maduro\/#breadcrumb"},"inLanguage":"pt-PT","potentialAction":[{"@type":"ReadAction","target":["https:\/\/portaltela.pt\/noticias\/2026\/02\/03\/precos-sobem-e-bolivar-desvaloriza-preocupando-luso-venezuelanos-apos-maduro\/"]}]},{"@type":"ImageObject","inLanguage":"pt-PT","@id":"https:\/\/portaltela.pt\/noticias\/2026\/02\/03\/precos-sobem-e-bolivar-desvaloriza-preocupando-luso-venezuelanos-apos-maduro\/#primaryimage","url":"https:\/\/portaltela.pt\/s.01k8rhncp4jt1\/2026\/02\/CACHE_780X1200_ANALOG_WATERMARKED_46478157_485635937500077.jpg","contentUrl":"https:\/\/portaltela.pt\/s.01k8rhncp4jt1\/2026\/02\/CACHE_780X1200_ANALOG_WATERMARKED_46478157_485635937500077.jpg","width":796,"height":448,"caption":"Subida dos pre\u00e7os e desvaloriza\u00e7\u00e3o do bol\u00edvar preocupam luso-venezuelanos um m\u00eas ap\u00f3s captura de Maduro"},{"@type":"BreadcrumbList","@id":"https:\/\/portaltela.pt\/noticias\/2026\/02\/03\/precos-sobem-e-bolivar-desvaloriza-preocupando-luso-venezuelanos-apos-maduro\/#breadcrumb","itemListElement":[{"@type":"ListItem","position":1,"name":"In\u00edcio","item":"https:\/\/portaltela.pt\/"},{"@type":"ListItem","position":2,"name":"Pre\u00e7os sobem e bol\u00edvar desvaloriza, preocupando luso-venezuelanos ap\u00f3s Maduro"}]},{"@type":"WebSite","@id":"https:\/\/portaltela.pt\/#website","url":"https:\/\/portaltela.pt\/","name":"Portal Tela Portugal","description":"","potentialAction":[{"@type":"SearchAction","target":{"@type":"EntryPoint","urlTemplate":"https:\/\/portaltela.pt\/?s={search_term_string}"},"query-input":{"@type":"PropertyValueSpecification","valueRequired":true,"valueName":"search_term_string"}}],"inLanguage":"pt-PT"},{"@type":"Person","@id":"https:\/\/portaltela.pt\/#\/schema\/person\/c4278d4a6028830caff9ee44b42d32ed","name":"Telinha","image":{"@type":"ImageObject","inLanguage":"pt-PT","@id":"https:\/\/portaltela.pt\/s.01k8rhncp4jt1\/2025\/11\/talking-bot-125x125.png","url":"https:\/\/portaltela.pt\/s.01k8rhncp4jt1\/2025\/11\/talking-bot-125x125.png","contentUrl":"https:\/\/portaltela.pt\/s.01k8rhncp4jt1\/2025\/11\/talking-bot-125x125.png","caption":"Telinha"},"sameAs":["https:\/\/portaltela.pt\/"],"url":"https:\/\/portaltela.pt\/por\/367410592786\/"}]}},"_links":{"self":[{"href":"https:\/\/portaltela.pt\/api\/wp\/v2\/posts\/192729","targetHints":{"allow":["GET"]}}],"collection":[{"href":"https:\/\/portaltela.pt\/api\/wp\/v2\/posts"}],"about":[{"href":"https:\/\/portaltela.pt\/api\/wp\/v2\/types\/post"}],"author":[{"embeddable":true,"href":"https:\/\/portaltela.pt\/api\/wp\/v2\/users\/2"}],"replies":[{"embeddable":true,"href":"https:\/\/portaltela.pt\/api\/wp\/v2\/comments?post=192729"}],"version-history":[{"count":0,"href":"https:\/\/portaltela.pt\/api\/wp\/v2\/posts\/192729\/revisions"}],"wp:featuredmedia":[{"embeddable":true,"href":"https:\/\/portaltela.pt\/api\/wp\/v2\/media\/192731"}],"wp:attachment":[{"href":"https:\/\/portaltela.pt\/api\/wp\/v2\/media?parent=192729"}],"wp:term":[{"taxonomy":"category","embeddable":true,"href":"https:\/\/portaltela.pt\/api\/wp\/v2\/categories?post=192729"},{"taxonomy":"post_tag","embeddable":true,"href":"https:\/\/portaltela.pt\/api\/wp\/v2\/tags?post=192729"}],"curies":[{"name":"wp","href":"https:\/\/api.w.org\/{rel}","templated":true}]}}