{"id":192720,"date":"2026-02-03T01:05:00","date_gmt":"2026-02-03T04:05:00","guid":{"rendered":"https:\/\/portaltela.pt\/noticias\/2026\/02\/03\/cuidados-continuados-lamentam-aumentos-e-preveem-mais-encerramentos\/"},"modified":"2026-02-03T01:05:00","modified_gmt":"2026-02-03T04:05:00","slug":"cuidados-continuados-lamentam-aumentos-e-preveem-mais-encerramentos","status":"publish","type":"post","link":"https:\/\/portaltela.pt\/noticias\/2026\/02\/03\/cuidados-continuados-lamentam-aumentos-e-preveem-mais-encerramentos\/","title":{"rendered":"Cuidados Continuados lamentam aumentos e preveem mais encerramentos"},"content":{"rendered":"<p>A Associa\u00e7\u00e3o Nacional de Cuidados Continuados (ANCC) denunciou nesta segunda-feira que as institui\u00e7\u00f5es do setor suportaram, em janeiro, aumentos nos custos salariais sem compensa\u00e7\u00e3o. O presidente da ANCC, Jos\u00e9 Bourdain, afirmou que o Governo mant\u00e9m congelados os pre\u00e7os pagos pelo setor, criando um desequil\u00edbrio financeiro.<\/p>\n<p>Segundo a ANCC, em janeiro abriram-se menos 110 camas face ao mesmo m\u00eas do ano passado em institui\u00e7\u00f5es privadas de solidariedade social, porque o financiamento por cama n\u00e3o cobre os gastos. O respons\u00e1vel sublinhou que o Governo imp\u00f5e encargos crescentes, sobretudo com sal\u00e1rios, sem ajustamento correspondente dos pre\u00e7os.<\/p>\n<p>Bourdain lembrou que as institui\u00e7\u00f5es s\u00e3o respons\u00e1veis por cuidados que v\u00e3o desde a reabilita\u00e7\u00e3o at\u00e9 ao acompanhamento de pessoas em fim de vida. Acrescentou que, no ano anterior, a atualiza\u00e7\u00e3o dos pagamentos n\u00e3o cobriu o aumento salarial, o que atrasou o progresso do setor.<\/p>\n<h3>Entidades p\u00fablicas e financiamento<\/h3>\n<p>Meio de janeiro indicava quase 2.800 utentes hospitalares \u00e0 espera de resposta social ou de vaga em cuidados continuados, segundo dados da Dire\u00e7\u00e3o Executiva do SNS. Paralelamente, o Governo anunciou o pagamento de 1.876,30 euros por cama interm\u00e9dia no setor social para libertar vagas.<\/p>\n<p>A ANCC recorda ainda que j\u00e1 houve corte de novas camas previstas no Plano de Recupera\u00e7\u00e3o e Resili\u00eancia (PRR). O presidente da Comiss\u00e3o Nacional de Acompanhamento do PRR, Pedro Dominguinhos, confirmou a redu\u00e7\u00e3o de cerca de 3.500 lugares na rede de cuidados continuados.<\/p>\n<h3>Perspetiva de longo prazo<\/h3>\n<p>Ouvido no Parlamento, Dominguinhos alertou para implica\u00e7\u00f5es significativas na capacidade de resposta social de Portugal se n\u00e3o houver instrumento financeiro que acompanhe a redu\u00e7\u00e3o prevista. O subfinanciamento j\u00e1 levou, segundo a ANCC, a n\u00e3o abertura de 110 camas em janeiro.<\/p>\n<p>Dados da DE-SNS apontaram, a meio de janeiro, 2.034 pessoas nos hospitais \u00e0 espera de vaga na RNCCI, abrangendo cuidados continuados, domicili\u00e1rios, sa\u00fade mental, pediatria e paliativos. Um estudo da Faculdade de Economia da UFOP, de setembro, associa preju\u00edzo de cerca de 125 mil euros por institui\u00e7\u00e3o em 2024.<\/p>\n<h3>Propostas de atualiza\u00e7\u00e3o<\/h3>\n<p>Os peritos da Faculdade de Economia da Universidade do Porto defendem uma nova f\u00f3rmula de atualiza\u00e7\u00e3o anual dos pre\u00e7os pagos pelo Estado, que reconhe\u00e7a dois fatores: atualiza\u00e7\u00e3o do sal\u00e1rio m\u00ednimo nacional e infla\u00e7\u00e3o esperada. A atual conjuntura \u00e9 apontada como fator de instabilidade financeira para o setor.<\/p>\n","protected":false},"excerpt":{"rendered":"<ul>\n<li>A Associa\u00e7\u00e3o Nacional de Cuidados Continuados (ANCC) denuncia aumentos salariais em janeiro sem compensa\u00e7\u00e3o e avisa que mais camas podem fechar.<\/li>\n<li>Em janeiro foram abertas 110 camas a menos em institui\u00e7\u00f5es privadas de solidariedade social devido ao subfinanciamento.<\/li>\n<li>A meio de janeiro, 2.034 utentes estavam nos hospitais \u00e0 espera de vaga na Rede Nacional de Cuidados Continuados Integrados (RNCCI).<\/li>\n<li>O Governo anunciou pagamento de 1.876,30 euros por cama interm\u00e9dia no setor social para libertar camas ocupadas por casos sociais.<\/li>\n<li>Um estudo da Faculdade de Economia da Universidade do Porto aponta um preju\u00edzo de cerca de 125 mil euros por institui\u00e7\u00e3o em 2024 e prop\u00f5e nova f\u00f3rmula de atualiza\u00e7\u00e3o dos pre\u00e7os pagos pelo Estado.<\/li>\n<\/ul>\n","protected":false},"author":2,"featured_media":192721,"comment_status":"closed","ping_status":"closed","sticky":false,"template":"","format":"standard","meta":{"footnotes":""},"categories":[1],"tags":[911,733,2417,172,271,243],"class_list":["post-192720","post","type-post","status-publish","format-standard","has-post-thumbnail","hentry","category-noticias","tag-cuidados-paliativos","tag-financas-publicas","tag-financiamento","tag-saude","tag-saude-publica","tag-seguranca-social"],"yoast_head":"<!-- This site is optimized with the Yoast SEO plugin v27.2 - https:\/\/yoast.com\/product\/yoast-seo-wordpress\/ -->\n<title>Cuidados Continuados lamentam aumentos e preveem mais encerramentos - Portal Tela Portugal<\/title>\n<meta name=\"robots\" content=\"index, follow, max-snippet:-1, max-image-preview:large, max-video-preview:-1\" \/>\n<meta property=\"og:locale\" content=\"pt_PT\" \/>\n<meta property=\"og:type\" content=\"article\" \/>\n<meta property=\"og:title\" content=\"Cuidados Continuados lamentam aumentos e preveem mais encerramentos - Portal Tela Portugal\" \/>\n<meta property=\"og:description\" content=\"A Associa\u00e7\u00e3o Nacional de Cuidados Continuados (ANCC) denuncia aumentos salariais em janeiro sem compensa\u00e7\u00e3o e avisa que mais camas podem fechar. Em janeiro foram abertas 110 camas a menos em institui\u00e7\u00f5es privadas de solidariedade social devido ao subfinanciamento. A meio de janeiro, 2.034 utentes estavam nos hospitais \u00e0 espera de vaga na Rede Nacional de Cuidados Continuados Integrados (RNCCI). O Governo anunciou pagamento de 1.876,30 euros por cama interm\u00e9dia no setor social para libertar camas ocupadas por casos sociais. Um estudo da Faculdade de Economia da Universidade do Porto aponta um preju\u00edzo de cerca de 125 mil euros por institui\u00e7\u00e3o em 2024 e prop\u00f5e nova f\u00f3rmula de atualiza\u00e7\u00e3o dos pre\u00e7os pagos pelo Estado.\" \/>\n<meta property=\"og:url\" content=\"https:\/\/portaltela.pt\/noticias\/2026\/02\/03\/cuidados-continuados-lamentam-aumentos-e-preveem-mais-encerramentos\/\" \/>\n<meta property=\"og:site_name\" content=\"Portal Tela Portugal\" \/>\n<meta property=\"article:published_time\" content=\"2026-02-03T04:05:00+00:00\" \/>\n<meta name=\"author\" content=\"Telinha\" \/>\n<meta name=\"twitter:card\" content=\"summary_large_image\" \/>\n<meta name=\"twitter:label1\" content=\"Escrito por\" \/>\n\t<meta name=\"twitter:data1\" content=\"Telinha\" \/>\n\t<meta name=\"twitter:label2\" content=\"Tempo estimado de leitura\" \/>\n\t<meta name=\"twitter:data2\" content=\"2 minutos\" \/>\n<script type=\"application\/ld+json\" class=\"yoast-schema-graph\">{\"@context\":\"https:\/\/schema.org\",\"@graph\":[{\"@type\":\"Article\",\"@id\":\"https:\/\/portaltela.pt\/noticias\/2026\/02\/03\/cuidados-continuados-lamentam-aumentos-e-preveem-mais-encerramentos\/#article\",\"isPartOf\":{\"@id\":\"https:\/\/portaltela.pt\/noticias\/2026\/02\/03\/cuidados-continuados-lamentam-aumentos-e-preveem-mais-encerramentos\/\"},\"author\":{\"name\":\"Telinha\",\"@id\":\"https:\/\/portaltela.pt\/#\/schema\/person\/c4278d4a6028830caff9ee44b42d32ed\"},\"headline\":\"Cuidados Continuados lamentam aumentos e preveem mais encerramentos\",\"datePublished\":\"2026-02-03T04:05:00+00:00\",\"mainEntityOfPage\":{\"@id\":\"https:\/\/portaltela.pt\/noticias\/2026\/02\/03\/cuidados-continuados-lamentam-aumentos-e-preveem-mais-encerramentos\/\"},\"wordCount\":412,\"image\":{\"@id\":\"https:\/\/portaltela.pt\/noticias\/2026\/02\/03\/cuidados-continuados-lamentam-aumentos-e-preveem-mais-encerramentos\/#primaryimage\"},\"thumbnailUrl\":\"https:\/\/portaltela.pt\/s.01k8rhncp4jt1\/2026\/02\/unnamed-file-652.jpg\",\"keywords\":[\"cuidados paliativos\",\"finan\u00e7as p\u00fablicas\",\"financiamento\",\"sa\u00fade\",\"sa\u00fade p\u00fablica\",\"seguran\u00e7a social\"],\"articleSection\":[\"Not\u00edcias\"],\"inLanguage\":\"pt-PT\"},{\"@type\":\"WebPage\",\"@id\":\"https:\/\/portaltela.pt\/noticias\/2026\/02\/03\/cuidados-continuados-lamentam-aumentos-e-preveem-mais-encerramentos\/\",\"url\":\"https:\/\/portaltela.pt\/noticias\/2026\/02\/03\/cuidados-continuados-lamentam-aumentos-e-preveem-mais-encerramentos\/\",\"name\":\"Cuidados Continuados lamentam aumentos e preveem mais encerramentos - Portal Tela Portugal\",\"isPartOf\":{\"@id\":\"https:\/\/portaltela.pt\/#website\"},\"primaryImageOfPage\":{\"@id\":\"https:\/\/portaltela.pt\/noticias\/2026\/02\/03\/cuidados-continuados-lamentam-aumentos-e-preveem-mais-encerramentos\/#primaryimage\"},\"image\":{\"@id\":\"https:\/\/portaltela.pt\/noticias\/2026\/02\/03\/cuidados-continuados-lamentam-aumentos-e-preveem-mais-encerramentos\/#primaryimage\"},\"thumbnailUrl\":\"https:\/\/portaltela.pt\/s.01k8rhncp4jt1\/2026\/02\/unnamed-file-652.jpg\",\"datePublished\":\"2026-02-03T04:05:00+00:00\",\"author\":{\"@id\":\"https:\/\/portaltela.pt\/#\/schema\/person\/c4278d4a6028830caff9ee44b42d32ed\"},\"breadcrumb\":{\"@id\":\"https:\/\/portaltela.pt\/noticias\/2026\/02\/03\/cuidados-continuados-lamentam-aumentos-e-preveem-mais-encerramentos\/#breadcrumb\"},\"inLanguage\":\"pt-PT\",\"potentialAction\":[{\"@type\":\"ReadAction\",\"target\":[\"https:\/\/portaltela.pt\/noticias\/2026\/02\/03\/cuidados-continuados-lamentam-aumentos-e-preveem-mais-encerramentos\/\"]}]},{\"@type\":\"ImageObject\",\"inLanguage\":\"pt-PT\",\"@id\":\"https:\/\/portaltela.pt\/noticias\/2026\/02\/03\/cuidados-continuados-lamentam-aumentos-e-preveem-mais-encerramentos\/#primaryimage\",\"url\":\"https:\/\/portaltela.pt\/s.01k8rhncp4jt1\/2026\/02\/unnamed-file-652.jpg\",\"contentUrl\":\"https:\/\/portaltela.pt\/s.01k8rhncp4jt1\/2026\/02\/unnamed-file-652.jpg\",\"width\":796,\"height\":448,\"caption\":\"Cuidados Continuados lamentam ter de suportar aumentos e admitem mais encerramentos\"},{\"@type\":\"BreadcrumbList\",\"@id\":\"https:\/\/portaltela.pt\/noticias\/2026\/02\/03\/cuidados-continuados-lamentam-aumentos-e-preveem-mais-encerramentos\/#breadcrumb\",\"itemListElement\":[{\"@type\":\"ListItem\",\"position\":1,\"name\":\"In\u00edcio\",\"item\":\"https:\/\/portaltela.pt\/\"},{\"@type\":\"ListItem\",\"position\":2,\"name\":\"Cuidados Continuados lamentam aumentos e preveem mais encerramentos\"}]},{\"@type\":\"WebSite\",\"@id\":\"https:\/\/portaltela.pt\/#website\",\"url\":\"https:\/\/portaltela.pt\/\",\"name\":\"Portal Tela Portugal\",\"description\":\"\",\"potentialAction\":[{\"@type\":\"SearchAction\",\"target\":{\"@type\":\"EntryPoint\",\"urlTemplate\":\"https:\/\/portaltela.pt\/?s={search_term_string}\"},\"query-input\":{\"@type\":\"PropertyValueSpecification\",\"valueRequired\":true,\"valueName\":\"search_term_string\"}}],\"inLanguage\":\"pt-PT\"},{\"@type\":\"Person\",\"@id\":\"https:\/\/portaltela.pt\/#\/schema\/person\/c4278d4a6028830caff9ee44b42d32ed\",\"name\":\"Telinha\",\"image\":{\"@type\":\"ImageObject\",\"inLanguage\":\"pt-PT\",\"@id\":\"https:\/\/portaltela.pt\/s.01k8rhncp4jt1\/2025\/11\/talking-bot-125x125.png\",\"url\":\"https:\/\/portaltela.pt\/s.01k8rhncp4jt1\/2025\/11\/talking-bot-125x125.png\",\"contentUrl\":\"https:\/\/portaltela.pt\/s.01k8rhncp4jt1\/2025\/11\/talking-bot-125x125.png\",\"caption\":\"Telinha\"},\"sameAs\":[\"https:\/\/portaltela.pt\/\"],\"url\":\"https:\/\/portaltela.pt\/por\/367410592786\/\"}]}<\/script>\n<!-- \/ Yoast SEO plugin. -->","yoast_head_json":{"title":"Cuidados Continuados lamentam aumentos e preveem mais encerramentos - Portal Tela Portugal","robots":{"index":"index","follow":"follow","max-snippet":"max-snippet:-1","max-image-preview":"max-image-preview:large","max-video-preview":"max-video-preview:-1"},"og_locale":"pt_PT","og_type":"article","og_title":"Cuidados Continuados lamentam aumentos e preveem mais encerramentos - Portal Tela Portugal","og_description":"A Associa\u00e7\u00e3o Nacional de Cuidados Continuados (ANCC) denuncia aumentos salariais em janeiro sem compensa\u00e7\u00e3o e avisa que mais camas podem fechar. Em janeiro foram abertas 110 camas a menos em institui\u00e7\u00f5es privadas de solidariedade social devido ao subfinanciamento. A meio de janeiro, 2.034 utentes estavam nos hospitais \u00e0 espera de vaga na Rede Nacional de Cuidados Continuados Integrados (RNCCI). O Governo anunciou pagamento de 1.876,30 euros por cama interm\u00e9dia no setor social para libertar camas ocupadas por casos sociais. Um estudo da Faculdade de Economia da Universidade do Porto aponta um preju\u00edzo de cerca de 125 mil euros por institui\u00e7\u00e3o em 2024 e prop\u00f5e nova f\u00f3rmula de atualiza\u00e7\u00e3o dos pre\u00e7os pagos pelo Estado.","og_url":"https:\/\/portaltela.pt\/noticias\/2026\/02\/03\/cuidados-continuados-lamentam-aumentos-e-preveem-mais-encerramentos\/","og_site_name":"Portal Tela Portugal","article_published_time":"2026-02-03T04:05:00+00:00","author":"Telinha","twitter_card":"summary_large_image","twitter_misc":{"Escrito por":"Telinha","Tempo estimado de leitura":"2 minutos"},"schema":{"@context":"https:\/\/schema.org","@graph":[{"@type":"Article","@id":"https:\/\/portaltela.pt\/noticias\/2026\/02\/03\/cuidados-continuados-lamentam-aumentos-e-preveem-mais-encerramentos\/#article","isPartOf":{"@id":"https:\/\/portaltela.pt\/noticias\/2026\/02\/03\/cuidados-continuados-lamentam-aumentos-e-preveem-mais-encerramentos\/"},"author":{"name":"Telinha","@id":"https:\/\/portaltela.pt\/#\/schema\/person\/c4278d4a6028830caff9ee44b42d32ed"},"headline":"Cuidados Continuados lamentam aumentos e preveem mais encerramentos","datePublished":"2026-02-03T04:05:00+00:00","mainEntityOfPage":{"@id":"https:\/\/portaltela.pt\/noticias\/2026\/02\/03\/cuidados-continuados-lamentam-aumentos-e-preveem-mais-encerramentos\/"},"wordCount":412,"image":{"@id":"https:\/\/portaltela.pt\/noticias\/2026\/02\/03\/cuidados-continuados-lamentam-aumentos-e-preveem-mais-encerramentos\/#primaryimage"},"thumbnailUrl":"https:\/\/portaltela.pt\/s.01k8rhncp4jt1\/2026\/02\/unnamed-file-652.jpg","keywords":["cuidados paliativos","finan\u00e7as p\u00fablicas","financiamento","sa\u00fade","sa\u00fade p\u00fablica","seguran\u00e7a social"],"articleSection":["Not\u00edcias"],"inLanguage":"pt-PT"},{"@type":"WebPage","@id":"https:\/\/portaltela.pt\/noticias\/2026\/02\/03\/cuidados-continuados-lamentam-aumentos-e-preveem-mais-encerramentos\/","url":"https:\/\/portaltela.pt\/noticias\/2026\/02\/03\/cuidados-continuados-lamentam-aumentos-e-preveem-mais-encerramentos\/","name":"Cuidados Continuados lamentam aumentos e preveem mais encerramentos - Portal Tela Portugal","isPartOf":{"@id":"https:\/\/portaltela.pt\/#website"},"primaryImageOfPage":{"@id":"https:\/\/portaltela.pt\/noticias\/2026\/02\/03\/cuidados-continuados-lamentam-aumentos-e-preveem-mais-encerramentos\/#primaryimage"},"image":{"@id":"https:\/\/portaltela.pt\/noticias\/2026\/02\/03\/cuidados-continuados-lamentam-aumentos-e-preveem-mais-encerramentos\/#primaryimage"},"thumbnailUrl":"https:\/\/portaltela.pt\/s.01k8rhncp4jt1\/2026\/02\/unnamed-file-652.jpg","datePublished":"2026-02-03T04:05:00+00:00","author":{"@id":"https:\/\/portaltela.pt\/#\/schema\/person\/c4278d4a6028830caff9ee44b42d32ed"},"breadcrumb":{"@id":"https:\/\/portaltela.pt\/noticias\/2026\/02\/03\/cuidados-continuados-lamentam-aumentos-e-preveem-mais-encerramentos\/#breadcrumb"},"inLanguage":"pt-PT","potentialAction":[{"@type":"ReadAction","target":["https:\/\/portaltela.pt\/noticias\/2026\/02\/03\/cuidados-continuados-lamentam-aumentos-e-preveem-mais-encerramentos\/"]}]},{"@type":"ImageObject","inLanguage":"pt-PT","@id":"https:\/\/portaltela.pt\/noticias\/2026\/02\/03\/cuidados-continuados-lamentam-aumentos-e-preveem-mais-encerramentos\/#primaryimage","url":"https:\/\/portaltela.pt\/s.01k8rhncp4jt1\/2026\/02\/unnamed-file-652.jpg","contentUrl":"https:\/\/portaltela.pt\/s.01k8rhncp4jt1\/2026\/02\/unnamed-file-652.jpg","width":796,"height":448,"caption":"Cuidados Continuados lamentam ter de suportar aumentos e admitem mais encerramentos"},{"@type":"BreadcrumbList","@id":"https:\/\/portaltela.pt\/noticias\/2026\/02\/03\/cuidados-continuados-lamentam-aumentos-e-preveem-mais-encerramentos\/#breadcrumb","itemListElement":[{"@type":"ListItem","position":1,"name":"In\u00edcio","item":"https:\/\/portaltela.pt\/"},{"@type":"ListItem","position":2,"name":"Cuidados Continuados lamentam aumentos e preveem mais encerramentos"}]},{"@type":"WebSite","@id":"https:\/\/portaltela.pt\/#website","url":"https:\/\/portaltela.pt\/","name":"Portal Tela Portugal","description":"","potentialAction":[{"@type":"SearchAction","target":{"@type":"EntryPoint","urlTemplate":"https:\/\/portaltela.pt\/?s={search_term_string}"},"query-input":{"@type":"PropertyValueSpecification","valueRequired":true,"valueName":"search_term_string"}}],"inLanguage":"pt-PT"},{"@type":"Person","@id":"https:\/\/portaltela.pt\/#\/schema\/person\/c4278d4a6028830caff9ee44b42d32ed","name":"Telinha","image":{"@type":"ImageObject","inLanguage":"pt-PT","@id":"https:\/\/portaltela.pt\/s.01k8rhncp4jt1\/2025\/11\/talking-bot-125x125.png","url":"https:\/\/portaltela.pt\/s.01k8rhncp4jt1\/2025\/11\/talking-bot-125x125.png","contentUrl":"https:\/\/portaltela.pt\/s.01k8rhncp4jt1\/2025\/11\/talking-bot-125x125.png","caption":"Telinha"},"sameAs":["https:\/\/portaltela.pt\/"],"url":"https:\/\/portaltela.pt\/por\/367410592786\/"}]}},"_links":{"self":[{"href":"https:\/\/portaltela.pt\/api\/wp\/v2\/posts\/192720","targetHints":{"allow":["GET"]}}],"collection":[{"href":"https:\/\/portaltela.pt\/api\/wp\/v2\/posts"}],"about":[{"href":"https:\/\/portaltela.pt\/api\/wp\/v2\/types\/post"}],"author":[{"embeddable":true,"href":"https:\/\/portaltela.pt\/api\/wp\/v2\/users\/2"}],"replies":[{"embeddable":true,"href":"https:\/\/portaltela.pt\/api\/wp\/v2\/comments?post=192720"}],"version-history":[{"count":0,"href":"https:\/\/portaltela.pt\/api\/wp\/v2\/posts\/192720\/revisions"}],"wp:featuredmedia":[{"embeddable":true,"href":"https:\/\/portaltela.pt\/api\/wp\/v2\/media\/192721"}],"wp:attachment":[{"href":"https:\/\/portaltela.pt\/api\/wp\/v2\/media?parent=192720"}],"wp:term":[{"taxonomy":"category","embeddable":true,"href":"https:\/\/portaltela.pt\/api\/wp\/v2\/categories?post=192720"},{"taxonomy":"post_tag","embeddable":true,"href":"https:\/\/portaltela.pt\/api\/wp\/v2\/tags?post=192720"}],"curies":[{"name":"wp","href":"https:\/\/api.w.org\/{rel}","templated":true}]}}