{"id":192711,"date":"2026-02-02T23:34:00","date_gmt":"2026-02-03T02:34:00","guid":{"rendered":"https:\/\/portaltela.pt\/noticias\/2026\/02\/02\/corina-machado-pronta-para-discutir-transicao-com-lider-interino-da-venezuela\/"},"modified":"2026-02-02T23:34:00","modified_gmt":"2026-02-03T02:34:00","slug":"corina-machado-pronta-para-discutir-transicao-com-lider-interino-da-venezuela","status":"publish","type":"post","link":"https:\/\/portaltela.pt\/noticias\/internacional\/2026\/02\/02\/corina-machado-pronta-para-discutir-transicao-com-lider-interino-da-venezuela\/","title":{"rendered":"Corina Machado pronta para discutir transi\u00e7\u00e3o com l\u00edder interino da Venezuela"},"content":{"rendered":"<p>Corina Machado, l\u00edder da oposi\u00e7\u00e3o na Venezuela, afirmou estar disposta a reunir-se com a presidente interina Delcy Rodr\u00edguez, caso seja necess\u00e1rio, para discutir a defini\u00e7\u00e3o de um cronograma de transi\u00e7\u00e3o. A posi\u00e7\u00e3o foi comunicada pela dirigente como parte de uma busca por di\u00e1logo pol\u00edtico.<\/p>\n<p>N\u00e3o foram divulgados detalhes sobre data, local ou formato da poss\u00edvel reuni\u00e3o. Machado destacou a import\u00e2ncia de avan\u00e7ar com um processo de transi\u00e7\u00e3o que envolva as principais for\u00e7as pol\u00edticas venezuelanas.<\/p>\n<p>A informa\u00e7\u00e3o surge no contexto de tentativas de normalizar a esfera pol\u00edtica do pa\u00eds, com o objetivo de organizar etapas que conduzam a uma transi\u00e7\u00e3o institucional. A imprensa local aponta para a necessidade de acordos entre as partes para assegurar um calend\u00e1rio vi\u00e1vel.<\/p>\n","protected":false},"excerpt":{"rendered":"<ul>\n<li>Mar\u00eda Corina Machado, l\u00edder da oposi\u00e7\u00e3o na Venezuela, afirmou estar disposta a reunir-se com a presidente interina Delcy Rodr\u00edguez, se necess\u00e1rio.<\/li>\n<li>O objetivo do encontro seria estabelecer um cronograma de transi\u00e7\u00e3o.<\/li>\n<li>Machado indicou disponibilidade para di\u00e1logo com a lideran\u00e7a interina para avan\u00e7ar esse processo.<\/li>\n<li>A not\u00edcia n\u00e3o apresenta datas espec\u00edficas nem detalhes adicionais sobre o conte\u00fado da discuss\u00e3o.<\/li>\n<\/ul>\n","protected":false},"author":2,"featured_media":192713,"comment_status":"closed","ping_status":"closed","sticky":false,"template":"","format":"standard","meta":{"footnotes":""},"categories":[4,1],"tags":[5207,1817,3767,2832,4417,2758],"class_list":["post-192711","post","type-post","status-publish","format-standard","has-post-thumbnail","hentry","category-internacional","category-noticias","tag-dialogo-internacional","tag-dialogo-politico","tag-oposicao","tag-politica","tag-transicao-territorial","tag-venezuela"],"yoast_head":"<!-- This site is optimized with the Yoast SEO plugin v27.2 - https:\/\/yoast.com\/product\/yoast-seo-wordpress\/ -->\n<title>Corina Machado pronta para discutir transi\u00e7\u00e3o com l\u00edder interino da Venezuela - Portal Tela Portugal<\/title>\n<meta name=\"robots\" content=\"index, follow, max-snippet:-1, max-image-preview:large, max-video-preview:-1\" \/>\n<meta property=\"og:locale\" content=\"pt_PT\" \/>\n<meta property=\"og:type\" content=\"article\" \/>\n<meta property=\"og:title\" content=\"Corina Machado pronta para discutir transi\u00e7\u00e3o com l\u00edder interino da Venezuela - Portal Tela Portugal\" \/>\n<meta property=\"og:description\" content=\"Mar\u00eda Corina Machado, l\u00edder da oposi\u00e7\u00e3o na Venezuela, afirmou estar disposta a reunir-se com a presidente interina Delcy Rodr\u00edguez, se necess\u00e1rio. O objetivo do encontro seria estabelecer um cronograma de transi\u00e7\u00e3o. Machado indicou disponibilidade para di\u00e1logo com a lideran\u00e7a interina para avan\u00e7ar esse processo. A not\u00edcia n\u00e3o apresenta datas espec\u00edficas nem detalhes adicionais sobre o conte\u00fado da discuss\u00e3o.\" \/>\n<meta property=\"og:url\" content=\"https:\/\/portaltela.pt\/noticias\/2026\/02\/02\/corina-machado-pronta-para-discutir-transicao-com-lider-interino-da-venezuela\/\" \/>\n<meta property=\"og:site_name\" content=\"Portal Tela Portugal\" \/>\n<meta property=\"article:published_time\" content=\"2026-02-03T02:34:00+00:00\" \/>\n<meta name=\"author\" content=\"Telinha\" \/>\n<meta name=\"twitter:card\" content=\"summary_large_image\" \/>\n<meta name=\"twitter:label1\" content=\"Escrito por\" \/>\n\t<meta name=\"twitter:data1\" content=\"Telinha\" \/>\n\t<meta name=\"twitter:label2\" content=\"Tempo estimado de leitura\" \/>\n\t<meta name=\"twitter:data2\" content=\"1 minuto\" \/>\n<script type=\"application\/ld+json\" class=\"yoast-schema-graph\">{\"@context\":\"https:\/\/schema.org\",\"@graph\":[{\"@type\":\"Article\",\"@id\":\"https:\/\/portaltela.pt\/noticias\/2026\/02\/02\/corina-machado-pronta-para-discutir-transicao-com-lider-interino-da-venezuela\/#article\",\"isPartOf\":{\"@id\":\"https:\/\/portaltela.pt\/noticias\/2026\/02\/02\/corina-machado-pronta-para-discutir-transicao-com-lider-interino-da-venezuela\/\"},\"author\":{\"name\":\"Telinha\",\"@id\":\"https:\/\/portaltela.pt\/#\/schema\/person\/c4278d4a6028830caff9ee44b42d32ed\"},\"headline\":\"Corina Machado pronta para discutir transi\u00e7\u00e3o com l\u00edder interino da Venezuela\",\"datePublished\":\"2026-02-03T02:34:00+00:00\",\"mainEntityOfPage\":{\"@id\":\"https:\/\/portaltela.pt\/noticias\/2026\/02\/02\/corina-machado-pronta-para-discutir-transicao-com-lider-interino-da-venezuela\/\"},\"wordCount\":153,\"image\":{\"@id\":\"https:\/\/portaltela.pt\/noticias\/2026\/02\/02\/corina-machado-pronta-para-discutir-transicao-com-lider-interino-da-venezuela\/#primaryimage\"},\"thumbnailUrl\":\"https:\/\/portaltela.pt\/s.01k8rhncp4jt1\/2026\/02\/CACHE_780X1200_ANALOG_WATERMARKED_46392381_1505539731627475.jpg\",\"keywords\":[\"Di\u00e1logo internacional\",\"Di\u00e1logo pol\u00edtico\",\"oposi\u00e7\u00e3o\",\"pol\u00edtica\",\"Transi\u00e7\u00e3o Territorial\",\"Venezuela\"],\"articleSection\":[\"Internacional\",\"Not\u00edcias\"],\"inLanguage\":\"pt-PT\"},{\"@type\":\"WebPage\",\"@id\":\"https:\/\/portaltela.pt\/noticias\/2026\/02\/02\/corina-machado-pronta-para-discutir-transicao-com-lider-interino-da-venezuela\/\",\"url\":\"https:\/\/portaltela.pt\/noticias\/2026\/02\/02\/corina-machado-pronta-para-discutir-transicao-com-lider-interino-da-venezuela\/\",\"name\":\"Corina Machado pronta para discutir transi\u00e7\u00e3o com l\u00edder interino da Venezuela - Portal Tela Portugal\",\"isPartOf\":{\"@id\":\"https:\/\/portaltela.pt\/#website\"},\"primaryImageOfPage\":{\"@id\":\"https:\/\/portaltela.pt\/noticias\/2026\/02\/02\/corina-machado-pronta-para-discutir-transicao-com-lider-interino-da-venezuela\/#primaryimage\"},\"image\":{\"@id\":\"https:\/\/portaltela.pt\/noticias\/2026\/02\/02\/corina-machado-pronta-para-discutir-transicao-com-lider-interino-da-venezuela\/#primaryimage\"},\"thumbnailUrl\":\"https:\/\/portaltela.pt\/s.01k8rhncp4jt1\/2026\/02\/CACHE_780X1200_ANALOG_WATERMARKED_46392381_1505539731627475.jpg\",\"datePublished\":\"2026-02-03T02:34:00+00:00\",\"author\":{\"@id\":\"https:\/\/portaltela.pt\/#\/schema\/person\/c4278d4a6028830caff9ee44b42d32ed\"},\"breadcrumb\":{\"@id\":\"https:\/\/portaltela.pt\/noticias\/2026\/02\/02\/corina-machado-pronta-para-discutir-transicao-com-lider-interino-da-venezuela\/#breadcrumb\"},\"inLanguage\":\"pt-PT\",\"potentialAction\":[{\"@type\":\"ReadAction\",\"target\":[\"https:\/\/portaltela.pt\/noticias\/2026\/02\/02\/corina-machado-pronta-para-discutir-transicao-com-lider-interino-da-venezuela\/\"]}]},{\"@type\":\"ImageObject\",\"inLanguage\":\"pt-PT\",\"@id\":\"https:\/\/portaltela.pt\/noticias\/2026\/02\/02\/corina-machado-pronta-para-discutir-transicao-com-lider-interino-da-venezuela\/#primaryimage\",\"url\":\"https:\/\/portaltela.pt\/s.01k8rhncp4jt1\/2026\/02\/CACHE_780X1200_ANALOG_WATERMARKED_46392381_1505539731627475.jpg\",\"contentUrl\":\"https:\/\/portaltela.pt\/s.01k8rhncp4jt1\/2026\/02\/CACHE_780X1200_ANALOG_WATERMARKED_46392381_1505539731627475.jpg\",\"width\":796,\"height\":448,\"caption\":\"Corina Machado pronta para discutir transi\u00e7\u00e3o com l\u00edder interina da Venezuela\"},{\"@type\":\"BreadcrumbList\",\"@id\":\"https:\/\/portaltela.pt\/noticias\/2026\/02\/02\/corina-machado-pronta-para-discutir-transicao-com-lider-interino-da-venezuela\/#breadcrumb\",\"itemListElement\":[{\"@type\":\"ListItem\",\"position\":1,\"name\":\"In\u00edcio\",\"item\":\"https:\/\/portaltela.pt\/\"},{\"@type\":\"ListItem\",\"position\":2,\"name\":\"Corina Machado pronta para discutir transi\u00e7\u00e3o com l\u00edder interino da Venezuela\"}]},{\"@type\":\"WebSite\",\"@id\":\"https:\/\/portaltela.pt\/#website\",\"url\":\"https:\/\/portaltela.pt\/\",\"name\":\"Portal Tela Portugal\",\"description\":\"\",\"potentialAction\":[{\"@type\":\"SearchAction\",\"target\":{\"@type\":\"EntryPoint\",\"urlTemplate\":\"https:\/\/portaltela.pt\/?s={search_term_string}\"},\"query-input\":{\"@type\":\"PropertyValueSpecification\",\"valueRequired\":true,\"valueName\":\"search_term_string\"}}],\"inLanguage\":\"pt-PT\"},{\"@type\":\"Person\",\"@id\":\"https:\/\/portaltela.pt\/#\/schema\/person\/c4278d4a6028830caff9ee44b42d32ed\",\"name\":\"Telinha\",\"image\":{\"@type\":\"ImageObject\",\"inLanguage\":\"pt-PT\",\"@id\":\"https:\/\/portaltela.pt\/s.01k8rhncp4jt1\/2025\/11\/talking-bot-125x125.png\",\"url\":\"https:\/\/portaltela.pt\/s.01k8rhncp4jt1\/2025\/11\/talking-bot-125x125.png\",\"contentUrl\":\"https:\/\/portaltela.pt\/s.01k8rhncp4jt1\/2025\/11\/talking-bot-125x125.png\",\"caption\":\"Telinha\"},\"sameAs\":[\"https:\/\/portaltela.pt\/\"],\"url\":\"https:\/\/portaltela.pt\/por\/367410592786\/\"}]}<\/script>\n<!-- \/ Yoast SEO plugin. -->","yoast_head_json":{"title":"Corina Machado pronta para discutir transi\u00e7\u00e3o com l\u00edder interino da Venezuela - Portal Tela Portugal","robots":{"index":"index","follow":"follow","max-snippet":"max-snippet:-1","max-image-preview":"max-image-preview:large","max-video-preview":"max-video-preview:-1"},"og_locale":"pt_PT","og_type":"article","og_title":"Corina Machado pronta para discutir transi\u00e7\u00e3o com l\u00edder interino da Venezuela - Portal Tela Portugal","og_description":"Mar\u00eda Corina Machado, l\u00edder da oposi\u00e7\u00e3o na Venezuela, afirmou estar disposta a reunir-se com a presidente interina Delcy Rodr\u00edguez, se necess\u00e1rio. O objetivo do encontro seria estabelecer um cronograma de transi\u00e7\u00e3o. Machado indicou disponibilidade para di\u00e1logo com a lideran\u00e7a interina para avan\u00e7ar esse processo. A not\u00edcia n\u00e3o apresenta datas espec\u00edficas nem detalhes adicionais sobre o conte\u00fado da discuss\u00e3o.","og_url":"https:\/\/portaltela.pt\/noticias\/2026\/02\/02\/corina-machado-pronta-para-discutir-transicao-com-lider-interino-da-venezuela\/","og_site_name":"Portal Tela Portugal","article_published_time":"2026-02-03T02:34:00+00:00","author":"Telinha","twitter_card":"summary_large_image","twitter_misc":{"Escrito por":"Telinha","Tempo estimado de leitura":"1 minuto"},"schema":{"@context":"https:\/\/schema.org","@graph":[{"@type":"Article","@id":"https:\/\/portaltela.pt\/noticias\/2026\/02\/02\/corina-machado-pronta-para-discutir-transicao-com-lider-interino-da-venezuela\/#article","isPartOf":{"@id":"https:\/\/portaltela.pt\/noticias\/2026\/02\/02\/corina-machado-pronta-para-discutir-transicao-com-lider-interino-da-venezuela\/"},"author":{"name":"Telinha","@id":"https:\/\/portaltela.pt\/#\/schema\/person\/c4278d4a6028830caff9ee44b42d32ed"},"headline":"Corina Machado pronta para discutir transi\u00e7\u00e3o com l\u00edder interino da Venezuela","datePublished":"2026-02-03T02:34:00+00:00","mainEntityOfPage":{"@id":"https:\/\/portaltela.pt\/noticias\/2026\/02\/02\/corina-machado-pronta-para-discutir-transicao-com-lider-interino-da-venezuela\/"},"wordCount":153,"image":{"@id":"https:\/\/portaltela.pt\/noticias\/2026\/02\/02\/corina-machado-pronta-para-discutir-transicao-com-lider-interino-da-venezuela\/#primaryimage"},"thumbnailUrl":"https:\/\/portaltela.pt\/s.01k8rhncp4jt1\/2026\/02\/CACHE_780X1200_ANALOG_WATERMARKED_46392381_1505539731627475.jpg","keywords":["Di\u00e1logo internacional","Di\u00e1logo pol\u00edtico","oposi\u00e7\u00e3o","pol\u00edtica","Transi\u00e7\u00e3o Territorial","Venezuela"],"articleSection":["Internacional","Not\u00edcias"],"inLanguage":"pt-PT"},{"@type":"WebPage","@id":"https:\/\/portaltela.pt\/noticias\/2026\/02\/02\/corina-machado-pronta-para-discutir-transicao-com-lider-interino-da-venezuela\/","url":"https:\/\/portaltela.pt\/noticias\/2026\/02\/02\/corina-machado-pronta-para-discutir-transicao-com-lider-interino-da-venezuela\/","name":"Corina Machado pronta para discutir transi\u00e7\u00e3o com l\u00edder interino da Venezuela - Portal Tela Portugal","isPartOf":{"@id":"https:\/\/portaltela.pt\/#website"},"primaryImageOfPage":{"@id":"https:\/\/portaltela.pt\/noticias\/2026\/02\/02\/corina-machado-pronta-para-discutir-transicao-com-lider-interino-da-venezuela\/#primaryimage"},"image":{"@id":"https:\/\/portaltela.pt\/noticias\/2026\/02\/02\/corina-machado-pronta-para-discutir-transicao-com-lider-interino-da-venezuela\/#primaryimage"},"thumbnailUrl":"https:\/\/portaltela.pt\/s.01k8rhncp4jt1\/2026\/02\/CACHE_780X1200_ANALOG_WATERMARKED_46392381_1505539731627475.jpg","datePublished":"2026-02-03T02:34:00+00:00","author":{"@id":"https:\/\/portaltela.pt\/#\/schema\/person\/c4278d4a6028830caff9ee44b42d32ed"},"breadcrumb":{"@id":"https:\/\/portaltela.pt\/noticias\/2026\/02\/02\/corina-machado-pronta-para-discutir-transicao-com-lider-interino-da-venezuela\/#breadcrumb"},"inLanguage":"pt-PT","potentialAction":[{"@type":"ReadAction","target":["https:\/\/portaltela.pt\/noticias\/2026\/02\/02\/corina-machado-pronta-para-discutir-transicao-com-lider-interino-da-venezuela\/"]}]},{"@type":"ImageObject","inLanguage":"pt-PT","@id":"https:\/\/portaltela.pt\/noticias\/2026\/02\/02\/corina-machado-pronta-para-discutir-transicao-com-lider-interino-da-venezuela\/#primaryimage","url":"https:\/\/portaltela.pt\/s.01k8rhncp4jt1\/2026\/02\/CACHE_780X1200_ANALOG_WATERMARKED_46392381_1505539731627475.jpg","contentUrl":"https:\/\/portaltela.pt\/s.01k8rhncp4jt1\/2026\/02\/CACHE_780X1200_ANALOG_WATERMARKED_46392381_1505539731627475.jpg","width":796,"height":448,"caption":"Corina Machado pronta para discutir transi\u00e7\u00e3o com l\u00edder interina da Venezuela"},{"@type":"BreadcrumbList","@id":"https:\/\/portaltela.pt\/noticias\/2026\/02\/02\/corina-machado-pronta-para-discutir-transicao-com-lider-interino-da-venezuela\/#breadcrumb","itemListElement":[{"@type":"ListItem","position":1,"name":"In\u00edcio","item":"https:\/\/portaltela.pt\/"},{"@type":"ListItem","position":2,"name":"Corina Machado pronta para discutir transi\u00e7\u00e3o com l\u00edder interino da Venezuela"}]},{"@type":"WebSite","@id":"https:\/\/portaltela.pt\/#website","url":"https:\/\/portaltela.pt\/","name":"Portal Tela Portugal","description":"","potentialAction":[{"@type":"SearchAction","target":{"@type":"EntryPoint","urlTemplate":"https:\/\/portaltela.pt\/?s={search_term_string}"},"query-input":{"@type":"PropertyValueSpecification","valueRequired":true,"valueName":"search_term_string"}}],"inLanguage":"pt-PT"},{"@type":"Person","@id":"https:\/\/portaltela.pt\/#\/schema\/person\/c4278d4a6028830caff9ee44b42d32ed","name":"Telinha","image":{"@type":"ImageObject","inLanguage":"pt-PT","@id":"https:\/\/portaltela.pt\/s.01k8rhncp4jt1\/2025\/11\/talking-bot-125x125.png","url":"https:\/\/portaltela.pt\/s.01k8rhncp4jt1\/2025\/11\/talking-bot-125x125.png","contentUrl":"https:\/\/portaltela.pt\/s.01k8rhncp4jt1\/2025\/11\/talking-bot-125x125.png","caption":"Telinha"},"sameAs":["https:\/\/portaltela.pt\/"],"url":"https:\/\/portaltela.pt\/por\/367410592786\/"}]}},"_links":{"self":[{"href":"https:\/\/portaltela.pt\/api\/wp\/v2\/posts\/192711","targetHints":{"allow":["GET"]}}],"collection":[{"href":"https:\/\/portaltela.pt\/api\/wp\/v2\/posts"}],"about":[{"href":"https:\/\/portaltela.pt\/api\/wp\/v2\/types\/post"}],"author":[{"embeddable":true,"href":"https:\/\/portaltela.pt\/api\/wp\/v2\/users\/2"}],"replies":[{"embeddable":true,"href":"https:\/\/portaltela.pt\/api\/wp\/v2\/comments?post=192711"}],"version-history":[{"count":0,"href":"https:\/\/portaltela.pt\/api\/wp\/v2\/posts\/192711\/revisions"}],"wp:featuredmedia":[{"embeddable":true,"href":"https:\/\/portaltela.pt\/api\/wp\/v2\/media\/192713"}],"wp:attachment":[{"href":"https:\/\/portaltela.pt\/api\/wp\/v2\/media?parent=192711"}],"wp:term":[{"taxonomy":"category","embeddable":true,"href":"https:\/\/portaltela.pt\/api\/wp\/v2\/categories?post=192711"},{"taxonomy":"post_tag","embeddable":true,"href":"https:\/\/portaltela.pt\/api\/wp\/v2\/tags?post=192711"}],"curies":[{"name":"wp","href":"https:\/\/api.w.org\/{rel}","templated":true}]}}