{"id":192510,"date":"2026-02-02T20:29:02","date_gmt":"2026-02-02T23:29:02","guid":{"rendered":"https:\/\/portaltela.pt\/noticias\/2026\/02\/02\/en321-cortada-entre-cinfaes-e-castro-daire-por-queda-de-neve\/"},"modified":"2026-02-02T20:29:02","modified_gmt":"2026-02-02T23:29:02","slug":"en321-cortada-entre-cinfaes-e-castro-daire-por-queda-de-neve","status":"publish","type":"post","link":"https:\/\/portaltela.pt\/noticias\/2026\/02\/02\/en321-cortada-entre-cinfaes-e-castro-daire-por-queda-de-neve\/","title":{"rendered":"EN321 cortada entre Cinf\u00e3es e Castro Daire por queda de neve"},"content":{"rendered":"<p>O tr\u00e1fego na EN321 encontra-se cortado ao tr\u00e2nsito entre Cinf\u00e3es e Castro Daire por motivos de seguran\u00e7a, devido \u00e0 queda de neve e \u00e0 forma\u00e7\u00e3o de gelo. A decis\u00e3o foi tomada pelo Munic\u00edpio de Cinf\u00e3es.<\/p>\n<p>A interrup\u00e7\u00e3o est\u00e1 a ser acompanhada pelos servi\u00e7os municipais de Prote\u00e7\u00e3o Civil, que monitorizam as condi\u00e7\u00f5es meteorol\u00f3gicas e o estado da estrada no terreno.<\/p>\n<p>O munic\u00edpio apela \u00e0 popula\u00e7\u00e3o para evitar desloca\u00e7\u00f5es n\u00e3o essenciais e cumprir as indica\u00e7\u00f5es das autoridades, visando a seguran\u00e7a de pessoas e bens.<\/p>\n<h3>Avalia\u00e7\u00e3o meteorol\u00f3gica e medidas<\/h3>\n<p>O distrito de Viseu est\u00e1 em aviso laranja do IPMA, com previs\u00e3o de queda de neve que pode perturbar a circula\u00e7\u00e3o, especialmente em zonas de maior altitude. As autoridades recomendam prud\u00eancia ao dirigir.<\/p>\n<p>As autoridades mant\u00eam o acompanhamento das vias e alertam para eventuais altera\u00e7\u00f5es na circula\u00e7\u00e3o, \u00e0 medida que as condi\u00e7\u00f5es meteorol\u00f3gicas evoluam no territ\u00f3rio.<\/p>\n","protected":false},"excerpt":{"rendered":"<ul>\n<li>A Estrada Nacional 321 (EN321) est\u00e1 cortada ao tr\u00e2nsito entre Cinf\u00e3es e Castro Daire devido \u00e0 queda de neve e \u00e0 forma\u00e7\u00e3o de gelo.<\/li>\n<li>O distrito de Viseu est\u00e1 sob aviso laranja do Instituto Portugu\u00eas do Mar e da Atmosfera (IPMA), com previs\u00e3o de neve que pode perturbar a circula\u00e7\u00e3o.<\/li>\n<li>O corte est\u00e1 a ser acompanhado pelos servi\u00e7os municipais de Prote\u00e7\u00e3o Civil, que monitorizam as condi\u00e7\u00f5es no terreno.<\/li>\n<li>O Munic\u00edpio de Cinf\u00e3es apela \u00e0 popula\u00e7\u00e3o para evitar desloca\u00e7\u00f5es n\u00e3o essenciais e cumprir as indica\u00e7\u00f5es das autoridades.<\/li>\n<li>As autoridades recomendam prud\u00eancia na circula\u00e7\u00e3o rodovi\u00e1ria no distrito enquanto persistirem as condi\u00e7\u00f5es adversas.<\/li>\n<\/ul>\n","protected":false},"author":2,"featured_media":192514,"comment_status":"closed","ping_status":"closed","sticky":false,"template":"","format":"standard","meta":{"footnotes":""},"categories":[1],"tags":[3762,1797,2731,1083,320,1171],"class_list":["post-192510","post","type-post","status-publish","format-standard","has-post-thumbnail","hentry","category-noticias","tag-aviso-laranja","tag-castro-daire","tag-cinfaes","tag-estradas","tag-protecao-civil","tag-viseu"],"yoast_head":"<!-- This site is optimized with the Yoast SEO plugin v27.2 - https:\/\/yoast.com\/product\/yoast-seo-wordpress\/ -->\n<title>EN321 cortada entre Cinf\u00e3es e Castro Daire por queda de neve - Portal Tela Portugal<\/title>\n<meta name=\"robots\" content=\"index, follow, max-snippet:-1, max-image-preview:large, max-video-preview:-1\" \/>\n<meta property=\"og:locale\" content=\"pt_PT\" \/>\n<meta property=\"og:type\" content=\"article\" \/>\n<meta property=\"og:title\" content=\"EN321 cortada entre Cinf\u00e3es e Castro Daire por queda de neve - Portal Tela Portugal\" \/>\n<meta property=\"og:description\" content=\"A Estrada Nacional 321 (EN321) est\u00e1 cortada ao tr\u00e2nsito entre Cinf\u00e3es e Castro Daire devido \u00e0 queda de neve e \u00e0 forma\u00e7\u00e3o de gelo. O distrito de Viseu est\u00e1 sob aviso laranja do Instituto Portugu\u00eas do Mar e da Atmosfera (IPMA), com previs\u00e3o de neve que pode perturbar a circula\u00e7\u00e3o. O corte est\u00e1 a ser acompanhado pelos servi\u00e7os municipais de Prote\u00e7\u00e3o Civil, que monitorizam as condi\u00e7\u00f5es no terreno. O Munic\u00edpio de Cinf\u00e3es apela \u00e0 popula\u00e7\u00e3o para evitar desloca\u00e7\u00f5es n\u00e3o essenciais e cumprir as indica\u00e7\u00f5es das autoridades. As autoridades recomendam prud\u00eancia na circula\u00e7\u00e3o rodovi\u00e1ria no distrito enquanto persistirem as condi\u00e7\u00f5es adversas.\" \/>\n<meta property=\"og:url\" content=\"https:\/\/portaltela.pt\/noticias\/2026\/02\/02\/en321-cortada-entre-cinfaes-e-castro-daire-por-queda-de-neve\/\" \/>\n<meta property=\"og:site_name\" content=\"Portal Tela Portugal\" \/>\n<meta property=\"article:published_time\" content=\"2026-02-02T23:29:02+00:00\" \/>\n<meta name=\"author\" content=\"Telinha\" \/>\n<meta name=\"twitter:card\" content=\"summary_large_image\" \/>\n<meta name=\"twitter:label1\" content=\"Escrito por\" \/>\n\t<meta name=\"twitter:data1\" content=\"Telinha\" \/>\n\t<meta name=\"twitter:label2\" content=\"Tempo estimado de leitura\" \/>\n\t<meta name=\"twitter:data2\" content=\"1 minuto\" \/>\n<script type=\"application\/ld+json\" class=\"yoast-schema-graph\">{\"@context\":\"https:\/\/schema.org\",\"@graph\":[{\"@type\":\"Article\",\"@id\":\"https:\/\/portaltela.pt\/noticias\/2026\/02\/02\/en321-cortada-entre-cinfaes-e-castro-daire-por-queda-de-neve\/#article\",\"isPartOf\":{\"@id\":\"https:\/\/portaltela.pt\/noticias\/2026\/02\/02\/en321-cortada-entre-cinfaes-e-castro-daire-por-queda-de-neve\/\"},\"author\":{\"name\":\"Telinha\",\"@id\":\"https:\/\/portaltela.pt\/#\/schema\/person\/c4278d4a6028830caff9ee44b42d32ed\"},\"headline\":\"EN321 cortada entre Cinf\u00e3es e Castro Daire por queda de neve\",\"datePublished\":\"2026-02-02T23:29:02+00:00\",\"mainEntityOfPage\":{\"@id\":\"https:\/\/portaltela.pt\/noticias\/2026\/02\/02\/en321-cortada-entre-cinfaes-e-castro-daire-por-queda-de-neve\/\"},\"wordCount\":180,\"image\":{\"@id\":\"https:\/\/portaltela.pt\/noticias\/2026\/02\/02\/en321-cortada-entre-cinfaes-e-castro-daire-por-queda-de-neve\/#primaryimage\"},\"thumbnailUrl\":\"https:\/\/portaltela.pt\/s.01k8rhncp4jt1\/2026\/02\/neve-cm-cinfaes.jpg\",\"keywords\":[\"aviso laranja\",\"Castro Daire\",\"Cinf\u00e3es\",\"estradas\",\"prote\u00e7\u00e3o civil\",\"Viseu\"],\"articleSection\":[\"Not\u00edcias\"],\"inLanguage\":\"pt-PT\"},{\"@type\":\"WebPage\",\"@id\":\"https:\/\/portaltela.pt\/noticias\/2026\/02\/02\/en321-cortada-entre-cinfaes-e-castro-daire-por-queda-de-neve\/\",\"url\":\"https:\/\/portaltela.pt\/noticias\/2026\/02\/02\/en321-cortada-entre-cinfaes-e-castro-daire-por-queda-de-neve\/\",\"name\":\"EN321 cortada entre Cinf\u00e3es e Castro Daire por queda de neve - Portal Tela Portugal\",\"isPartOf\":{\"@id\":\"https:\/\/portaltela.pt\/#website\"},\"primaryImageOfPage\":{\"@id\":\"https:\/\/portaltela.pt\/noticias\/2026\/02\/02\/en321-cortada-entre-cinfaes-e-castro-daire-por-queda-de-neve\/#primaryimage\"},\"image\":{\"@id\":\"https:\/\/portaltela.pt\/noticias\/2026\/02\/02\/en321-cortada-entre-cinfaes-e-castro-daire-por-queda-de-neve\/#primaryimage\"},\"thumbnailUrl\":\"https:\/\/portaltela.pt\/s.01k8rhncp4jt1\/2026\/02\/neve-cm-cinfaes.jpg\",\"datePublished\":\"2026-02-02T23:29:02+00:00\",\"author\":{\"@id\":\"https:\/\/portaltela.pt\/#\/schema\/person\/c4278d4a6028830caff9ee44b42d32ed\"},\"breadcrumb\":{\"@id\":\"https:\/\/portaltela.pt\/noticias\/2026\/02\/02\/en321-cortada-entre-cinfaes-e-castro-daire-por-queda-de-neve\/#breadcrumb\"},\"inLanguage\":\"pt-PT\",\"potentialAction\":[{\"@type\":\"ReadAction\",\"target\":[\"https:\/\/portaltela.pt\/noticias\/2026\/02\/02\/en321-cortada-entre-cinfaes-e-castro-daire-por-queda-de-neve\/\"]}]},{\"@type\":\"ImageObject\",\"inLanguage\":\"pt-PT\",\"@id\":\"https:\/\/portaltela.pt\/noticias\/2026\/02\/02\/en321-cortada-entre-cinfaes-e-castro-daire-por-queda-de-neve\/#primaryimage\",\"url\":\"https:\/\/portaltela.pt\/s.01k8rhncp4jt1\/2026\/02\/neve-cm-cinfaes.jpg\",\"contentUrl\":\"https:\/\/portaltela.pt\/s.01k8rhncp4jt1\/2026\/02\/neve-cm-cinfaes.jpg\",\"width\":796,\"height\":448,\"caption\":\"Viseu: Queda de neve obrigou ao corte da estrada entre Cinf\u00e3es e Castro Daire\"},{\"@type\":\"BreadcrumbList\",\"@id\":\"https:\/\/portaltela.pt\/noticias\/2026\/02\/02\/en321-cortada-entre-cinfaes-e-castro-daire-por-queda-de-neve\/#breadcrumb\",\"itemListElement\":[{\"@type\":\"ListItem\",\"position\":1,\"name\":\"In\u00edcio\",\"item\":\"https:\/\/portaltela.pt\/\"},{\"@type\":\"ListItem\",\"position\":2,\"name\":\"EN321 cortada entre Cinf\u00e3es e Castro Daire por queda de neve\"}]},{\"@type\":\"WebSite\",\"@id\":\"https:\/\/portaltela.pt\/#website\",\"url\":\"https:\/\/portaltela.pt\/\",\"name\":\"Portal Tela Portugal\",\"description\":\"\",\"potentialAction\":[{\"@type\":\"SearchAction\",\"target\":{\"@type\":\"EntryPoint\",\"urlTemplate\":\"https:\/\/portaltela.pt\/?s={search_term_string}\"},\"query-input\":{\"@type\":\"PropertyValueSpecification\",\"valueRequired\":true,\"valueName\":\"search_term_string\"}}],\"inLanguage\":\"pt-PT\"},{\"@type\":\"Person\",\"@id\":\"https:\/\/portaltela.pt\/#\/schema\/person\/c4278d4a6028830caff9ee44b42d32ed\",\"name\":\"Telinha\",\"image\":{\"@type\":\"ImageObject\",\"inLanguage\":\"pt-PT\",\"@id\":\"https:\/\/portaltela.pt\/s.01k8rhncp4jt1\/2025\/11\/talking-bot-125x125.png\",\"url\":\"https:\/\/portaltela.pt\/s.01k8rhncp4jt1\/2025\/11\/talking-bot-125x125.png\",\"contentUrl\":\"https:\/\/portaltela.pt\/s.01k8rhncp4jt1\/2025\/11\/talking-bot-125x125.png\",\"caption\":\"Telinha\"},\"sameAs\":[\"https:\/\/portaltela.pt\/\"],\"url\":\"https:\/\/portaltela.pt\/por\/367410592786\/\"}]}<\/script>\n<!-- \/ Yoast SEO plugin. -->","yoast_head_json":{"title":"EN321 cortada entre Cinf\u00e3es e Castro Daire por queda de neve - Portal Tela Portugal","robots":{"index":"index","follow":"follow","max-snippet":"max-snippet:-1","max-image-preview":"max-image-preview:large","max-video-preview":"max-video-preview:-1"},"og_locale":"pt_PT","og_type":"article","og_title":"EN321 cortada entre Cinf\u00e3es e Castro Daire por queda de neve - Portal Tela Portugal","og_description":"A Estrada Nacional 321 (EN321) est\u00e1 cortada ao tr\u00e2nsito entre Cinf\u00e3es e Castro Daire devido \u00e0 queda de neve e \u00e0 forma\u00e7\u00e3o de gelo. O distrito de Viseu est\u00e1 sob aviso laranja do Instituto Portugu\u00eas do Mar e da Atmosfera (IPMA), com previs\u00e3o de neve que pode perturbar a circula\u00e7\u00e3o. O corte est\u00e1 a ser acompanhado pelos servi\u00e7os municipais de Prote\u00e7\u00e3o Civil, que monitorizam as condi\u00e7\u00f5es no terreno. O Munic\u00edpio de Cinf\u00e3es apela \u00e0 popula\u00e7\u00e3o para evitar desloca\u00e7\u00f5es n\u00e3o essenciais e cumprir as indica\u00e7\u00f5es das autoridades. As autoridades recomendam prud\u00eancia na circula\u00e7\u00e3o rodovi\u00e1ria no distrito enquanto persistirem as condi\u00e7\u00f5es adversas.","og_url":"https:\/\/portaltela.pt\/noticias\/2026\/02\/02\/en321-cortada-entre-cinfaes-e-castro-daire-por-queda-de-neve\/","og_site_name":"Portal Tela Portugal","article_published_time":"2026-02-02T23:29:02+00:00","author":"Telinha","twitter_card":"summary_large_image","twitter_misc":{"Escrito por":"Telinha","Tempo estimado de leitura":"1 minuto"},"schema":{"@context":"https:\/\/schema.org","@graph":[{"@type":"Article","@id":"https:\/\/portaltela.pt\/noticias\/2026\/02\/02\/en321-cortada-entre-cinfaes-e-castro-daire-por-queda-de-neve\/#article","isPartOf":{"@id":"https:\/\/portaltela.pt\/noticias\/2026\/02\/02\/en321-cortada-entre-cinfaes-e-castro-daire-por-queda-de-neve\/"},"author":{"name":"Telinha","@id":"https:\/\/portaltela.pt\/#\/schema\/person\/c4278d4a6028830caff9ee44b42d32ed"},"headline":"EN321 cortada entre Cinf\u00e3es e Castro Daire por queda de neve","datePublished":"2026-02-02T23:29:02+00:00","mainEntityOfPage":{"@id":"https:\/\/portaltela.pt\/noticias\/2026\/02\/02\/en321-cortada-entre-cinfaes-e-castro-daire-por-queda-de-neve\/"},"wordCount":180,"image":{"@id":"https:\/\/portaltela.pt\/noticias\/2026\/02\/02\/en321-cortada-entre-cinfaes-e-castro-daire-por-queda-de-neve\/#primaryimage"},"thumbnailUrl":"https:\/\/portaltela.pt\/s.01k8rhncp4jt1\/2026\/02\/neve-cm-cinfaes.jpg","keywords":["aviso laranja","Castro Daire","Cinf\u00e3es","estradas","prote\u00e7\u00e3o civil","Viseu"],"articleSection":["Not\u00edcias"],"inLanguage":"pt-PT"},{"@type":"WebPage","@id":"https:\/\/portaltela.pt\/noticias\/2026\/02\/02\/en321-cortada-entre-cinfaes-e-castro-daire-por-queda-de-neve\/","url":"https:\/\/portaltela.pt\/noticias\/2026\/02\/02\/en321-cortada-entre-cinfaes-e-castro-daire-por-queda-de-neve\/","name":"EN321 cortada entre Cinf\u00e3es e Castro Daire por queda de neve - Portal Tela Portugal","isPartOf":{"@id":"https:\/\/portaltela.pt\/#website"},"primaryImageOfPage":{"@id":"https:\/\/portaltela.pt\/noticias\/2026\/02\/02\/en321-cortada-entre-cinfaes-e-castro-daire-por-queda-de-neve\/#primaryimage"},"image":{"@id":"https:\/\/portaltela.pt\/noticias\/2026\/02\/02\/en321-cortada-entre-cinfaes-e-castro-daire-por-queda-de-neve\/#primaryimage"},"thumbnailUrl":"https:\/\/portaltela.pt\/s.01k8rhncp4jt1\/2026\/02\/neve-cm-cinfaes.jpg","datePublished":"2026-02-02T23:29:02+00:00","author":{"@id":"https:\/\/portaltela.pt\/#\/schema\/person\/c4278d4a6028830caff9ee44b42d32ed"},"breadcrumb":{"@id":"https:\/\/portaltela.pt\/noticias\/2026\/02\/02\/en321-cortada-entre-cinfaes-e-castro-daire-por-queda-de-neve\/#breadcrumb"},"inLanguage":"pt-PT","potentialAction":[{"@type":"ReadAction","target":["https:\/\/portaltela.pt\/noticias\/2026\/02\/02\/en321-cortada-entre-cinfaes-e-castro-daire-por-queda-de-neve\/"]}]},{"@type":"ImageObject","inLanguage":"pt-PT","@id":"https:\/\/portaltela.pt\/noticias\/2026\/02\/02\/en321-cortada-entre-cinfaes-e-castro-daire-por-queda-de-neve\/#primaryimage","url":"https:\/\/portaltela.pt\/s.01k8rhncp4jt1\/2026\/02\/neve-cm-cinfaes.jpg","contentUrl":"https:\/\/portaltela.pt\/s.01k8rhncp4jt1\/2026\/02\/neve-cm-cinfaes.jpg","width":796,"height":448,"caption":"Viseu: Queda de neve obrigou ao corte da estrada entre Cinf\u00e3es e Castro Daire"},{"@type":"BreadcrumbList","@id":"https:\/\/portaltela.pt\/noticias\/2026\/02\/02\/en321-cortada-entre-cinfaes-e-castro-daire-por-queda-de-neve\/#breadcrumb","itemListElement":[{"@type":"ListItem","position":1,"name":"In\u00edcio","item":"https:\/\/portaltela.pt\/"},{"@type":"ListItem","position":2,"name":"EN321 cortada entre Cinf\u00e3es e Castro Daire por queda de neve"}]},{"@type":"WebSite","@id":"https:\/\/portaltela.pt\/#website","url":"https:\/\/portaltela.pt\/","name":"Portal Tela Portugal","description":"","potentialAction":[{"@type":"SearchAction","target":{"@type":"EntryPoint","urlTemplate":"https:\/\/portaltela.pt\/?s={search_term_string}"},"query-input":{"@type":"PropertyValueSpecification","valueRequired":true,"valueName":"search_term_string"}}],"inLanguage":"pt-PT"},{"@type":"Person","@id":"https:\/\/portaltela.pt\/#\/schema\/person\/c4278d4a6028830caff9ee44b42d32ed","name":"Telinha","image":{"@type":"ImageObject","inLanguage":"pt-PT","@id":"https:\/\/portaltela.pt\/s.01k8rhncp4jt1\/2025\/11\/talking-bot-125x125.png","url":"https:\/\/portaltela.pt\/s.01k8rhncp4jt1\/2025\/11\/talking-bot-125x125.png","contentUrl":"https:\/\/portaltela.pt\/s.01k8rhncp4jt1\/2025\/11\/talking-bot-125x125.png","caption":"Telinha"},"sameAs":["https:\/\/portaltela.pt\/"],"url":"https:\/\/portaltela.pt\/por\/367410592786\/"}]}},"_links":{"self":[{"href":"https:\/\/portaltela.pt\/api\/wp\/v2\/posts\/192510","targetHints":{"allow":["GET"]}}],"collection":[{"href":"https:\/\/portaltela.pt\/api\/wp\/v2\/posts"}],"about":[{"href":"https:\/\/portaltela.pt\/api\/wp\/v2\/types\/post"}],"author":[{"embeddable":true,"href":"https:\/\/portaltela.pt\/api\/wp\/v2\/users\/2"}],"replies":[{"embeddable":true,"href":"https:\/\/portaltela.pt\/api\/wp\/v2\/comments?post=192510"}],"version-history":[{"count":0,"href":"https:\/\/portaltela.pt\/api\/wp\/v2\/posts\/192510\/revisions"}],"wp:featuredmedia":[{"embeddable":true,"href":"https:\/\/portaltela.pt\/api\/wp\/v2\/media\/192514"}],"wp:attachment":[{"href":"https:\/\/portaltela.pt\/api\/wp\/v2\/media?parent=192510"}],"wp:term":[{"taxonomy":"category","embeddable":true,"href":"https:\/\/portaltela.pt\/api\/wp\/v2\/categories?post=192510"},{"taxonomy":"post_tag","embeddable":true,"href":"https:\/\/portaltela.pt\/api\/wp\/v2\/tags?post=192510"}],"curies":[{"name":"wp","href":"https:\/\/api.w.org\/{rel}","templated":true}]}}